{"id":1696,"date":"2021-06-14T12:34:40","date_gmt":"2021-06-14T10:34:40","guid":{"rendered":"https:\/\/www.charita.sk\/pomoc-utecencom\/?p=1696"},"modified":"2021-07-09T14:47:51","modified_gmt":"2021-07-09T12:47:51","slug":"slovenska-katolicka-charita-reaguje-na-poziar-v-tabore-sharya-v-autonomnom-regione-kurdistan","status":"publish","type":"post","link":"https:\/\/www.charita.sk\/svet\/slovenska-katolicka-charita-reaguje-na-poziar-v-tabore-sharya-v-autonomnom-regione-kurdistan\/","title":{"rendered":"Slovensk\u00e1 katol\u00edcka charita reaguje na po\u017eiar v t\u00e1bore Sharya v auton\u00f3mnom regi\u00f3ne Kurdistan"},"content":{"rendered":"\n<p>Pribli\u017ene 400 stanov, ktor\u00e9 ob\u00fdvalo 184 rod\u00edn zasiahol rozsiahly po\u017eiar, ktor\u00fd vypukol v&nbsp;piatok, 4. j\u00fana popoludn\u00ed v&nbsp;t\u00e1bore Sharya pre vn\u00fatorne vys\u00eddlen\u00e9 osoby v irackom&nbsp;Kurdistane. N\u00e1sledkom po\u017eiaru pri\u0161li tieto rodiny nielen o&nbsp;svoj majetok, ale predov\u0161etk\u00fdm o pr\u00edstre\u0161ok nad hlavou. Do\u010dasn\u00e9 \u00fato\u010disko na\u0161li v okolit\u00fdch nevyu\u017e\u00edvan\u00fdch budov\u00e1ch, resp. \u0161kol\u00e1ch a&nbsp;skladoch, a&nbsp;po\u010das v\u00edkendu im miestne komunity poskytli jedlo, deky a&nbsp;z\u00e1kladne potreby.<\/p>\n\n\n\n<figure class=\"wp-block-gallery columns-2 is-cropped wp-block-gallery-1 is-layout-flex wp-block-gallery-is-layout-flex\"><ul class=\"blocks-gallery-grid\"><li class=\"blocks-gallery-item\"><figure><img fetchpriority=\"high\" decoding=\"async\" width=\"539\" height=\"401\" src=\"https:\/\/www.charita.sk\/svet\/wp-content\/uploads\/2021\/06\/IMG_1956.jpg\" alt=\"\" data-id=\"1702\" data-full-url=\"https:\/\/www.charita.sk\/svet\/wp-content\/uploads\/2021\/06\/IMG_1956.jpg\" data-link=\"https:\/\/www.charita.sk\/svet\/slovenska-katolicka-charita-reaguje-na-poziar-v-tabore-sharya-v-autonomnom-regione-kurdistan\/img_1956\/\" class=\"wp-image-1702\" srcset=\"https:\/\/www.charita.sk\/svet\/wp-content\/uploads\/2021\/06\/IMG_1956.jpg 539w, https:\/\/www.charita.sk\/svet\/wp-content\/uploads\/2021\/06\/IMG_1956-300x223.jpg 300w\" sizes=\"(max-width: 539px) 100vw, 539px\" \/><figcaption class=\"blocks-gallery-item__caption\">Po\u017eiar v ute\u010deneckom t\u00e1bore Sharya<\/figcaption><\/figure><\/li><li class=\"blocks-gallery-item\"><figure><img decoding=\"async\" width=\"960\" height=\"720\" src=\"https:\/\/www.charita.sk\/svet\/wp-content\/uploads\/2021\/06\/Tabor-1-zdroj-Shingala-Azad.jpg\" alt=\"\" data-id=\"1703\" data-full-url=\"https:\/\/www.charita.sk\/svet\/wp-content\/uploads\/2021\/06\/Tabor-1-zdroj-Shingala-Azad.jpg\" data-link=\"https:\/\/www.charita.sk\/svet\/slovenska-katolicka-charita-reaguje-na-poziar-v-tabore-sharya-v-autonomnom-regione-kurdistan\/tabor-1-zdroj-shingala-azad\/\" class=\"wp-image-1703\" srcset=\"https:\/\/www.charita.sk\/svet\/wp-content\/uploads\/2021\/06\/Tabor-1-zdroj-Shingala-Azad.jpg 960w, https:\/\/www.charita.sk\/svet\/wp-content\/uploads\/2021\/06\/Tabor-1-zdroj-Shingala-Azad-300x225.jpg 300w, https:\/\/www.charita.sk\/svet\/wp-content\/uploads\/2021\/06\/Tabor-1-zdroj-Shingala-Azad-768x576.jpg 768w\" sizes=\"(max-width: 960px) 100vw, 960px\" \/><figcaption class=\"blocks-gallery-item__caption\">Zhorenisko v t\u00e1bore<\/figcaption><\/figure><\/li><\/ul><figcaption class=\"blocks-gallery-caption\">Zdroj: Shingala Azad<\/figcaption><\/figure>\n\n\n\n<p><em>\u201eO po\u017eiari n\u00e1s informoval n\u00e1\u0161 lok\u00e1lny partner Shingala Azad, s&nbsp;ktor\u00fdm v&nbsp;Kurdistane spolupracujeme a&nbsp;z\u00e1rove\u0148 n\u00e1m poskytol zoznam materi\u00e1lu, ktor\u00ed \u013eudia zasiahnut\u00ed po\u017eiarom bud\u00fa potrebova\u0165,\u201c<\/em> uviedol Hugo Gloss, mana\u017e\u00e9r humanit\u00e1rnej pomoci SKCH. Od roku 2015 pomohla charita vy\u0161e 60-tis\u00edc \u013eu\u010fom v n\u00fadzi v&nbsp;Iraku, S\u00fdrii a Libanone, kde stavia studne, in\u0161taluje vodn\u00e9 filtre, obnovuje \u0161k\u00f4lky a&nbsp;realizuje \u010fal\u0161ie projekty na podporu miestnych komun\u00edt.<\/p>\n\n\n\n<p>Slovensk\u00e1 katol\u00edcka charita sa rozhodla okam\u017eite zareagova\u0165 prostredn\u00edctvom materi\u00e1lnej pomoci a&nbsp;zak\u00fapi\u0165 pre zasiahnut\u00e9 rodiny 184 kusov plynov\u00fdch 4-platni\u010diek, ktor\u00e9 im zabezpe\u010dia mo\u017enos\u0165 tepelnej pr\u00edpravy jed\u00e1l. Pomoc bude n\u00e1sledne distribuovan\u00e1 rodin\u00e1m pri ich n\u00e1vrate do &nbsp;t\u00e1bora, ktor\u00fd by mal by\u0165 obnoven\u00fd v&nbsp;priebehu najbli\u017e\u0161\u00edch 10 dn\u00ed.<\/p>\n\n\n\n<div class=\"wp-block-columns has-background is-layout-flex wp-container-core-columns-is-layout-9d6595d7 wp-block-columns-is-layout-flex\" style=\"background-color:#eeeeee\">\n<div class=\"wp-block-column is-layout-flow wp-block-column-is-layout-flow\">\n<p class=\"has-text-align-center\">Pom\u00f4c\u0165 m\u00f4\u017eete aj vy prostredn\u00edctvom<br>verejnej zbierky&nbsp;<strong>\u010clovek v n\u00fadzi<\/strong><\/p>\n\n\n\n<p class=\"has-text-align-center\">\u010c\u00edslo \u00fa\u010dtu:<strong> <\/strong><em>SK93 1100 0000 0029 4546 3097<\/em><br>pozn\u00e1mka pre pr\u00edjemcu<strong>: <\/strong><em>Irak<\/em><\/p>\n<\/div>\n\n\n\n<div class=\"wp-block-column is-layout-flow wp-block-column-is-layout-flow\">\n<p class=\"has-text-align-center\">alebo&nbsp;pomocou darcovskej str\u00e1nky.<br><strong>\u010eakujeme!<\/strong><\/p>\n\n\n\n<div class=\"wp-block-atomic-blocks-ab-button ab-block-button\" style=\"text-align: center;\"><a class=\"btn btn-primary btn-lg\" style=\"color: #ffffff; background-color: #c42f41;\" href=\"https:\/\/charita.darujme.sk\/775\/\" target=\"_blank\" rel=\"noopener noreferrer\">DAROVA\u0164 TERAZ<\/a><\/div>\n<\/div>\n<\/div>\n","protected":false},"excerpt":{"rendered":"<p>Pribli\u017ene 400 stanov, ktor\u00e9 ob\u00fdvalo 184 rod\u00edn zasiahol rozsiahly po\u017eiar, ktor\u00fd vypukol [&hellip;]<\/p>\n","protected":false},"author":2,"featured_media":1700,"comment_status":"open","ping_status":"open","sticky":false,"template":"","format":"standard","meta":{"footnotes":""},"categories":[4],"tags":[],"class_list":["post-1696","post","type-post","status-publish","format-standard","has-post-thumbnail","hentry","category-irak"],"yoast_head":"<!-- This site is optimized with the Yoast SEO plugin v25.4 - https:\/\/yoast.com\/wordpress\/plugins\/seo\/ -->\n<title>Slovensk\u00e1 katol\u00edcka charita reaguje na po\u017eiar v t\u00e1bore Sharya v auton\u00f3mnom regi\u00f3ne Kurdistan | Charita vo svete<\/title>\n<meta name=\"robots\" content=\"index, follow, max-snippet:-1, max-image-preview:large, max-video-preview:-1\" \/>\n<link rel=\"canonical\" href=\"https:\/\/www.charita.sk\/svet\/slovenska-katolicka-charita-reaguje-na-poziar-v-tabore-sharya-v-autonomnom-regione-kurdistan\/\" \/>\n<meta property=\"og:locale\" content=\"sk_SK\" \/>\n<meta property=\"og:type\" content=\"article\" \/>\n<meta property=\"og:title\" content=\"Slovensk\u00e1 katol\u00edcka charita reaguje na po\u017eiar v t\u00e1bore Sharya v auton\u00f3mnom regi\u00f3ne Kurdistan | Charita vo svete\" \/>\n<meta property=\"og:description\" content=\"Pribli\u017ene 400 stanov, ktor\u00e9 ob\u00fdvalo 184 rod\u00edn zasiahol rozsiahly po\u017eiar, ktor\u00fd vypukol [&hellip;]\" \/>\n<meta property=\"og:url\" content=\"https:\/\/www.charita.sk\/svet\/slovenska-katolicka-charita-reaguje-na-poziar-v-tabore-sharya-v-autonomnom-regione-kurdistan\/\" \/>\n<meta property=\"og:site_name\" content=\"Charita vo svete\" \/>\n<meta property=\"article:publisher\" content=\"https:\/\/www.facebook.com\/CaritasSlovakia\/\" \/>\n<meta property=\"article:published_time\" content=\"2021-06-14T10:34:40+00:00\" \/>\n<meta property=\"article:modified_time\" content=\"2021-07-09T12:47:51+00:00\" \/>\n<meta property=\"og:image\" content=\"https:\/\/www.charita.sk\/svet\/wp-content\/uploads\/2021\/06\/IMG_1949.jpg\" \/>\n\t<meta property=\"og:image:width\" content=\"720\" \/>\n\t<meta property=\"og:image:height\" content=\"540\" \/>\n\t<meta property=\"og:image:type\" content=\"image\/jpeg\" \/>\n<meta name=\"author\" content=\"charita\" \/>\n<meta name=\"twitter:card\" content=\"summary_large_image\" \/>\n<meta name=\"twitter:label1\" content=\"Autor\" \/>\n\t<meta name=\"twitter:data1\" content=\"charita\" \/>\n\t<meta name=\"twitter:label2\" content=\"Predpokladan\u00fd \u010das \u010d\u00edtania\" \/>\n\t<meta name=\"twitter:data2\" content=\"1 min\u00fata\" \/>\n<script type=\"application\/ld+json\" class=\"yoast-schema-graph\">{\"@context\":\"https:\/\/schema.org\",\"@graph\":[{\"@type\":\"Article\",\"@id\":\"https:\/\/www.charita.sk\/svet\/slovenska-katolicka-charita-reaguje-na-poziar-v-tabore-sharya-v-autonomnom-regione-kurdistan\/#article\",\"isPartOf\":{\"@id\":\"https:\/\/www.charita.sk\/svet\/slovenska-katolicka-charita-reaguje-na-poziar-v-tabore-sharya-v-autonomnom-regione-kurdistan\/\"},\"author\":{\"name\":\"charita\",\"@id\":\"https:\/\/www.charita.sk\/svet\/#\/schema\/person\/5d4cac7d83d3ec0090a0c6bb00690ce4\"},\"headline\":\"Slovensk\u00e1 katol\u00edcka charita reaguje na po\u017eiar v t\u00e1bore Sharya v auton\u00f3mnom regi\u00f3ne Kurdistan\",\"datePublished\":\"2021-06-14T10:34:40+00:00\",\"dateModified\":\"2021-07-09T12:47:51+00:00\",\"mainEntityOfPage\":{\"@id\":\"https:\/\/www.charita.sk\/svet\/slovenska-katolicka-charita-reaguje-na-poziar-v-tabore-sharya-v-autonomnom-regione-kurdistan\/\"},\"wordCount\":310,\"commentCount\":0,\"publisher\":{\"@id\":\"https:\/\/www.charita.sk\/svet\/#organization\"},\"image\":{\"@id\":\"https:\/\/www.charita.sk\/svet\/slovenska-katolicka-charita-reaguje-na-poziar-v-tabore-sharya-v-autonomnom-regione-kurdistan\/#primaryimage\"},\"thumbnailUrl\":\"https:\/\/www.charita.sk\/svet\/wp-content\/uploads\/2021\/06\/IMG_1949.jpg\",\"articleSection\":[\"Irak\"],\"inLanguage\":\"sk-SK\",\"potentialAction\":[{\"@type\":\"CommentAction\",\"name\":\"Comment\",\"target\":[\"https:\/\/www.charita.sk\/svet\/slovenska-katolicka-charita-reaguje-na-poziar-v-tabore-sharya-v-autonomnom-regione-kurdistan\/#respond\"]}]},{\"@type\":\"WebPage\",\"@id\":\"https:\/\/www.charita.sk\/svet\/slovenska-katolicka-charita-reaguje-na-poziar-v-tabore-sharya-v-autonomnom-regione-kurdistan\/\",\"url\":\"https:\/\/www.charita.sk\/svet\/slovenska-katolicka-charita-reaguje-na-poziar-v-tabore-sharya-v-autonomnom-regione-kurdistan\/\",\"name\":\"Slovensk\u00e1 katol\u00edcka charita reaguje na po\u017eiar v t\u00e1bore Sharya v auton\u00f3mnom regi\u00f3ne Kurdistan | Charita vo svete\",\"isPartOf\":{\"@id\":\"https:\/\/www.charita.sk\/svet\/#website\"},\"primaryImageOfPage\":{\"@id\":\"https:\/\/www.charita.sk\/svet\/slovenska-katolicka-charita-reaguje-na-poziar-v-tabore-sharya-v-autonomnom-regione-kurdistan\/#primaryimage\"},\"image\":{\"@id\":\"https:\/\/www.charita.sk\/svet\/slovenska-katolicka-charita-reaguje-na-poziar-v-tabore-sharya-v-autonomnom-regione-kurdistan\/#primaryimage\"},\"thumbnailUrl\":\"https:\/\/www.charita.sk\/svet\/wp-content\/uploads\/2021\/06\/IMG_1949.jpg\",\"datePublished\":\"2021-06-14T10:34:40+00:00\",\"dateModified\":\"2021-07-09T12:47:51+00:00\",\"breadcrumb\":{\"@id\":\"https:\/\/www.charita.sk\/svet\/slovenska-katolicka-charita-reaguje-na-poziar-v-tabore-sharya-v-autonomnom-regione-kurdistan\/#breadcrumb\"},\"inLanguage\":\"sk-SK\",\"potentialAction\":[{\"@type\":\"ReadAction\",\"target\":[\"https:\/\/www.charita.sk\/svet\/slovenska-katolicka-charita-reaguje-na-poziar-v-tabore-sharya-v-autonomnom-regione-kurdistan\/\"]}]},{\"@type\":\"ImageObject\",\"inLanguage\":\"sk-SK\",\"@id\":\"https:\/\/www.charita.sk\/svet\/slovenska-katolicka-charita-reaguje-na-poziar-v-tabore-sharya-v-autonomnom-regione-kurdistan\/#primaryimage\",\"url\":\"https:\/\/www.charita.sk\/svet\/wp-content\/uploads\/2021\/06\/IMG_1949.jpg\",\"contentUrl\":\"https:\/\/www.charita.sk\/svet\/wp-content\/uploads\/2021\/06\/IMG_1949.jpg\",\"width\":720,\"height\":540},{\"@type\":\"BreadcrumbList\",\"@id\":\"https:\/\/www.charita.sk\/svet\/slovenska-katolicka-charita-reaguje-na-poziar-v-tabore-sharya-v-autonomnom-regione-kurdistan\/#breadcrumb\",\"itemListElement\":[{\"@type\":\"ListItem\",\"position\":1,\"name\":\"Domovsk\u00e1 str\u00e1nka\",\"item\":\"https:\/\/www.charita.sk\/svet\/\"},{\"@type\":\"ListItem\",\"position\":2,\"name\":\"Slovensk\u00e1 katol\u00edcka charita reaguje na po\u017eiar v t\u00e1bore Sharya v auton\u00f3mnom regi\u00f3ne Kurdistan\"}]},{\"@type\":\"WebSite\",\"@id\":\"https:\/\/www.charita.sk\/svet\/#website\",\"url\":\"https:\/\/www.charita.sk\/svet\/\",\"name\":\"Charita vo svete\",\"description\":\"Slovensk\u00e1 katol\u00edcka charita pom\u00e1ha \u013eu\u010fom v n\u00fadzi vo svete\",\"publisher\":{\"@id\":\"https:\/\/www.charita.sk\/svet\/#organization\"},\"potentialAction\":[{\"@type\":\"SearchAction\",\"target\":{\"@type\":\"EntryPoint\",\"urlTemplate\":\"https:\/\/www.charita.sk\/svet\/?s={search_term_string}\"},\"query-input\":{\"@type\":\"PropertyValueSpecification\",\"valueRequired\":true,\"valueName\":\"search_term_string\"}}],\"inLanguage\":\"sk-SK\"},{\"@type\":\"Organization\",\"@id\":\"https:\/\/www.charita.sk\/svet\/#organization\",\"name\":\"Slovensk\u00e1 katol\u00edcka charita\",\"url\":\"https:\/\/www.charita.sk\/svet\/\",\"logo\":{\"@type\":\"ImageObject\",\"inLanguage\":\"sk-SK\",\"@id\":\"https:\/\/www.charita.sk\/svet\/#\/schema\/logo\/image\/\",\"url\":\"https:\/\/www.charita.sk\/pomoc-utecencom\/wp-content\/uploads\/2020\/11\/logo_pomoc_utecencom.jpg\",\"contentUrl\":\"https:\/\/www.charita.sk\/pomoc-utecencom\/wp-content\/uploads\/2020\/11\/logo_pomoc_utecencom.jpg\",\"width\":1712,\"height\":480,\"caption\":\"Slovensk\u00e1 katol\u00edcka charita\"},\"image\":{\"@id\":\"https:\/\/www.charita.sk\/svet\/#\/schema\/logo\/image\/\"},\"sameAs\":[\"https:\/\/www.facebook.com\/CaritasSlovakia\/\",\"https:\/\/www.instagram.com\/caritas_slovakia\/\",\"https:\/\/www.linkedin.com\/company\/caritas-slovakia-skch-\",\"https:\/\/www.youtube.com\/user\/katolickacharita\"]},{\"@type\":\"Person\",\"@id\":\"https:\/\/www.charita.sk\/svet\/#\/schema\/person\/5d4cac7d83d3ec0090a0c6bb00690ce4\",\"name\":\"charita\",\"image\":{\"@type\":\"ImageObject\",\"inLanguage\":\"sk-SK\",\"@id\":\"https:\/\/www.charita.sk\/svet\/#\/schema\/person\/image\/\",\"url\":\"https:\/\/secure.gravatar.com\/avatar\/d2e7ea30dee1a0c7a6b7277bd2f993803c4622836c7e0130a97819af162a837b?s=96&d=mm&r=g\",\"contentUrl\":\"https:\/\/secure.gravatar.com\/avatar\/d2e7ea30dee1a0c7a6b7277bd2f993803c4622836c7e0130a97819af162a837b?s=96&d=mm&r=g\",\"caption\":\"charita\"},\"url\":\"https:\/\/www.charita.sk\/svet\/author\/charita\/\"}]}<\/script>\n<!-- \/ Yoast SEO plugin. -->","yoast_head_json":{"title":"Slovensk\u00e1 katol\u00edcka charita reaguje na po\u017eiar v t\u00e1bore Sharya v auton\u00f3mnom regi\u00f3ne Kurdistan | Charita vo svete","robots":{"index":"index","follow":"follow","max-snippet":"max-snippet:-1","max-image-preview":"max-image-preview:large","max-video-preview":"max-video-preview:-1"},"canonical":"https:\/\/www.charita.sk\/svet\/slovenska-katolicka-charita-reaguje-na-poziar-v-tabore-sharya-v-autonomnom-regione-kurdistan\/","og_locale":"sk_SK","og_type":"article","og_title":"Slovensk\u00e1 katol\u00edcka charita reaguje na po\u017eiar v t\u00e1bore Sharya v auton\u00f3mnom regi\u00f3ne Kurdistan | Charita vo svete","og_description":"Pribli\u017ene 400 stanov, ktor\u00e9 ob\u00fdvalo 184 rod\u00edn zasiahol rozsiahly po\u017eiar, ktor\u00fd vypukol [&hellip;]","og_url":"https:\/\/www.charita.sk\/svet\/slovenska-katolicka-charita-reaguje-na-poziar-v-tabore-sharya-v-autonomnom-regione-kurdistan\/","og_site_name":"Charita vo svete","article_publisher":"https:\/\/www.facebook.com\/CaritasSlovakia\/","article_published_time":"2021-06-14T10:34:40+00:00","article_modified_time":"2021-07-09T12:47:51+00:00","og_image":[{"width":720,"height":540,"url":"https:\/\/www.charita.sk\/svet\/wp-content\/uploads\/2021\/06\/IMG_1949.jpg","type":"image\/jpeg"}],"author":"charita","twitter_card":"summary_large_image","twitter_misc":{"Autor":"charita","Predpokladan\u00fd \u010das \u010d\u00edtania":"1 min\u00fata"},"schema":{"@context":"https:\/\/schema.org","@graph":[{"@type":"Article","@id":"https:\/\/www.charita.sk\/svet\/slovenska-katolicka-charita-reaguje-na-poziar-v-tabore-sharya-v-autonomnom-regione-kurdistan\/#article","isPartOf":{"@id":"https:\/\/www.charita.sk\/svet\/slovenska-katolicka-charita-reaguje-na-poziar-v-tabore-sharya-v-autonomnom-regione-kurdistan\/"},"author":{"name":"charita","@id":"https:\/\/www.charita.sk\/svet\/#\/schema\/person\/5d4cac7d83d3ec0090a0c6bb00690ce4"},"headline":"Slovensk\u00e1 katol\u00edcka charita reaguje na po\u017eiar v t\u00e1bore Sharya v auton\u00f3mnom regi\u00f3ne Kurdistan","datePublished":"2021-06-14T10:34:40+00:00","dateModified":"2021-07-09T12:47:51+00:00","mainEntityOfPage":{"@id":"https:\/\/www.charita.sk\/svet\/slovenska-katolicka-charita-reaguje-na-poziar-v-tabore-sharya-v-autonomnom-regione-kurdistan\/"},"wordCount":310,"commentCount":0,"publisher":{"@id":"https:\/\/www.charita.sk\/svet\/#organization"},"image":{"@id":"https:\/\/www.charita.sk\/svet\/slovenska-katolicka-charita-reaguje-na-poziar-v-tabore-sharya-v-autonomnom-regione-kurdistan\/#primaryimage"},"thumbnailUrl":"https:\/\/www.charita.sk\/svet\/wp-content\/uploads\/2021\/06\/IMG_1949.jpg","articleSection":["Irak"],"inLanguage":"sk-SK","potentialAction":[{"@type":"CommentAction","name":"Comment","target":["https:\/\/www.charita.sk\/svet\/slovenska-katolicka-charita-reaguje-na-poziar-v-tabore-sharya-v-autonomnom-regione-kurdistan\/#respond"]}]},{"@type":"WebPage","@id":"https:\/\/www.charita.sk\/svet\/slovenska-katolicka-charita-reaguje-na-poziar-v-tabore-sharya-v-autonomnom-regione-kurdistan\/","url":"https:\/\/www.charita.sk\/svet\/slovenska-katolicka-charita-reaguje-na-poziar-v-tabore-sharya-v-autonomnom-regione-kurdistan\/","name":"Slovensk\u00e1 katol\u00edcka charita reaguje na po\u017eiar v t\u00e1bore Sharya v auton\u00f3mnom regi\u00f3ne Kurdistan | Charita vo svete","isPartOf":{"@id":"https:\/\/www.charita.sk\/svet\/#website"},"primaryImageOfPage":{"@id":"https:\/\/www.charita.sk\/svet\/slovenska-katolicka-charita-reaguje-na-poziar-v-tabore-sharya-v-autonomnom-regione-kurdistan\/#primaryimage"},"image":{"@id":"https:\/\/www.charita.sk\/svet\/slovenska-katolicka-charita-reaguje-na-poziar-v-tabore-sharya-v-autonomnom-regione-kurdistan\/#primaryimage"},"thumbnailUrl":"https:\/\/www.charita.sk\/svet\/wp-content\/uploads\/2021\/06\/IMG_1949.jpg","datePublished":"2021-06-14T10:34:40+00:00","dateModified":"2021-07-09T12:47:51+00:00","breadcrumb":{"@id":"https:\/\/www.charita.sk\/svet\/slovenska-katolicka-charita-reaguje-na-poziar-v-tabore-sharya-v-autonomnom-regione-kurdistan\/#breadcrumb"},"inLanguage":"sk-SK","potentialAction":[{"@type":"ReadAction","target":["https:\/\/www.charita.sk\/svet\/slovenska-katolicka-charita-reaguje-na-poziar-v-tabore-sharya-v-autonomnom-regione-kurdistan\/"]}]},{"@type":"ImageObject","inLanguage":"sk-SK","@id":"https:\/\/www.charita.sk\/svet\/slovenska-katolicka-charita-reaguje-na-poziar-v-tabore-sharya-v-autonomnom-regione-kurdistan\/#primaryimage","url":"https:\/\/www.charita.sk\/svet\/wp-content\/uploads\/2021\/06\/IMG_1949.jpg","contentUrl":"https:\/\/www.charita.sk\/svet\/wp-content\/uploads\/2021\/06\/IMG_1949.jpg","width":720,"height":540},{"@type":"BreadcrumbList","@id":"https:\/\/www.charita.sk\/svet\/slovenska-katolicka-charita-reaguje-na-poziar-v-tabore-sharya-v-autonomnom-regione-kurdistan\/#breadcrumb","itemListElement":[{"@type":"ListItem","position":1,"name":"Domovsk\u00e1 str\u00e1nka","item":"https:\/\/www.charita.sk\/svet\/"},{"@type":"ListItem","position":2,"name":"Slovensk\u00e1 katol\u00edcka charita reaguje na po\u017eiar v t\u00e1bore Sharya v auton\u00f3mnom regi\u00f3ne Kurdistan"}]},{"@type":"WebSite","@id":"https:\/\/www.charita.sk\/svet\/#website","url":"https:\/\/www.charita.sk\/svet\/","name":"Charita vo svete","description":"Slovensk\u00e1 katol\u00edcka charita pom\u00e1ha \u013eu\u010fom v n\u00fadzi vo svete","publisher":{"@id":"https:\/\/www.charita.sk\/svet\/#organization"},"potentialAction":[{"@type":"SearchAction","target":{"@type":"EntryPoint","urlTemplate":"https:\/\/www.charita.sk\/svet\/?s={search_term_string}"},"query-input":{"@type":"PropertyValueSpecification","valueRequired":true,"valueName":"search_term_string"}}],"inLanguage":"sk-SK"},{"@type":"Organization","@id":"https:\/\/www.charita.sk\/svet\/#organization","name":"Slovensk\u00e1 katol\u00edcka charita","url":"https:\/\/www.charita.sk\/svet\/","logo":{"@type":"ImageObject","inLanguage":"sk-SK","@id":"https:\/\/www.charita.sk\/svet\/#\/schema\/logo\/image\/","url":"https:\/\/www.charita.sk\/pomoc-utecencom\/wp-content\/uploads\/2020\/11\/logo_pomoc_utecencom.jpg","contentUrl":"https:\/\/www.charita.sk\/pomoc-utecencom\/wp-content\/uploads\/2020\/11\/logo_pomoc_utecencom.jpg","width":1712,"height":480,"caption":"Slovensk\u00e1 katol\u00edcka charita"},"image":{"@id":"https:\/\/www.charita.sk\/svet\/#\/schema\/logo\/image\/"},"sameAs":["https:\/\/www.facebook.com\/CaritasSlovakia\/","https:\/\/www.instagram.com\/caritas_slovakia\/","https:\/\/www.linkedin.com\/company\/caritas-slovakia-skch-","https:\/\/www.youtube.com\/user\/katolickacharita"]},{"@type":"Person","@id":"https:\/\/www.charita.sk\/svet\/#\/schema\/person\/5d4cac7d83d3ec0090a0c6bb00690ce4","name":"charita","image":{"@type":"ImageObject","inLanguage":"sk-SK","@id":"https:\/\/www.charita.sk\/svet\/#\/schema\/person\/image\/","url":"https:\/\/secure.gravatar.com\/avatar\/d2e7ea30dee1a0c7a6b7277bd2f993803c4622836c7e0130a97819af162a837b?s=96&d=mm&r=g","contentUrl":"https:\/\/secure.gravatar.com\/avatar\/d2e7ea30dee1a0c7a6b7277bd2f993803c4622836c7e0130a97819af162a837b?s=96&d=mm&r=g","caption":"charita"},"url":"https:\/\/www.charita.sk\/svet\/author\/charita\/"}]}},"featured_image_src":"https:\/\/www.charita.sk\/svet\/wp-content\/uploads\/2021\/06\/IMG_1949-600x400.jpg","featured_image_src_square":"https:\/\/www.charita.sk\/svet\/wp-content\/uploads\/2021\/06\/IMG_1949-600x540.jpg","author_info":{"display_name":"charita","author_link":"https:\/\/www.charita.sk\/svet\/author\/charita\/"},"_links":{"self":[{"href":"https:\/\/www.charita.sk\/svet\/wp-json\/wp\/v2\/posts\/1696","targetHints":{"allow":["GET"]}}],"collection":[{"href":"https:\/\/www.charita.sk\/svet\/wp-json\/wp\/v2\/posts"}],"about":[{"href":"https:\/\/www.charita.sk\/svet\/wp-json\/wp\/v2\/types\/post"}],"author":[{"embeddable":true,"href":"https:\/\/www.charita.sk\/svet\/wp-json\/wp\/v2\/users\/2"}],"replies":[{"embeddable":true,"href":"https:\/\/www.charita.sk\/svet\/wp-json\/wp\/v2\/comments?post=1696"}],"version-history":[{"count":12,"href":"https:\/\/www.charita.sk\/svet\/wp-json\/wp\/v2\/posts\/1696\/revisions"}],"predecessor-version":[{"id":1729,"href":"https:\/\/www.charita.sk\/svet\/wp-json\/wp\/v2\/posts\/1696\/revisions\/1729"}],"wp:featuredmedia":[{"embeddable":true,"href":"https:\/\/www.charita.sk\/svet\/wp-json\/wp\/v2\/media\/1700"}],"wp:attachment":[{"href":"https:\/\/www.charita.sk\/svet\/wp-json\/wp\/v2\/media?parent=1696"}],"wp:term":[{"taxonomy":"category","embeddable":true,"href":"https:\/\/www.charita.sk\/svet\/wp-json\/wp\/v2\/categories?post=1696"},{"taxonomy":"post_tag","embeddable":true,"href":"https:\/\/www.charita.sk\/svet\/wp-json\/wp\/v2\/tags?post=1696"}],"curies":[{"name":"wp","href":"https:\/\/api.w.org\/{rel}","templated":true}]}}