{"id":1815,"date":"2021-09-16T15:18:00","date_gmt":"2021-09-16T13:18:00","guid":{"rendered":"https:\/\/www.charita.sk\/pomoc-utecencom\/?p=1815"},"modified":"2021-10-18T15:43:51","modified_gmt":"2021-10-18T13:43:51","slug":"dakujeme-odkazuju-nasi-susedia-z-ukrajiny","status":"publish","type":"post","link":"https:\/\/www.charita.sk\/svet\/dakujeme-odkazuju-nasi-susedia-z-ukrajiny\/","title":{"rendered":"\u201e\u010eakujeme,\u201c odkazuj\u00fa na\u0161i susedia z Ukrajiny"},"content":{"rendered":"\n<p><em>\u201eTri&nbsp;t\u00fd\u017edne sme sa schov\u00e1vali v pivnici, potom sme sa rozhodli od\u00eds\u0165. Ke\u010f sme op\u00fa\u0161\u0165ali Mariupo\u013e, st\u00e1li sme pred tankom,\u201c<\/em>&nbsp;hovor\u00ed Tetyana, ktor\u00e1 sa v&nbsp;9. mesiaci tehotenstva dala na \u00fatek pred vojnou. Cestu do bezpe\u010dia pre\u0161la len s&nbsp;dc\u00e9rkou, schov\u00e1vali sa po\u010das nej aj u zn\u00e1mych. Mu\u017e za nimi pri\u0161iel a\u017e nesk\u00f4r a jej druh\u00e9 die\u0165atko bolo v\u00f4bec prv\u00fdm naroden\u00fdm vys\u00eddlen\u00fdm obyvate\u013eom po vypuknut\u00ed konfliktu na Ukrajine.<\/p>\n\n\n\n<p><em>\u201eSt\u00e1le sa mi \u0165a\u017eko hovor\u00ed o tom, \u010do sme pre\u017eili. \u010c\u00edm dlh\u0161ie som pre\u010d, t\u00fdm viac sa zmierujem s predstavou, \u017ee u\u017e zostaneme \u017ei\u0165 mimo n\u00e1\u0161ho rodiska<\/em>,\u201c hovor\u00ed Tetyana. S&nbsp;usaden\u00edm na novom mieste jej pom\u00e1ha psychologick\u00e1 pomoc.<em>&nbsp;<\/em>Ide o&nbsp;stretnutia, po\u010das ktor\u00fdch prebieha aj distrib\u00facia pouk\u00e1\u017eok na potraviny a&nbsp;lieky. Mnoh\u00ed toti\u017e \u00fatekom pred&nbsp;nebezpe\u010denstvom pri\u0161li o&nbsp;v\u0161etko a&nbsp;nie ka\u017ed\u00fd mal to \u0161\u0165astie n\u00e1js\u0165 si pr\u00e1cu, tob\u00f4\u017e nie v&nbsp;\u010dase pand\u00e9mie a&nbsp;krachu firiem. Okrem toho s\u00fa platy tak n\u00edzke, \u017ee nesta\u010dia ani na zabezpe\u010denie z\u00e1kladn\u00fdch potrieb, najm\u00e4 ke\u010f sa ocitnete bez b\u00fdvania a v\u00fdbavy, bez v\u0161etk\u00e9ho. <a href=\"https:\/\/www.rtvs.sk\/televizia\/archiv\/13982\/286260#1487\" target=\"_blank\" rel=\"noreferrer noopener\">Situ\u00e1ciu miestnych \u013eud\u00ed sa podarilo vystihn\u00fa\u0165 v report\u00e1\u017ei RTVS.<\/a><\/p>\n\n\n\n<figure class=\"wp-block-gallery columns-3 is-cropped wp-block-gallery-1 is-layout-flex wp-block-gallery-is-layout-flex\"><ul class=\"blocks-gallery-grid\"><li class=\"blocks-gallery-item\"><figure><a href=\"https:\/\/www.charita.sk\/svet\/wp-content\/uploads\/2021\/10\/tetyana.jpg\"><img fetchpriority=\"high\" decoding=\"async\" width=\"1000\" height=\"750\" src=\"https:\/\/www.charita.sk\/svet\/wp-content\/uploads\/2021\/10\/tetyana.jpg\" alt=\"\" data-id=\"1816\" data-link=\"https:\/\/www.charita.sk\/svet\/?attachment_id=1816\" class=\"wp-image-1816\" srcset=\"https:\/\/www.charita.sk\/svet\/wp-content\/uploads\/2021\/10\/tetyana.jpg 1000w, https:\/\/www.charita.sk\/svet\/wp-content\/uploads\/2021\/10\/tetyana-300x225.jpg 300w, https:\/\/www.charita.sk\/svet\/wp-content\/uploads\/2021\/10\/tetyana-768x576.jpg 768w\" sizes=\"(max-width: 1000px) 100vw, 1000px\" \/><\/a><figcaption class=\"blocks-gallery-item__caption\">Tetyanin pr\u00edbeh zauj\u00e1l aj \u0161t\u00e1b RTVS<\/figcaption><\/figure><\/li><li class=\"blocks-gallery-item\"><figure><a href=\"https:\/\/www.charita.sk\/svet\/wp-content\/uploads\/2021\/10\/ukr_skolenie.jpg\"><img decoding=\"async\" width=\"1000\" height=\"733\" src=\"https:\/\/www.charita.sk\/svet\/wp-content\/uploads\/2021\/10\/ukr_skolenie.jpg\" alt=\"\" data-id=\"1819\" data-full-url=\"https:\/\/www.charita.sk\/svet\/wp-content\/uploads\/2021\/10\/ukr_skolenie.jpg\" data-link=\"https:\/\/www.charita.sk\/svet\/?attachment_id=1819\" class=\"wp-image-1819\" srcset=\"https:\/\/www.charita.sk\/svet\/wp-content\/uploads\/2021\/10\/ukr_skolenie.jpg 1000w, https:\/\/www.charita.sk\/svet\/wp-content\/uploads\/2021\/10\/ukr_skolenie-300x220.jpg 300w, https:\/\/www.charita.sk\/svet\/wp-content\/uploads\/2021\/10\/ukr_skolenie-768x563.jpg 768w\" sizes=\"(max-width: 1000px) 100vw, 1000px\" \/><\/a><figcaption class=\"blocks-gallery-item__caption\">Psychologick\u00e9 stretnutie v Pershotravensk<\/figcaption><\/figure><\/li><li class=\"blocks-gallery-item\"><figure><a href=\"https:\/\/www.charita.sk\/svet\/wp-content\/uploads\/2021\/10\/ukr_psychologicke.jpg\"><img decoding=\"async\" width=\"1000\" height=\"666\" src=\"https:\/\/www.charita.sk\/svet\/wp-content\/uploads\/2021\/10\/ukr_psychologicke.jpg\" alt=\"\" data-id=\"1818\" data-full-url=\"https:\/\/www.charita.sk\/svet\/wp-content\/uploads\/2021\/10\/ukr_psychologicke.jpg\" data-link=\"https:\/\/www.charita.sk\/svet\/?attachment_id=1818\" class=\"wp-image-1818\" srcset=\"https:\/\/www.charita.sk\/svet\/wp-content\/uploads\/2021\/10\/ukr_psychologicke.jpg 1000w, https:\/\/www.charita.sk\/svet\/wp-content\/uploads\/2021\/10\/ukr_psychologicke-300x200.jpg 300w, https:\/\/www.charita.sk\/svet\/wp-content\/uploads\/2021\/10\/ukr_psychologicke-768x511.jpg 768w, https:\/\/www.charita.sk\/svet\/wp-content\/uploads\/2021\/10\/ukr_psychologicke-600x400.jpg 600w\" sizes=\"(max-width: 1000px) 100vw, 1000px\" \/><\/a><figcaption class=\"blocks-gallery-item__caption\">Skupinov\u00e1 dynamika<\/figcaption><\/figure><\/li><\/ul><\/figure>\n\n\n\n<p><em>\u201eNa\u0161la som si aj pr\u00e1cu,\u201c<\/em>\u00a0zver\u00ed sa n\u00e1m Tetyana po\u010das jedn\u00e9ho z\u00a0t\u00fdchto stretnut\u00ed v\u00a0Pershotravensk a\u00a0je vidie\u0165, ako ve\u013emi sa z\u00a0toho te\u0161\u00ed. Podarilo sa jej to aj v\u010faka psychologickej a\u00a0soci\u00e1lnej pomoci Slovenskej katol\u00edckej charity, spolufinancovanej z\u00a0programu Ofici\u00e1lnej rozvojovej pomoci Slovenskej republiky, <a href=\"https:\/\/slovakaid.sk\" target=\"_blank\" rel=\"noreferrer noopener\">SlovakAid<\/a> a <a rel=\"noreferrer noopener\" href=\"https:\/\/adopcianadialku.sk\" target=\"_blank\">Adopcie na dia\u013eku\u00ae<\/a>.<\/p>\n\n\n\n<p>Spolo\u010dne pom\u00e1hame 600 rodin\u00e1m, ktor\u00e9 kv\u00f4li pretrv\u00e1vaj\u00facemu konfliktu opustili svoje domovy. V\u00e1m v\u0161etk\u00fdm sme dostali za \u00falohu doru\u010di\u0165 aj tento odkaz:&nbsp;<em>\u201e\u010eakujeme ve\u013emi pekne za pomoc, pom\u00e1ha n\u00e1m pozera\u0165 sa vpred a&nbsp;\u00eds\u0165 \u010falej.\u201c<\/em><\/p>\n\n\n\n<p class=\"has-text-align-center has-background\" style=\"background-color:#eeeeee\">\u010eakujeme aj v\u0161etk\u00fdm jednotlivcom, ktor\u00ed poslali pouk\u00e1\u017eku na pokrytie z\u00e1kladn\u00fdch potrieb. <strong>St\u00e1le je mo\u017en\u00e9 podpori\u0165 \u010fal\u0161ie rodiny.<\/strong><\/p>\n\n\n\n<div class=\"wp-block-atomic-blocks-ab-button ab-block-button\" style=\"text-align: center;\"><a class=\"btn btn-primary btn-lg\" style=\"color: #ffffff; background-color: #ebc400;\" href=\"https:\/\/charita.darujme.sk\/pomozme-ukrajine\/\" target=\"_blank\" rel=\"noopener noreferrer\">POSLA\u0164 POUK\u00c1\u017dKU<\/a><\/div>\n","protected":false},"excerpt":{"rendered":"<p>\u201eTri&nbsp;t\u00fd\u017edne sme sa schov\u00e1vali v pivnici, potom sme sa rozhodli od\u00eds\u0165. Ke\u010f [&hellip;]<\/p>\n","protected":false},"author":2,"featured_media":1817,"comment_status":"open","ping_status":"open","sticky":false,"template":"","format":"standard","meta":{"footnotes":""},"categories":[18],"tags":[],"class_list":["post-1815","post","type-post","status-publish","format-standard","has-post-thumbnail","hentry","category-ukrajina"],"yoast_head":"<!-- This site is optimized with the Yoast SEO plugin v25.4 - https:\/\/yoast.com\/wordpress\/plugins\/seo\/ -->\n<title>\u201e\u010eakujeme,\u201c odkazuj\u00fa na\u0161i susedia z Ukrajiny | Charita vo svete<\/title>\n<meta name=\"robots\" content=\"index, follow, max-snippet:-1, max-image-preview:large, max-video-preview:-1\" \/>\n<link rel=\"canonical\" href=\"https:\/\/www.charita.sk\/svet\/dakujeme-odkazuju-nasi-susedia-z-ukrajiny\/\" \/>\n<meta property=\"og:locale\" content=\"sk_SK\" \/>\n<meta property=\"og:type\" content=\"article\" \/>\n<meta property=\"og:title\" content=\"\u201e\u010eakujeme,\u201c odkazuj\u00fa na\u0161i susedia z Ukrajiny | Charita vo svete\" \/>\n<meta property=\"og:description\" content=\"\u201eTri&nbsp;t\u00fd\u017edne sme sa schov\u00e1vali v pivnici, potom sme sa rozhodli od\u00eds\u0165. Ke\u010f [&hellip;]\" \/>\n<meta property=\"og:url\" content=\"https:\/\/www.charita.sk\/svet\/dakujeme-odkazuju-nasi-susedia-z-ukrajiny\/\" \/>\n<meta property=\"og:site_name\" content=\"Charita vo svete\" \/>\n<meta property=\"article:publisher\" content=\"https:\/\/www.facebook.com\/CaritasSlovakia\/\" \/>\n<meta property=\"article:published_time\" content=\"2021-09-16T13:18:00+00:00\" \/>\n<meta property=\"article:modified_time\" content=\"2021-10-18T13:43:51+00:00\" \/>\n<meta property=\"og:image\" content=\"https:\/\/www.charita.sk\/svet\/wp-content\/uploads\/2021\/10\/ukr_partner.jpg\" \/>\n\t<meta property=\"og:image:width\" content=\"1000\" \/>\n\t<meta property=\"og:image:height\" content=\"750\" \/>\n\t<meta property=\"og:image:type\" content=\"image\/jpeg\" \/>\n<meta name=\"author\" content=\"charita\" \/>\n<meta name=\"twitter:card\" content=\"summary_large_image\" \/>\n<meta name=\"twitter:label1\" content=\"Autor\" \/>\n\t<meta name=\"twitter:data1\" content=\"charita\" \/>\n\t<meta name=\"twitter:label2\" content=\"Predpokladan\u00fd \u010das \u010d\u00edtania\" \/>\n\t<meta name=\"twitter:data2\" content=\"2 min\u00faty\" \/>\n<script type=\"application\/ld+json\" class=\"yoast-schema-graph\">{\"@context\":\"https:\/\/schema.org\",\"@graph\":[{\"@type\":\"Article\",\"@id\":\"https:\/\/www.charita.sk\/svet\/dakujeme-odkazuju-nasi-susedia-z-ukrajiny\/#article\",\"isPartOf\":{\"@id\":\"https:\/\/www.charita.sk\/svet\/dakujeme-odkazuju-nasi-susedia-z-ukrajiny\/\"},\"author\":{\"name\":\"charita\",\"@id\":\"https:\/\/www.charita.sk\/svet\/#\/schema\/person\/5d4cac7d83d3ec0090a0c6bb00690ce4\"},\"headline\":\"\u201e\u010eakujeme,\u201c odkazuj\u00fa na\u0161i susedia z Ukrajiny\",\"datePublished\":\"2021-09-16T13:18:00+00:00\",\"dateModified\":\"2021-10-18T13:43:51+00:00\",\"mainEntityOfPage\":{\"@id\":\"https:\/\/www.charita.sk\/svet\/dakujeme-odkazuju-nasi-susedia-z-ukrajiny\/\"},\"wordCount\":399,\"commentCount\":0,\"publisher\":{\"@id\":\"https:\/\/www.charita.sk\/svet\/#organization\"},\"image\":{\"@id\":\"https:\/\/www.charita.sk\/svet\/dakujeme-odkazuju-nasi-susedia-z-ukrajiny\/#primaryimage\"},\"thumbnailUrl\":\"https:\/\/www.charita.sk\/svet\/wp-content\/uploads\/2021\/10\/ukr_partner.jpg\",\"articleSection\":[\"Ukrajina\"],\"inLanguage\":\"sk-SK\",\"potentialAction\":[{\"@type\":\"CommentAction\",\"name\":\"Comment\",\"target\":[\"https:\/\/www.charita.sk\/svet\/dakujeme-odkazuju-nasi-susedia-z-ukrajiny\/#respond\"]}]},{\"@type\":\"WebPage\",\"@id\":\"https:\/\/www.charita.sk\/svet\/dakujeme-odkazuju-nasi-susedia-z-ukrajiny\/\",\"url\":\"https:\/\/www.charita.sk\/svet\/dakujeme-odkazuju-nasi-susedia-z-ukrajiny\/\",\"name\":\"\u201e\u010eakujeme,\u201c odkazuj\u00fa na\u0161i susedia z Ukrajiny | Charita vo svete\",\"isPartOf\":{\"@id\":\"https:\/\/www.charita.sk\/svet\/#website\"},\"primaryImageOfPage\":{\"@id\":\"https:\/\/www.charita.sk\/svet\/dakujeme-odkazuju-nasi-susedia-z-ukrajiny\/#primaryimage\"},\"image\":{\"@id\":\"https:\/\/www.charita.sk\/svet\/dakujeme-odkazuju-nasi-susedia-z-ukrajiny\/#primaryimage\"},\"thumbnailUrl\":\"https:\/\/www.charita.sk\/svet\/wp-content\/uploads\/2021\/10\/ukr_partner.jpg\",\"datePublished\":\"2021-09-16T13:18:00+00:00\",\"dateModified\":\"2021-10-18T13:43:51+00:00\",\"breadcrumb\":{\"@id\":\"https:\/\/www.charita.sk\/svet\/dakujeme-odkazuju-nasi-susedia-z-ukrajiny\/#breadcrumb\"},\"inLanguage\":\"sk-SK\",\"potentialAction\":[{\"@type\":\"ReadAction\",\"target\":[\"https:\/\/www.charita.sk\/svet\/dakujeme-odkazuju-nasi-susedia-z-ukrajiny\/\"]}]},{\"@type\":\"ImageObject\",\"inLanguage\":\"sk-SK\",\"@id\":\"https:\/\/www.charita.sk\/svet\/dakujeme-odkazuju-nasi-susedia-z-ukrajiny\/#primaryimage\",\"url\":\"https:\/\/www.charita.sk\/svet\/wp-content\/uploads\/2021\/10\/ukr_partner.jpg\",\"contentUrl\":\"https:\/\/www.charita.sk\/svet\/wp-content\/uploads\/2021\/10\/ukr_partner.jpg\",\"width\":1000,\"height\":750},{\"@type\":\"BreadcrumbList\",\"@id\":\"https:\/\/www.charita.sk\/svet\/dakujeme-odkazuju-nasi-susedia-z-ukrajiny\/#breadcrumb\",\"itemListElement\":[{\"@type\":\"ListItem\",\"position\":1,\"name\":\"Domovsk\u00e1 str\u00e1nka\",\"item\":\"https:\/\/www.charita.sk\/svet\/\"},{\"@type\":\"ListItem\",\"position\":2,\"name\":\"\u201e\u010eakujeme,\u201c odkazuj\u00fa na\u0161i susedia z Ukrajiny\"}]},{\"@type\":\"WebSite\",\"@id\":\"https:\/\/www.charita.sk\/svet\/#website\",\"url\":\"https:\/\/www.charita.sk\/svet\/\",\"name\":\"Charita vo svete\",\"description\":\"Slovensk\u00e1 katol\u00edcka charita pom\u00e1ha \u013eu\u010fom v n\u00fadzi vo svete\",\"publisher\":{\"@id\":\"https:\/\/www.charita.sk\/svet\/#organization\"},\"potentialAction\":[{\"@type\":\"SearchAction\",\"target\":{\"@type\":\"EntryPoint\",\"urlTemplate\":\"https:\/\/www.charita.sk\/svet\/?s={search_term_string}\"},\"query-input\":{\"@type\":\"PropertyValueSpecification\",\"valueRequired\":true,\"valueName\":\"search_term_string\"}}],\"inLanguage\":\"sk-SK\"},{\"@type\":\"Organization\",\"@id\":\"https:\/\/www.charita.sk\/svet\/#organization\",\"name\":\"Slovensk\u00e1 katol\u00edcka charita\",\"url\":\"https:\/\/www.charita.sk\/svet\/\",\"logo\":{\"@type\":\"ImageObject\",\"inLanguage\":\"sk-SK\",\"@id\":\"https:\/\/www.charita.sk\/svet\/#\/schema\/logo\/image\/\",\"url\":\"https:\/\/www.charita.sk\/pomoc-utecencom\/wp-content\/uploads\/2020\/11\/logo_pomoc_utecencom.jpg\",\"contentUrl\":\"https:\/\/www.charita.sk\/pomoc-utecencom\/wp-content\/uploads\/2020\/11\/logo_pomoc_utecencom.jpg\",\"width\":1712,\"height\":480,\"caption\":\"Slovensk\u00e1 katol\u00edcka charita\"},\"image\":{\"@id\":\"https:\/\/www.charita.sk\/svet\/#\/schema\/logo\/image\/\"},\"sameAs\":[\"https:\/\/www.facebook.com\/CaritasSlovakia\/\",\"https:\/\/www.instagram.com\/caritas_slovakia\/\",\"https:\/\/www.linkedin.com\/company\/caritas-slovakia-skch-\",\"https:\/\/www.youtube.com\/user\/katolickacharita\"]},{\"@type\":\"Person\",\"@id\":\"https:\/\/www.charita.sk\/svet\/#\/schema\/person\/5d4cac7d83d3ec0090a0c6bb00690ce4\",\"name\":\"charita\",\"image\":{\"@type\":\"ImageObject\",\"inLanguage\":\"sk-SK\",\"@id\":\"https:\/\/www.charita.sk\/svet\/#\/schema\/person\/image\/\",\"url\":\"https:\/\/secure.gravatar.com\/avatar\/d2e7ea30dee1a0c7a6b7277bd2f993803c4622836c7e0130a97819af162a837b?s=96&d=mm&r=g\",\"contentUrl\":\"https:\/\/secure.gravatar.com\/avatar\/d2e7ea30dee1a0c7a6b7277bd2f993803c4622836c7e0130a97819af162a837b?s=96&d=mm&r=g\",\"caption\":\"charita\"},\"url\":\"https:\/\/www.charita.sk\/svet\/author\/charita\/\"}]}<\/script>\n<!-- \/ Yoast SEO plugin. -->","yoast_head_json":{"title":"\u201e\u010eakujeme,\u201c odkazuj\u00fa na\u0161i susedia z Ukrajiny | Charita vo svete","robots":{"index":"index","follow":"follow","max-snippet":"max-snippet:-1","max-image-preview":"max-image-preview:large","max-video-preview":"max-video-preview:-1"},"canonical":"https:\/\/www.charita.sk\/svet\/dakujeme-odkazuju-nasi-susedia-z-ukrajiny\/","og_locale":"sk_SK","og_type":"article","og_title":"\u201e\u010eakujeme,\u201c odkazuj\u00fa na\u0161i susedia z Ukrajiny | Charita vo svete","og_description":"\u201eTri&nbsp;t\u00fd\u017edne sme sa schov\u00e1vali v pivnici, potom sme sa rozhodli od\u00eds\u0165. Ke\u010f [&hellip;]","og_url":"https:\/\/www.charita.sk\/svet\/dakujeme-odkazuju-nasi-susedia-z-ukrajiny\/","og_site_name":"Charita vo svete","article_publisher":"https:\/\/www.facebook.com\/CaritasSlovakia\/","article_published_time":"2021-09-16T13:18:00+00:00","article_modified_time":"2021-10-18T13:43:51+00:00","og_image":[{"width":1000,"height":750,"url":"https:\/\/www.charita.sk\/svet\/wp-content\/uploads\/2021\/10\/ukr_partner.jpg","type":"image\/jpeg"}],"author":"charita","twitter_card":"summary_large_image","twitter_misc":{"Autor":"charita","Predpokladan\u00fd \u010das \u010d\u00edtania":"2 min\u00faty"},"schema":{"@context":"https:\/\/schema.org","@graph":[{"@type":"Article","@id":"https:\/\/www.charita.sk\/svet\/dakujeme-odkazuju-nasi-susedia-z-ukrajiny\/#article","isPartOf":{"@id":"https:\/\/www.charita.sk\/svet\/dakujeme-odkazuju-nasi-susedia-z-ukrajiny\/"},"author":{"name":"charita","@id":"https:\/\/www.charita.sk\/svet\/#\/schema\/person\/5d4cac7d83d3ec0090a0c6bb00690ce4"},"headline":"\u201e\u010eakujeme,\u201c odkazuj\u00fa na\u0161i susedia z Ukrajiny","datePublished":"2021-09-16T13:18:00+00:00","dateModified":"2021-10-18T13:43:51+00:00","mainEntityOfPage":{"@id":"https:\/\/www.charita.sk\/svet\/dakujeme-odkazuju-nasi-susedia-z-ukrajiny\/"},"wordCount":399,"commentCount":0,"publisher":{"@id":"https:\/\/www.charita.sk\/svet\/#organization"},"image":{"@id":"https:\/\/www.charita.sk\/svet\/dakujeme-odkazuju-nasi-susedia-z-ukrajiny\/#primaryimage"},"thumbnailUrl":"https:\/\/www.charita.sk\/svet\/wp-content\/uploads\/2021\/10\/ukr_partner.jpg","articleSection":["Ukrajina"],"inLanguage":"sk-SK","potentialAction":[{"@type":"CommentAction","name":"Comment","target":["https:\/\/www.charita.sk\/svet\/dakujeme-odkazuju-nasi-susedia-z-ukrajiny\/#respond"]}]},{"@type":"WebPage","@id":"https:\/\/www.charita.sk\/svet\/dakujeme-odkazuju-nasi-susedia-z-ukrajiny\/","url":"https:\/\/www.charita.sk\/svet\/dakujeme-odkazuju-nasi-susedia-z-ukrajiny\/","name":"\u201e\u010eakujeme,\u201c odkazuj\u00fa na\u0161i susedia z Ukrajiny | Charita vo svete","isPartOf":{"@id":"https:\/\/www.charita.sk\/svet\/#website"},"primaryImageOfPage":{"@id":"https:\/\/www.charita.sk\/svet\/dakujeme-odkazuju-nasi-susedia-z-ukrajiny\/#primaryimage"},"image":{"@id":"https:\/\/www.charita.sk\/svet\/dakujeme-odkazuju-nasi-susedia-z-ukrajiny\/#primaryimage"},"thumbnailUrl":"https:\/\/www.charita.sk\/svet\/wp-content\/uploads\/2021\/10\/ukr_partner.jpg","datePublished":"2021-09-16T13:18:00+00:00","dateModified":"2021-10-18T13:43:51+00:00","breadcrumb":{"@id":"https:\/\/www.charita.sk\/svet\/dakujeme-odkazuju-nasi-susedia-z-ukrajiny\/#breadcrumb"},"inLanguage":"sk-SK","potentialAction":[{"@type":"ReadAction","target":["https:\/\/www.charita.sk\/svet\/dakujeme-odkazuju-nasi-susedia-z-ukrajiny\/"]}]},{"@type":"ImageObject","inLanguage":"sk-SK","@id":"https:\/\/www.charita.sk\/svet\/dakujeme-odkazuju-nasi-susedia-z-ukrajiny\/#primaryimage","url":"https:\/\/www.charita.sk\/svet\/wp-content\/uploads\/2021\/10\/ukr_partner.jpg","contentUrl":"https:\/\/www.charita.sk\/svet\/wp-content\/uploads\/2021\/10\/ukr_partner.jpg","width":1000,"height":750},{"@type":"BreadcrumbList","@id":"https:\/\/www.charita.sk\/svet\/dakujeme-odkazuju-nasi-susedia-z-ukrajiny\/#breadcrumb","itemListElement":[{"@type":"ListItem","position":1,"name":"Domovsk\u00e1 str\u00e1nka","item":"https:\/\/www.charita.sk\/svet\/"},{"@type":"ListItem","position":2,"name":"\u201e\u010eakujeme,\u201c odkazuj\u00fa na\u0161i susedia z Ukrajiny"}]},{"@type":"WebSite","@id":"https:\/\/www.charita.sk\/svet\/#website","url":"https:\/\/www.charita.sk\/svet\/","name":"Charita vo svete","description":"Slovensk\u00e1 katol\u00edcka charita pom\u00e1ha \u013eu\u010fom v n\u00fadzi vo svete","publisher":{"@id":"https:\/\/www.charita.sk\/svet\/#organization"},"potentialAction":[{"@type":"SearchAction","target":{"@type":"EntryPoint","urlTemplate":"https:\/\/www.charita.sk\/svet\/?s={search_term_string}"},"query-input":{"@type":"PropertyValueSpecification","valueRequired":true,"valueName":"search_term_string"}}],"inLanguage":"sk-SK"},{"@type":"Organization","@id":"https:\/\/www.charita.sk\/svet\/#organization","name":"Slovensk\u00e1 katol\u00edcka charita","url":"https:\/\/www.charita.sk\/svet\/","logo":{"@type":"ImageObject","inLanguage":"sk-SK","@id":"https:\/\/www.charita.sk\/svet\/#\/schema\/logo\/image\/","url":"https:\/\/www.charita.sk\/pomoc-utecencom\/wp-content\/uploads\/2020\/11\/logo_pomoc_utecencom.jpg","contentUrl":"https:\/\/www.charita.sk\/pomoc-utecencom\/wp-content\/uploads\/2020\/11\/logo_pomoc_utecencom.jpg","width":1712,"height":480,"caption":"Slovensk\u00e1 katol\u00edcka charita"},"image":{"@id":"https:\/\/www.charita.sk\/svet\/#\/schema\/logo\/image\/"},"sameAs":["https:\/\/www.facebook.com\/CaritasSlovakia\/","https:\/\/www.instagram.com\/caritas_slovakia\/","https:\/\/www.linkedin.com\/company\/caritas-slovakia-skch-","https:\/\/www.youtube.com\/user\/katolickacharita"]},{"@type":"Person","@id":"https:\/\/www.charita.sk\/svet\/#\/schema\/person\/5d4cac7d83d3ec0090a0c6bb00690ce4","name":"charita","image":{"@type":"ImageObject","inLanguage":"sk-SK","@id":"https:\/\/www.charita.sk\/svet\/#\/schema\/person\/image\/","url":"https:\/\/secure.gravatar.com\/avatar\/d2e7ea30dee1a0c7a6b7277bd2f993803c4622836c7e0130a97819af162a837b?s=96&d=mm&r=g","contentUrl":"https:\/\/secure.gravatar.com\/avatar\/d2e7ea30dee1a0c7a6b7277bd2f993803c4622836c7e0130a97819af162a837b?s=96&d=mm&r=g","caption":"charita"},"url":"https:\/\/www.charita.sk\/svet\/author\/charita\/"}]}},"featured_image_src":"https:\/\/www.charita.sk\/svet\/wp-content\/uploads\/2021\/10\/ukr_partner-600x400.jpg","featured_image_src_square":"https:\/\/www.charita.sk\/svet\/wp-content\/uploads\/2021\/10\/ukr_partner-600x600.jpg","author_info":{"display_name":"charita","author_link":"https:\/\/www.charita.sk\/svet\/author\/charita\/"},"_links":{"self":[{"href":"https:\/\/www.charita.sk\/svet\/wp-json\/wp\/v2\/posts\/1815","targetHints":{"allow":["GET"]}}],"collection":[{"href":"https:\/\/www.charita.sk\/svet\/wp-json\/wp\/v2\/posts"}],"about":[{"href":"https:\/\/www.charita.sk\/svet\/wp-json\/wp\/v2\/types\/post"}],"author":[{"embeddable":true,"href":"https:\/\/www.charita.sk\/svet\/wp-json\/wp\/v2\/users\/2"}],"replies":[{"embeddable":true,"href":"https:\/\/www.charita.sk\/svet\/wp-json\/wp\/v2\/comments?post=1815"}],"version-history":[{"count":5,"href":"https:\/\/www.charita.sk\/svet\/wp-json\/wp\/v2\/posts\/1815\/revisions"}],"predecessor-version":[{"id":1825,"href":"https:\/\/www.charita.sk\/svet\/wp-json\/wp\/v2\/posts\/1815\/revisions\/1825"}],"wp:featuredmedia":[{"embeddable":true,"href":"https:\/\/www.charita.sk\/svet\/wp-json\/wp\/v2\/media\/1817"}],"wp:attachment":[{"href":"https:\/\/www.charita.sk\/svet\/wp-json\/wp\/v2\/media?parent=1815"}],"wp:term":[{"taxonomy":"category","embeddable":true,"href":"https:\/\/www.charita.sk\/svet\/wp-json\/wp\/v2\/categories?post=1815"},{"taxonomy":"post_tag","embeddable":true,"href":"https:\/\/www.charita.sk\/svet\/wp-json\/wp\/v2\/tags?post=1815"}],"curies":[{"name":"wp","href":"https:\/\/api.w.org\/{rel}","templated":true}]}}