{"id":1827,"date":"2021-12-02T13:55:44","date_gmt":"2021-12-02T12:55:44","guid":{"rendered":"https:\/\/www.charita.sk\/pomoc-utecencom\/?p=1827"},"modified":"2022-02-17T16:26:43","modified_gmt":"2022-02-17T15:26:43","slug":"lieky-ziskali-vdaka-poukazke-zo-slovenska","status":"publish","type":"post","link":"https:\/\/www.charita.sk\/svet\/lieky-ziskali-vdaka-poukazke-zo-slovenska\/","title":{"rendered":"Lieky z\u00edskali v\u010faka pouk\u00e1\u017eke zo Slovenska"},"content":{"rendered":"\n<p><em>Choroba si nevyber\u00e1 len spomedzi t\u00fdch, ktor\u00ed maj\u00fa stabiln\u00e9 z\u00e1zemie \u010di si lie\u010dbu m\u00f4\u017eu dovoli\u0165. O rodine 64-ro\u010dn\u00e9ho Mykolu to plat\u00ed dvojn\u00e1sobne. <strong>Zo d\u0148a na de\u0148 opustili svoj domov, bann\u00edcke meste\u010dko Pervomaisk, aby \u017eili \u010falej od nebezpe\u010denstva vojny.<\/strong> Jeho \u017eena mala u\u017e vtedy chronick\u00e9 probl\u00e9my s o\u010dami. Pomohla im \u0161tedros\u0165 darcov zo Slovenska a <a rel=\"noreferrer noopener\" href=\"https:\/\/www.charita.sk\/svet\/ukrajina\/\" target=\"_blank\">projekt<\/a> Materi\u00e1lna a psychosoci\u00e1lna podpora pre vn\u00fatorne vys\u00eddlen\u00e9 osoby v regi\u00f3ne Dnipro, ktor\u00fd je spolufinancovan\u00fd z programu ofici\u00e1lnej rozvojovej pomoci SR,&nbsp;<a href=\"http:\/\/slovakaid.sk\/\">SlovakAid<\/a>.<\/em><\/p>\n\n\n\n<p><em>\u201eOdchod bol \u0165a\u017ek\u00fd najm\u00e4 emocion\u00e1lne,\u201c<\/em> za\u010dal svoje rozpr\u00e1vanie Mykola. V decembri 2014 si so \u017eenou, dvoma de\u0165mi a 83-ro\u010dnou mamou zbalili to najnevyhnutnej\u0161ie a dali sa na cestu. <em>\u201eZa n\u00e1\u0161 nov\u00fd domov som vybral Zhovti Vody, lebo tam neboli vysok\u00e9 ceny pren\u00e1jmov. Bolo to \u0165a\u017ek\u00e9 adaptova\u0165 sa,\u201c<\/em> zd\u00f4veril sa n\u00e1m Mykola, ktor\u00fd sa zamestnal v miestnej technickej \u0161kole. Po roku mu v\u0161ak nepred\u013a\u017eili zmluvu. Po\u010det tzv. IDPs, vn\u00fatorne vys\u00eddlen\u00fdch os\u00f4b, v meste narastal a pri\u0161li mlad\u0161\u00ed. <em>\u201eV\u017edy som bol akt\u00edvny, tak sa mi podarilo v auguste 2016 zamestna\u0165 na v\u00fdbore b\u00fdvania pre IDPs,\u201c <\/em>dod\u00e1va otec rodiny.<\/p>\n\n\n\n<div class=\"wp-block-columns is-layout-flex wp-container-core-columns-is-layout-9d6595d7 wp-block-columns-is-layout-flex\">\n<div class=\"wp-block-column is-vertically-aligned-center is-layout-flow wp-block-column-is-layout-flow\" style=\"flex-basis:33.33%\">\n<figure class=\"wp-block-gallery columns-1 is-cropped wp-block-gallery-1 is-layout-flex wp-block-gallery-is-layout-flex\"><ul class=\"blocks-gallery-grid\"><li class=\"blocks-gallery-item\"><figure><img fetchpriority=\"high\" decoding=\"async\" width=\"809\" height=\"611\" src=\"https:\/\/www.charita.sk\/svet\/wp-content\/uploads\/2021\/12\/Mykola_01.jpg\" alt=\"\" data-id=\"1831\" data-full-url=\"https:\/\/www.charita.sk\/svet\/wp-content\/uploads\/2021\/12\/Mykola_01.jpg\" data-link=\"https:\/\/www.charita.sk\/svet\/potrebne-lieky-ziskali-vdaka-poukazke-zo-slovenska\/mykola_01\/\" class=\"wp-image-1831\" srcset=\"https:\/\/www.charita.sk\/svet\/wp-content\/uploads\/2021\/12\/Mykola_01.jpg 809w, https:\/\/www.charita.sk\/svet\/wp-content\/uploads\/2021\/12\/Mykola_01-300x227.jpg 300w, https:\/\/www.charita.sk\/svet\/wp-content\/uploads\/2021\/12\/Mykola_01-768x580.jpg 768w\" sizes=\"(max-width: 809px) 100vw, 809px\" \/><\/figure><\/li><\/ul><\/figure>\n<\/div>\n\n\n\n<div class=\"wp-block-column is-layout-flow wp-block-column-is-layout-flow\" style=\"flex-basis:66.66%\">\n<p>V situ\u00e1ci\u00ed, ke\u010f sa starostlivos\u0165 o jeho mamu st\u00e1va n\u00e1ro\u010dnej\u0161ou a man\u017eelku \u010dak\u00e1 oper\u00e1cia o\u010d\u00ed im pomoc padla vhod. <strong>Pouk\u00e1\u017eku na lieky z\u00edskali na psychosoci\u00e1lnom tr\u00e9ningu pre IDPs s t\u00e9mou \u201eKonflikty\u201c.<\/strong> Tie spolufinancoval charitn\u00fd projekt <a rel=\"noreferrer noopener\" href=\"https:\/\/adopcianadialku.sk\" target=\"_blank\">Adopcia na dia\u013eku<strong>\u00ae<\/strong><\/a>. T\u00edm miestnej Caritas Donetsk, ktor\u00fd tr\u00e9ningy realizuje, m\u00e1 od \u00fa\u010dastn\u00edkov mno\u017estvo pozit\u00edvnych ohlasov o \u010dom sme sa presved\u010dili po\u010das <a rel=\"noreferrer noopener\" href=\"https:\/\/www.charita.sk\/svet\/dakujeme-odkazuju-nasi-susedia-z-ukrajiny\/\" target=\"_blank\">na\u0161ej septembrovej n\u00e1v\u0161tevy<\/a>.<\/p>\n\n\n\n<p><em>\u201eV \u017eivote vn\u00fatorn\u00fdch vys\u00eddlencov \u010dasto doch\u00e1dza ku konfliktn\u00fdm situ\u00e1ci\u00e1m. \u010eakujeme slovensk\u00fdm partnerom a individu\u00e1lnym darcom za pouk\u00e1\u017eky a d\u00f4le\u017eit\u00e9 tematick\u00e9 tr\u00e9ningy,\u201c <\/em>ozrejmuje koordin\u00e1torka projektu Svetlana z miestnej charity.<\/p>\n<\/div>\n<\/div>\n\n\n\n<p>\u017dia\u013e, za posledn\u00e9 tri roky sa vys\u00eddlen\u00fdm osob\u00e1m v meste Zhovti Vody neposkytla \u017eiadna pomoc, iba z projektov Caritas Donets. Soci\u00e1lne d\u00e1vky s\u00fa minim\u00e1lne a nepokr\u00fdvaj\u00fa ani z\u00e1kladn\u00e9 potreby. Boli by sme radi, ak by pomoc pokra\u010dovala.<\/p>\n\n\n\n<p class=\"has-text-align-center has-background\" style=\"background-color:#e2e2e2\"><strong>Viano\u010dn\u00fd dar\u010dek pre vn\u00fatorne vys\u00eddlen\u00e9 rodiny<\/strong><\/p>\n\n\n\n<div class=\"wp-block-atomic-blocks-ab-button ab-block-button\" style=\"text-align: center;\"><a class=\"btn btn-primary btn-lg\" style=\"color: #ffffff; background-color: #ebc400;\" href=\"https:\/\/charita.darujme.sk\/pomozme-ukrajine\/\" target=\"_blank\" rel=\"noopener noreferrer\">POSLA\u0164 POUK\u00c1\u017dKU<\/a><\/div>\n","protected":false},"excerpt":{"rendered":"<p>Choroba si nevyber\u00e1 len spomedzi t\u00fdch, ktor\u00ed maj\u00fa stabiln\u00e9 z\u00e1zemie \u010di si [&hellip;]<\/p>\n","protected":false},"author":2,"featured_media":1830,"comment_status":"open","ping_status":"open","sticky":false,"template":"","format":"standard","meta":{"footnotes":""},"categories":[18],"tags":[30,17,19],"class_list":["post-1827","post","type-post","status-publish","format-standard","has-post-thumbnail","hentry","category-ukrajina","tag-poukazky-2","tag-slovakaid","tag-ukrajina"],"yoast_head":"<!-- This site is optimized with the Yoast SEO plugin v25.4 - https:\/\/yoast.com\/wordpress\/plugins\/seo\/ -->\n<title>Lieky z\u00edskali v\u010faka pouk\u00e1\u017eke zo Slovenska | Charita vo svete<\/title>\n<meta name=\"robots\" content=\"index, follow, max-snippet:-1, max-image-preview:large, max-video-preview:-1\" \/>\n<link rel=\"canonical\" href=\"https:\/\/www.charita.sk\/svet\/lieky-ziskali-vdaka-poukazke-zo-slovenska\/\" \/>\n<meta property=\"og:locale\" content=\"sk_SK\" \/>\n<meta property=\"og:type\" content=\"article\" \/>\n<meta property=\"og:title\" content=\"Lieky z\u00edskali v\u010faka pouk\u00e1\u017eke zo Slovenska | Charita vo svete\" \/>\n<meta property=\"og:description\" content=\"Choroba si nevyber\u00e1 len spomedzi t\u00fdch, ktor\u00ed maj\u00fa stabiln\u00e9 z\u00e1zemie \u010di si [&hellip;]\" \/>\n<meta property=\"og:url\" content=\"https:\/\/www.charita.sk\/svet\/lieky-ziskali-vdaka-poukazke-zo-slovenska\/\" \/>\n<meta property=\"og:site_name\" content=\"Charita vo svete\" \/>\n<meta property=\"article:publisher\" content=\"https:\/\/www.facebook.com\/CaritasSlovakia\/\" \/>\n<meta property=\"article:published_time\" content=\"2021-12-02T12:55:44+00:00\" \/>\n<meta property=\"article:modified_time\" content=\"2022-02-17T15:26:43+00:00\" \/>\n<meta property=\"og:image\" content=\"https:\/\/www.charita.sk\/svet\/wp-content\/uploads\/2021\/12\/Mykola_02.jpg\" \/>\n\t<meta property=\"og:image:width\" content=\"907\" \/>\n\t<meta property=\"og:image:height\" content=\"546\" \/>\n\t<meta property=\"og:image:type\" content=\"image\/jpeg\" \/>\n<meta name=\"author\" content=\"charita\" \/>\n<meta name=\"twitter:card\" content=\"summary_large_image\" \/>\n<meta name=\"twitter:label1\" content=\"Autor\" \/>\n\t<meta name=\"twitter:data1\" content=\"charita\" \/>\n\t<meta name=\"twitter:label2\" content=\"Predpokladan\u00fd \u010das \u010d\u00edtania\" \/>\n\t<meta name=\"twitter:data2\" content=\"2 min\u00faty\" \/>\n<script type=\"application\/ld+json\" class=\"yoast-schema-graph\">{\"@context\":\"https:\/\/schema.org\",\"@graph\":[{\"@type\":\"Article\",\"@id\":\"https:\/\/www.charita.sk\/svet\/lieky-ziskali-vdaka-poukazke-zo-slovenska\/#article\",\"isPartOf\":{\"@id\":\"https:\/\/www.charita.sk\/svet\/lieky-ziskali-vdaka-poukazke-zo-slovenska\/\"},\"author\":{\"name\":\"charita\",\"@id\":\"https:\/\/www.charita.sk\/svet\/#\/schema\/person\/5d4cac7d83d3ec0090a0c6bb00690ce4\"},\"headline\":\"Lieky z\u00edskali v\u010faka pouk\u00e1\u017eke zo Slovenska\",\"datePublished\":\"2021-12-02T12:55:44+00:00\",\"dateModified\":\"2022-02-17T15:26:43+00:00\",\"mainEntityOfPage\":{\"@id\":\"https:\/\/www.charita.sk\/svet\/lieky-ziskali-vdaka-poukazke-zo-slovenska\/\"},\"wordCount\":407,\"commentCount\":0,\"publisher\":{\"@id\":\"https:\/\/www.charita.sk\/svet\/#organization\"},\"image\":{\"@id\":\"https:\/\/www.charita.sk\/svet\/lieky-ziskali-vdaka-poukazke-zo-slovenska\/#primaryimage\"},\"thumbnailUrl\":\"https:\/\/www.charita.sk\/svet\/wp-content\/uploads\/2021\/12\/Mykola_02.jpg\",\"keywords\":[\"poukazky\",\"slovakaid\",\"ukrajina\"],\"articleSection\":[\"Ukrajina\"],\"inLanguage\":\"sk-SK\",\"potentialAction\":[{\"@type\":\"CommentAction\",\"name\":\"Comment\",\"target\":[\"https:\/\/www.charita.sk\/svet\/lieky-ziskali-vdaka-poukazke-zo-slovenska\/#respond\"]}]},{\"@type\":\"WebPage\",\"@id\":\"https:\/\/www.charita.sk\/svet\/lieky-ziskali-vdaka-poukazke-zo-slovenska\/\",\"url\":\"https:\/\/www.charita.sk\/svet\/lieky-ziskali-vdaka-poukazke-zo-slovenska\/\",\"name\":\"Lieky z\u00edskali v\u010faka pouk\u00e1\u017eke zo Slovenska | Charita vo svete\",\"isPartOf\":{\"@id\":\"https:\/\/www.charita.sk\/svet\/#website\"},\"primaryImageOfPage\":{\"@id\":\"https:\/\/www.charita.sk\/svet\/lieky-ziskali-vdaka-poukazke-zo-slovenska\/#primaryimage\"},\"image\":{\"@id\":\"https:\/\/www.charita.sk\/svet\/lieky-ziskali-vdaka-poukazke-zo-slovenska\/#primaryimage\"},\"thumbnailUrl\":\"https:\/\/www.charita.sk\/svet\/wp-content\/uploads\/2021\/12\/Mykola_02.jpg\",\"datePublished\":\"2021-12-02T12:55:44+00:00\",\"dateModified\":\"2022-02-17T15:26:43+00:00\",\"breadcrumb\":{\"@id\":\"https:\/\/www.charita.sk\/svet\/lieky-ziskali-vdaka-poukazke-zo-slovenska\/#breadcrumb\"},\"inLanguage\":\"sk-SK\",\"potentialAction\":[{\"@type\":\"ReadAction\",\"target\":[\"https:\/\/www.charita.sk\/svet\/lieky-ziskali-vdaka-poukazke-zo-slovenska\/\"]}]},{\"@type\":\"ImageObject\",\"inLanguage\":\"sk-SK\",\"@id\":\"https:\/\/www.charita.sk\/svet\/lieky-ziskali-vdaka-poukazke-zo-slovenska\/#primaryimage\",\"url\":\"https:\/\/www.charita.sk\/svet\/wp-content\/uploads\/2021\/12\/Mykola_02.jpg\",\"contentUrl\":\"https:\/\/www.charita.sk\/svet\/wp-content\/uploads\/2021\/12\/Mykola_02.jpg\",\"width\":907,\"height\":546},{\"@type\":\"BreadcrumbList\",\"@id\":\"https:\/\/www.charita.sk\/svet\/lieky-ziskali-vdaka-poukazke-zo-slovenska\/#breadcrumb\",\"itemListElement\":[{\"@type\":\"ListItem\",\"position\":1,\"name\":\"Domovsk\u00e1 str\u00e1nka\",\"item\":\"https:\/\/www.charita.sk\/svet\/\"},{\"@type\":\"ListItem\",\"position\":2,\"name\":\"Lieky z\u00edskali v\u010faka pouk\u00e1\u017eke zo Slovenska\"}]},{\"@type\":\"WebSite\",\"@id\":\"https:\/\/www.charita.sk\/svet\/#website\",\"url\":\"https:\/\/www.charita.sk\/svet\/\",\"name\":\"Charita vo svete\",\"description\":\"Slovensk\u00e1 katol\u00edcka charita pom\u00e1ha \u013eu\u010fom v n\u00fadzi vo svete\",\"publisher\":{\"@id\":\"https:\/\/www.charita.sk\/svet\/#organization\"},\"potentialAction\":[{\"@type\":\"SearchAction\",\"target\":{\"@type\":\"EntryPoint\",\"urlTemplate\":\"https:\/\/www.charita.sk\/svet\/?s={search_term_string}\"},\"query-input\":{\"@type\":\"PropertyValueSpecification\",\"valueRequired\":true,\"valueName\":\"search_term_string\"}}],\"inLanguage\":\"sk-SK\"},{\"@type\":\"Organization\",\"@id\":\"https:\/\/www.charita.sk\/svet\/#organization\",\"name\":\"Slovensk\u00e1 katol\u00edcka charita\",\"url\":\"https:\/\/www.charita.sk\/svet\/\",\"logo\":{\"@type\":\"ImageObject\",\"inLanguage\":\"sk-SK\",\"@id\":\"https:\/\/www.charita.sk\/svet\/#\/schema\/logo\/image\/\",\"url\":\"https:\/\/www.charita.sk\/pomoc-utecencom\/wp-content\/uploads\/2020\/11\/logo_pomoc_utecencom.jpg\",\"contentUrl\":\"https:\/\/www.charita.sk\/pomoc-utecencom\/wp-content\/uploads\/2020\/11\/logo_pomoc_utecencom.jpg\",\"width\":1712,\"height\":480,\"caption\":\"Slovensk\u00e1 katol\u00edcka charita\"},\"image\":{\"@id\":\"https:\/\/www.charita.sk\/svet\/#\/schema\/logo\/image\/\"},\"sameAs\":[\"https:\/\/www.facebook.com\/CaritasSlovakia\/\",\"https:\/\/www.instagram.com\/caritas_slovakia\/\",\"https:\/\/www.linkedin.com\/company\/caritas-slovakia-skch-\",\"https:\/\/www.youtube.com\/user\/katolickacharita\"]},{\"@type\":\"Person\",\"@id\":\"https:\/\/www.charita.sk\/svet\/#\/schema\/person\/5d4cac7d83d3ec0090a0c6bb00690ce4\",\"name\":\"charita\",\"image\":{\"@type\":\"ImageObject\",\"inLanguage\":\"sk-SK\",\"@id\":\"https:\/\/www.charita.sk\/svet\/#\/schema\/person\/image\/\",\"url\":\"https:\/\/secure.gravatar.com\/avatar\/d2e7ea30dee1a0c7a6b7277bd2f993803c4622836c7e0130a97819af162a837b?s=96&d=mm&r=g\",\"contentUrl\":\"https:\/\/secure.gravatar.com\/avatar\/d2e7ea30dee1a0c7a6b7277bd2f993803c4622836c7e0130a97819af162a837b?s=96&d=mm&r=g\",\"caption\":\"charita\"},\"url\":\"https:\/\/www.charita.sk\/svet\/author\/charita\/\"}]}<\/script>\n<!-- \/ Yoast SEO plugin. -->","yoast_head_json":{"title":"Lieky z\u00edskali v\u010faka pouk\u00e1\u017eke zo Slovenska | Charita vo svete","robots":{"index":"index","follow":"follow","max-snippet":"max-snippet:-1","max-image-preview":"max-image-preview:large","max-video-preview":"max-video-preview:-1"},"canonical":"https:\/\/www.charita.sk\/svet\/lieky-ziskali-vdaka-poukazke-zo-slovenska\/","og_locale":"sk_SK","og_type":"article","og_title":"Lieky z\u00edskali v\u010faka pouk\u00e1\u017eke zo Slovenska | Charita vo svete","og_description":"Choroba si nevyber\u00e1 len spomedzi t\u00fdch, ktor\u00ed maj\u00fa stabiln\u00e9 z\u00e1zemie \u010di si [&hellip;]","og_url":"https:\/\/www.charita.sk\/svet\/lieky-ziskali-vdaka-poukazke-zo-slovenska\/","og_site_name":"Charita vo svete","article_publisher":"https:\/\/www.facebook.com\/CaritasSlovakia\/","article_published_time":"2021-12-02T12:55:44+00:00","article_modified_time":"2022-02-17T15:26:43+00:00","og_image":[{"width":907,"height":546,"url":"https:\/\/www.charita.sk\/svet\/wp-content\/uploads\/2021\/12\/Mykola_02.jpg","type":"image\/jpeg"}],"author":"charita","twitter_card":"summary_large_image","twitter_misc":{"Autor":"charita","Predpokladan\u00fd \u010das \u010d\u00edtania":"2 min\u00faty"},"schema":{"@context":"https:\/\/schema.org","@graph":[{"@type":"Article","@id":"https:\/\/www.charita.sk\/svet\/lieky-ziskali-vdaka-poukazke-zo-slovenska\/#article","isPartOf":{"@id":"https:\/\/www.charita.sk\/svet\/lieky-ziskali-vdaka-poukazke-zo-slovenska\/"},"author":{"name":"charita","@id":"https:\/\/www.charita.sk\/svet\/#\/schema\/person\/5d4cac7d83d3ec0090a0c6bb00690ce4"},"headline":"Lieky z\u00edskali v\u010faka pouk\u00e1\u017eke zo Slovenska","datePublished":"2021-12-02T12:55:44+00:00","dateModified":"2022-02-17T15:26:43+00:00","mainEntityOfPage":{"@id":"https:\/\/www.charita.sk\/svet\/lieky-ziskali-vdaka-poukazke-zo-slovenska\/"},"wordCount":407,"commentCount":0,"publisher":{"@id":"https:\/\/www.charita.sk\/svet\/#organization"},"image":{"@id":"https:\/\/www.charita.sk\/svet\/lieky-ziskali-vdaka-poukazke-zo-slovenska\/#primaryimage"},"thumbnailUrl":"https:\/\/www.charita.sk\/svet\/wp-content\/uploads\/2021\/12\/Mykola_02.jpg","keywords":["poukazky","slovakaid","ukrajina"],"articleSection":["Ukrajina"],"inLanguage":"sk-SK","potentialAction":[{"@type":"CommentAction","name":"Comment","target":["https:\/\/www.charita.sk\/svet\/lieky-ziskali-vdaka-poukazke-zo-slovenska\/#respond"]}]},{"@type":"WebPage","@id":"https:\/\/www.charita.sk\/svet\/lieky-ziskali-vdaka-poukazke-zo-slovenska\/","url":"https:\/\/www.charita.sk\/svet\/lieky-ziskali-vdaka-poukazke-zo-slovenska\/","name":"Lieky z\u00edskali v\u010faka pouk\u00e1\u017eke zo Slovenska | Charita vo svete","isPartOf":{"@id":"https:\/\/www.charita.sk\/svet\/#website"},"primaryImageOfPage":{"@id":"https:\/\/www.charita.sk\/svet\/lieky-ziskali-vdaka-poukazke-zo-slovenska\/#primaryimage"},"image":{"@id":"https:\/\/www.charita.sk\/svet\/lieky-ziskali-vdaka-poukazke-zo-slovenska\/#primaryimage"},"thumbnailUrl":"https:\/\/www.charita.sk\/svet\/wp-content\/uploads\/2021\/12\/Mykola_02.jpg","datePublished":"2021-12-02T12:55:44+00:00","dateModified":"2022-02-17T15:26:43+00:00","breadcrumb":{"@id":"https:\/\/www.charita.sk\/svet\/lieky-ziskali-vdaka-poukazke-zo-slovenska\/#breadcrumb"},"inLanguage":"sk-SK","potentialAction":[{"@type":"ReadAction","target":["https:\/\/www.charita.sk\/svet\/lieky-ziskali-vdaka-poukazke-zo-slovenska\/"]}]},{"@type":"ImageObject","inLanguage":"sk-SK","@id":"https:\/\/www.charita.sk\/svet\/lieky-ziskali-vdaka-poukazke-zo-slovenska\/#primaryimage","url":"https:\/\/www.charita.sk\/svet\/wp-content\/uploads\/2021\/12\/Mykola_02.jpg","contentUrl":"https:\/\/www.charita.sk\/svet\/wp-content\/uploads\/2021\/12\/Mykola_02.jpg","width":907,"height":546},{"@type":"BreadcrumbList","@id":"https:\/\/www.charita.sk\/svet\/lieky-ziskali-vdaka-poukazke-zo-slovenska\/#breadcrumb","itemListElement":[{"@type":"ListItem","position":1,"name":"Domovsk\u00e1 str\u00e1nka","item":"https:\/\/www.charita.sk\/svet\/"},{"@type":"ListItem","position":2,"name":"Lieky z\u00edskali v\u010faka pouk\u00e1\u017eke zo Slovenska"}]},{"@type":"WebSite","@id":"https:\/\/www.charita.sk\/svet\/#website","url":"https:\/\/www.charita.sk\/svet\/","name":"Charita vo svete","description":"Slovensk\u00e1 katol\u00edcka charita pom\u00e1ha \u013eu\u010fom v n\u00fadzi vo svete","publisher":{"@id":"https:\/\/www.charita.sk\/svet\/#organization"},"potentialAction":[{"@type":"SearchAction","target":{"@type":"EntryPoint","urlTemplate":"https:\/\/www.charita.sk\/svet\/?s={search_term_string}"},"query-input":{"@type":"PropertyValueSpecification","valueRequired":true,"valueName":"search_term_string"}}],"inLanguage":"sk-SK"},{"@type":"Organization","@id":"https:\/\/www.charita.sk\/svet\/#organization","name":"Slovensk\u00e1 katol\u00edcka charita","url":"https:\/\/www.charita.sk\/svet\/","logo":{"@type":"ImageObject","inLanguage":"sk-SK","@id":"https:\/\/www.charita.sk\/svet\/#\/schema\/logo\/image\/","url":"https:\/\/www.charita.sk\/pomoc-utecencom\/wp-content\/uploads\/2020\/11\/logo_pomoc_utecencom.jpg","contentUrl":"https:\/\/www.charita.sk\/pomoc-utecencom\/wp-content\/uploads\/2020\/11\/logo_pomoc_utecencom.jpg","width":1712,"height":480,"caption":"Slovensk\u00e1 katol\u00edcka charita"},"image":{"@id":"https:\/\/www.charita.sk\/svet\/#\/schema\/logo\/image\/"},"sameAs":["https:\/\/www.facebook.com\/CaritasSlovakia\/","https:\/\/www.instagram.com\/caritas_slovakia\/","https:\/\/www.linkedin.com\/company\/caritas-slovakia-skch-","https:\/\/www.youtube.com\/user\/katolickacharita"]},{"@type":"Person","@id":"https:\/\/www.charita.sk\/svet\/#\/schema\/person\/5d4cac7d83d3ec0090a0c6bb00690ce4","name":"charita","image":{"@type":"ImageObject","inLanguage":"sk-SK","@id":"https:\/\/www.charita.sk\/svet\/#\/schema\/person\/image\/","url":"https:\/\/secure.gravatar.com\/avatar\/d2e7ea30dee1a0c7a6b7277bd2f993803c4622836c7e0130a97819af162a837b?s=96&d=mm&r=g","contentUrl":"https:\/\/secure.gravatar.com\/avatar\/d2e7ea30dee1a0c7a6b7277bd2f993803c4622836c7e0130a97819af162a837b?s=96&d=mm&r=g","caption":"charita"},"url":"https:\/\/www.charita.sk\/svet\/author\/charita\/"}]}},"featured_image_src":"https:\/\/www.charita.sk\/svet\/wp-content\/uploads\/2021\/12\/Mykola_02-600x400.jpg","featured_image_src_square":"https:\/\/www.charita.sk\/svet\/wp-content\/uploads\/2021\/12\/Mykola_02-600x546.jpg","author_info":{"display_name":"charita","author_link":"https:\/\/www.charita.sk\/svet\/author\/charita\/"},"_links":{"self":[{"href":"https:\/\/www.charita.sk\/svet\/wp-json\/wp\/v2\/posts\/1827","targetHints":{"allow":["GET"]}}],"collection":[{"href":"https:\/\/www.charita.sk\/svet\/wp-json\/wp\/v2\/posts"}],"about":[{"href":"https:\/\/www.charita.sk\/svet\/wp-json\/wp\/v2\/types\/post"}],"author":[{"embeddable":true,"href":"https:\/\/www.charita.sk\/svet\/wp-json\/wp\/v2\/users\/2"}],"replies":[{"embeddable":true,"href":"https:\/\/www.charita.sk\/svet\/wp-json\/wp\/v2\/comments?post=1827"}],"version-history":[{"count":9,"href":"https:\/\/www.charita.sk\/svet\/wp-json\/wp\/v2\/posts\/1827\/revisions"}],"predecessor-version":[{"id":1878,"href":"https:\/\/www.charita.sk\/svet\/wp-json\/wp\/v2\/posts\/1827\/revisions\/1878"}],"wp:featuredmedia":[{"embeddable":true,"href":"https:\/\/www.charita.sk\/svet\/wp-json\/wp\/v2\/media\/1830"}],"wp:attachment":[{"href":"https:\/\/www.charita.sk\/svet\/wp-json\/wp\/v2\/media?parent=1827"}],"wp:term":[{"taxonomy":"category","embeddable":true,"href":"https:\/\/www.charita.sk\/svet\/wp-json\/wp\/v2\/categories?post=1827"},{"taxonomy":"post_tag","embeddable":true,"href":"https:\/\/www.charita.sk\/svet\/wp-json\/wp\/v2\/tags?post=1827"}],"curies":[{"name":"wp","href":"https:\/\/api.w.org\/{rel}","templated":true}]}}