{"id":1844,"date":"2022-02-09T17:02:20","date_gmt":"2022-02-09T16:02:20","guid":{"rendered":"https:\/\/www.charita.sk\/pomoc-utecencom\/?p=1844"},"modified":"2022-02-15T15:00:28","modified_gmt":"2022-02-15T14:00:28","slug":"svitlana-z-caritas-donetsk-raz-sme-sa-uz-stahovali-nechceme-to-zazit-znova","status":"publish","type":"post","link":"https:\/\/www.charita.sk\/svet\/svitlana-z-caritas-donetsk-raz-sme-sa-uz-stahovali-nechceme-to-zazit-znova\/","title":{"rendered":"Svitlana z Caritas Donetsk: \u201eRaz sme sa u\u017e s\u0165ahovali. Nechceme to za\u017ei\u0165 znova.\u201c"},"content":{"rendered":"\n<p><em>Na v\u00fdchode Ukrajiny s\u00fa pr\u00edtomn\u00ed okrem rast\u00faceho nap\u00e4tia aj \u00fa\u017easn\u00ed \u013eudia, ktor\u00ed pom\u00e1haj\u00fa druh\u00fdm. Jednou z&nbsp;nich je Svitlana Mykolayivna z Caritas Donetsk, s ktorou spolupracuje Slovensk\u00e1 katol\u00edcka charita na poskytovan\u00ed <a rel=\"noreferrer noopener\" href=\"https:\/\/www.charita.sk\/svet\/poukazky-a-psychologicka-podpora-pre-vnutornych-vysidlencov\/\" target=\"_blank\">psychologickej pomoci a zabezpe\u010dovan\u00ed potrav\u00edn a liekov<\/a> pre vn\u00fatorn\u00fdch vys\u00eddlencov. Rozpr\u00e1vali sme sa o&nbsp;aktu\u00e1lnej situ\u00e1ci\u00ed a o&nbsp;tom, \u010do \u013eudia pre\u017e\u00edvaj\u00fa, ke\u010f n\u00fatene opustia svoj domov.<\/em><\/p>\n\n\n\n<p><strong>Svitlana, ako vn\u00edmate s\u00fa\u010dasn\u00fa bezpe\u010dnostn\u00fa situ\u00e1ciu vo va\u0161ej krajine?<\/strong><\/p>\n\n\n\n<p>S\u00fa\u010dasn\u00e1 situ\u00e1cia na Ukrajine je dos\u0165 nejednozna\u010dn\u00e1. Uvedomujeme si, \u017ee hroz\u00ed inv\u00e1zia ozbrojen\u00fdch s\u00edl Ruskej feder\u00e1cie, \u010do ur\u010dite znepokojuje \u013eud\u00ed, najm\u00e4 t\u00fdch, ktor\u00ed u\u017e za\u017eili n\u00faten\u00fd \u00fatek. Sna\u017e\u00edme sa v\u0161ak pom\u00e1ha\u0165 aj na\u010falej ako vieme a poskytujeme psychologick\u00fa podporu t\u00fdm, ktor\u00ed s\u00fa najzranite\u013enej\u0161\u00ed a v strese. V\u0161etky \u0161t\u00e1tne \u0161trukt\u00fary ale funguj\u00fa v zau\u017e\u00edvanom re\u017eime a vedenie n\u00e1\u0161ho \u0161t\u00e1tu ubezpe\u010duje, \u017ee v\u0161etko je pod kontrolou.<\/p>\n\n\n\n<p><strong>Aj Caritas Donetsk u\u017e raz bola n\u00faten\u00e1 sa pres\u0165ahova\u0165 z Donecka do mesta Dnipro. Kedy to bolo a za ak\u00fdch okolnost\u00ed?<\/strong><\/p>\n\n\n\n<p>V septembri 2014, po\u010das akt\u00edvnych bojov v Donecku. Organiz\u00e1cia nebola schopn\u00e1 pracova\u0165 v tak\u00fdchto nebezpe\u010dn\u00fdch podmienkach. Kv\u00f4li tragick\u00fdm udalostiam na v\u00fdchode Ukrajiny pri\u0161lo rozhodnutie ur\u00fdchlene utiec\u0165 do mesta Ivano-Frankivsk a pokra\u010dova\u0165 v aktivit\u00e1ch tam. V janu\u00e1ri 2015 sa op\u00e4\u0165 cel\u00e1 Caritas Donetsk pres\u0165ahovala so v\u0161etk\u00fdmi zamestnancami a ich rodinami do Dnipra. V tom istom roku boli s podporou nemeckej vl\u00e1dy zak\u00fapen\u00e9 priestory na pokra\u010dovanie \u010dinnosti v tomto meste. Odvtedy realizujeme humanit\u00e1rne a soci\u00e1lne projekty, aby sme pomohli najzranite\u013enej\u0161\u00edm obyvate\u013eom. S\u00fa to najm\u00e4 \u013eudia, ktor\u00ed pre konflikt opustili svoje domovy a ocitli sa bez prostriedkov v nov\u00fdch mest\u00e1ch, chor\u00ed a zdravotne postihnut\u00ed, siroty, \u013eudia so z\u00e1vislos\u0165ami, osoby s minim\u00e1lnym pr\u00edjmom a obete n\u00e1silia.<\/p>\n\n\n\n<p><strong>Ob\u00e1vaj\u00fa sa miestni \u013eudia a zamestnanci Caritas Donetsk, \u017ee sa bud\u00fa musie\u0165 op\u00e4\u0165 s\u0165ahova\u0165?<\/strong><\/p>\n\n\n\n<p>Samozrejme, my\u0161lienka \u00fatoku ozbrojen\u00fdch s\u00edl Ruskej feder\u00e1cie a vojensk\u00e9ho z\u00e1sahu na \u00fazem\u00ed Ukrajiny znepokojuje dom\u00e1cich obyvate\u013eov aj zamestnancov na\u0161ej Charity, z ktor\u00fdch v\u00e4\u010d\u0161ina u\u017e raz \u00fatek za\u017eila. Ak na Ukrajine vypukn\u00fa nepriate\u013esk\u00e9 \u00fatoky, ve\u013ek\u00e9 mno\u017estvo obyvate\u013eov bude n\u00faten\u00fdch nielen pres\u0165ahova\u0165 sa do bezpe\u010dnej\u0161\u00edch oblast\u00ed Ukrajiny, ale dokonca emigrova\u0165 do in\u00fdch kraj\u00edn. T\u00edm Caritas Donetsk je v\u0161ak emo\u010dne stabilnej\u0161\u00ed. Pravidelne zvy\u0161ujeme odborn\u00fa kvalifik\u00e1ciu a prech\u00e1dzame superv\u00edziami. M\u00e1me u\u017e aj sk\u00fasenosti s pres\u00edd\u013eovan\u00edm a s reagovan\u00edm na r\u00f4zne v\u00fdzvy a kr\u00edzy.&nbsp;<\/p>\n\n\n\n<p><strong>V&nbsp;spolo\u010dnom projekte so Slovenskou katol\u00edckou charitou organizujete psychologick\u00e9 tr\u00e9ningy pre vys\u00eddlencov, kde z\u00edskaj\u00fa aj pouk\u00e1\u017eky na potraviny \u010di lieky. Ak\u00e9 pocity a dojmy s&nbsp;vami po\u010das tr\u00e9ningov zdie\u013eaj\u00fa?<\/strong><\/p>\n\n\n\n<p>Kv\u00f4li nestabilnej situ\u00e1cii na Ukrajine miera nap\u00e4tia ka\u017ed\u00fdm d\u0148om rastie. Preto je \u00farove\u0148 d\u00f4le\u017eitosti psychologickej pomoci vy\u0161\u0161ia, niekedy dokonca kritick\u00e1. S\u00fa\u010dasn\u00e1 situ\u00e1cia prehlbuje u\u017e existuj\u00face psychick\u00e9 traumy \u013eud\u00ed a dost\u00e1va ich do e\u0161te v\u00e4\u010d\u0161ieho stresu. Mnoh\u00fdch prem\u00e1ha apatia a depres\u00edvne my\u0161lienky. Po\u010das tr\u00e9ningov za\u017e\u00edvaj\u00fa r\u00f4zne em\u00f3cie: od s\u013az po\u010das spomienok na \u0165a\u017ekosti spojen\u00e9 s ich \u00fatekom, in\u0161pir\u00e1ciu \u017ei\u0165 \u010falej, a\u017e po n\u00e1dej, \u017ee dok\u00e1\u017eu v \u017eivote prekona\u0165 \u0165a\u017ekosti a \u017ei\u0165 v bezpe\u010dnom prostred\u00ed.&nbsp;Takmer v\u0161etci \u00fa\u010dastn\u00edci po\u010das tr\u00e9ningov poci\u0165uj\u00fa psychick\u00fa podporu a osvojuj\u00fa si jednoduch\u00e9 a \u00fa\u010dinn\u00e9 met\u00f3dy na prekon\u00e1vanie stresu a sebaregul\u00e1ciu svojho psychick\u00e9ho stavu.<\/p>\n\n\n\n<figure class=\"wp-block-gallery columns-3 is-cropped wp-block-gallery-1 is-layout-flex wp-block-gallery-is-layout-flex\"><ul class=\"blocks-gallery-grid\"><li class=\"blocks-gallery-item\"><figure><a href=\"https:\/\/www.charita.sk\/svet\/wp-content\/uploads\/2022\/02\/IMG_2018-2.jpg\"><img fetchpriority=\"high\" decoding=\"async\" width=\"1024\" height=\"683\" src=\"https:\/\/www.charita.sk\/svet\/wp-content\/uploads\/2022\/02\/IMG_2018-2-1024x683.jpg\" alt=\"\" data-id=\"1846\" data-full-url=\"https:\/\/www.charita.sk\/svet\/wp-content\/uploads\/2022\/02\/IMG_2018-2.jpg\" data-link=\"https:\/\/www.charita.sk\/svet\/?attachment_id=1846\" class=\"wp-image-1846\" srcset=\"https:\/\/www.charita.sk\/svet\/wp-content\/uploads\/2022\/02\/IMG_2018-2-1024x683.jpg 1024w, https:\/\/www.charita.sk\/svet\/wp-content\/uploads\/2022\/02\/IMG_2018-2-300x200.jpg 300w, https:\/\/www.charita.sk\/svet\/wp-content\/uploads\/2022\/02\/IMG_2018-2-768x512.jpg 768w, https:\/\/www.charita.sk\/svet\/wp-content\/uploads\/2022\/02\/IMG_2018-2-1536x1024.jpg 1536w, https:\/\/www.charita.sk\/svet\/wp-content\/uploads\/2022\/02\/IMG_2018-2-600x400.jpg 600w, https:\/\/www.charita.sk\/svet\/wp-content\/uploads\/2022\/02\/IMG_2018-2.jpg 1920w\" sizes=\"(max-width: 1024px) 100vw, 1024px\" \/><\/a><\/figure><\/li><li class=\"blocks-gallery-item\"><figure><a href=\"https:\/\/www.charita.sk\/svet\/wp-content\/uploads\/2021\/10\/ukr_skolenie.jpg\"><img decoding=\"async\" width=\"1000\" height=\"733\" src=\"https:\/\/www.charita.sk\/svet\/wp-content\/uploads\/2021\/10\/ukr_skolenie.jpg\" alt=\"\" data-id=\"1819\" data-full-url=\"https:\/\/www.charita.sk\/svet\/wp-content\/uploads\/2021\/10\/ukr_skolenie.jpg\" data-link=\"https:\/\/www.charita.sk\/svet\/dakujeme-odkazuju-nasi-susedia-z-ukrajiny\/ukr_skolenie\/\" class=\"wp-image-1819\" srcset=\"https:\/\/www.charita.sk\/svet\/wp-content\/uploads\/2021\/10\/ukr_skolenie.jpg 1000w, https:\/\/www.charita.sk\/svet\/wp-content\/uploads\/2021\/10\/ukr_skolenie-300x220.jpg 300w, https:\/\/www.charita.sk\/svet\/wp-content\/uploads\/2021\/10\/ukr_skolenie-768x563.jpg 768w\" sizes=\"(max-width: 1000px) 100vw, 1000px\" \/><\/a><\/figure><\/li><li class=\"blocks-gallery-item\"><figure><a href=\"https:\/\/www.charita.sk\/svet\/wp-content\/uploads\/2021\/10\/ukr_psychologicke.jpg\"><img decoding=\"async\" width=\"1000\" height=\"666\" src=\"https:\/\/www.charita.sk\/svet\/wp-content\/uploads\/2021\/10\/ukr_psychologicke.jpg\" alt=\"\" data-id=\"1818\" data-full-url=\"https:\/\/www.charita.sk\/svet\/wp-content\/uploads\/2021\/10\/ukr_psychologicke.jpg\" data-link=\"https:\/\/www.charita.sk\/svet\/dakujeme-odkazuju-nasi-susedia-z-ukrajiny\/ukr_psychologicke\/\" class=\"wp-image-1818\" srcset=\"https:\/\/www.charita.sk\/svet\/wp-content\/uploads\/2021\/10\/ukr_psychologicke.jpg 1000w, https:\/\/www.charita.sk\/svet\/wp-content\/uploads\/2021\/10\/ukr_psychologicke-300x200.jpg 300w, https:\/\/www.charita.sk\/svet\/wp-content\/uploads\/2021\/10\/ukr_psychologicke-768x511.jpg 768w, https:\/\/www.charita.sk\/svet\/wp-content\/uploads\/2021\/10\/ukr_psychologicke-600x400.jpg 600w\" sizes=\"(max-width: 1000px) 100vw, 1000px\" \/><\/a><\/figure><\/li><\/ul><\/figure>\n\n\n\n<p class=\"has-text-align-center has-background\" style=\"background-color:#e2e2e2\">\ud83d\udcf7 Svitlana(na prvej fotke celkom vpravo) spolu s kolegy\u0148ami vysvet\u013euje klientom ako funguje pomoc cez pouk\u00e1\u017eky.<\/p>\n\n\n\n<p><strong>Rodin\u00e1m na Ukrajine pomohlo u\u017e viac ako 1000 pouk\u00e1\u017eok zo Slovenska. \u010co si za ne \u013eudia k\u00fapili? A ak\u00e1 je ich situ\u00e1cia (pr\u00edjem, zamestnanie)?<\/strong><\/p>\n\n\n\n<p>Za obdr\u017ean\u00e9 pouk\u00e1\u017eky si \u013eudia nak\u00fapili z\u00e1kladn\u00e9 potraviny ako cestoviny, konzervy, so\u013e, cukor, \u010daj, olej a in\u00e9 produkty s dlhou trvanlivos\u0165ou a taktie\u017e hygienick\u00e9 potreby ako prac\u00ed pr\u00e1\u0161ok, mydlo, \u0161amp\u00f3n, zubn\u00fa pastu, plienky pre deti a lieky pod\u013ea predpisu od lek\u00e1ra a pod\u013ea potreby pri osobn\u00fdch chronick\u00fdch ochoreniach. Finan\u010dn\u00e1 situ\u00e1cia najzranite\u013enej\u0161\u00edch \u013eud\u00ed, najm\u00e4 vn\u00fatorne vys\u00eddlen\u00fdch, sa v\u00fdrazne nezmenila, mnoh\u00fdm sa nepodarilo n\u00e1js\u0165 si pr\u00e1cu a potrebuj\u00fa materi\u00e1lnu a humanit\u00e1rnu pomoc.<\/p>\n\n\n\n<p><br><em>Zhov\u00e1rala sa Alena Horv\u00e1thov\u00e1, projektov\u00e1 mana\u017e\u00e9rka SKCH<\/em><\/p>\n\n\n\n<p class=\"has-text-align-center has-background\" style=\"background-color:#e2e2e2\"><strong>Modlime sa spolo\u010dne za pokoj na Ukrajine. <\/strong>Ak sa chcete zapoji\u0165 aj do humanit\u00e1rnej pomoci pre na\u0161ich susedov, m\u00f4\u017eete tak urobi\u0165 poslan\u00edm <a rel=\"noreferrer noopener\" href=\"https:\/\/charita.darujme.sk\/pomozme-ukrajine\/\" target=\"_blank\">pouk\u00e1\u017eky<\/a> na potraviny \u010di lieky.<\/p>\n\n\n\n<div class=\"wp-block-atomic-blocks-ab-button ab-block-button\" style=\"text-align: center;\"><a class=\"btn btn-primary btn-lg\" style=\"color: #ffffff; background-color: #ebc400;\" href=\"https:\/\/charita.darujme.sk\/pomozme-ukrajine\/\" target=\"_blank\" rel=\"noopener noreferrer\">POSLA\u0164 POUK\u00c1\u017dKU<\/a><\/div>\n","protected":false},"excerpt":{"rendered":"<p>Na v\u00fdchode Ukrajiny s\u00fa pr\u00edtomn\u00ed okrem rast\u00faceho nap\u00e4tia aj \u00fa\u017easn\u00ed \u013eudia, ktor\u00ed [&hellip;]<\/p>\n","protected":false},"author":2,"featured_media":1045,"comment_status":"open","ping_status":"open","sticky":false,"template":"","format":"standard","meta":{"footnotes":""},"categories":[18],"tags":[30,19],"class_list":["post-1844","post","type-post","status-publish","format-standard","has-post-thumbnail","hentry","category-ukrajina","tag-poukazky-2","tag-ukrajina"],"yoast_head":"<!-- This site is optimized with the Yoast SEO plugin v25.4 - https:\/\/yoast.com\/wordpress\/plugins\/seo\/ -->\n<title>Svitlana z Caritas Donetsk: \u201eRaz sme sa u\u017e s\u0165ahovali. Nechceme to za\u017ei\u0165 znova.\u201c | Charita vo svete<\/title>\n<meta name=\"robots\" content=\"index, follow, max-snippet:-1, max-image-preview:large, max-video-preview:-1\" \/>\n<link rel=\"canonical\" href=\"https:\/\/www.charita.sk\/svet\/svitlana-z-caritas-donetsk-raz-sme-sa-uz-stahovali-nechceme-to-zazit-znova\/\" \/>\n<meta property=\"og:locale\" content=\"sk_SK\" \/>\n<meta property=\"og:type\" content=\"article\" \/>\n<meta property=\"og:title\" content=\"Svitlana z Caritas Donetsk: \u201eRaz sme sa u\u017e s\u0165ahovali. Nechceme to za\u017ei\u0165 znova.\u201c | Charita vo svete\" \/>\n<meta property=\"og:description\" content=\"Na v\u00fdchode Ukrajiny s\u00fa pr\u00edtomn\u00ed okrem rast\u00faceho nap\u00e4tia aj \u00fa\u017easn\u00ed \u013eudia, ktor\u00ed [&hellip;]\" \/>\n<meta property=\"og:url\" content=\"https:\/\/www.charita.sk\/svet\/svitlana-z-caritas-donetsk-raz-sme-sa-uz-stahovali-nechceme-to-zazit-znova\/\" \/>\n<meta property=\"og:site_name\" content=\"Charita vo svete\" \/>\n<meta property=\"article:publisher\" content=\"https:\/\/www.facebook.com\/CaritasSlovakia\/\" \/>\n<meta property=\"article:published_time\" content=\"2022-02-09T16:02:20+00:00\" \/>\n<meta property=\"article:modified_time\" content=\"2022-02-15T14:00:28+00:00\" \/>\n<meta property=\"og:image\" content=\"https:\/\/www.charita.sk\/svet\/wp-content\/uploads\/2020\/11\/dnipro_ukrajina3.jpg\" \/>\n\t<meta property=\"og:image:width\" content=\"1600\" \/>\n\t<meta property=\"og:image:height\" content=\"1187\" \/>\n\t<meta property=\"og:image:type\" content=\"image\/jpeg\" \/>\n<meta name=\"author\" content=\"charita\" \/>\n<meta name=\"twitter:card\" content=\"summary_large_image\" \/>\n<meta name=\"twitter:label1\" content=\"Autor\" \/>\n\t<meta name=\"twitter:data1\" content=\"charita\" \/>\n\t<meta name=\"twitter:label2\" content=\"Predpokladan\u00fd \u010das \u010d\u00edtania\" \/>\n\t<meta name=\"twitter:data2\" content=\"4 min\u00faty\" \/>\n<script type=\"application\/ld+json\" class=\"yoast-schema-graph\">{\"@context\":\"https:\/\/schema.org\",\"@graph\":[{\"@type\":\"Article\",\"@id\":\"https:\/\/www.charita.sk\/svet\/svitlana-z-caritas-donetsk-raz-sme-sa-uz-stahovali-nechceme-to-zazit-znova\/#article\",\"isPartOf\":{\"@id\":\"https:\/\/www.charita.sk\/svet\/svitlana-z-caritas-donetsk-raz-sme-sa-uz-stahovali-nechceme-to-zazit-znova\/\"},\"author\":{\"name\":\"charita\",\"@id\":\"https:\/\/www.charita.sk\/svet\/#\/schema\/person\/5d4cac7d83d3ec0090a0c6bb00690ce4\"},\"headline\":\"Svitlana z Caritas Donetsk: \u201eRaz sme sa u\u017e s\u0165ahovali. Nechceme to za\u017ei\u0165 znova.\u201c\",\"datePublished\":\"2022-02-09T16:02:20+00:00\",\"dateModified\":\"2022-02-15T14:00:28+00:00\",\"mainEntityOfPage\":{\"@id\":\"https:\/\/www.charita.sk\/svet\/svitlana-z-caritas-donetsk-raz-sme-sa-uz-stahovali-nechceme-to-zazit-znova\/\"},\"wordCount\":865,\"commentCount\":0,\"publisher\":{\"@id\":\"https:\/\/www.charita.sk\/svet\/#organization\"},\"image\":{\"@id\":\"https:\/\/www.charita.sk\/svet\/svitlana-z-caritas-donetsk-raz-sme-sa-uz-stahovali-nechceme-to-zazit-znova\/#primaryimage\"},\"thumbnailUrl\":\"https:\/\/www.charita.sk\/svet\/wp-content\/uploads\/2020\/11\/dnipro_ukrajina3.jpg\",\"keywords\":[\"poukazky\",\"ukrajina\"],\"articleSection\":[\"Ukrajina\"],\"inLanguage\":\"sk-SK\",\"potentialAction\":[{\"@type\":\"CommentAction\",\"name\":\"Comment\",\"target\":[\"https:\/\/www.charita.sk\/svet\/svitlana-z-caritas-donetsk-raz-sme-sa-uz-stahovali-nechceme-to-zazit-znova\/#respond\"]}]},{\"@type\":\"WebPage\",\"@id\":\"https:\/\/www.charita.sk\/svet\/svitlana-z-caritas-donetsk-raz-sme-sa-uz-stahovali-nechceme-to-zazit-znova\/\",\"url\":\"https:\/\/www.charita.sk\/svet\/svitlana-z-caritas-donetsk-raz-sme-sa-uz-stahovali-nechceme-to-zazit-znova\/\",\"name\":\"Svitlana z Caritas Donetsk: \u201eRaz sme sa u\u017e s\u0165ahovali. Nechceme to za\u017ei\u0165 znova.\u201c | Charita vo svete\",\"isPartOf\":{\"@id\":\"https:\/\/www.charita.sk\/svet\/#website\"},\"primaryImageOfPage\":{\"@id\":\"https:\/\/www.charita.sk\/svet\/svitlana-z-caritas-donetsk-raz-sme-sa-uz-stahovali-nechceme-to-zazit-znova\/#primaryimage\"},\"image\":{\"@id\":\"https:\/\/www.charita.sk\/svet\/svitlana-z-caritas-donetsk-raz-sme-sa-uz-stahovali-nechceme-to-zazit-znova\/#primaryimage\"},\"thumbnailUrl\":\"https:\/\/www.charita.sk\/svet\/wp-content\/uploads\/2020\/11\/dnipro_ukrajina3.jpg\",\"datePublished\":\"2022-02-09T16:02:20+00:00\",\"dateModified\":\"2022-02-15T14:00:28+00:00\",\"breadcrumb\":{\"@id\":\"https:\/\/www.charita.sk\/svet\/svitlana-z-caritas-donetsk-raz-sme-sa-uz-stahovali-nechceme-to-zazit-znova\/#breadcrumb\"},\"inLanguage\":\"sk-SK\",\"potentialAction\":[{\"@type\":\"ReadAction\",\"target\":[\"https:\/\/www.charita.sk\/svet\/svitlana-z-caritas-donetsk-raz-sme-sa-uz-stahovali-nechceme-to-zazit-znova\/\"]}]},{\"@type\":\"ImageObject\",\"inLanguage\":\"sk-SK\",\"@id\":\"https:\/\/www.charita.sk\/svet\/svitlana-z-caritas-donetsk-raz-sme-sa-uz-stahovali-nechceme-to-zazit-znova\/#primaryimage\",\"url\":\"https:\/\/www.charita.sk\/svet\/wp-content\/uploads\/2020\/11\/dnipro_ukrajina3.jpg\",\"contentUrl\":\"https:\/\/www.charita.sk\/svet\/wp-content\/uploads\/2020\/11\/dnipro_ukrajina3.jpg\",\"width\":1600,\"height\":1187},{\"@type\":\"BreadcrumbList\",\"@id\":\"https:\/\/www.charita.sk\/svet\/svitlana-z-caritas-donetsk-raz-sme-sa-uz-stahovali-nechceme-to-zazit-znova\/#breadcrumb\",\"itemListElement\":[{\"@type\":\"ListItem\",\"position\":1,\"name\":\"Domovsk\u00e1 str\u00e1nka\",\"item\":\"https:\/\/www.charita.sk\/svet\/\"},{\"@type\":\"ListItem\",\"position\":2,\"name\":\"Svitlana z Caritas Donetsk: \u201eRaz sme sa u\u017e s\u0165ahovali. Nechceme to za\u017ei\u0165 znova.\u201c\"}]},{\"@type\":\"WebSite\",\"@id\":\"https:\/\/www.charita.sk\/svet\/#website\",\"url\":\"https:\/\/www.charita.sk\/svet\/\",\"name\":\"Charita vo svete\",\"description\":\"Slovensk\u00e1 katol\u00edcka charita pom\u00e1ha \u013eu\u010fom v n\u00fadzi vo svete\",\"publisher\":{\"@id\":\"https:\/\/www.charita.sk\/svet\/#organization\"},\"potentialAction\":[{\"@type\":\"SearchAction\",\"target\":{\"@type\":\"EntryPoint\",\"urlTemplate\":\"https:\/\/www.charita.sk\/svet\/?s={search_term_string}\"},\"query-input\":{\"@type\":\"PropertyValueSpecification\",\"valueRequired\":true,\"valueName\":\"search_term_string\"}}],\"inLanguage\":\"sk-SK\"},{\"@type\":\"Organization\",\"@id\":\"https:\/\/www.charita.sk\/svet\/#organization\",\"name\":\"Slovensk\u00e1 katol\u00edcka charita\",\"url\":\"https:\/\/www.charita.sk\/svet\/\",\"logo\":{\"@type\":\"ImageObject\",\"inLanguage\":\"sk-SK\",\"@id\":\"https:\/\/www.charita.sk\/svet\/#\/schema\/logo\/image\/\",\"url\":\"https:\/\/www.charita.sk\/pomoc-utecencom\/wp-content\/uploads\/2020\/11\/logo_pomoc_utecencom.jpg\",\"contentUrl\":\"https:\/\/www.charita.sk\/pomoc-utecencom\/wp-content\/uploads\/2020\/11\/logo_pomoc_utecencom.jpg\",\"width\":1712,\"height\":480,\"caption\":\"Slovensk\u00e1 katol\u00edcka charita\"},\"image\":{\"@id\":\"https:\/\/www.charita.sk\/svet\/#\/schema\/logo\/image\/\"},\"sameAs\":[\"https:\/\/www.facebook.com\/CaritasSlovakia\/\",\"https:\/\/www.instagram.com\/caritas_slovakia\/\",\"https:\/\/www.linkedin.com\/company\/caritas-slovakia-skch-\",\"https:\/\/www.youtube.com\/user\/katolickacharita\"]},{\"@type\":\"Person\",\"@id\":\"https:\/\/www.charita.sk\/svet\/#\/schema\/person\/5d4cac7d83d3ec0090a0c6bb00690ce4\",\"name\":\"charita\",\"image\":{\"@type\":\"ImageObject\",\"inLanguage\":\"sk-SK\",\"@id\":\"https:\/\/www.charita.sk\/svet\/#\/schema\/person\/image\/\",\"url\":\"https:\/\/secure.gravatar.com\/avatar\/d2e7ea30dee1a0c7a6b7277bd2f993803c4622836c7e0130a97819af162a837b?s=96&d=mm&r=g\",\"contentUrl\":\"https:\/\/secure.gravatar.com\/avatar\/d2e7ea30dee1a0c7a6b7277bd2f993803c4622836c7e0130a97819af162a837b?s=96&d=mm&r=g\",\"caption\":\"charita\"},\"url\":\"https:\/\/www.charita.sk\/svet\/author\/charita\/\"}]}<\/script>\n<!-- \/ Yoast SEO plugin. -->","yoast_head_json":{"title":"Svitlana z Caritas Donetsk: \u201eRaz sme sa u\u017e s\u0165ahovali. Nechceme to za\u017ei\u0165 znova.\u201c | Charita vo svete","robots":{"index":"index","follow":"follow","max-snippet":"max-snippet:-1","max-image-preview":"max-image-preview:large","max-video-preview":"max-video-preview:-1"},"canonical":"https:\/\/www.charita.sk\/svet\/svitlana-z-caritas-donetsk-raz-sme-sa-uz-stahovali-nechceme-to-zazit-znova\/","og_locale":"sk_SK","og_type":"article","og_title":"Svitlana z Caritas Donetsk: \u201eRaz sme sa u\u017e s\u0165ahovali. Nechceme to za\u017ei\u0165 znova.\u201c | Charita vo svete","og_description":"Na v\u00fdchode Ukrajiny s\u00fa pr\u00edtomn\u00ed okrem rast\u00faceho nap\u00e4tia aj \u00fa\u017easn\u00ed \u013eudia, ktor\u00ed [&hellip;]","og_url":"https:\/\/www.charita.sk\/svet\/svitlana-z-caritas-donetsk-raz-sme-sa-uz-stahovali-nechceme-to-zazit-znova\/","og_site_name":"Charita vo svete","article_publisher":"https:\/\/www.facebook.com\/CaritasSlovakia\/","article_published_time":"2022-02-09T16:02:20+00:00","article_modified_time":"2022-02-15T14:00:28+00:00","og_image":[{"width":1600,"height":1187,"url":"https:\/\/www.charita.sk\/svet\/wp-content\/uploads\/2020\/11\/dnipro_ukrajina3.jpg","type":"image\/jpeg"}],"author":"charita","twitter_card":"summary_large_image","twitter_misc":{"Autor":"charita","Predpokladan\u00fd \u010das \u010d\u00edtania":"4 min\u00faty"},"schema":{"@context":"https:\/\/schema.org","@graph":[{"@type":"Article","@id":"https:\/\/www.charita.sk\/svet\/svitlana-z-caritas-donetsk-raz-sme-sa-uz-stahovali-nechceme-to-zazit-znova\/#article","isPartOf":{"@id":"https:\/\/www.charita.sk\/svet\/svitlana-z-caritas-donetsk-raz-sme-sa-uz-stahovali-nechceme-to-zazit-znova\/"},"author":{"name":"charita","@id":"https:\/\/www.charita.sk\/svet\/#\/schema\/person\/5d4cac7d83d3ec0090a0c6bb00690ce4"},"headline":"Svitlana z Caritas Donetsk: \u201eRaz sme sa u\u017e s\u0165ahovali. Nechceme to za\u017ei\u0165 znova.\u201c","datePublished":"2022-02-09T16:02:20+00:00","dateModified":"2022-02-15T14:00:28+00:00","mainEntityOfPage":{"@id":"https:\/\/www.charita.sk\/svet\/svitlana-z-caritas-donetsk-raz-sme-sa-uz-stahovali-nechceme-to-zazit-znova\/"},"wordCount":865,"commentCount":0,"publisher":{"@id":"https:\/\/www.charita.sk\/svet\/#organization"},"image":{"@id":"https:\/\/www.charita.sk\/svet\/svitlana-z-caritas-donetsk-raz-sme-sa-uz-stahovali-nechceme-to-zazit-znova\/#primaryimage"},"thumbnailUrl":"https:\/\/www.charita.sk\/svet\/wp-content\/uploads\/2020\/11\/dnipro_ukrajina3.jpg","keywords":["poukazky","ukrajina"],"articleSection":["Ukrajina"],"inLanguage":"sk-SK","potentialAction":[{"@type":"CommentAction","name":"Comment","target":["https:\/\/www.charita.sk\/svet\/svitlana-z-caritas-donetsk-raz-sme-sa-uz-stahovali-nechceme-to-zazit-znova\/#respond"]}]},{"@type":"WebPage","@id":"https:\/\/www.charita.sk\/svet\/svitlana-z-caritas-donetsk-raz-sme-sa-uz-stahovali-nechceme-to-zazit-znova\/","url":"https:\/\/www.charita.sk\/svet\/svitlana-z-caritas-donetsk-raz-sme-sa-uz-stahovali-nechceme-to-zazit-znova\/","name":"Svitlana z Caritas Donetsk: \u201eRaz sme sa u\u017e s\u0165ahovali. Nechceme to za\u017ei\u0165 znova.\u201c | Charita vo svete","isPartOf":{"@id":"https:\/\/www.charita.sk\/svet\/#website"},"primaryImageOfPage":{"@id":"https:\/\/www.charita.sk\/svet\/svitlana-z-caritas-donetsk-raz-sme-sa-uz-stahovali-nechceme-to-zazit-znova\/#primaryimage"},"image":{"@id":"https:\/\/www.charita.sk\/svet\/svitlana-z-caritas-donetsk-raz-sme-sa-uz-stahovali-nechceme-to-zazit-znova\/#primaryimage"},"thumbnailUrl":"https:\/\/www.charita.sk\/svet\/wp-content\/uploads\/2020\/11\/dnipro_ukrajina3.jpg","datePublished":"2022-02-09T16:02:20+00:00","dateModified":"2022-02-15T14:00:28+00:00","breadcrumb":{"@id":"https:\/\/www.charita.sk\/svet\/svitlana-z-caritas-donetsk-raz-sme-sa-uz-stahovali-nechceme-to-zazit-znova\/#breadcrumb"},"inLanguage":"sk-SK","potentialAction":[{"@type":"ReadAction","target":["https:\/\/www.charita.sk\/svet\/svitlana-z-caritas-donetsk-raz-sme-sa-uz-stahovali-nechceme-to-zazit-znova\/"]}]},{"@type":"ImageObject","inLanguage":"sk-SK","@id":"https:\/\/www.charita.sk\/svet\/svitlana-z-caritas-donetsk-raz-sme-sa-uz-stahovali-nechceme-to-zazit-znova\/#primaryimage","url":"https:\/\/www.charita.sk\/svet\/wp-content\/uploads\/2020\/11\/dnipro_ukrajina3.jpg","contentUrl":"https:\/\/www.charita.sk\/svet\/wp-content\/uploads\/2020\/11\/dnipro_ukrajina3.jpg","width":1600,"height":1187},{"@type":"BreadcrumbList","@id":"https:\/\/www.charita.sk\/svet\/svitlana-z-caritas-donetsk-raz-sme-sa-uz-stahovali-nechceme-to-zazit-znova\/#breadcrumb","itemListElement":[{"@type":"ListItem","position":1,"name":"Domovsk\u00e1 str\u00e1nka","item":"https:\/\/www.charita.sk\/svet\/"},{"@type":"ListItem","position":2,"name":"Svitlana z Caritas Donetsk: \u201eRaz sme sa u\u017e s\u0165ahovali. Nechceme to za\u017ei\u0165 znova.\u201c"}]},{"@type":"WebSite","@id":"https:\/\/www.charita.sk\/svet\/#website","url":"https:\/\/www.charita.sk\/svet\/","name":"Charita vo svete","description":"Slovensk\u00e1 katol\u00edcka charita pom\u00e1ha \u013eu\u010fom v n\u00fadzi vo svete","publisher":{"@id":"https:\/\/www.charita.sk\/svet\/#organization"},"potentialAction":[{"@type":"SearchAction","target":{"@type":"EntryPoint","urlTemplate":"https:\/\/www.charita.sk\/svet\/?s={search_term_string}"},"query-input":{"@type":"PropertyValueSpecification","valueRequired":true,"valueName":"search_term_string"}}],"inLanguage":"sk-SK"},{"@type":"Organization","@id":"https:\/\/www.charita.sk\/svet\/#organization","name":"Slovensk\u00e1 katol\u00edcka charita","url":"https:\/\/www.charita.sk\/svet\/","logo":{"@type":"ImageObject","inLanguage":"sk-SK","@id":"https:\/\/www.charita.sk\/svet\/#\/schema\/logo\/image\/","url":"https:\/\/www.charita.sk\/pomoc-utecencom\/wp-content\/uploads\/2020\/11\/logo_pomoc_utecencom.jpg","contentUrl":"https:\/\/www.charita.sk\/pomoc-utecencom\/wp-content\/uploads\/2020\/11\/logo_pomoc_utecencom.jpg","width":1712,"height":480,"caption":"Slovensk\u00e1 katol\u00edcka charita"},"image":{"@id":"https:\/\/www.charita.sk\/svet\/#\/schema\/logo\/image\/"},"sameAs":["https:\/\/www.facebook.com\/CaritasSlovakia\/","https:\/\/www.instagram.com\/caritas_slovakia\/","https:\/\/www.linkedin.com\/company\/caritas-slovakia-skch-","https:\/\/www.youtube.com\/user\/katolickacharita"]},{"@type":"Person","@id":"https:\/\/www.charita.sk\/svet\/#\/schema\/person\/5d4cac7d83d3ec0090a0c6bb00690ce4","name":"charita","image":{"@type":"ImageObject","inLanguage":"sk-SK","@id":"https:\/\/www.charita.sk\/svet\/#\/schema\/person\/image\/","url":"https:\/\/secure.gravatar.com\/avatar\/d2e7ea30dee1a0c7a6b7277bd2f993803c4622836c7e0130a97819af162a837b?s=96&d=mm&r=g","contentUrl":"https:\/\/secure.gravatar.com\/avatar\/d2e7ea30dee1a0c7a6b7277bd2f993803c4622836c7e0130a97819af162a837b?s=96&d=mm&r=g","caption":"charita"},"url":"https:\/\/www.charita.sk\/svet\/author\/charita\/"}]}},"featured_image_src":"https:\/\/www.charita.sk\/svet\/wp-content\/uploads\/2020\/11\/dnipro_ukrajina3-600x400.jpg","featured_image_src_square":"https:\/\/www.charita.sk\/svet\/wp-content\/uploads\/2020\/11\/dnipro_ukrajina3-600x600.jpg","author_info":{"display_name":"charita","author_link":"https:\/\/www.charita.sk\/svet\/author\/charita\/"},"_links":{"self":[{"href":"https:\/\/www.charita.sk\/svet\/wp-json\/wp\/v2\/posts\/1844","targetHints":{"allow":["GET"]}}],"collection":[{"href":"https:\/\/www.charita.sk\/svet\/wp-json\/wp\/v2\/posts"}],"about":[{"href":"https:\/\/www.charita.sk\/svet\/wp-json\/wp\/v2\/types\/post"}],"author":[{"embeddable":true,"href":"https:\/\/www.charita.sk\/svet\/wp-json\/wp\/v2\/users\/2"}],"replies":[{"embeddable":true,"href":"https:\/\/www.charita.sk\/svet\/wp-json\/wp\/v2\/comments?post=1844"}],"version-history":[{"count":9,"href":"https:\/\/www.charita.sk\/svet\/wp-json\/wp\/v2\/posts\/1844\/revisions"}],"predecessor-version":[{"id":1877,"href":"https:\/\/www.charita.sk\/svet\/wp-json\/wp\/v2\/posts\/1844\/revisions\/1877"}],"wp:featuredmedia":[{"embeddable":true,"href":"https:\/\/www.charita.sk\/svet\/wp-json\/wp\/v2\/media\/1045"}],"wp:attachment":[{"href":"https:\/\/www.charita.sk\/svet\/wp-json\/wp\/v2\/media?parent=1844"}],"wp:term":[{"taxonomy":"category","embeddable":true,"href":"https:\/\/www.charita.sk\/svet\/wp-json\/wp\/v2\/categories?post=1844"},{"taxonomy":"post_tag","embeddable":true,"href":"https:\/\/www.charita.sk\/svet\/wp-json\/wp\/v2\/tags?post=1844"}],"curies":[{"name":"wp","href":"https:\/\/api.w.org\/{rel}","templated":true}]}}