{"id":1998,"date":"2022-02-24T10:32:15","date_gmt":"2022-02-24T09:32:15","guid":{"rendered":"https:\/\/www.charita.sk\/pomoc-utecencom\/?p=1998"},"modified":"2022-02-24T13:10:17","modified_gmt":"2022-02-24T12:10:17","slug":"charita-vyhlasuje-zbierku-pomozme-ludom-na-ukrajine","status":"publish","type":"post","link":"https:\/\/www.charita.sk\/svet\/charita-vyhlasuje-zbierku-pomozme-ludom-na-ukrajine\/","title":{"rendered":"Charita vyhlasuje zbierku: Pom\u00f4\u017eme \u013eu\u010fom na Ukrajine!"},"content":{"rendered":"\n<p><strong>To, \u010doho sme sa mesiace ob\u00e1vali, sa stalo skuto\u010dnos\u0165ou. Rusk\u00e1 feder\u00e1cia napadla Ukrajinu a&nbsp;konflikt, ktor\u00fd sa vymedzoval na separatistick\u00fa oblas\u0165 Donbasu, zasiahol do \u017eivota mili\u00f3nov \u010fal\u0161\u00edch \u013eud\u00ed. Na ich pomoc a&nbsp;z\u00e1chranu vyhlasuje Slovensk\u00e1 katol\u00edcka charita (SKCH) celoslovensk\u00fa zbierku.<\/strong><\/p>\n\n\n\n<div class=\"wp-block-buttons is-content-justification-center is-layout-flex wp-container-core-buttons-is-layout-16018d1d wp-block-buttons-is-layout-flex\">\n<div class=\"wp-block-button\"><a class=\"wp-block-button__link has-white-color has-text-color has-background\" href=\"https:\/\/charita.darujme.sk\/ukrajina\/\" style=\"background-color:#c42f41\">Chcem pom\u00f4c\u0165 Ukrajine\ud83c\uddfa\ud83c\udde6<\/a><\/div>\n<\/div>\n\n\n\n<p><em>\u201eVo svete utrpenia, ktor\u00e9 vojna prin\u00e1\u0161a, je na\u0161ou odpove\u010fou solidarita a zmierenie. Ml\u010danie nie je na mieste, najm\u00e4 ak ide o&nbsp;n\u00e1\u0161ho suseda, ktor\u00e9mu po 8-ro\u010dnom konflikte doch\u00e1dzaj\u00fa sily,\u201c<\/em>&nbsp;hovor\u00ed gener\u00e1lny sekret\u00e1r SKCH Erich Hulman. SKCH p\u00f4sob\u00ed na Ukrajine u\u017e od vypuknutia konfliktu v&nbsp;2014, kedy poskytla materi\u00e1lnu pomoc a&nbsp;roz\u0161\u00edrila sem projekt Adopcia na dia\u013eku\u00ae. Od roku 2020 pom\u00e1ha SKCH&nbsp;rodin\u00e1m, ktor\u00e9 utiekli z&nbsp;oblasti konfliktu, <a href=\"https:\/\/www.charita.sk\/svet\/ukrajina\/\">pouk\u00e1\u017ekami na potraviny, lieky a&nbsp;psychologickou pomocou<\/a>.<\/p>\n\n\n\n<p>Konflikt na Ukrajine si od svojho za\u010diatku vy\u017eiadal u\u017e vy\u0161e 14 000 obet\u00ed a&nbsp;o&nbsp;domov pripravil vy\u0161e 1,5 mili\u00f3na \u013eud\u00ed, ktor\u00ed sa museli pres\u0165ahova\u0165 do inej \u010dasti krajiny. Mnoh\u00ed z&nbsp;nich \u017eij\u00fa aj po \u00f4smych rokoch v&nbsp;chudobe a eskaluj\u00faca situ\u00e1cia v&nbsp;nich&nbsp;<a href=\"https:\/\/www.charita.sk\/svet\/svitlana-z-caritas-donetsk-raz-sme-sa-uz-stahovali-nechceme-to-zazit-znova\/\" target=\"_blank\" rel=\"noreferrer noopener\">vyvol\u00e1va spomienky<\/a>&nbsp;na \u00fatek, boje a z\u00fafalstvo, ktor\u00e9 pre\u017eili.<\/p>\n\n\n\n<p><em>\u201eKa\u017ed\u00e1 vojna je trag\u00e9diou \u013eudstva, nemala by v\u0161ak by\u0165 prehrou \u013eudskosti. Vojna prin\u00e1\u0161a mrza\u010denie a ni\u010denie, s&nbsp;n\u00e1sledkami ktor\u00fdch sa bud\u00fa op\u00e4\u0165 vyrovn\u00e1va\u0165 \u010fal\u0161ie gener\u00e1cie, p\u00fdtaj\u00fac sa, \u010do sme my \u2013 ich predkovia \u2013 spravili preto, aby sa konfliktu predi\u0161lo alebo aby sme pomohli,\u201c<\/em>&nbsp;hovor\u00ed Hulman. Pripom\u00edna, \u017ee straty na \u017eivotoch nie s\u00fa to jedin\u00e9, na ktor\u00e9 treba myslie\u0165. Mnoh\u00ed si pones\u00fa vn\u00fatorn\u00e9 rany, ktor\u00e9 je \u0165a\u017ek\u00e9 vylie\u010di\u0165, stratia domovy, pr\u00eddu o&nbsp;rodinu, \u017eivobytie,&nbsp;soci\u00e1lne postavenie, istoty a&nbsp;\u010dasto o&nbsp;bud\u00facnos\u0165, ktor\u00fa budovali pre seba a&nbsp;svoje deti. Pomoc je preto viac ne\u017e potrebn\u00e1.<\/p>\n\n\n\n<p class=\"has-text-align-center has-white-color has-text-color has-background\" style=\"background-color:#d9cb9e\">Prispie\u0165 do zbierky na pomoc \u013eu\u010fom na Ukrajine m\u00f4\u017eete<br><strong>online na\u00a0\u00a0<a rel=\"noreferrer noopener\" href=\"https:\/\/charita.darujme.sk\/ukrajina\/\" target=\"_blank\">charita.darujme.sk\/ukrajina\/<\/a><\/strong><br>alebo\u00a0prevodom\u00a0na \u00fa\u010det verejnej zbierky<strong> SK93 1100 0000 0029 4546 3097 VS 380.<\/strong><\/p>\n\n\n\n<div class=\"wp-block-buttons is-content-justification-center is-layout-flex wp-container-core-buttons-is-layout-16018d1d wp-block-buttons-is-layout-flex\">\n<div class=\"wp-block-button\"><a class=\"wp-block-button__link has-white-color has-text-color has-background\" href=\"https:\/\/charita.darujme.sk\/ukrajina\/\" style=\"background-color:#c42f41\">Chcem pom\u00f4c\u0165 Ukrajine\ud83c\uddfa\ud83c\udde6<\/a><\/div>\n<\/div>\n\n\n\n<p>V\u00fdnos zo zbierky bude pou\u017eit\u00fd na ak\u00fatnu pomoc \u013eu\u010fom v&nbsp;oblasti konfliktu, stravu, ubytovanie a&nbsp;zabezpe\u010denie z\u00e1kladn\u00fdch potrieb, v spolupr\u00e1ci s&nbsp;ukrajinskou charitou a&nbsp;lok\u00e1lnou&nbsp;<a rel=\"noreferrer noopener\" href=\"http:\/\/caritas-donetsk.org.ua\/?fbclid=IwAR1CE5mdpg1i__v_3kUtkdlAY6aqE64L50Gc25e7fGiMNB1XWpxpGz86VAU\" target=\"_blank\">Caritas Donetsk<\/a>, dlhodob\u00fdm&nbsp;partnerom SKCH.<\/p>\n","protected":false},"excerpt":{"rendered":"<p>To, \u010doho sme sa mesiace ob\u00e1vali, sa stalo skuto\u010dnos\u0165ou. Rusk\u00e1 feder\u00e1cia napadla [&hellip;]<\/p>\n","protected":false},"author":2,"featured_media":2003,"comment_status":"open","ping_status":"open","sticky":false,"template":"","format":"standard","meta":{"footnotes":""},"categories":[18,3],"tags":[6,19,20],"class_list":["post-1998","post","type-post","status-publish","format-standard","has-post-thumbnail","hentry","category-ukrajina","category-zbierky","tag-pomoc","tag-ukrajina","tag-zbierka"],"yoast_head":"<!-- This site is optimized with the Yoast SEO plugin v25.4 - https:\/\/yoast.com\/wordpress\/plugins\/seo\/ -->\n<title>Charita vyhlasuje zbierku: Pom\u00f4\u017eme \u013eu\u010fom na Ukrajine! | Charita vo svete<\/title>\n<meta name=\"robots\" content=\"index, follow, max-snippet:-1, max-image-preview:large, max-video-preview:-1\" \/>\n<link rel=\"canonical\" href=\"https:\/\/www.charita.sk\/svet\/charita-vyhlasuje-zbierku-pomozme-ludom-na-ukrajine\/\" \/>\n<meta property=\"og:locale\" content=\"sk_SK\" \/>\n<meta property=\"og:type\" content=\"article\" \/>\n<meta property=\"og:title\" content=\"Charita vyhlasuje zbierku: Pom\u00f4\u017eme \u013eu\u010fom na Ukrajine! | Charita vo svete\" \/>\n<meta property=\"og:description\" content=\"To, \u010doho sme sa mesiace ob\u00e1vali, sa stalo skuto\u010dnos\u0165ou. Rusk\u00e1 feder\u00e1cia napadla [&hellip;]\" \/>\n<meta property=\"og:url\" content=\"https:\/\/www.charita.sk\/svet\/charita-vyhlasuje-zbierku-pomozme-ludom-na-ukrajine\/\" \/>\n<meta property=\"og:site_name\" content=\"Charita vo svete\" \/>\n<meta property=\"article:publisher\" content=\"https:\/\/www.facebook.com\/CaritasSlovakia\/\" \/>\n<meta property=\"article:published_time\" content=\"2022-02-24T09:32:15+00:00\" \/>\n<meta property=\"article:modified_time\" content=\"2022-02-24T12:10:17+00:00\" \/>\n<meta property=\"og:image\" content=\"https:\/\/www.charita.sk\/svet\/wp-content\/uploads\/2022\/02\/ukrajina_zbierka.jpg\" \/>\n\t<meta property=\"og:image:width\" content=\"2047\" \/>\n\t<meta property=\"og:image:height\" content=\"1365\" \/>\n\t<meta property=\"og:image:type\" content=\"image\/jpeg\" \/>\n<meta name=\"author\" content=\"charita\" \/>\n<meta name=\"twitter:card\" content=\"summary_large_image\" \/>\n<meta name=\"twitter:label1\" content=\"Autor\" \/>\n\t<meta name=\"twitter:data1\" content=\"charita\" \/>\n\t<meta name=\"twitter:label2\" content=\"Predpokladan\u00fd \u010das \u010d\u00edtania\" \/>\n\t<meta name=\"twitter:data2\" content=\"2 min\u00faty\" \/>\n<script type=\"application\/ld+json\" class=\"yoast-schema-graph\">{\"@context\":\"https:\/\/schema.org\",\"@graph\":[{\"@type\":\"Article\",\"@id\":\"https:\/\/www.charita.sk\/svet\/charita-vyhlasuje-zbierku-pomozme-ludom-na-ukrajine\/#article\",\"isPartOf\":{\"@id\":\"https:\/\/www.charita.sk\/svet\/charita-vyhlasuje-zbierku-pomozme-ludom-na-ukrajine\/\"},\"author\":{\"name\":\"charita\",\"@id\":\"https:\/\/www.charita.sk\/svet\/#\/schema\/person\/5d4cac7d83d3ec0090a0c6bb00690ce4\"},\"headline\":\"Charita vyhlasuje zbierku: Pom\u00f4\u017eme \u013eu\u010fom na Ukrajine!\",\"datePublished\":\"2022-02-24T09:32:15+00:00\",\"dateModified\":\"2022-02-24T12:10:17+00:00\",\"mainEntityOfPage\":{\"@id\":\"https:\/\/www.charita.sk\/svet\/charita-vyhlasuje-zbierku-pomozme-ludom-na-ukrajine\/\"},\"wordCount\":422,\"commentCount\":0,\"publisher\":{\"@id\":\"https:\/\/www.charita.sk\/svet\/#organization\"},\"image\":{\"@id\":\"https:\/\/www.charita.sk\/svet\/charita-vyhlasuje-zbierku-pomozme-ludom-na-ukrajine\/#primaryimage\"},\"thumbnailUrl\":\"https:\/\/www.charita.sk\/svet\/wp-content\/uploads\/2022\/02\/ukrajina_zbierka.jpg\",\"keywords\":[\"pomoc\",\"ukrajina\",\"zbierka\"],\"articleSection\":[\"Ukrajina\",\"Zbierky\"],\"inLanguage\":\"sk-SK\",\"potentialAction\":[{\"@type\":\"CommentAction\",\"name\":\"Comment\",\"target\":[\"https:\/\/www.charita.sk\/svet\/charita-vyhlasuje-zbierku-pomozme-ludom-na-ukrajine\/#respond\"]}]},{\"@type\":\"WebPage\",\"@id\":\"https:\/\/www.charita.sk\/svet\/charita-vyhlasuje-zbierku-pomozme-ludom-na-ukrajine\/\",\"url\":\"https:\/\/www.charita.sk\/svet\/charita-vyhlasuje-zbierku-pomozme-ludom-na-ukrajine\/\",\"name\":\"Charita vyhlasuje zbierku: Pom\u00f4\u017eme \u013eu\u010fom na Ukrajine! | Charita vo svete\",\"isPartOf\":{\"@id\":\"https:\/\/www.charita.sk\/svet\/#website\"},\"primaryImageOfPage\":{\"@id\":\"https:\/\/www.charita.sk\/svet\/charita-vyhlasuje-zbierku-pomozme-ludom-na-ukrajine\/#primaryimage\"},\"image\":{\"@id\":\"https:\/\/www.charita.sk\/svet\/charita-vyhlasuje-zbierku-pomozme-ludom-na-ukrajine\/#primaryimage\"},\"thumbnailUrl\":\"https:\/\/www.charita.sk\/svet\/wp-content\/uploads\/2022\/02\/ukrajina_zbierka.jpg\",\"datePublished\":\"2022-02-24T09:32:15+00:00\",\"dateModified\":\"2022-02-24T12:10:17+00:00\",\"breadcrumb\":{\"@id\":\"https:\/\/www.charita.sk\/svet\/charita-vyhlasuje-zbierku-pomozme-ludom-na-ukrajine\/#breadcrumb\"},\"inLanguage\":\"sk-SK\",\"potentialAction\":[{\"@type\":\"ReadAction\",\"target\":[\"https:\/\/www.charita.sk\/svet\/charita-vyhlasuje-zbierku-pomozme-ludom-na-ukrajine\/\"]}]},{\"@type\":\"ImageObject\",\"inLanguage\":\"sk-SK\",\"@id\":\"https:\/\/www.charita.sk\/svet\/charita-vyhlasuje-zbierku-pomozme-ludom-na-ukrajine\/#primaryimage\",\"url\":\"https:\/\/www.charita.sk\/svet\/wp-content\/uploads\/2022\/02\/ukrajina_zbierka.jpg\",\"contentUrl\":\"https:\/\/www.charita.sk\/svet\/wp-content\/uploads\/2022\/02\/ukrajina_zbierka.jpg\",\"width\":2047,\"height\":1365},{\"@type\":\"BreadcrumbList\",\"@id\":\"https:\/\/www.charita.sk\/svet\/charita-vyhlasuje-zbierku-pomozme-ludom-na-ukrajine\/#breadcrumb\",\"itemListElement\":[{\"@type\":\"ListItem\",\"position\":1,\"name\":\"Domovsk\u00e1 str\u00e1nka\",\"item\":\"https:\/\/www.charita.sk\/svet\/\"},{\"@type\":\"ListItem\",\"position\":2,\"name\":\"Charita vyhlasuje zbierku: Pom\u00f4\u017eme \u013eu\u010fom na Ukrajine!\"}]},{\"@type\":\"WebSite\",\"@id\":\"https:\/\/www.charita.sk\/svet\/#website\",\"url\":\"https:\/\/www.charita.sk\/svet\/\",\"name\":\"Charita vo svete\",\"description\":\"Slovensk\u00e1 katol\u00edcka charita pom\u00e1ha \u013eu\u010fom v n\u00fadzi vo svete\",\"publisher\":{\"@id\":\"https:\/\/www.charita.sk\/svet\/#organization\"},\"potentialAction\":[{\"@type\":\"SearchAction\",\"target\":{\"@type\":\"EntryPoint\",\"urlTemplate\":\"https:\/\/www.charita.sk\/svet\/?s={search_term_string}\"},\"query-input\":{\"@type\":\"PropertyValueSpecification\",\"valueRequired\":true,\"valueName\":\"search_term_string\"}}],\"inLanguage\":\"sk-SK\"},{\"@type\":\"Organization\",\"@id\":\"https:\/\/www.charita.sk\/svet\/#organization\",\"name\":\"Slovensk\u00e1 katol\u00edcka charita\",\"url\":\"https:\/\/www.charita.sk\/svet\/\",\"logo\":{\"@type\":\"ImageObject\",\"inLanguage\":\"sk-SK\",\"@id\":\"https:\/\/www.charita.sk\/svet\/#\/schema\/logo\/image\/\",\"url\":\"https:\/\/www.charita.sk\/pomoc-utecencom\/wp-content\/uploads\/2020\/11\/logo_pomoc_utecencom.jpg\",\"contentUrl\":\"https:\/\/www.charita.sk\/pomoc-utecencom\/wp-content\/uploads\/2020\/11\/logo_pomoc_utecencom.jpg\",\"width\":1712,\"height\":480,\"caption\":\"Slovensk\u00e1 katol\u00edcka charita\"},\"image\":{\"@id\":\"https:\/\/www.charita.sk\/svet\/#\/schema\/logo\/image\/\"},\"sameAs\":[\"https:\/\/www.facebook.com\/CaritasSlovakia\/\",\"https:\/\/www.instagram.com\/caritas_slovakia\/\",\"https:\/\/www.linkedin.com\/company\/caritas-slovakia-skch-\",\"https:\/\/www.youtube.com\/user\/katolickacharita\"]},{\"@type\":\"Person\",\"@id\":\"https:\/\/www.charita.sk\/svet\/#\/schema\/person\/5d4cac7d83d3ec0090a0c6bb00690ce4\",\"name\":\"charita\",\"image\":{\"@type\":\"ImageObject\",\"inLanguage\":\"sk-SK\",\"@id\":\"https:\/\/www.charita.sk\/svet\/#\/schema\/person\/image\/\",\"url\":\"https:\/\/secure.gravatar.com\/avatar\/d2e7ea30dee1a0c7a6b7277bd2f993803c4622836c7e0130a97819af162a837b?s=96&d=mm&r=g\",\"contentUrl\":\"https:\/\/secure.gravatar.com\/avatar\/d2e7ea30dee1a0c7a6b7277bd2f993803c4622836c7e0130a97819af162a837b?s=96&d=mm&r=g\",\"caption\":\"charita\"},\"url\":\"https:\/\/www.charita.sk\/svet\/author\/charita\/\"}]}<\/script>\n<!-- \/ Yoast SEO plugin. -->","yoast_head_json":{"title":"Charita vyhlasuje zbierku: Pom\u00f4\u017eme \u013eu\u010fom na Ukrajine! | Charita vo svete","robots":{"index":"index","follow":"follow","max-snippet":"max-snippet:-1","max-image-preview":"max-image-preview:large","max-video-preview":"max-video-preview:-1"},"canonical":"https:\/\/www.charita.sk\/svet\/charita-vyhlasuje-zbierku-pomozme-ludom-na-ukrajine\/","og_locale":"sk_SK","og_type":"article","og_title":"Charita vyhlasuje zbierku: Pom\u00f4\u017eme \u013eu\u010fom na Ukrajine! | Charita vo svete","og_description":"To, \u010doho sme sa mesiace ob\u00e1vali, sa stalo skuto\u010dnos\u0165ou. Rusk\u00e1 feder\u00e1cia napadla [&hellip;]","og_url":"https:\/\/www.charita.sk\/svet\/charita-vyhlasuje-zbierku-pomozme-ludom-na-ukrajine\/","og_site_name":"Charita vo svete","article_publisher":"https:\/\/www.facebook.com\/CaritasSlovakia\/","article_published_time":"2022-02-24T09:32:15+00:00","article_modified_time":"2022-02-24T12:10:17+00:00","og_image":[{"width":2047,"height":1365,"url":"https:\/\/www.charita.sk\/svet\/wp-content\/uploads\/2022\/02\/ukrajina_zbierka.jpg","type":"image\/jpeg"}],"author":"charita","twitter_card":"summary_large_image","twitter_misc":{"Autor":"charita","Predpokladan\u00fd \u010das \u010d\u00edtania":"2 min\u00faty"},"schema":{"@context":"https:\/\/schema.org","@graph":[{"@type":"Article","@id":"https:\/\/www.charita.sk\/svet\/charita-vyhlasuje-zbierku-pomozme-ludom-na-ukrajine\/#article","isPartOf":{"@id":"https:\/\/www.charita.sk\/svet\/charita-vyhlasuje-zbierku-pomozme-ludom-na-ukrajine\/"},"author":{"name":"charita","@id":"https:\/\/www.charita.sk\/svet\/#\/schema\/person\/5d4cac7d83d3ec0090a0c6bb00690ce4"},"headline":"Charita vyhlasuje zbierku: Pom\u00f4\u017eme \u013eu\u010fom na Ukrajine!","datePublished":"2022-02-24T09:32:15+00:00","dateModified":"2022-02-24T12:10:17+00:00","mainEntityOfPage":{"@id":"https:\/\/www.charita.sk\/svet\/charita-vyhlasuje-zbierku-pomozme-ludom-na-ukrajine\/"},"wordCount":422,"commentCount":0,"publisher":{"@id":"https:\/\/www.charita.sk\/svet\/#organization"},"image":{"@id":"https:\/\/www.charita.sk\/svet\/charita-vyhlasuje-zbierku-pomozme-ludom-na-ukrajine\/#primaryimage"},"thumbnailUrl":"https:\/\/www.charita.sk\/svet\/wp-content\/uploads\/2022\/02\/ukrajina_zbierka.jpg","keywords":["pomoc","ukrajina","zbierka"],"articleSection":["Ukrajina","Zbierky"],"inLanguage":"sk-SK","potentialAction":[{"@type":"CommentAction","name":"Comment","target":["https:\/\/www.charita.sk\/svet\/charita-vyhlasuje-zbierku-pomozme-ludom-na-ukrajine\/#respond"]}]},{"@type":"WebPage","@id":"https:\/\/www.charita.sk\/svet\/charita-vyhlasuje-zbierku-pomozme-ludom-na-ukrajine\/","url":"https:\/\/www.charita.sk\/svet\/charita-vyhlasuje-zbierku-pomozme-ludom-na-ukrajine\/","name":"Charita vyhlasuje zbierku: Pom\u00f4\u017eme \u013eu\u010fom na Ukrajine! | Charita vo svete","isPartOf":{"@id":"https:\/\/www.charita.sk\/svet\/#website"},"primaryImageOfPage":{"@id":"https:\/\/www.charita.sk\/svet\/charita-vyhlasuje-zbierku-pomozme-ludom-na-ukrajine\/#primaryimage"},"image":{"@id":"https:\/\/www.charita.sk\/svet\/charita-vyhlasuje-zbierku-pomozme-ludom-na-ukrajine\/#primaryimage"},"thumbnailUrl":"https:\/\/www.charita.sk\/svet\/wp-content\/uploads\/2022\/02\/ukrajina_zbierka.jpg","datePublished":"2022-02-24T09:32:15+00:00","dateModified":"2022-02-24T12:10:17+00:00","breadcrumb":{"@id":"https:\/\/www.charita.sk\/svet\/charita-vyhlasuje-zbierku-pomozme-ludom-na-ukrajine\/#breadcrumb"},"inLanguage":"sk-SK","potentialAction":[{"@type":"ReadAction","target":["https:\/\/www.charita.sk\/svet\/charita-vyhlasuje-zbierku-pomozme-ludom-na-ukrajine\/"]}]},{"@type":"ImageObject","inLanguage":"sk-SK","@id":"https:\/\/www.charita.sk\/svet\/charita-vyhlasuje-zbierku-pomozme-ludom-na-ukrajine\/#primaryimage","url":"https:\/\/www.charita.sk\/svet\/wp-content\/uploads\/2022\/02\/ukrajina_zbierka.jpg","contentUrl":"https:\/\/www.charita.sk\/svet\/wp-content\/uploads\/2022\/02\/ukrajina_zbierka.jpg","width":2047,"height":1365},{"@type":"BreadcrumbList","@id":"https:\/\/www.charita.sk\/svet\/charita-vyhlasuje-zbierku-pomozme-ludom-na-ukrajine\/#breadcrumb","itemListElement":[{"@type":"ListItem","position":1,"name":"Domovsk\u00e1 str\u00e1nka","item":"https:\/\/www.charita.sk\/svet\/"},{"@type":"ListItem","position":2,"name":"Charita vyhlasuje zbierku: Pom\u00f4\u017eme \u013eu\u010fom na Ukrajine!"}]},{"@type":"WebSite","@id":"https:\/\/www.charita.sk\/svet\/#website","url":"https:\/\/www.charita.sk\/svet\/","name":"Charita vo svete","description":"Slovensk\u00e1 katol\u00edcka charita pom\u00e1ha \u013eu\u010fom v n\u00fadzi vo svete","publisher":{"@id":"https:\/\/www.charita.sk\/svet\/#organization"},"potentialAction":[{"@type":"SearchAction","target":{"@type":"EntryPoint","urlTemplate":"https:\/\/www.charita.sk\/svet\/?s={search_term_string}"},"query-input":{"@type":"PropertyValueSpecification","valueRequired":true,"valueName":"search_term_string"}}],"inLanguage":"sk-SK"},{"@type":"Organization","@id":"https:\/\/www.charita.sk\/svet\/#organization","name":"Slovensk\u00e1 katol\u00edcka charita","url":"https:\/\/www.charita.sk\/svet\/","logo":{"@type":"ImageObject","inLanguage":"sk-SK","@id":"https:\/\/www.charita.sk\/svet\/#\/schema\/logo\/image\/","url":"https:\/\/www.charita.sk\/pomoc-utecencom\/wp-content\/uploads\/2020\/11\/logo_pomoc_utecencom.jpg","contentUrl":"https:\/\/www.charita.sk\/pomoc-utecencom\/wp-content\/uploads\/2020\/11\/logo_pomoc_utecencom.jpg","width":1712,"height":480,"caption":"Slovensk\u00e1 katol\u00edcka charita"},"image":{"@id":"https:\/\/www.charita.sk\/svet\/#\/schema\/logo\/image\/"},"sameAs":["https:\/\/www.facebook.com\/CaritasSlovakia\/","https:\/\/www.instagram.com\/caritas_slovakia\/","https:\/\/www.linkedin.com\/company\/caritas-slovakia-skch-","https:\/\/www.youtube.com\/user\/katolickacharita"]},{"@type":"Person","@id":"https:\/\/www.charita.sk\/svet\/#\/schema\/person\/5d4cac7d83d3ec0090a0c6bb00690ce4","name":"charita","image":{"@type":"ImageObject","inLanguage":"sk-SK","@id":"https:\/\/www.charita.sk\/svet\/#\/schema\/person\/image\/","url":"https:\/\/secure.gravatar.com\/avatar\/d2e7ea30dee1a0c7a6b7277bd2f993803c4622836c7e0130a97819af162a837b?s=96&d=mm&r=g","contentUrl":"https:\/\/secure.gravatar.com\/avatar\/d2e7ea30dee1a0c7a6b7277bd2f993803c4622836c7e0130a97819af162a837b?s=96&d=mm&r=g","caption":"charita"},"url":"https:\/\/www.charita.sk\/svet\/author\/charita\/"}]}},"featured_image_src":"https:\/\/www.charita.sk\/svet\/wp-content\/uploads\/2022\/02\/ukrajina_zbierka-600x400.jpg","featured_image_src_square":"https:\/\/www.charita.sk\/svet\/wp-content\/uploads\/2022\/02\/ukrajina_zbierka-600x600.jpg","author_info":{"display_name":"charita","author_link":"https:\/\/www.charita.sk\/svet\/author\/charita\/"},"_links":{"self":[{"href":"https:\/\/www.charita.sk\/svet\/wp-json\/wp\/v2\/posts\/1998","targetHints":{"allow":["GET"]}}],"collection":[{"href":"https:\/\/www.charita.sk\/svet\/wp-json\/wp\/v2\/posts"}],"about":[{"href":"https:\/\/www.charita.sk\/svet\/wp-json\/wp\/v2\/types\/post"}],"author":[{"embeddable":true,"href":"https:\/\/www.charita.sk\/svet\/wp-json\/wp\/v2\/users\/2"}],"replies":[{"embeddable":true,"href":"https:\/\/www.charita.sk\/svet\/wp-json\/wp\/v2\/comments?post=1998"}],"version-history":[{"count":4,"href":"https:\/\/www.charita.sk\/svet\/wp-json\/wp\/v2\/posts\/1998\/revisions"}],"predecessor-version":[{"id":2007,"href":"https:\/\/www.charita.sk\/svet\/wp-json\/wp\/v2\/posts\/1998\/revisions\/2007"}],"wp:featuredmedia":[{"embeddable":true,"href":"https:\/\/www.charita.sk\/svet\/wp-json\/wp\/v2\/media\/2003"}],"wp:attachment":[{"href":"https:\/\/www.charita.sk\/svet\/wp-json\/wp\/v2\/media?parent=1998"}],"wp:term":[{"taxonomy":"category","embeddable":true,"href":"https:\/\/www.charita.sk\/svet\/wp-json\/wp\/v2\/categories?post=1998"},{"taxonomy":"post_tag","embeddable":true,"href":"https:\/\/www.charita.sk\/svet\/wp-json\/wp\/v2\/tags?post=1998"}],"curies":[{"name":"wp","href":"https:\/\/api.w.org\/{rel}","templated":true}]}}