{"id":2035,"date":"2022-03-04T11:00:00","date_gmt":"2022-03-04T10:00:00","guid":{"rendered":"https:\/\/www.charita.sk\/pomoc-utecencom\/?p=2035"},"modified":"2022-03-08T10:13:30","modified_gmt":"2022-03-08T09:13:30","slug":"ukrajina-materialna-a-potravinova-zbierka","status":"publish","type":"post","link":"https:\/\/www.charita.sk\/svet\/ukrajina-materialna-a-potravinova-zbierka\/","title":{"rendered":"Ukrajina: materi\u00e1lna a potravinov\u00e1 zbierka"},"content":{"rendered":"\n<p><strong>Oslovili n\u00e1s priamo z pohrani\u010dn\u00fdch mies\u0165 Ub\u013ea a U\u017ehorod, kde s\u00farne zh\u00e1\u0148aj\u00fa:<\/strong><\/p>\n\n\n\n<div class=\"wp-block-columns is-layout-flex wp-container-core-columns-is-layout-9d6595d7 wp-block-columns-is-layout-flex\">\n<div class=\"wp-block-column is-layout-flow wp-block-column-is-layout-flow\">\n<ul class=\"wp-block-list\" id=\"block-a1255367-e42b-488e-9baf-cf438099b075\"><li>mobiln\u00e9 toalety<\/li><li>elektrick\u00e9 gener\u00e1tory<\/li><li>svie\u010dky<\/li><li>akumul\u00e1torov\u00e9 svietidla<\/li><li>pohonn\u00e9 hmoty<\/li><li>vank\u00fa\u0161e, deky, poste\u013en\u00e1 bielize\u0148<\/li><li>postele, rozkladacie postele<\/li><li>matrace<\/li><li>lek\u00e1rni\u010dky<\/li><li>karimatky<\/li><li>spacie vaky od &nbsp;-5 stup\u0148ov<\/li><\/ul>\n<\/div>\n\n\n\n<div class=\"wp-block-column is-layout-flow wp-block-column-is-layout-flow\">\n<ul class=\"wp-block-list\" id=\"block-a1255367-e42b-488e-9baf-cf438099b075\"><li>kanvice &#8211; elektrick\u00e9 a plynov\u00e9<\/li><li>hasiace pr\u00edstroje<\/li><li>n\u00e1doby na jedlo 20 litrov &#8211; ide\u00e1lne thermo<\/li><li>n\u00e1doby na pitn\u00fa vodu &#8211; 20l,50l,100l<\/li><li>elektrick\u00e9 vykurovacie jednotky<\/li><li>elektrick\u00e9 predl\u017eova\u010dky, rozdvojky<\/li><li>stanice na nab\u00edjanie mobiln\u00fdch telef\u00f3nov<\/li><li>plastov\u00e9 vedr\u00e1 na um\u00fdvanie podl\u00e1h a priestorov, mopy + podlo\u017eky na mopy 20 ks<\/li><li>dezinfekcia do WC na \u010distenie a um\u00fdvanie WC 50 ks<\/li><li>stojany s dezdotykov\u00fdm dezinfek\u010dn\u00fdm prostriedkom 10 ks<\/li><\/ul>\n<\/div>\n\n\n\n<div class=\"wp-block-column is-layout-flow wp-block-column-is-layout-flow\">\n<ul class=\"wp-block-list\" id=\"block-a1255367-e42b-488e-9baf-cf438099b075\"><li>\u010distiace prostriedky do k\u00fape\u013ene na \u010distenie a um\u00fdvanie priestorov WC 50 ks<\/li><li>jar 50 ks<\/li><li>\u010distiace a dezinfek\u010dn\u00e9 prostriedky na um\u00fdvanie podl\u00e1h a priestorov z\u00e1chytn\u00e9ho t\u00e1bora 50 ks<\/li><li>dezinfek\u010dn\u00e9 v\u00f4ne do WC 50 ks<\/li><li>tekut\u00e9 mydl\u00e1 do WC 50 ks<\/li><li>240 l igelitov\u00e9 vrecia 500 ks<\/li><li>bubnov\u00e9 predl\u017eova\u010dky a klasick\u00e9 predl\u017eova\u010dky s viacer\u00fdmi vstupmi<\/li><\/ul>\n<\/div>\n<\/div>\n\n\n\n<p class=\"has-text-align-center has-background\" style=\"background-color:#e2e2e2\"><em><strong>Veci m\u00f4\u017eete prinies\u0165 priamo na mestsk\u00e9 \u00farady v Ub\u013ei a v U\u017ehorode.<\/strong><\/em><\/p>\n\n\n<p class=\"art-citate\">Potravinov\u00e1 pomoc<\/p>\n\n\n<p>V spolupr\u00e1ci s farsk\u00fdmi charitami a partnersk\u00fdmi organiz\u00e1ciami organizujeme zbierky trvanliv\u00fdch potrav\u00edn, drog\u00e9rie a z\u00e1kladn\u00fdch \u017eivotn\u00fdch potrieb. Tie n\u00e1sledne budeme distribuova\u0165 rodin\u00e1m, ktor\u00e9 opustili svoje domovy pre vojensk\u00fd konflikt.<\/p>\n\n\n\n<p><strong><u>Zoznam trvanliv\u00fdch potrav\u00edn<\/u><\/strong><\/p>\n\n\n\n<p>Konzervy s m\u00e4som, rybami, pa\u0161t\u00e9ty, strukoviny, instantn\u00e9 polievky, zav\u00e1raniny, d\u017eemy, k\u00e1va, \u010daj, cukor, med, so\u013e, cestoviny, om\u00e1\u010dky na cestoviny<\/p>\n\n\n\n<p><strong><u>Potreby pre deti<\/u><\/strong><\/p>\n\n\n\n<p>detsk\u00e9 pr\u00edkrmy \u2013 su\u0161en\u00e9 matersk\u00e9 mlieko, detsk\u00e1 v\u00fd\u017eiva, krupica, ka\u0161e<\/p>\n\n\n<p class=\"art-citate\">Materi\u00e1lna pomoc<\/p>\n\n\n<p><strong><u>Hygienick\u00e9 potreby<\/u><\/strong><\/p>\n\n\n\n<p>toaletn\u00fd papier, d\u00e1mske hygienick\u00e9 pom\u00f4cky (vlo\u017ey, tamp\u00f3ny), plienky (v\u0161etky ve\u013ekosti), vlh\u010den\u00e9 vreckovky, jednorazov\u00e9 holiace stroj\u010deky, pena na holenie, \u0161amp\u00f3ny a sprchovacie g\u00e9ly, pracie prostriedky, prostriedky na um\u00fdvanie riadu, dezinfekcia<\/p>\n\n\n\n<p><strong><u>In\u00e9 potreby<\/u><\/strong><\/p>\n\n\n\n<p>Tepl\u00e9 deky, spacie vaky, lek\u00e1rni\u010dky a zdravotn\u00edcky materi\u00e1l na potrebu prvej pomoci<\/p>\n\n\n<p class=\"art-citate\">Zbern\u00e9 miesta<\/p>\n\n\n<p class=\"has-text-align-left\">Zbern\u00e9 miesta pre materialov\u00fa a potravinov\u00fa pomoc n\u00e1jdete na FB str\u00e1nkach a weboch diec\u00e9znych char\u00edt.<\/p>\n\n\n\n<div class=\"wp-block-columns is-layout-flex wp-container-core-columns-is-layout-9d6595d7 wp-block-columns-is-layout-flex\">\n<div class=\"wp-block-column is-layout-flow wp-block-column-is-layout-flow\">\n<p><strong>Spi\u0161sk\u00e1 katol\u00edcka charita<\/strong><br>Slovensk\u00e1 30<br>052 01 Spi\u0161sk\u00e1 Nov\u00e1 Ves<br>e-mail:&nbsp;<a href=\"mailto:farskecharity@caritas.sk\">farskecharity@caritas.sk<\/a><br>tel.: +421&nbsp;905&nbsp;451&nbsp;443<br>+421 53&nbsp;442 45 00<br>web: <a href=\"http:\/\/www.caritas.sk\/\">www.caritas.sk<\/a><\/p>\n\n\n\n<p><strong>Arcidiec\u00e9zna charita Ko\u0161ice<\/strong><br>Masarykova 19<br>040 01 Ko\u0161ice<br>e-mail: <a href=\"mailto:dobrovolnik@charita-ke.sk\">dobrovolnik@charita-ke.sk<\/a><br>tel.: +421&nbsp;910 842 955&nbsp;<br>+421&nbsp;55&nbsp;625 53 17<br>web: <a href=\"http:\/\/www.charita-ke.sk\/\">www.charita-ke.sk<\/a><\/p>\n\n\n\n<p><strong>Gr\u00e9ckokatol\u00edcka charita Pre\u0161ov<\/strong><br>Hlavn\u00e1 2<br>080 01 Pre\u0161ov<br>e-mail: <a href=\"mailto:fch@gkcharita-po.sk\">fch@gkcharita-po.sk<\/a><br>tel.: +421&nbsp;910 842 034&nbsp;<br>+421&nbsp;51 772 39 70<br>web: <a rel=\"noreferrer noopener\" href=\"http:\/\/www.gkcharita-po.sk\/\" target=\"_blank\">www.gkcharita-po.sk<\/a><\/p>\n\n\n\n<p><strong>Trnavsk\u00e1 arcidiec\u00e9zna charita<\/strong><br>Hlavn\u00e1 43<br>917 01 Trnava<br>e-mail: <a href=\"mailto:farskecharity@charita.sk\">farskecharity@charita.sk<\/a><br>tel.: +421 948 887&nbsp;540<br>+421 33 55 11&nbsp;396<br>web: <a href=\"http:\/\/www.charitatt.sk\/\">www.charitatt.sk<\/a><\/p>\n<\/div>\n\n\n\n<div class=\"wp-block-column is-layout-flow wp-block-column-is-layout-flow\">\n<p><strong>Diec\u00e9zna charita \u017dilina<\/strong><br>Vysoko\u0161kol\u00e1kov 1758\/3, 010 01 \u017dilina<br>e-mail: <a href=\"mailto:charitaza@gmail.com\">charitaza@gmail.com<\/a><br>tel.: +421917 869 409<br>web: <a href=\"http:\/\/www.charitaza.sk\/\">www.charitaza.sk<\/a><\/p>\n\n\n\n<p><strong>Gr\u00e9ckokatol\u00edcka eparchi\u00e1lna charita Ko\u0161ice<\/strong><br>Slovenskej jednoty 25<br>040 01 Ko\u0161ice<br>e-mail: fc<a href=\"mailto:h@gkcharita-po.sk\">h@gkcharita-po.sk<\/a><br>tel.: +421&nbsp;911&nbsp;711 359<br>web:&nbsp;<a href=\"http:\/\/www.charita2.grkatke.sk\/\">www.charita2.grkatke.sk<\/a><\/p>\n\n\n\n<p><strong>Bratislavsk\u00e1 arcidiec\u00e9zna charita<\/strong><br>Krasinsk\u00e9ho 6<br>821 04 Bratislava<br>e-mail: <a href=\"mailto:fch@charitaba.sk\">fch@charitaba.sk<\/a><br>tel.: +421 910 852&nbsp;321<br>+421 2 44&nbsp;254 03 15<br>web: <a href=\"http:\/\/www.charitaba.sk\/\">www.charitaba.sk<\/a><\/p>\n<\/div>\n\n\n\n<div class=\"wp-block-column is-layout-flow wp-block-column-is-layout-flow\">\n<p><strong>Diec\u00e9zna charita Bansk\u00e1 Bystrica<\/strong><br>Tibora Andra\u0161ovana 44<br>974 01 Bansk\u00e1 Bystrica<br>e-mail: <a href=\"mailto:radoslavbujdos@gmail.com\">radoslavbujdos@gmail.com<\/a><br>tel.: +421&nbsp;904&nbsp;481 981<br>+421&nbsp;902&nbsp;190 444<br>web: <a href=\"http:\/\/www.charitabb.sk\/\">www.charitabb.sk<\/a><\/p>\n\n\n\n<p><strong>Diec\u00e9zna charita Ro\u017e\u0148ava<\/strong><br>K\u00f3su-Shoppera 141\/22<br>048 01 Ro\u017e\u0148ava<br>e-mail: <a href=\"mailto:fchroznava@caritas.sk\">fchroznava@caritas.sk<\/a><br>tel.: +421&nbsp;905&nbsp;535 465&nbsp;<br>+421&nbsp;58 73 26 415<br>web: <a href=\"http:\/\/www.charitaroznava.sk\/\">www.charitaroznava.sk<\/a><\/p>\n\n\n\n<p><strong>Diec\u00e9zna charita Nitra<\/strong><br>Samova 4<br>949 01 Nitra<br>e-mail: <a href=\"mailto:juro.barat@gmail.com\">juro.barat@gmail.com<\/a>, <a href=\"mailto:sekretariat@charitanitra.sk\">sekretariat@charitanitra.sk<\/a><br>tel.: +421&nbsp;903 447 577<br>+421 37 772 17 92<br>web: <a href=\"http:\/\/www.charitanitra.sk\/\">www.charitanitra.sk<\/a><\/p>\n<\/div>\n<\/div>\n\n\n<p class=\"art-citate\">Ubytovanie \u013eud\u00ed z Ukrajiny<\/p>\n<p>Konferencia biskupov Slovenska v spolupr\u00e1ci so Slovenskou katol\u00edckou charitou a Malt\u00e9zskou pomocou Slovensko spustila registr\u00e1ciu, prostredn\u00edctvom ktorej&nbsp;bud\u00fa charitn\u00ed pracovn\u00edci koordinova\u0165&nbsp;ubytovacie kapacity&nbsp;pre ute\u010dencov z Ukrajiny. <strong>Registr\u00e1cia je k dispoz\u00edcii vo formul\u00e1ri.<\/strong><\/p>\n\n\n<div class=\"wp-block-buttons is-content-justification-center is-layout-flex wp-container-core-buttons-is-layout-16018d1d wp-block-buttons-is-layout-flex\">\n<div class=\"wp-block-button\"><a class=\"wp-block-button__link has-white-color has-text-color has-background\" href=\"https:\/\/www.tkkbs.sk\/showpage.php?name=reg_utecenci\" style=\"background-color:#c42f41\" target=\"_blank\" rel=\"noreferrer noopener\">Ubytovac\u00ed formul\u00e1r<\/a><\/div>\n<\/div>\n\n\n<p class=\"art-citate\">Dobrovo\u013en\u00edctvo<\/p>\n\n\n<p><strong>Aktu\u00e1lnu pomoc na hraniciach zabezpe\u010duje charita prostredn\u00edctvom vlastn\u00fdch zamestnancov a dobrovo\u013en\u00edkov<\/strong>, v \u010fal\u0161\u00edch f\u00e1zach pomoci v\u0161ak budeme potrebova\u0165 v\u00e4\u010d\u0161\u00ed po\u010det dobrovo\u013en\u00edkov pre nasleduj\u00face \u010dinnosti:<\/p>\n\n\n\n<p>&#8211; pomoc pri usmer\u0148ovan\u00ed n\u00fadznych \u013eud\u00ed, sprev\u00e1dzanie na \u00farady, k doktorom<br>&#8211; triedenie trvanliv\u00fdch potrav\u00edn, pr\u00edprava bal\u00ed\u010dkov v sklade<br>&#8211; distrib\u00facia potrav\u00edn vlastn\u00fdm autom<br>&#8211; tlmo\u010denie<br>&#8211; v r\u00e1mci dobrovo\u013en\u00edctva h\u013ead\u00e1me tie\u017e odborn\u00edkov na poskytnutie soci\u00e1lnej a psychologickej pomoci a anim\u00e1torov z farnost\u00ed pre pr\u00e1cu s de\u0165mi.<\/p>\n\n\n\n<p class=\"has-text-align-center has-background\" style=\"background-color:#e2e2e2\">Ak chcete pom\u00e1ha\u0165 ako dobrovo\u013en\u00edk, kontaktujte n\u00e1s mailom na&nbsp;<a href=\"mailto:varga@charita.sk\">dobrovolnictvo@charita.sk<\/a><\/p>\n\n\n\n<p>Do emailu uve\u010fte va\u0161e&nbsp;<strong>meno<\/strong>,&nbsp;<strong>mesto, kde \u017eijete<\/strong>,&nbsp;<strong>oblas\u0165, v ktorej viete pom\u00f4c\u0165&nbsp;<\/strong>a v\u00e1\u0161&nbsp;<strong>telefonick\u00fd a emailov\u00fd kontakt.<\/strong><\/p>\n\n\n\n<p><strong><strong><u>Kontakt pre m\u00e9di\u00e1:<\/u><\/strong> Monika Moln\u00e1rov\u00e1, +421 904 040 561<\/strong>, <strong><a href=\"mailto:molnarova@charita.sk\">molnarova@charita.sk<\/a><\/strong><\/p>\n","protected":false},"excerpt":{"rendered":"<p>Oslovili n\u00e1s priamo z pohrani\u010dn\u00fdch mies\u0165 Ub\u013ea a U\u017ehorod, kde s\u00farne zh\u00e1\u0148aj\u00fa: [&hellip;]<\/p>\n","protected":false},"author":2,"featured_media":2036,"comment_status":"open","ping_status":"open","sticky":false,"template":"","format":"standard","meta":{"footnotes":""},"categories":[18,3],"tags":[19,20],"class_list":["post-2035","post","type-post","status-publish","format-standard","has-post-thumbnail","hentry","category-ukrajina","category-zbierky","tag-ukrajina","tag-zbierka"],"yoast_head":"<!-- This site is optimized with the Yoast SEO plugin v25.4 - https:\/\/yoast.com\/wordpress\/plugins\/seo\/ -->\n<title>Ukrajina: materi\u00e1lna a potravinov\u00e1 zbierka | Charita vo svete<\/title>\n<meta name=\"robots\" content=\"index, follow, max-snippet:-1, max-image-preview:large, max-video-preview:-1\" \/>\n<link rel=\"canonical\" href=\"https:\/\/www.charita.sk\/svet\/ukrajina-materialna-a-potravinova-zbierka\/\" \/>\n<meta property=\"og:locale\" content=\"sk_SK\" \/>\n<meta property=\"og:type\" content=\"article\" \/>\n<meta property=\"og:title\" content=\"Ukrajina: materi\u00e1lna a potravinov\u00e1 zbierka | Charita vo svete\" \/>\n<meta property=\"og:description\" content=\"Oslovili n\u00e1s priamo z pohrani\u010dn\u00fdch mies\u0165 Ub\u013ea a U\u017ehorod, kde s\u00farne zh\u00e1\u0148aj\u00fa: [&hellip;]\" \/>\n<meta property=\"og:url\" content=\"https:\/\/www.charita.sk\/svet\/ukrajina-materialna-a-potravinova-zbierka\/\" \/>\n<meta property=\"og:site_name\" content=\"Charita vo svete\" \/>\n<meta property=\"article:publisher\" content=\"https:\/\/www.facebook.com\/CaritasSlovakia\/\" \/>\n<meta property=\"article:published_time\" content=\"2022-03-04T10:00:00+00:00\" \/>\n<meta property=\"article:modified_time\" content=\"2022-03-08T09:13:30+00:00\" \/>\n<meta property=\"og:image\" content=\"https:\/\/www.charita.sk\/svet\/wp-content\/uploads\/2022\/02\/16591227855_1f676a1ff0_b.jpg\" \/>\n\t<meta property=\"og:image:width\" content=\"1024\" \/>\n\t<meta property=\"og:image:height\" content=\"765\" \/>\n\t<meta property=\"og:image:type\" content=\"image\/jpeg\" \/>\n<meta name=\"author\" content=\"charita\" \/>\n<meta name=\"twitter:card\" content=\"summary_large_image\" \/>\n<meta name=\"twitter:label1\" content=\"Autor\" \/>\n\t<meta name=\"twitter:data1\" content=\"charita\" \/>\n\t<meta name=\"twitter:label2\" content=\"Predpokladan\u00fd \u010das \u010d\u00edtania\" \/>\n\t<meta name=\"twitter:data2\" content=\"4 min\u00faty\" \/>\n<script type=\"application\/ld+json\" class=\"yoast-schema-graph\">{\"@context\":\"https:\/\/schema.org\",\"@graph\":[{\"@type\":\"Article\",\"@id\":\"https:\/\/www.charita.sk\/svet\/ukrajina-materialna-a-potravinova-zbierka\/#article\",\"isPartOf\":{\"@id\":\"https:\/\/www.charita.sk\/svet\/ukrajina-materialna-a-potravinova-zbierka\/\"},\"author\":{\"name\":\"charita\",\"@id\":\"https:\/\/www.charita.sk\/svet\/#\/schema\/person\/5d4cac7d83d3ec0090a0c6bb00690ce4\"},\"headline\":\"Ukrajina: materi\u00e1lna a potravinov\u00e1 zbierka\",\"datePublished\":\"2022-03-04T10:00:00+00:00\",\"dateModified\":\"2022-03-08T09:13:30+00:00\",\"mainEntityOfPage\":{\"@id\":\"https:\/\/www.charita.sk\/svet\/ukrajina-materialna-a-potravinova-zbierka\/\"},\"wordCount\":795,\"commentCount\":0,\"publisher\":{\"@id\":\"https:\/\/www.charita.sk\/svet\/#organization\"},\"image\":{\"@id\":\"https:\/\/www.charita.sk\/svet\/ukrajina-materialna-a-potravinova-zbierka\/#primaryimage\"},\"thumbnailUrl\":\"https:\/\/www.charita.sk\/svet\/wp-content\/uploads\/2022\/02\/16591227855_1f676a1ff0_b.jpg\",\"keywords\":[\"ukrajina\",\"zbierka\"],\"articleSection\":[\"Ukrajina\",\"Zbierky\"],\"inLanguage\":\"sk-SK\",\"potentialAction\":[{\"@type\":\"CommentAction\",\"name\":\"Comment\",\"target\":[\"https:\/\/www.charita.sk\/svet\/ukrajina-materialna-a-potravinova-zbierka\/#respond\"]}]},{\"@type\":\"WebPage\",\"@id\":\"https:\/\/www.charita.sk\/svet\/ukrajina-materialna-a-potravinova-zbierka\/\",\"url\":\"https:\/\/www.charita.sk\/svet\/ukrajina-materialna-a-potravinova-zbierka\/\",\"name\":\"Ukrajina: materi\u00e1lna a potravinov\u00e1 zbierka | Charita vo svete\",\"isPartOf\":{\"@id\":\"https:\/\/www.charita.sk\/svet\/#website\"},\"primaryImageOfPage\":{\"@id\":\"https:\/\/www.charita.sk\/svet\/ukrajina-materialna-a-potravinova-zbierka\/#primaryimage\"},\"image\":{\"@id\":\"https:\/\/www.charita.sk\/svet\/ukrajina-materialna-a-potravinova-zbierka\/#primaryimage\"},\"thumbnailUrl\":\"https:\/\/www.charita.sk\/svet\/wp-content\/uploads\/2022\/02\/16591227855_1f676a1ff0_b.jpg\",\"datePublished\":\"2022-03-04T10:00:00+00:00\",\"dateModified\":\"2022-03-08T09:13:30+00:00\",\"breadcrumb\":{\"@id\":\"https:\/\/www.charita.sk\/svet\/ukrajina-materialna-a-potravinova-zbierka\/#breadcrumb\"},\"inLanguage\":\"sk-SK\",\"potentialAction\":[{\"@type\":\"ReadAction\",\"target\":[\"https:\/\/www.charita.sk\/svet\/ukrajina-materialna-a-potravinova-zbierka\/\"]}]},{\"@type\":\"ImageObject\",\"inLanguage\":\"sk-SK\",\"@id\":\"https:\/\/www.charita.sk\/svet\/ukrajina-materialna-a-potravinova-zbierka\/#primaryimage\",\"url\":\"https:\/\/www.charita.sk\/svet\/wp-content\/uploads\/2022\/02\/16591227855_1f676a1ff0_b.jpg\",\"contentUrl\":\"https:\/\/www.charita.sk\/svet\/wp-content\/uploads\/2022\/02\/16591227855_1f676a1ff0_b.jpg\",\"width\":1024,\"height\":765},{\"@type\":\"BreadcrumbList\",\"@id\":\"https:\/\/www.charita.sk\/svet\/ukrajina-materialna-a-potravinova-zbierka\/#breadcrumb\",\"itemListElement\":[{\"@type\":\"ListItem\",\"position\":1,\"name\":\"Domovsk\u00e1 str\u00e1nka\",\"item\":\"https:\/\/www.charita.sk\/svet\/\"},{\"@type\":\"ListItem\",\"position\":2,\"name\":\"Ukrajina: materi\u00e1lna a potravinov\u00e1 zbierka\"}]},{\"@type\":\"WebSite\",\"@id\":\"https:\/\/www.charita.sk\/svet\/#website\",\"url\":\"https:\/\/www.charita.sk\/svet\/\",\"name\":\"Charita vo svete\",\"description\":\"Slovensk\u00e1 katol\u00edcka charita pom\u00e1ha \u013eu\u010fom v n\u00fadzi vo svete\",\"publisher\":{\"@id\":\"https:\/\/www.charita.sk\/svet\/#organization\"},\"potentialAction\":[{\"@type\":\"SearchAction\",\"target\":{\"@type\":\"EntryPoint\",\"urlTemplate\":\"https:\/\/www.charita.sk\/svet\/?s={search_term_string}\"},\"query-input\":{\"@type\":\"PropertyValueSpecification\",\"valueRequired\":true,\"valueName\":\"search_term_string\"}}],\"inLanguage\":\"sk-SK\"},{\"@type\":\"Organization\",\"@id\":\"https:\/\/www.charita.sk\/svet\/#organization\",\"name\":\"Slovensk\u00e1 katol\u00edcka charita\",\"url\":\"https:\/\/www.charita.sk\/svet\/\",\"logo\":{\"@type\":\"ImageObject\",\"inLanguage\":\"sk-SK\",\"@id\":\"https:\/\/www.charita.sk\/svet\/#\/schema\/logo\/image\/\",\"url\":\"https:\/\/www.charita.sk\/pomoc-utecencom\/wp-content\/uploads\/2020\/11\/logo_pomoc_utecencom.jpg\",\"contentUrl\":\"https:\/\/www.charita.sk\/pomoc-utecencom\/wp-content\/uploads\/2020\/11\/logo_pomoc_utecencom.jpg\",\"width\":1712,\"height\":480,\"caption\":\"Slovensk\u00e1 katol\u00edcka charita\"},\"image\":{\"@id\":\"https:\/\/www.charita.sk\/svet\/#\/schema\/logo\/image\/\"},\"sameAs\":[\"https:\/\/www.facebook.com\/CaritasSlovakia\/\",\"https:\/\/www.instagram.com\/caritas_slovakia\/\",\"https:\/\/www.linkedin.com\/company\/caritas-slovakia-skch-\",\"https:\/\/www.youtube.com\/user\/katolickacharita\"]},{\"@type\":\"Person\",\"@id\":\"https:\/\/www.charita.sk\/svet\/#\/schema\/person\/5d4cac7d83d3ec0090a0c6bb00690ce4\",\"name\":\"charita\",\"image\":{\"@type\":\"ImageObject\",\"inLanguage\":\"sk-SK\",\"@id\":\"https:\/\/www.charita.sk\/svet\/#\/schema\/person\/image\/\",\"url\":\"https:\/\/secure.gravatar.com\/avatar\/d2e7ea30dee1a0c7a6b7277bd2f993803c4622836c7e0130a97819af162a837b?s=96&d=mm&r=g\",\"contentUrl\":\"https:\/\/secure.gravatar.com\/avatar\/d2e7ea30dee1a0c7a6b7277bd2f993803c4622836c7e0130a97819af162a837b?s=96&d=mm&r=g\",\"caption\":\"charita\"},\"url\":\"https:\/\/www.charita.sk\/svet\/author\/charita\/\"}]}<\/script>\n<!-- \/ Yoast SEO plugin. -->","yoast_head_json":{"title":"Ukrajina: materi\u00e1lna a potravinov\u00e1 zbierka | Charita vo svete","robots":{"index":"index","follow":"follow","max-snippet":"max-snippet:-1","max-image-preview":"max-image-preview:large","max-video-preview":"max-video-preview:-1"},"canonical":"https:\/\/www.charita.sk\/svet\/ukrajina-materialna-a-potravinova-zbierka\/","og_locale":"sk_SK","og_type":"article","og_title":"Ukrajina: materi\u00e1lna a potravinov\u00e1 zbierka | Charita vo svete","og_description":"Oslovili n\u00e1s priamo z pohrani\u010dn\u00fdch mies\u0165 Ub\u013ea a U\u017ehorod, kde s\u00farne zh\u00e1\u0148aj\u00fa: [&hellip;]","og_url":"https:\/\/www.charita.sk\/svet\/ukrajina-materialna-a-potravinova-zbierka\/","og_site_name":"Charita vo svete","article_publisher":"https:\/\/www.facebook.com\/CaritasSlovakia\/","article_published_time":"2022-03-04T10:00:00+00:00","article_modified_time":"2022-03-08T09:13:30+00:00","og_image":[{"width":1024,"height":765,"url":"https:\/\/www.charita.sk\/svet\/wp-content\/uploads\/2022\/02\/16591227855_1f676a1ff0_b.jpg","type":"image\/jpeg"}],"author":"charita","twitter_card":"summary_large_image","twitter_misc":{"Autor":"charita","Predpokladan\u00fd \u010das \u010d\u00edtania":"4 min\u00faty"},"schema":{"@context":"https:\/\/schema.org","@graph":[{"@type":"Article","@id":"https:\/\/www.charita.sk\/svet\/ukrajina-materialna-a-potravinova-zbierka\/#article","isPartOf":{"@id":"https:\/\/www.charita.sk\/svet\/ukrajina-materialna-a-potravinova-zbierka\/"},"author":{"name":"charita","@id":"https:\/\/www.charita.sk\/svet\/#\/schema\/person\/5d4cac7d83d3ec0090a0c6bb00690ce4"},"headline":"Ukrajina: materi\u00e1lna a potravinov\u00e1 zbierka","datePublished":"2022-03-04T10:00:00+00:00","dateModified":"2022-03-08T09:13:30+00:00","mainEntityOfPage":{"@id":"https:\/\/www.charita.sk\/svet\/ukrajina-materialna-a-potravinova-zbierka\/"},"wordCount":795,"commentCount":0,"publisher":{"@id":"https:\/\/www.charita.sk\/svet\/#organization"},"image":{"@id":"https:\/\/www.charita.sk\/svet\/ukrajina-materialna-a-potravinova-zbierka\/#primaryimage"},"thumbnailUrl":"https:\/\/www.charita.sk\/svet\/wp-content\/uploads\/2022\/02\/16591227855_1f676a1ff0_b.jpg","keywords":["ukrajina","zbierka"],"articleSection":["Ukrajina","Zbierky"],"inLanguage":"sk-SK","potentialAction":[{"@type":"CommentAction","name":"Comment","target":["https:\/\/www.charita.sk\/svet\/ukrajina-materialna-a-potravinova-zbierka\/#respond"]}]},{"@type":"WebPage","@id":"https:\/\/www.charita.sk\/svet\/ukrajina-materialna-a-potravinova-zbierka\/","url":"https:\/\/www.charita.sk\/svet\/ukrajina-materialna-a-potravinova-zbierka\/","name":"Ukrajina: materi\u00e1lna a potravinov\u00e1 zbierka | Charita vo svete","isPartOf":{"@id":"https:\/\/www.charita.sk\/svet\/#website"},"primaryImageOfPage":{"@id":"https:\/\/www.charita.sk\/svet\/ukrajina-materialna-a-potravinova-zbierka\/#primaryimage"},"image":{"@id":"https:\/\/www.charita.sk\/svet\/ukrajina-materialna-a-potravinova-zbierka\/#primaryimage"},"thumbnailUrl":"https:\/\/www.charita.sk\/svet\/wp-content\/uploads\/2022\/02\/16591227855_1f676a1ff0_b.jpg","datePublished":"2022-03-04T10:00:00+00:00","dateModified":"2022-03-08T09:13:30+00:00","breadcrumb":{"@id":"https:\/\/www.charita.sk\/svet\/ukrajina-materialna-a-potravinova-zbierka\/#breadcrumb"},"inLanguage":"sk-SK","potentialAction":[{"@type":"ReadAction","target":["https:\/\/www.charita.sk\/svet\/ukrajina-materialna-a-potravinova-zbierka\/"]}]},{"@type":"ImageObject","inLanguage":"sk-SK","@id":"https:\/\/www.charita.sk\/svet\/ukrajina-materialna-a-potravinova-zbierka\/#primaryimage","url":"https:\/\/www.charita.sk\/svet\/wp-content\/uploads\/2022\/02\/16591227855_1f676a1ff0_b.jpg","contentUrl":"https:\/\/www.charita.sk\/svet\/wp-content\/uploads\/2022\/02\/16591227855_1f676a1ff0_b.jpg","width":1024,"height":765},{"@type":"BreadcrumbList","@id":"https:\/\/www.charita.sk\/svet\/ukrajina-materialna-a-potravinova-zbierka\/#breadcrumb","itemListElement":[{"@type":"ListItem","position":1,"name":"Domovsk\u00e1 str\u00e1nka","item":"https:\/\/www.charita.sk\/svet\/"},{"@type":"ListItem","position":2,"name":"Ukrajina: materi\u00e1lna a potravinov\u00e1 zbierka"}]},{"@type":"WebSite","@id":"https:\/\/www.charita.sk\/svet\/#website","url":"https:\/\/www.charita.sk\/svet\/","name":"Charita vo svete","description":"Slovensk\u00e1 katol\u00edcka charita pom\u00e1ha \u013eu\u010fom v n\u00fadzi vo svete","publisher":{"@id":"https:\/\/www.charita.sk\/svet\/#organization"},"potentialAction":[{"@type":"SearchAction","target":{"@type":"EntryPoint","urlTemplate":"https:\/\/www.charita.sk\/svet\/?s={search_term_string}"},"query-input":{"@type":"PropertyValueSpecification","valueRequired":true,"valueName":"search_term_string"}}],"inLanguage":"sk-SK"},{"@type":"Organization","@id":"https:\/\/www.charita.sk\/svet\/#organization","name":"Slovensk\u00e1 katol\u00edcka charita","url":"https:\/\/www.charita.sk\/svet\/","logo":{"@type":"ImageObject","inLanguage":"sk-SK","@id":"https:\/\/www.charita.sk\/svet\/#\/schema\/logo\/image\/","url":"https:\/\/www.charita.sk\/pomoc-utecencom\/wp-content\/uploads\/2020\/11\/logo_pomoc_utecencom.jpg","contentUrl":"https:\/\/www.charita.sk\/pomoc-utecencom\/wp-content\/uploads\/2020\/11\/logo_pomoc_utecencom.jpg","width":1712,"height":480,"caption":"Slovensk\u00e1 katol\u00edcka charita"},"image":{"@id":"https:\/\/www.charita.sk\/svet\/#\/schema\/logo\/image\/"},"sameAs":["https:\/\/www.facebook.com\/CaritasSlovakia\/","https:\/\/www.instagram.com\/caritas_slovakia\/","https:\/\/www.linkedin.com\/company\/caritas-slovakia-skch-","https:\/\/www.youtube.com\/user\/katolickacharita"]},{"@type":"Person","@id":"https:\/\/www.charita.sk\/svet\/#\/schema\/person\/5d4cac7d83d3ec0090a0c6bb00690ce4","name":"charita","image":{"@type":"ImageObject","inLanguage":"sk-SK","@id":"https:\/\/www.charita.sk\/svet\/#\/schema\/person\/image\/","url":"https:\/\/secure.gravatar.com\/avatar\/d2e7ea30dee1a0c7a6b7277bd2f993803c4622836c7e0130a97819af162a837b?s=96&d=mm&r=g","contentUrl":"https:\/\/secure.gravatar.com\/avatar\/d2e7ea30dee1a0c7a6b7277bd2f993803c4622836c7e0130a97819af162a837b?s=96&d=mm&r=g","caption":"charita"},"url":"https:\/\/www.charita.sk\/svet\/author\/charita\/"}]}},"featured_image_src":"https:\/\/www.charita.sk\/svet\/wp-content\/uploads\/2022\/02\/16591227855_1f676a1ff0_b-600x400.jpg","featured_image_src_square":"https:\/\/www.charita.sk\/svet\/wp-content\/uploads\/2022\/02\/16591227855_1f676a1ff0_b-600x600.jpg","author_info":{"display_name":"charita","author_link":"https:\/\/www.charita.sk\/svet\/author\/charita\/"},"_links":{"self":[{"href":"https:\/\/www.charita.sk\/svet\/wp-json\/wp\/v2\/posts\/2035","targetHints":{"allow":["GET"]}}],"collection":[{"href":"https:\/\/www.charita.sk\/svet\/wp-json\/wp\/v2\/posts"}],"about":[{"href":"https:\/\/www.charita.sk\/svet\/wp-json\/wp\/v2\/types\/post"}],"author":[{"embeddable":true,"href":"https:\/\/www.charita.sk\/svet\/wp-json\/wp\/v2\/users\/2"}],"replies":[{"embeddable":true,"href":"https:\/\/www.charita.sk\/svet\/wp-json\/wp\/v2\/comments?post=2035"}],"version-history":[{"count":9,"href":"https:\/\/www.charita.sk\/svet\/wp-json\/wp\/v2\/posts\/2035\/revisions"}],"predecessor-version":[{"id":2094,"href":"https:\/\/www.charita.sk\/svet\/wp-json\/wp\/v2\/posts\/2035\/revisions\/2094"}],"wp:featuredmedia":[{"embeddable":true,"href":"https:\/\/www.charita.sk\/svet\/wp-json\/wp\/v2\/media\/2036"}],"wp:attachment":[{"href":"https:\/\/www.charita.sk\/svet\/wp-json\/wp\/v2\/media?parent=2035"}],"wp:term":[{"taxonomy":"category","embeddable":true,"href":"https:\/\/www.charita.sk\/svet\/wp-json\/wp\/v2\/categories?post=2035"},{"taxonomy":"post_tag","embeddable":true,"href":"https:\/\/www.charita.sk\/svet\/wp-json\/wp\/v2\/tags?post=2035"}],"curies":[{"name":"wp","href":"https:\/\/api.w.org\/{rel}","templated":true}]}}