{"id":2095,"date":"2022-03-08T10:38:08","date_gmt":"2022-03-08T09:38:08","guid":{"rendered":"https:\/\/www.charita.sk\/pomoc-utecencom\/?p=2095"},"modified":"2022-03-09T16:49:36","modified_gmt":"2022-03-09T15:49:36","slug":"pomoc-na-ukrajine-spravy-z-caritas-donetsk","status":"publish","type":"post","link":"https:\/\/www.charita.sk\/svet\/pomoc-na-ukrajine-spravy-z-caritas-donetsk\/","title":{"rendered":"Pomoc na Ukrajine: Spr\u00e1vy z Caritas Donetsk"},"content":{"rendered":"\n<p><em><strong>Pre\u010d\u00edtajte si, ako pom\u00e1haj\u00fa zamestanci Caritas Donetsk v meste Dnipro, do ktor\u00e9ho sa n\u00fatene pres\u0165ahovali e\u0161te v roku 2014.<\/strong><\/em><\/p>\n\n\n\n<p><em>\u201eMno\u017estvo kolegov cez de\u0148 pom\u00e1ha priamo v ter\u00e9ne. Nateraz sme prich\u00fdlili 20 \u013eud\u00ed, najm\u00e4 matky s de\u0165mi. Utiekli z bojovej z\u00f3ny a nestihli si so sebou vzia\u0165 ani to najnutnej\u0161ie ako hygienick\u00e9 potreby, potraviny, lieky. Teraz sa sna\u017e\u00edme o to v\u0161etko postara\u0165,\u201c<\/em> informovala n\u00e1s Svitlana z t\u00edmu Caritas Donetsk.<\/p>\n\n\n\n<p>Rodiny si v\u010faka pouk\u00e1\u017ekam, ktor\u00e9 sme zaobstarali <a href=\"https:\/\/www.charita.sk\/svet\/poukazky-a-psychologicka-podpora-pre-vnutornych-vysidlencov\/\">v spolo\u010dnom projekte<\/a>, mohli zak\u00fapi\u0165 lieky, dostali aj potravinov\u00e9 bal\u00ed\u010dky a hlavn\u00e9 hygienick\u00e9 potreby \u2013 zubn\u00fa pastu, kefku, mydlo, sprchov\u00e9 g\u00e9ly, \u0161amp\u00f3n a \u010fal\u0161ie. V\u010faka n\u00e1\u0161mu dlhodob\u00e9mu partnerstvu a darcom zo Slovenska m\u00e1 Caritas Donetsk v t\u00edme psychol\u00f3gov, ktor\u00fdm nech\u00fdbaj\u00fa sk\u00fasenosti s pomocou vn\u00fatorn\u00fdm vys\u00eddlencom. Rodin\u00e1m venuj\u00fa svoj \u010das, dobr\u00e9 srdce a po\u010d\u00favaj\u00fa, \u010do pre\u017e\u00edvaj\u00fa.<\/p>\n\n\n\n<figure class=\"wp-block-gallery has-nested-images columns-2 is-cropped wp-block-gallery-1 is-layout-flex wp-block-gallery-is-layout-flex\">\n<figure class=\"wp-block-image size-large\"><a href=\"https:\/\/www.charita.sk\/svet\/wp-content\/uploads\/2022\/03\/\u0438\u0437\u043e\u0431\u0440\u0430\u0436\u0435\u043d\u0438\u0435_viber_2022-02-28_14-16-33-368.jpg\"><img fetchpriority=\"high\" decoding=\"async\" width=\"768\" height=\"1024\" data-id=\"2096\" src=\"https:\/\/www.charita.sk\/svet\/wp-content\/uploads\/2022\/03\/\u0438\u0437\u043e\u0431\u0440\u0430\u0436\u0435\u043d\u0438\u0435_viber_2022-02-28_14-16-33-368-768x1024.jpg\" alt=\"\" class=\"wp-image-2096\" srcset=\"https:\/\/www.charita.sk\/svet\/wp-content\/uploads\/2022\/03\/\u0438\u0437\u043e\u0431\u0440\u0430\u0436\u0435\u043d\u0438\u0435_viber_2022-02-28_14-16-33-368-768x1024.jpg 768w, https:\/\/www.charita.sk\/svet\/wp-content\/uploads\/2022\/03\/\u0438\u0437\u043e\u0431\u0440\u0430\u0436\u0435\u043d\u0438\u0435_viber_2022-02-28_14-16-33-368-225x300.jpg 225w, https:\/\/www.charita.sk\/svet\/wp-content\/uploads\/2022\/03\/\u0438\u0437\u043e\u0431\u0440\u0430\u0436\u0435\u043d\u0438\u0435_viber_2022-02-28_14-16-33-368-1152x1536.jpg 1152w, https:\/\/www.charita.sk\/svet\/wp-content\/uploads\/2022\/03\/\u0438\u0437\u043e\u0431\u0440\u0430\u0436\u0435\u043d\u0438\u0435_viber_2022-02-28_14-16-33-368.jpg 1200w\" sizes=\"(max-width: 768px) 100vw, 768px\" \/><\/a><\/figure>\n\n\n\n<figure class=\"wp-block-image size-large\"><a href=\"https:\/\/www.charita.sk\/svet\/wp-content\/uploads\/2022\/03\/\u0438\u0437\u043e\u0431\u0440\u0430\u0436\u0435\u043d\u0438\u0435_viber_2022-02-28_16-19-38-799.jpg\"><img decoding=\"async\" width=\"577\" height=\"1024\" data-id=\"2097\" src=\"https:\/\/www.charita.sk\/svet\/wp-content\/uploads\/2022\/03\/\u0438\u0437\u043e\u0431\u0440\u0430\u0436\u0435\u043d\u0438\u0435_viber_2022-02-28_16-19-38-799-577x1024.jpg\" alt=\"\" class=\"wp-image-2097\" srcset=\"https:\/\/www.charita.sk\/svet\/wp-content\/uploads\/2022\/03\/\u0438\u0437\u043e\u0431\u0440\u0430\u0436\u0435\u043d\u0438\u0435_viber_2022-02-28_16-19-38-799-577x1024.jpg 577w, https:\/\/www.charita.sk\/svet\/wp-content\/uploads\/2022\/03\/\u0438\u0437\u043e\u0431\u0440\u0430\u0436\u0435\u043d\u0438\u0435_viber_2022-02-28_16-19-38-799-169x300.jpg 169w, https:\/\/www.charita.sk\/svet\/wp-content\/uploads\/2022\/03\/\u0438\u0437\u043e\u0431\u0440\u0430\u0436\u0435\u043d\u0438\u0435_viber_2022-02-28_16-19-38-799-768x1364.jpg 768w, https:\/\/www.charita.sk\/svet\/wp-content\/uploads\/2022\/03\/\u0438\u0437\u043e\u0431\u0440\u0430\u0436\u0435\u043d\u0438\u0435_viber_2022-02-28_16-19-38-799-865x1536.jpg 865w, https:\/\/www.charita.sk\/svet\/wp-content\/uploads\/2022\/03\/\u0438\u0437\u043e\u0431\u0440\u0430\u0436\u0435\u043d\u0438\u0435_viber_2022-02-28_16-19-38-799.jpg 901w\" sizes=\"(max-width: 577px) 100vw, 577px\" \/><\/a><\/figure>\n<\/figure>\n\n\n\n<p class=\"has-text-align-left\"><img decoding=\"async\" height=\"16\" width=\"16\" src=\"https:\/\/static.xx.fbcdn.net\/images\/emoji.php\/v9\/t5d\/1\/16\/1f4f7.png\" alt=\"\ud83d\udcf7\"> Na fotk\u00e1ch s\u00fa rodiny, o ktor\u00e9 sa moment\u00e1lne star\u00e1 t\u00edm Caritas Donetsk.<\/p>\n\n\n\n<p><strong>V&nbsp;zbierke, ktor\u00fa charita vyhl\u00e1sila na pomoc \u013eu\u010fom z Ukrajiny sa vyzbieralo u\u017e vy\u0161e 750&nbsp;000 \u20ac<\/strong>. Z&nbsp;tejto sumy bolo uvo\u013enen\u00fdch 40-tis\u00edc zaslan\u00fdch ukrajinskej charite (Caritas \u2013 Spes), ktor\u00e1 je nasaden\u00e1 v&nbsp;pomoci miestnym, a&nbsp;25-tis\u00edc diec\u00e9znym a&nbsp;arcidiec\u00e9znym charit\u00e1m na Slovensku, ktor\u00e9 poskytuj\u00fa ak\u00fatnu pomoc ute\u010dencom na Slovensku.<\/p>\n\n\n\n<p class=\"has-text-align-center has-background\" style=\"background-color:#d9cb9e\">Prispie\u0165 na pomoc Ukrajine je mo\u017en\u00e9 aj na\u010falej na <a href=\"http:\/\/www.charita.darujme.sk\/ukrajina\/\" target=\"_blank\" rel=\"noreferrer noopener\">www.charita.darujme.sk\/ukrajina\/<\/a>&nbsp;alebo prevodom na \u00fa\u010det SK93 1100 0000 0029 4546 3097, VS 380.<\/p>\n\n\n\n<div class=\"wp-block-buttons is-content-justification-center is-layout-flex wp-container-core-buttons-is-layout-16018d1d wp-block-buttons-is-layout-flex\">\n<div class=\"wp-block-button\"><a class=\"wp-block-button__link has-white-color has-text-color has-background\" style=\"background-color:#c42f41\">Pom\u00f4\u017eme teraz\ud83c\uddfa\ud83c\udde6<\/a><\/div>\n<\/div>\n","protected":false},"excerpt":{"rendered":"<p>Pre\u010d\u00edtajte si, ako pom\u00e1haj\u00fa zamestanci Caritas Donetsk v meste Dnipro, do ktor\u00e9ho [&hellip;]<\/p>\n","protected":false},"author":2,"featured_media":2098,"comment_status":"open","ping_status":"open","sticky":false,"template":"","format":"standard","meta":{"footnotes":""},"categories":[18,3],"tags":[7,6,30,19],"class_list":["post-2095","post","type-post","status-publish","format-standard","has-post-thumbnail","hentry","category-ukrajina","category-zbierky","tag-charita","tag-pomoc","tag-poukazky-2","tag-ukrajina"],"yoast_head":"<!-- This site is optimized with the Yoast SEO plugin v25.4 - https:\/\/yoast.com\/wordpress\/plugins\/seo\/ -->\n<title>Pomoc na Ukrajine: Spr\u00e1vy z Caritas Donetsk | Charita vo svete<\/title>\n<meta name=\"robots\" content=\"index, follow, max-snippet:-1, max-image-preview:large, max-video-preview:-1\" \/>\n<link rel=\"canonical\" href=\"https:\/\/www.charita.sk\/svet\/pomoc-na-ukrajine-spravy-z-caritas-donetsk\/\" \/>\n<meta property=\"og:locale\" content=\"sk_SK\" \/>\n<meta property=\"og:type\" content=\"article\" \/>\n<meta property=\"og:title\" content=\"Pomoc na Ukrajine: Spr\u00e1vy z Caritas Donetsk | Charita vo svete\" \/>\n<meta property=\"og:description\" content=\"Pre\u010d\u00edtajte si, ako pom\u00e1haj\u00fa zamestanci Caritas Donetsk v meste Dnipro, do ktor\u00e9ho [&hellip;]\" \/>\n<meta property=\"og:url\" content=\"https:\/\/www.charita.sk\/svet\/pomoc-na-ukrajine-spravy-z-caritas-donetsk\/\" \/>\n<meta property=\"og:site_name\" content=\"Charita vo svete\" \/>\n<meta property=\"article:publisher\" content=\"https:\/\/www.facebook.com\/CaritasSlovakia\/\" \/>\n<meta property=\"article:published_time\" content=\"2022-03-08T09:38:08+00:00\" \/>\n<meta property=\"article:modified_time\" content=\"2022-03-09T15:49:36+00:00\" \/>\n<meta property=\"og:image\" content=\"https:\/\/www.charita.sk\/svet\/wp-content\/uploads\/2022\/03\/IMG_20220228_140556-scaled.jpg\" \/>\n\t<meta property=\"og:image:width\" content=\"2560\" \/>\n\t<meta property=\"og:image:height\" content=\"1152\" \/>\n\t<meta property=\"og:image:type\" content=\"image\/jpeg\" \/>\n<meta name=\"author\" content=\"charita\" \/>\n<meta name=\"twitter:card\" content=\"summary_large_image\" \/>\n<meta name=\"twitter:label1\" content=\"Autor\" \/>\n\t<meta name=\"twitter:data1\" content=\"charita\" \/>\n\t<meta name=\"twitter:label2\" content=\"Predpokladan\u00fd \u010das \u010d\u00edtania\" \/>\n\t<meta name=\"twitter:data2\" content=\"1 min\u00fata\" \/>\n<script type=\"application\/ld+json\" class=\"yoast-schema-graph\">{\"@context\":\"https:\/\/schema.org\",\"@graph\":[{\"@type\":\"Article\",\"@id\":\"https:\/\/www.charita.sk\/svet\/pomoc-na-ukrajine-spravy-z-caritas-donetsk\/#article\",\"isPartOf\":{\"@id\":\"https:\/\/www.charita.sk\/svet\/pomoc-na-ukrajine-spravy-z-caritas-donetsk\/\"},\"author\":{\"name\":\"charita\",\"@id\":\"https:\/\/www.charita.sk\/svet\/#\/schema\/person\/5d4cac7d83d3ec0090a0c6bb00690ce4\"},\"headline\":\"Pomoc na Ukrajine: Spr\u00e1vy z Caritas Donetsk\",\"datePublished\":\"2022-03-08T09:38:08+00:00\",\"dateModified\":\"2022-03-09T15:49:36+00:00\",\"mainEntityOfPage\":{\"@id\":\"https:\/\/www.charita.sk\/svet\/pomoc-na-ukrajine-spravy-z-caritas-donetsk\/\"},\"wordCount\":280,\"commentCount\":0,\"publisher\":{\"@id\":\"https:\/\/www.charita.sk\/svet\/#organization\"},\"image\":{\"@id\":\"https:\/\/www.charita.sk\/svet\/pomoc-na-ukrajine-spravy-z-caritas-donetsk\/#primaryimage\"},\"thumbnailUrl\":\"https:\/\/www.charita.sk\/svet\/wp-content\/uploads\/2022\/03\/IMG_20220228_140556-scaled.jpg\",\"keywords\":[\"charita\",\"pomoc\",\"poukazky\",\"ukrajina\"],\"articleSection\":[\"Ukrajina\",\"Zbierky\"],\"inLanguage\":\"sk-SK\",\"potentialAction\":[{\"@type\":\"CommentAction\",\"name\":\"Comment\",\"target\":[\"https:\/\/www.charita.sk\/svet\/pomoc-na-ukrajine-spravy-z-caritas-donetsk\/#respond\"]}]},{\"@type\":\"WebPage\",\"@id\":\"https:\/\/www.charita.sk\/svet\/pomoc-na-ukrajine-spravy-z-caritas-donetsk\/\",\"url\":\"https:\/\/www.charita.sk\/svet\/pomoc-na-ukrajine-spravy-z-caritas-donetsk\/\",\"name\":\"Pomoc na Ukrajine: Spr\u00e1vy z Caritas Donetsk | Charita vo svete\",\"isPartOf\":{\"@id\":\"https:\/\/www.charita.sk\/svet\/#website\"},\"primaryImageOfPage\":{\"@id\":\"https:\/\/www.charita.sk\/svet\/pomoc-na-ukrajine-spravy-z-caritas-donetsk\/#primaryimage\"},\"image\":{\"@id\":\"https:\/\/www.charita.sk\/svet\/pomoc-na-ukrajine-spravy-z-caritas-donetsk\/#primaryimage\"},\"thumbnailUrl\":\"https:\/\/www.charita.sk\/svet\/wp-content\/uploads\/2022\/03\/IMG_20220228_140556-scaled.jpg\",\"datePublished\":\"2022-03-08T09:38:08+00:00\",\"dateModified\":\"2022-03-09T15:49:36+00:00\",\"breadcrumb\":{\"@id\":\"https:\/\/www.charita.sk\/svet\/pomoc-na-ukrajine-spravy-z-caritas-donetsk\/#breadcrumb\"},\"inLanguage\":\"sk-SK\",\"potentialAction\":[{\"@type\":\"ReadAction\",\"target\":[\"https:\/\/www.charita.sk\/svet\/pomoc-na-ukrajine-spravy-z-caritas-donetsk\/\"]}]},{\"@type\":\"ImageObject\",\"inLanguage\":\"sk-SK\",\"@id\":\"https:\/\/www.charita.sk\/svet\/pomoc-na-ukrajine-spravy-z-caritas-donetsk\/#primaryimage\",\"url\":\"https:\/\/www.charita.sk\/svet\/wp-content\/uploads\/2022\/03\/IMG_20220228_140556-scaled.jpg\",\"contentUrl\":\"https:\/\/www.charita.sk\/svet\/wp-content\/uploads\/2022\/03\/IMG_20220228_140556-scaled.jpg\",\"width\":2560,\"height\":1152},{\"@type\":\"BreadcrumbList\",\"@id\":\"https:\/\/www.charita.sk\/svet\/pomoc-na-ukrajine-spravy-z-caritas-donetsk\/#breadcrumb\",\"itemListElement\":[{\"@type\":\"ListItem\",\"position\":1,\"name\":\"Domovsk\u00e1 str\u00e1nka\",\"item\":\"https:\/\/www.charita.sk\/svet\/\"},{\"@type\":\"ListItem\",\"position\":2,\"name\":\"Pomoc na Ukrajine: Spr\u00e1vy z Caritas Donetsk\"}]},{\"@type\":\"WebSite\",\"@id\":\"https:\/\/www.charita.sk\/svet\/#website\",\"url\":\"https:\/\/www.charita.sk\/svet\/\",\"name\":\"Charita vo svete\",\"description\":\"Slovensk\u00e1 katol\u00edcka charita pom\u00e1ha \u013eu\u010fom v n\u00fadzi vo svete\",\"publisher\":{\"@id\":\"https:\/\/www.charita.sk\/svet\/#organization\"},\"potentialAction\":[{\"@type\":\"SearchAction\",\"target\":{\"@type\":\"EntryPoint\",\"urlTemplate\":\"https:\/\/www.charita.sk\/svet\/?s={search_term_string}\"},\"query-input\":{\"@type\":\"PropertyValueSpecification\",\"valueRequired\":true,\"valueName\":\"search_term_string\"}}],\"inLanguage\":\"sk-SK\"},{\"@type\":\"Organization\",\"@id\":\"https:\/\/www.charita.sk\/svet\/#organization\",\"name\":\"Slovensk\u00e1 katol\u00edcka charita\",\"url\":\"https:\/\/www.charita.sk\/svet\/\",\"logo\":{\"@type\":\"ImageObject\",\"inLanguage\":\"sk-SK\",\"@id\":\"https:\/\/www.charita.sk\/svet\/#\/schema\/logo\/image\/\",\"url\":\"https:\/\/www.charita.sk\/pomoc-utecencom\/wp-content\/uploads\/2020\/11\/logo_pomoc_utecencom.jpg\",\"contentUrl\":\"https:\/\/www.charita.sk\/pomoc-utecencom\/wp-content\/uploads\/2020\/11\/logo_pomoc_utecencom.jpg\",\"width\":1712,\"height\":480,\"caption\":\"Slovensk\u00e1 katol\u00edcka charita\"},\"image\":{\"@id\":\"https:\/\/www.charita.sk\/svet\/#\/schema\/logo\/image\/\"},\"sameAs\":[\"https:\/\/www.facebook.com\/CaritasSlovakia\/\",\"https:\/\/www.instagram.com\/caritas_slovakia\/\",\"https:\/\/www.linkedin.com\/company\/caritas-slovakia-skch-\",\"https:\/\/www.youtube.com\/user\/katolickacharita\"]},{\"@type\":\"Person\",\"@id\":\"https:\/\/www.charita.sk\/svet\/#\/schema\/person\/5d4cac7d83d3ec0090a0c6bb00690ce4\",\"name\":\"charita\",\"image\":{\"@type\":\"ImageObject\",\"inLanguage\":\"sk-SK\",\"@id\":\"https:\/\/www.charita.sk\/svet\/#\/schema\/person\/image\/\",\"url\":\"https:\/\/secure.gravatar.com\/avatar\/d2e7ea30dee1a0c7a6b7277bd2f993803c4622836c7e0130a97819af162a837b?s=96&d=mm&r=g\",\"contentUrl\":\"https:\/\/secure.gravatar.com\/avatar\/d2e7ea30dee1a0c7a6b7277bd2f993803c4622836c7e0130a97819af162a837b?s=96&d=mm&r=g\",\"caption\":\"charita\"},\"url\":\"https:\/\/www.charita.sk\/svet\/author\/charita\/\"}]}<\/script>\n<!-- \/ Yoast SEO plugin. -->","yoast_head_json":{"title":"Pomoc na Ukrajine: Spr\u00e1vy z Caritas Donetsk | Charita vo svete","robots":{"index":"index","follow":"follow","max-snippet":"max-snippet:-1","max-image-preview":"max-image-preview:large","max-video-preview":"max-video-preview:-1"},"canonical":"https:\/\/www.charita.sk\/svet\/pomoc-na-ukrajine-spravy-z-caritas-donetsk\/","og_locale":"sk_SK","og_type":"article","og_title":"Pomoc na Ukrajine: Spr\u00e1vy z Caritas Donetsk | Charita vo svete","og_description":"Pre\u010d\u00edtajte si, ako pom\u00e1haj\u00fa zamestanci Caritas Donetsk v meste Dnipro, do ktor\u00e9ho [&hellip;]","og_url":"https:\/\/www.charita.sk\/svet\/pomoc-na-ukrajine-spravy-z-caritas-donetsk\/","og_site_name":"Charita vo svete","article_publisher":"https:\/\/www.facebook.com\/CaritasSlovakia\/","article_published_time":"2022-03-08T09:38:08+00:00","article_modified_time":"2022-03-09T15:49:36+00:00","og_image":[{"width":2560,"height":1152,"url":"https:\/\/www.charita.sk\/svet\/wp-content\/uploads\/2022\/03\/IMG_20220228_140556-scaled.jpg","type":"image\/jpeg"}],"author":"charita","twitter_card":"summary_large_image","twitter_misc":{"Autor":"charita","Predpokladan\u00fd \u010das \u010d\u00edtania":"1 min\u00fata"},"schema":{"@context":"https:\/\/schema.org","@graph":[{"@type":"Article","@id":"https:\/\/www.charita.sk\/svet\/pomoc-na-ukrajine-spravy-z-caritas-donetsk\/#article","isPartOf":{"@id":"https:\/\/www.charita.sk\/svet\/pomoc-na-ukrajine-spravy-z-caritas-donetsk\/"},"author":{"name":"charita","@id":"https:\/\/www.charita.sk\/svet\/#\/schema\/person\/5d4cac7d83d3ec0090a0c6bb00690ce4"},"headline":"Pomoc na Ukrajine: Spr\u00e1vy z Caritas Donetsk","datePublished":"2022-03-08T09:38:08+00:00","dateModified":"2022-03-09T15:49:36+00:00","mainEntityOfPage":{"@id":"https:\/\/www.charita.sk\/svet\/pomoc-na-ukrajine-spravy-z-caritas-donetsk\/"},"wordCount":280,"commentCount":0,"publisher":{"@id":"https:\/\/www.charita.sk\/svet\/#organization"},"image":{"@id":"https:\/\/www.charita.sk\/svet\/pomoc-na-ukrajine-spravy-z-caritas-donetsk\/#primaryimage"},"thumbnailUrl":"https:\/\/www.charita.sk\/svet\/wp-content\/uploads\/2022\/03\/IMG_20220228_140556-scaled.jpg","keywords":["charita","pomoc","poukazky","ukrajina"],"articleSection":["Ukrajina","Zbierky"],"inLanguage":"sk-SK","potentialAction":[{"@type":"CommentAction","name":"Comment","target":["https:\/\/www.charita.sk\/svet\/pomoc-na-ukrajine-spravy-z-caritas-donetsk\/#respond"]}]},{"@type":"WebPage","@id":"https:\/\/www.charita.sk\/svet\/pomoc-na-ukrajine-spravy-z-caritas-donetsk\/","url":"https:\/\/www.charita.sk\/svet\/pomoc-na-ukrajine-spravy-z-caritas-donetsk\/","name":"Pomoc na Ukrajine: Spr\u00e1vy z Caritas Donetsk | Charita vo svete","isPartOf":{"@id":"https:\/\/www.charita.sk\/svet\/#website"},"primaryImageOfPage":{"@id":"https:\/\/www.charita.sk\/svet\/pomoc-na-ukrajine-spravy-z-caritas-donetsk\/#primaryimage"},"image":{"@id":"https:\/\/www.charita.sk\/svet\/pomoc-na-ukrajine-spravy-z-caritas-donetsk\/#primaryimage"},"thumbnailUrl":"https:\/\/www.charita.sk\/svet\/wp-content\/uploads\/2022\/03\/IMG_20220228_140556-scaled.jpg","datePublished":"2022-03-08T09:38:08+00:00","dateModified":"2022-03-09T15:49:36+00:00","breadcrumb":{"@id":"https:\/\/www.charita.sk\/svet\/pomoc-na-ukrajine-spravy-z-caritas-donetsk\/#breadcrumb"},"inLanguage":"sk-SK","potentialAction":[{"@type":"ReadAction","target":["https:\/\/www.charita.sk\/svet\/pomoc-na-ukrajine-spravy-z-caritas-donetsk\/"]}]},{"@type":"ImageObject","inLanguage":"sk-SK","@id":"https:\/\/www.charita.sk\/svet\/pomoc-na-ukrajine-spravy-z-caritas-donetsk\/#primaryimage","url":"https:\/\/www.charita.sk\/svet\/wp-content\/uploads\/2022\/03\/IMG_20220228_140556-scaled.jpg","contentUrl":"https:\/\/www.charita.sk\/svet\/wp-content\/uploads\/2022\/03\/IMG_20220228_140556-scaled.jpg","width":2560,"height":1152},{"@type":"BreadcrumbList","@id":"https:\/\/www.charita.sk\/svet\/pomoc-na-ukrajine-spravy-z-caritas-donetsk\/#breadcrumb","itemListElement":[{"@type":"ListItem","position":1,"name":"Domovsk\u00e1 str\u00e1nka","item":"https:\/\/www.charita.sk\/svet\/"},{"@type":"ListItem","position":2,"name":"Pomoc na Ukrajine: Spr\u00e1vy z Caritas Donetsk"}]},{"@type":"WebSite","@id":"https:\/\/www.charita.sk\/svet\/#website","url":"https:\/\/www.charita.sk\/svet\/","name":"Charita vo svete","description":"Slovensk\u00e1 katol\u00edcka charita pom\u00e1ha \u013eu\u010fom v n\u00fadzi vo svete","publisher":{"@id":"https:\/\/www.charita.sk\/svet\/#organization"},"potentialAction":[{"@type":"SearchAction","target":{"@type":"EntryPoint","urlTemplate":"https:\/\/www.charita.sk\/svet\/?s={search_term_string}"},"query-input":{"@type":"PropertyValueSpecification","valueRequired":true,"valueName":"search_term_string"}}],"inLanguage":"sk-SK"},{"@type":"Organization","@id":"https:\/\/www.charita.sk\/svet\/#organization","name":"Slovensk\u00e1 katol\u00edcka charita","url":"https:\/\/www.charita.sk\/svet\/","logo":{"@type":"ImageObject","inLanguage":"sk-SK","@id":"https:\/\/www.charita.sk\/svet\/#\/schema\/logo\/image\/","url":"https:\/\/www.charita.sk\/pomoc-utecencom\/wp-content\/uploads\/2020\/11\/logo_pomoc_utecencom.jpg","contentUrl":"https:\/\/www.charita.sk\/pomoc-utecencom\/wp-content\/uploads\/2020\/11\/logo_pomoc_utecencom.jpg","width":1712,"height":480,"caption":"Slovensk\u00e1 katol\u00edcka charita"},"image":{"@id":"https:\/\/www.charita.sk\/svet\/#\/schema\/logo\/image\/"},"sameAs":["https:\/\/www.facebook.com\/CaritasSlovakia\/","https:\/\/www.instagram.com\/caritas_slovakia\/","https:\/\/www.linkedin.com\/company\/caritas-slovakia-skch-","https:\/\/www.youtube.com\/user\/katolickacharita"]},{"@type":"Person","@id":"https:\/\/www.charita.sk\/svet\/#\/schema\/person\/5d4cac7d83d3ec0090a0c6bb00690ce4","name":"charita","image":{"@type":"ImageObject","inLanguage":"sk-SK","@id":"https:\/\/www.charita.sk\/svet\/#\/schema\/person\/image\/","url":"https:\/\/secure.gravatar.com\/avatar\/d2e7ea30dee1a0c7a6b7277bd2f993803c4622836c7e0130a97819af162a837b?s=96&d=mm&r=g","contentUrl":"https:\/\/secure.gravatar.com\/avatar\/d2e7ea30dee1a0c7a6b7277bd2f993803c4622836c7e0130a97819af162a837b?s=96&d=mm&r=g","caption":"charita"},"url":"https:\/\/www.charita.sk\/svet\/author\/charita\/"}]}},"featured_image_src":"https:\/\/www.charita.sk\/svet\/wp-content\/uploads\/2022\/03\/IMG_20220228_140556-600x400.jpg","featured_image_src_square":"https:\/\/www.charita.sk\/svet\/wp-content\/uploads\/2022\/03\/IMG_20220228_140556-600x600.jpg","author_info":{"display_name":"charita","author_link":"https:\/\/www.charita.sk\/svet\/author\/charita\/"},"_links":{"self":[{"href":"https:\/\/www.charita.sk\/svet\/wp-json\/wp\/v2\/posts\/2095","targetHints":{"allow":["GET"]}}],"collection":[{"href":"https:\/\/www.charita.sk\/svet\/wp-json\/wp\/v2\/posts"}],"about":[{"href":"https:\/\/www.charita.sk\/svet\/wp-json\/wp\/v2\/types\/post"}],"author":[{"embeddable":true,"href":"https:\/\/www.charita.sk\/svet\/wp-json\/wp\/v2\/users\/2"}],"replies":[{"embeddable":true,"href":"https:\/\/www.charita.sk\/svet\/wp-json\/wp\/v2\/comments?post=2095"}],"version-history":[{"count":3,"href":"https:\/\/www.charita.sk\/svet\/wp-json\/wp\/v2\/posts\/2095\/revisions"}],"predecessor-version":[{"id":2109,"href":"https:\/\/www.charita.sk\/svet\/wp-json\/wp\/v2\/posts\/2095\/revisions\/2109"}],"wp:featuredmedia":[{"embeddable":true,"href":"https:\/\/www.charita.sk\/svet\/wp-json\/wp\/v2\/media\/2098"}],"wp:attachment":[{"href":"https:\/\/www.charita.sk\/svet\/wp-json\/wp\/v2\/media?parent=2095"}],"wp:term":[{"taxonomy":"category","embeddable":true,"href":"https:\/\/www.charita.sk\/svet\/wp-json\/wp\/v2\/categories?post=2095"},{"taxonomy":"post_tag","embeddable":true,"href":"https:\/\/www.charita.sk\/svet\/wp-json\/wp\/v2\/tags?post=2095"}],"curies":[{"name":"wp","href":"https:\/\/api.w.org\/{rel}","templated":true}]}}