{"id":2110,"date":"2022-03-15T11:19:00","date_gmt":"2022-03-15T10:19:00","guid":{"rendered":"https:\/\/www.charita.sk\/pomoc-utecencom\/?p=2110"},"modified":"2022-03-18T11:53:34","modified_gmt":"2022-03-18T10:53:34","slug":"zamestnanci-caritas-donetsk-museli-utiect-do-lvova-pomahaju-aj-tam","status":"publish","type":"post","link":"https:\/\/www.charita.sk\/svet\/zamestnanci-caritas-donetsk-museli-utiect-do-lvova-pomahaju-aj-tam\/","title":{"rendered":"Zamestnanci Caritas Donetsk museli utiec\u0165 do \u013dvova, pom\u00e1haj\u00fa aj tam"},"content":{"rendered":"\n<p><em>Pred 8 rokmi <a rel=\"noreferrer noopener\" href=\"https:\/\/www.charita.sk\/svet\/svitlana-z-caritas-donetsk-raz-sme-sa-uz-stahovali-nechceme-to-zazit-znova\/\" target=\"_blank\">u\u0161li do mesta Dnipro<\/a> aj ke\u010f nechceli. Teraz museli od\u00eds\u0165 znova, tentokr\u00e1t do \u013dvova. Pon\u00fakame opis evaku\u00e1cie od Svitlany \u0160uch z Caritas Donetsk.<\/em><\/p>\n\n\n\n<p><em>\u201eV\u010faka Bohu, \u017ee u\u017e sme tu. Cesta nebola jednoduch\u00e1. V noci bolo ostre\u013eovan\u00fdch nieko\u013eko oblast\u00ed Dnipra, vr\u00e1tane tej, kde pracujeme. Na\u0161i zamestnanci z Luhanskej oblasti odi\u0161li s nami. V\u0161etci sme s rodinami a de\u0165mi. C\u00edtime sa tu bezpe\u010dnej\u0161ie. Aj ke\u010f nieko\u013ekokr\u00e1t za de\u0148 sch\u00e1dzame dolu k bombov\u00fdm krytom,\u201c <\/em>informovala n\u00e1s Svitlana z Caritas Dontesk. S\u00fa na\u0161im dlhodob\u00fdm partnerom a stoj\u00edme pri nich aj v t\u00fdchto \u0165a\u017ek\u00fdch \u010dasoch.<\/p>\n\n\n\n<figure class=\"wp-block-gallery has-nested-images columns-default is-cropped wp-block-gallery-1 is-layout-flex wp-block-gallery-is-layout-flex\">\n<figure class=\"wp-block-image size-large\"><img fetchpriority=\"high\" decoding=\"async\" width=\"1024\" height=\"768\" data-id=\"2112\" src=\"https:\/\/www.charita.sk\/svet\/wp-content\/uploads\/2022\/03\/IMG-64b04411dceb21597644204e5996304f-V-1024x768.jpg\" alt=\"\" class=\"wp-image-2112\" srcset=\"https:\/\/www.charita.sk\/svet\/wp-content\/uploads\/2022\/03\/IMG-64b04411dceb21597644204e5996304f-V-1024x768.jpg 1024w, https:\/\/www.charita.sk\/svet\/wp-content\/uploads\/2022\/03\/IMG-64b04411dceb21597644204e5996304f-V-300x225.jpg 300w, https:\/\/www.charita.sk\/svet\/wp-content\/uploads\/2022\/03\/IMG-64b04411dceb21597644204e5996304f-V-768x576.jpg 768w, https:\/\/www.charita.sk\/svet\/wp-content\/uploads\/2022\/03\/IMG-64b04411dceb21597644204e5996304f-V-1536x1152.jpg 1536w, https:\/\/www.charita.sk\/svet\/wp-content\/uploads\/2022\/03\/IMG-64b04411dceb21597644204e5996304f-V.jpg 1600w\" sizes=\"(max-width: 1024px) 100vw, 1024px\" \/><\/figure>\n\n\n\n<figure class=\"wp-block-image size-large\"><img decoding=\"async\" width=\"1024\" height=\"768\" data-id=\"2113\" src=\"https:\/\/www.charita.sk\/svet\/wp-content\/uploads\/2022\/03\/IMG-ac9dc166274a91acd45da975bd25328e-V-1024x768.jpg\" alt=\"\" class=\"wp-image-2113\" srcset=\"https:\/\/www.charita.sk\/svet\/wp-content\/uploads\/2022\/03\/IMG-ac9dc166274a91acd45da975bd25328e-V-1024x768.jpg 1024w, https:\/\/www.charita.sk\/svet\/wp-content\/uploads\/2022\/03\/IMG-ac9dc166274a91acd45da975bd25328e-V-300x225.jpg 300w, https:\/\/www.charita.sk\/svet\/wp-content\/uploads\/2022\/03\/IMG-ac9dc166274a91acd45da975bd25328e-V-768x576.jpg 768w, https:\/\/www.charita.sk\/svet\/wp-content\/uploads\/2022\/03\/IMG-ac9dc166274a91acd45da975bd25328e-V-1536x1152.jpg 1536w, https:\/\/www.charita.sk\/svet\/wp-content\/uploads\/2022\/03\/IMG-ac9dc166274a91acd45da975bd25328e-V.jpg 1600w\" sizes=\"(max-width: 1024px) 100vw, 1024px\" \/><\/figure>\n\n\n\n<figure class=\"wp-block-image size-large\"><img decoding=\"async\" width=\"1024\" height=\"768\" data-id=\"2115\" src=\"https:\/\/www.charita.sk\/svet\/wp-content\/uploads\/2022\/03\/IMG-f0262841d76c26b6f1566677eb979b9a-V-1024x768.jpg\" alt=\"\" class=\"wp-image-2115\" srcset=\"https:\/\/www.charita.sk\/svet\/wp-content\/uploads\/2022\/03\/IMG-f0262841d76c26b6f1566677eb979b9a-V-1024x768.jpg 1024w, https:\/\/www.charita.sk\/svet\/wp-content\/uploads\/2022\/03\/IMG-f0262841d76c26b6f1566677eb979b9a-V-300x225.jpg 300w, https:\/\/www.charita.sk\/svet\/wp-content\/uploads\/2022\/03\/IMG-f0262841d76c26b6f1566677eb979b9a-V-768x576.jpg 768w, https:\/\/www.charita.sk\/svet\/wp-content\/uploads\/2022\/03\/IMG-f0262841d76c26b6f1566677eb979b9a-V-1536x1152.jpg 1536w, https:\/\/www.charita.sk\/svet\/wp-content\/uploads\/2022\/03\/IMG-f0262841d76c26b6f1566677eb979b9a-V.jpg 1600w\" sizes=\"(max-width: 1024px) 100vw, 1024px\" \/><\/figure>\n<\/figure>\n\n\n\n<p class=\"has-text-align-center has-background\" style=\"background-color:#d9cb9e\">\ud83d\udcf7Pred odchodom stihli roznies\u0165 v\u0161etky pouk\u00e1\u017eky na potraviny a lieky, ktor\u00e9 v na\u0161om <a href=\"https:\/\/www.charita.sk\/svet\/poukazky-a-psychologicka-podpora-pre-vnutornych-vysidlencov\/\">spolo\u010dnom projekte<\/a> boli k dispoz\u00edci\u00ed. Pomohlo sa najm\u00e4 star\u0161\u00edm, ktor\u00ed zost\u00e1vaj\u00fa. M\u00f4\u017eete ich vidie\u0165 na fotk\u00e1ch.<\/p>\n\n\n\n<p><em>\u201e\u013dvov je teraz najv\u00e4\u010d\u0161ie miesto vn\u00fatorne vys\u00eddlen\u00fdch os\u00f4b z in\u00fdch nebezpe\u010dn\u00fdch oblast\u00ed Ukrajiny. Ve\u013ea matiek s de\u0165mi pl\u00e1nuje od\u00eds\u0165 do zahrani\u010dia.\u201c<\/em> nap\u00edsala n\u00e1m v r\u00fdchlosti Svitlana. V\u0161etci zamestnanci Caritas Donetsk sa pridali k pomoci v \u013dvove. K 10. marcu 2022 tu bolo okolo 150 000 vn\u00fatorne vys\u00eddlen\u00fdch os\u00f4b. U\u017e teraz tam poskytuje psychologick\u00e9 poradenstvo a podporu mnoh\u00fdm \u013eu\u010fom. Ich sk\u00fasenosti z pomoci vn\u00fatorne vys\u00eddlen\u00fdm osob\u00e1m teraz uplatnia na akomko\u013evek mieste, kde sa nach\u00e1dzaj\u00fa.<\/p>\n\n\n\n<p class=\"has-text-align-center has-background\" style=\"background-color:#d9cb9e\">Prispie\u0165 do zbierky na pomoc \u013eu\u010fom na Ukrajine m\u00f4\u017eete<br><strong>online na&nbsp;<a rel=\"noreferrer noopener\" href=\"https:\/\/charita.darujme.sk\/ukrajina\/\" target=\"_blank\">charita.darujme.sk\/ukrajina\/<\/a><\/strong><br>alebo&nbsp;prevodom&nbsp;na \u00fa\u010det verejnej zbierky<strong>&nbsp;SK93 1100 0000 0029 4546 3097 VS 380.<\/strong><\/p>\n","protected":false},"excerpt":{"rendered":"<p>Pred 8 rokmi u\u0161li do mesta Dnipro aj ke\u010f nechceli. Teraz museli [&hellip;]<\/p>\n","protected":false},"author":2,"featured_media":2111,"comment_status":"open","ping_status":"open","sticky":false,"template":"","format":"standard","meta":{"footnotes":""},"categories":[18],"tags":[],"class_list":["post-2110","post","type-post","status-publish","format-standard","has-post-thumbnail","hentry","category-ukrajina"],"yoast_head":"<!-- This site is optimized with the Yoast SEO plugin v25.4 - https:\/\/yoast.com\/wordpress\/plugins\/seo\/ -->\n<title>Zamestnanci Caritas Donetsk museli utiec\u0165 do \u013dvova, pom\u00e1haj\u00fa aj tam | Charita vo svete<\/title>\n<meta name=\"robots\" content=\"index, follow, max-snippet:-1, max-image-preview:large, max-video-preview:-1\" \/>\n<link rel=\"canonical\" href=\"https:\/\/www.charita.sk\/svet\/zamestnanci-caritas-donetsk-museli-utiect-do-lvova-pomahaju-aj-tam\/\" \/>\n<meta property=\"og:locale\" content=\"sk_SK\" \/>\n<meta property=\"og:type\" content=\"article\" \/>\n<meta property=\"og:title\" content=\"Zamestnanci Caritas Donetsk museli utiec\u0165 do \u013dvova, pom\u00e1haj\u00fa aj tam | Charita vo svete\" \/>\n<meta property=\"og:description\" content=\"Pred 8 rokmi u\u0161li do mesta Dnipro aj ke\u010f nechceli. Teraz museli [&hellip;]\" \/>\n<meta property=\"og:url\" content=\"https:\/\/www.charita.sk\/svet\/zamestnanci-caritas-donetsk-museli-utiect-do-lvova-pomahaju-aj-tam\/\" \/>\n<meta property=\"og:site_name\" content=\"Charita vo svete\" \/>\n<meta property=\"article:publisher\" content=\"https:\/\/www.facebook.com\/CaritasSlovakia\/\" \/>\n<meta property=\"article:published_time\" content=\"2022-03-15T10:19:00+00:00\" \/>\n<meta property=\"article:modified_time\" content=\"2022-03-18T10:53:34+00:00\" \/>\n<meta property=\"og:image\" content=\"https:\/\/www.charita.sk\/svet\/wp-content\/uploads\/2022\/03\/IMG-775d085320d820875a95e917f60075d9-V.jpg\" \/>\n\t<meta property=\"og:image:width\" content=\"1600\" \/>\n\t<meta property=\"og:image:height\" content=\"1200\" \/>\n\t<meta property=\"og:image:type\" content=\"image\/jpeg\" \/>\n<meta name=\"author\" content=\"charita\" \/>\n<meta name=\"twitter:card\" content=\"summary_large_image\" \/>\n<meta name=\"twitter:label1\" content=\"Autor\" \/>\n\t<meta name=\"twitter:data1\" content=\"charita\" \/>\n\t<meta name=\"twitter:label2\" content=\"Predpokladan\u00fd \u010das \u010d\u00edtania\" \/>\n\t<meta name=\"twitter:data2\" content=\"1 min\u00fata\" \/>\n<script type=\"application\/ld+json\" class=\"yoast-schema-graph\">{\"@context\":\"https:\/\/schema.org\",\"@graph\":[{\"@type\":\"Article\",\"@id\":\"https:\/\/www.charita.sk\/svet\/zamestnanci-caritas-donetsk-museli-utiect-do-lvova-pomahaju-aj-tam\/#article\",\"isPartOf\":{\"@id\":\"https:\/\/www.charita.sk\/svet\/zamestnanci-caritas-donetsk-museli-utiect-do-lvova-pomahaju-aj-tam\/\"},\"author\":{\"name\":\"charita\",\"@id\":\"https:\/\/www.charita.sk\/svet\/#\/schema\/person\/5d4cac7d83d3ec0090a0c6bb00690ce4\"},\"headline\":\"Zamestnanci Caritas Donetsk museli utiec\u0165 do \u013dvova, pom\u00e1haj\u00fa aj tam\",\"datePublished\":\"2022-03-15T10:19:00+00:00\",\"dateModified\":\"2022-03-18T10:53:34+00:00\",\"mainEntityOfPage\":{\"@id\":\"https:\/\/www.charita.sk\/svet\/zamestnanci-caritas-donetsk-museli-utiect-do-lvova-pomahaju-aj-tam\/\"},\"wordCount\":297,\"commentCount\":0,\"publisher\":{\"@id\":\"https:\/\/www.charita.sk\/svet\/#organization\"},\"image\":{\"@id\":\"https:\/\/www.charita.sk\/svet\/zamestnanci-caritas-donetsk-museli-utiect-do-lvova-pomahaju-aj-tam\/#primaryimage\"},\"thumbnailUrl\":\"https:\/\/www.charita.sk\/svet\/wp-content\/uploads\/2022\/03\/IMG-775d085320d820875a95e917f60075d9-V.jpg\",\"articleSection\":[\"Ukrajina\"],\"inLanguage\":\"sk-SK\",\"potentialAction\":[{\"@type\":\"CommentAction\",\"name\":\"Comment\",\"target\":[\"https:\/\/www.charita.sk\/svet\/zamestnanci-caritas-donetsk-museli-utiect-do-lvova-pomahaju-aj-tam\/#respond\"]}]},{\"@type\":\"WebPage\",\"@id\":\"https:\/\/www.charita.sk\/svet\/zamestnanci-caritas-donetsk-museli-utiect-do-lvova-pomahaju-aj-tam\/\",\"url\":\"https:\/\/www.charita.sk\/svet\/zamestnanci-caritas-donetsk-museli-utiect-do-lvova-pomahaju-aj-tam\/\",\"name\":\"Zamestnanci Caritas Donetsk museli utiec\u0165 do \u013dvova, pom\u00e1haj\u00fa aj tam | Charita vo svete\",\"isPartOf\":{\"@id\":\"https:\/\/www.charita.sk\/svet\/#website\"},\"primaryImageOfPage\":{\"@id\":\"https:\/\/www.charita.sk\/svet\/zamestnanci-caritas-donetsk-museli-utiect-do-lvova-pomahaju-aj-tam\/#primaryimage\"},\"image\":{\"@id\":\"https:\/\/www.charita.sk\/svet\/zamestnanci-caritas-donetsk-museli-utiect-do-lvova-pomahaju-aj-tam\/#primaryimage\"},\"thumbnailUrl\":\"https:\/\/www.charita.sk\/svet\/wp-content\/uploads\/2022\/03\/IMG-775d085320d820875a95e917f60075d9-V.jpg\",\"datePublished\":\"2022-03-15T10:19:00+00:00\",\"dateModified\":\"2022-03-18T10:53:34+00:00\",\"breadcrumb\":{\"@id\":\"https:\/\/www.charita.sk\/svet\/zamestnanci-caritas-donetsk-museli-utiect-do-lvova-pomahaju-aj-tam\/#breadcrumb\"},\"inLanguage\":\"sk-SK\",\"potentialAction\":[{\"@type\":\"ReadAction\",\"target\":[\"https:\/\/www.charita.sk\/svet\/zamestnanci-caritas-donetsk-museli-utiect-do-lvova-pomahaju-aj-tam\/\"]}]},{\"@type\":\"ImageObject\",\"inLanguage\":\"sk-SK\",\"@id\":\"https:\/\/www.charita.sk\/svet\/zamestnanci-caritas-donetsk-museli-utiect-do-lvova-pomahaju-aj-tam\/#primaryimage\",\"url\":\"https:\/\/www.charita.sk\/svet\/wp-content\/uploads\/2022\/03\/IMG-775d085320d820875a95e917f60075d9-V.jpg\",\"contentUrl\":\"https:\/\/www.charita.sk\/svet\/wp-content\/uploads\/2022\/03\/IMG-775d085320d820875a95e917f60075d9-V.jpg\",\"width\":1600,\"height\":1200},{\"@type\":\"BreadcrumbList\",\"@id\":\"https:\/\/www.charita.sk\/svet\/zamestnanci-caritas-donetsk-museli-utiect-do-lvova-pomahaju-aj-tam\/#breadcrumb\",\"itemListElement\":[{\"@type\":\"ListItem\",\"position\":1,\"name\":\"Domovsk\u00e1 str\u00e1nka\",\"item\":\"https:\/\/www.charita.sk\/svet\/\"},{\"@type\":\"ListItem\",\"position\":2,\"name\":\"Zamestnanci Caritas Donetsk museli utiec\u0165 do \u013dvova, pom\u00e1haj\u00fa aj tam\"}]},{\"@type\":\"WebSite\",\"@id\":\"https:\/\/www.charita.sk\/svet\/#website\",\"url\":\"https:\/\/www.charita.sk\/svet\/\",\"name\":\"Charita vo svete\",\"description\":\"Slovensk\u00e1 katol\u00edcka charita pom\u00e1ha \u013eu\u010fom v n\u00fadzi vo svete\",\"publisher\":{\"@id\":\"https:\/\/www.charita.sk\/svet\/#organization\"},\"potentialAction\":[{\"@type\":\"SearchAction\",\"target\":{\"@type\":\"EntryPoint\",\"urlTemplate\":\"https:\/\/www.charita.sk\/svet\/?s={search_term_string}\"},\"query-input\":{\"@type\":\"PropertyValueSpecification\",\"valueRequired\":true,\"valueName\":\"search_term_string\"}}],\"inLanguage\":\"sk-SK\"},{\"@type\":\"Organization\",\"@id\":\"https:\/\/www.charita.sk\/svet\/#organization\",\"name\":\"Slovensk\u00e1 katol\u00edcka charita\",\"url\":\"https:\/\/www.charita.sk\/svet\/\",\"logo\":{\"@type\":\"ImageObject\",\"inLanguage\":\"sk-SK\",\"@id\":\"https:\/\/www.charita.sk\/svet\/#\/schema\/logo\/image\/\",\"url\":\"https:\/\/www.charita.sk\/pomoc-utecencom\/wp-content\/uploads\/2020\/11\/logo_pomoc_utecencom.jpg\",\"contentUrl\":\"https:\/\/www.charita.sk\/pomoc-utecencom\/wp-content\/uploads\/2020\/11\/logo_pomoc_utecencom.jpg\",\"width\":1712,\"height\":480,\"caption\":\"Slovensk\u00e1 katol\u00edcka charita\"},\"image\":{\"@id\":\"https:\/\/www.charita.sk\/svet\/#\/schema\/logo\/image\/\"},\"sameAs\":[\"https:\/\/www.facebook.com\/CaritasSlovakia\/\",\"https:\/\/www.instagram.com\/caritas_slovakia\/\",\"https:\/\/www.linkedin.com\/company\/caritas-slovakia-skch-\",\"https:\/\/www.youtube.com\/user\/katolickacharita\"]},{\"@type\":\"Person\",\"@id\":\"https:\/\/www.charita.sk\/svet\/#\/schema\/person\/5d4cac7d83d3ec0090a0c6bb00690ce4\",\"name\":\"charita\",\"image\":{\"@type\":\"ImageObject\",\"inLanguage\":\"sk-SK\",\"@id\":\"https:\/\/www.charita.sk\/svet\/#\/schema\/person\/image\/\",\"url\":\"https:\/\/secure.gravatar.com\/avatar\/d2e7ea30dee1a0c7a6b7277bd2f993803c4622836c7e0130a97819af162a837b?s=96&d=mm&r=g\",\"contentUrl\":\"https:\/\/secure.gravatar.com\/avatar\/d2e7ea30dee1a0c7a6b7277bd2f993803c4622836c7e0130a97819af162a837b?s=96&d=mm&r=g\",\"caption\":\"charita\"},\"url\":\"https:\/\/www.charita.sk\/svet\/author\/charita\/\"}]}<\/script>\n<!-- \/ Yoast SEO plugin. -->","yoast_head_json":{"title":"Zamestnanci Caritas Donetsk museli utiec\u0165 do \u013dvova, pom\u00e1haj\u00fa aj tam | Charita vo svete","robots":{"index":"index","follow":"follow","max-snippet":"max-snippet:-1","max-image-preview":"max-image-preview:large","max-video-preview":"max-video-preview:-1"},"canonical":"https:\/\/www.charita.sk\/svet\/zamestnanci-caritas-donetsk-museli-utiect-do-lvova-pomahaju-aj-tam\/","og_locale":"sk_SK","og_type":"article","og_title":"Zamestnanci Caritas Donetsk museli utiec\u0165 do \u013dvova, pom\u00e1haj\u00fa aj tam | Charita vo svete","og_description":"Pred 8 rokmi u\u0161li do mesta Dnipro aj ke\u010f nechceli. Teraz museli [&hellip;]","og_url":"https:\/\/www.charita.sk\/svet\/zamestnanci-caritas-donetsk-museli-utiect-do-lvova-pomahaju-aj-tam\/","og_site_name":"Charita vo svete","article_publisher":"https:\/\/www.facebook.com\/CaritasSlovakia\/","article_published_time":"2022-03-15T10:19:00+00:00","article_modified_time":"2022-03-18T10:53:34+00:00","og_image":[{"width":1600,"height":1200,"url":"https:\/\/www.charita.sk\/svet\/wp-content\/uploads\/2022\/03\/IMG-775d085320d820875a95e917f60075d9-V.jpg","type":"image\/jpeg"}],"author":"charita","twitter_card":"summary_large_image","twitter_misc":{"Autor":"charita","Predpokladan\u00fd \u010das \u010d\u00edtania":"1 min\u00fata"},"schema":{"@context":"https:\/\/schema.org","@graph":[{"@type":"Article","@id":"https:\/\/www.charita.sk\/svet\/zamestnanci-caritas-donetsk-museli-utiect-do-lvova-pomahaju-aj-tam\/#article","isPartOf":{"@id":"https:\/\/www.charita.sk\/svet\/zamestnanci-caritas-donetsk-museli-utiect-do-lvova-pomahaju-aj-tam\/"},"author":{"name":"charita","@id":"https:\/\/www.charita.sk\/svet\/#\/schema\/person\/5d4cac7d83d3ec0090a0c6bb00690ce4"},"headline":"Zamestnanci Caritas Donetsk museli utiec\u0165 do \u013dvova, pom\u00e1haj\u00fa aj tam","datePublished":"2022-03-15T10:19:00+00:00","dateModified":"2022-03-18T10:53:34+00:00","mainEntityOfPage":{"@id":"https:\/\/www.charita.sk\/svet\/zamestnanci-caritas-donetsk-museli-utiect-do-lvova-pomahaju-aj-tam\/"},"wordCount":297,"commentCount":0,"publisher":{"@id":"https:\/\/www.charita.sk\/svet\/#organization"},"image":{"@id":"https:\/\/www.charita.sk\/svet\/zamestnanci-caritas-donetsk-museli-utiect-do-lvova-pomahaju-aj-tam\/#primaryimage"},"thumbnailUrl":"https:\/\/www.charita.sk\/svet\/wp-content\/uploads\/2022\/03\/IMG-775d085320d820875a95e917f60075d9-V.jpg","articleSection":["Ukrajina"],"inLanguage":"sk-SK","potentialAction":[{"@type":"CommentAction","name":"Comment","target":["https:\/\/www.charita.sk\/svet\/zamestnanci-caritas-donetsk-museli-utiect-do-lvova-pomahaju-aj-tam\/#respond"]}]},{"@type":"WebPage","@id":"https:\/\/www.charita.sk\/svet\/zamestnanci-caritas-donetsk-museli-utiect-do-lvova-pomahaju-aj-tam\/","url":"https:\/\/www.charita.sk\/svet\/zamestnanci-caritas-donetsk-museli-utiect-do-lvova-pomahaju-aj-tam\/","name":"Zamestnanci Caritas Donetsk museli utiec\u0165 do \u013dvova, pom\u00e1haj\u00fa aj tam | Charita vo svete","isPartOf":{"@id":"https:\/\/www.charita.sk\/svet\/#website"},"primaryImageOfPage":{"@id":"https:\/\/www.charita.sk\/svet\/zamestnanci-caritas-donetsk-museli-utiect-do-lvova-pomahaju-aj-tam\/#primaryimage"},"image":{"@id":"https:\/\/www.charita.sk\/svet\/zamestnanci-caritas-donetsk-museli-utiect-do-lvova-pomahaju-aj-tam\/#primaryimage"},"thumbnailUrl":"https:\/\/www.charita.sk\/svet\/wp-content\/uploads\/2022\/03\/IMG-775d085320d820875a95e917f60075d9-V.jpg","datePublished":"2022-03-15T10:19:00+00:00","dateModified":"2022-03-18T10:53:34+00:00","breadcrumb":{"@id":"https:\/\/www.charita.sk\/svet\/zamestnanci-caritas-donetsk-museli-utiect-do-lvova-pomahaju-aj-tam\/#breadcrumb"},"inLanguage":"sk-SK","potentialAction":[{"@type":"ReadAction","target":["https:\/\/www.charita.sk\/svet\/zamestnanci-caritas-donetsk-museli-utiect-do-lvova-pomahaju-aj-tam\/"]}]},{"@type":"ImageObject","inLanguage":"sk-SK","@id":"https:\/\/www.charita.sk\/svet\/zamestnanci-caritas-donetsk-museli-utiect-do-lvova-pomahaju-aj-tam\/#primaryimage","url":"https:\/\/www.charita.sk\/svet\/wp-content\/uploads\/2022\/03\/IMG-775d085320d820875a95e917f60075d9-V.jpg","contentUrl":"https:\/\/www.charita.sk\/svet\/wp-content\/uploads\/2022\/03\/IMG-775d085320d820875a95e917f60075d9-V.jpg","width":1600,"height":1200},{"@type":"BreadcrumbList","@id":"https:\/\/www.charita.sk\/svet\/zamestnanci-caritas-donetsk-museli-utiect-do-lvova-pomahaju-aj-tam\/#breadcrumb","itemListElement":[{"@type":"ListItem","position":1,"name":"Domovsk\u00e1 str\u00e1nka","item":"https:\/\/www.charita.sk\/svet\/"},{"@type":"ListItem","position":2,"name":"Zamestnanci Caritas Donetsk museli utiec\u0165 do \u013dvova, pom\u00e1haj\u00fa aj tam"}]},{"@type":"WebSite","@id":"https:\/\/www.charita.sk\/svet\/#website","url":"https:\/\/www.charita.sk\/svet\/","name":"Charita vo svete","description":"Slovensk\u00e1 katol\u00edcka charita pom\u00e1ha \u013eu\u010fom v n\u00fadzi vo svete","publisher":{"@id":"https:\/\/www.charita.sk\/svet\/#organization"},"potentialAction":[{"@type":"SearchAction","target":{"@type":"EntryPoint","urlTemplate":"https:\/\/www.charita.sk\/svet\/?s={search_term_string}"},"query-input":{"@type":"PropertyValueSpecification","valueRequired":true,"valueName":"search_term_string"}}],"inLanguage":"sk-SK"},{"@type":"Organization","@id":"https:\/\/www.charita.sk\/svet\/#organization","name":"Slovensk\u00e1 katol\u00edcka charita","url":"https:\/\/www.charita.sk\/svet\/","logo":{"@type":"ImageObject","inLanguage":"sk-SK","@id":"https:\/\/www.charita.sk\/svet\/#\/schema\/logo\/image\/","url":"https:\/\/www.charita.sk\/pomoc-utecencom\/wp-content\/uploads\/2020\/11\/logo_pomoc_utecencom.jpg","contentUrl":"https:\/\/www.charita.sk\/pomoc-utecencom\/wp-content\/uploads\/2020\/11\/logo_pomoc_utecencom.jpg","width":1712,"height":480,"caption":"Slovensk\u00e1 katol\u00edcka charita"},"image":{"@id":"https:\/\/www.charita.sk\/svet\/#\/schema\/logo\/image\/"},"sameAs":["https:\/\/www.facebook.com\/CaritasSlovakia\/","https:\/\/www.instagram.com\/caritas_slovakia\/","https:\/\/www.linkedin.com\/company\/caritas-slovakia-skch-","https:\/\/www.youtube.com\/user\/katolickacharita"]},{"@type":"Person","@id":"https:\/\/www.charita.sk\/svet\/#\/schema\/person\/5d4cac7d83d3ec0090a0c6bb00690ce4","name":"charita","image":{"@type":"ImageObject","inLanguage":"sk-SK","@id":"https:\/\/www.charita.sk\/svet\/#\/schema\/person\/image\/","url":"https:\/\/secure.gravatar.com\/avatar\/d2e7ea30dee1a0c7a6b7277bd2f993803c4622836c7e0130a97819af162a837b?s=96&d=mm&r=g","contentUrl":"https:\/\/secure.gravatar.com\/avatar\/d2e7ea30dee1a0c7a6b7277bd2f993803c4622836c7e0130a97819af162a837b?s=96&d=mm&r=g","caption":"charita"},"url":"https:\/\/www.charita.sk\/svet\/author\/charita\/"}]}},"featured_image_src":"https:\/\/www.charita.sk\/svet\/wp-content\/uploads\/2022\/03\/IMG-775d085320d820875a95e917f60075d9-V-600x400.jpg","featured_image_src_square":"https:\/\/www.charita.sk\/svet\/wp-content\/uploads\/2022\/03\/IMG-775d085320d820875a95e917f60075d9-V-600x600.jpg","author_info":{"display_name":"charita","author_link":"https:\/\/www.charita.sk\/svet\/author\/charita\/"},"_links":{"self":[{"href":"https:\/\/www.charita.sk\/svet\/wp-json\/wp\/v2\/posts\/2110","targetHints":{"allow":["GET"]}}],"collection":[{"href":"https:\/\/www.charita.sk\/svet\/wp-json\/wp\/v2\/posts"}],"about":[{"href":"https:\/\/www.charita.sk\/svet\/wp-json\/wp\/v2\/types\/post"}],"author":[{"embeddable":true,"href":"https:\/\/www.charita.sk\/svet\/wp-json\/wp\/v2\/users\/2"}],"replies":[{"embeddable":true,"href":"https:\/\/www.charita.sk\/svet\/wp-json\/wp\/v2\/comments?post=2110"}],"version-history":[{"count":4,"href":"https:\/\/www.charita.sk\/svet\/wp-json\/wp\/v2\/posts\/2110\/revisions"}],"predecessor-version":[{"id":2130,"href":"https:\/\/www.charita.sk\/svet\/wp-json\/wp\/v2\/posts\/2110\/revisions\/2130"}],"wp:featuredmedia":[{"embeddable":true,"href":"https:\/\/www.charita.sk\/svet\/wp-json\/wp\/v2\/media\/2111"}],"wp:attachment":[{"href":"https:\/\/www.charita.sk\/svet\/wp-json\/wp\/v2\/media?parent=2110"}],"wp:term":[{"taxonomy":"category","embeddable":true,"href":"https:\/\/www.charita.sk\/svet\/wp-json\/wp\/v2\/categories?post=2110"},{"taxonomy":"post_tag","embeddable":true,"href":"https:\/\/www.charita.sk\/svet\/wp-json\/wp\/v2\/tags?post=2110"}],"curies":[{"name":"wp","href":"https:\/\/api.w.org\/{rel}","templated":true}]}}