{"id":2154,"date":"2022-03-29T12:06:05","date_gmt":"2022-03-29T10:06:05","guid":{"rendered":"https:\/\/www.charita.sk\/pomoc-utecencom\/?p=2154"},"modified":"2022-03-29T12:17:53","modified_gmt":"2022-03-29T10:17:53","slug":"psychologicka-pomoc-pre-slo-v-lvove","status":"publish","type":"post","link":"https:\/\/www.charita.sk\/svet\/psychologicka-pomoc-pre-slo-v-lvove\/","title":{"rendered":"Psychologick\u00e1 pomoc pre mami\u010dky v \u013dvove"},"content":{"rendered":"\n<p><strong><em>Psychologi\u010dka Julia z Caritas Donetsk poskytuje psychologick\u00e9 poradenstvo a podporu \u013eu\u010fom, ktor\u00ed s\u00fa v \u013dvove prechodne alebo pl\u00e1nuj\u00fa od\u00eds\u0165 do zahrani\u010dia, ako aj t\u00fdm, ktor\u00ed pl\u00e1nuj\u00fa v meste nejak\u00fd \u010das \u017ei\u0165. Bohat\u00e9 sk\u00fasenosti s t\u00fdmto typom pomoci nabrala po\u010das projektov na <a href=\"https:\/\/www.charita.sk\/svet\/ukrajina\/\">pomoc vn\u00fatorn\u00fdm vys\u00eddlencom z Doneckej oblasti<\/a>, ktor\u00e9 podporila Slovensk\u00e1 katol\u00edcka charita. V\u0161etky peniaze zo s\u00fa\u010dasn\u00e9ho projektu sa presmerovali na pomoc v \u013dvove. Pre\u010d\u00edtajte si, pr\u00edbeh mami\u010dky, ktorej pom\u00e1ha spracova\u0165 vojnu a v\u0161etko \u010do pre\u017e\u00edva.<\/em><\/strong><\/p>\n\n\n\n<p>Maria* je slobodn\u00e1, 35 ro\u010dn\u00e1 mami\u010dka s dvomi de\u0165mi vo veku 6 a 8 rokov. Cel\u00fd \u017eivot pre\u017eila v Rubizhne v Luhanskej oblasti. Hne\u010f 24. febru\u00e1ra po rozp\u00fatan\u00ed vojny sa nar\u00fdchlo zbalila a utiekla so svojimi de\u0165mi na z\u00e1pad Ukrajiny. \u201eJej dom je \u00faplne zni\u010den\u00fd a ned\u00e1 sa obnovi\u0165. Mala tam v\u0161etky potrebn\u00e9 veci pre deti,\u201c op\u00edsala n\u00e1m Mariinu v\u00fdchodiskov\u00fa situ\u00e1ciu Svitlana \u0160uch, pracovn\u00ed\u010dka Caritas Donetsk. Maria pracovala v soci\u00e1lnej sf\u00e9re a pom\u00e1hala \u013eu\u010fom v n\u00fadzi. Boles\u0165, z\u00fafalstvo, ako aj neistota a strach z bud\u00facnosti sa Marii stali ka\u017edodenn\u00fdm spolo\u010dn\u00edkom a preto vyh\u013eadala psychologick\u00fa pomoc.<\/p>\n\n\n\n<div class=\"wp-block-buttons is-content-justification-center is-layout-flex wp-container-core-buttons-is-layout-16018d1d wp-block-buttons-is-layout-flex\">\n<div class=\"wp-block-button\"><a class=\"wp-block-button__link has-white-color has-text-color has-background\" href=\"https:\/\/charita.darujme.sk\/ukrajina\/\" style=\"background-color:#c42f41\">Chcem pom\u00f4c\u0165 ONLINE<\/a><\/div>\n<\/div>\n\n\n\n<p class=\"has-medium-font-size\"><strong>Psychologick\u00e1 aj duchovn\u00e1 podpora je d\u00f4le\u017eit\u00e1<\/strong><\/p>\n\n\n\n<p>Spolu so psychologi\u010dkou Juliou z Caritas Donetsk najsk\u00f4r pracovali na pre\u017e\u00edvan\u00ed ak\u00fatnej psychickej traumy a strachu zo smrti, ako aj \u00fazkosti a depresie. Jednou z najv\u00e4\u010d\u0161\u00edch \u0165a\u017ekost\u00ed, ktor\u00e9 Maria poci\u0165ovala, bol strach z bud\u00facnosti. <em>\u201eMaria krok za krokom nach\u00e1dzala oporu a p\u00f4du pod nohami. Psychologi\u010dka Julia jej aj teraz pom\u00e1ha zvl\u00e1da\u0165 \u0165a\u017ekosti a pre\u017e\u00edva\u0165 toto \u0165a\u017ek\u00e9 obdobie,\u201c<\/em> informovala n\u00e1s koordin\u00e1torka projektu Svitlana. Spomenula tie\u017e, \u017ee Maria pl\u00e1nuje od\u00eds\u0165 do zahrani\u010dia na bezpe\u010dnej\u0161ie miesto a vybudova\u0165 si tam svoj \u017eivot.<\/p>\n\n\n\n<p>Po\u010das psychologick\u00e9ho poradenstva sa nevyhli ani t\u00e9me ako sa s de\u0165mi rozpr\u00e1va\u0165 o vojne a podporova\u0165 ich v adapt\u00e1cii na nov\u00e9 miesto. \u010eal\u0161ia psychologick\u00e1 pomoc a podpora pre Mariu v online form\u00e1te sa pl\u00e1nuje, ke\u010f sa pres\u0165ahuje do zahrani\u010dia.<\/p>\n\n\n\n<p class=\"has-medium-font-size\"><strong>Ak\u00fa psychologick\u00fa pomoc poskytuje Caritas Donetsk ute\u010dencom v \u013dvove?<\/strong><\/p>\n\n\n\n<p>Koordin\u00e1torka projektu Svitlana spolu so svojim t\u00edmo pracuje na tom, aby sa pomoc dostala k t\u00fdm, ktor\u00ed ju potrebuj\u00fa. Mamin\u00e1m pom\u00e1haj\u00fa najm\u00e4 v t\u00fdchto oblastiach:<\/p>\n\n\n\n<p>&#8211; spracov\u00e1vanie &#8222;ak\u00fatnej&#8220; psychickej traumy;<br>&#8211; pr\u00e1ca so stresom, \u00fazkos\u0165ou a depresiou;<br>&#8211; pr\u00e1ca s dospel\u00fdmi, aby sa rozhodli bu\u010f od\u00eds\u0165 do in\u00fdch kraj\u00edn alebo zosta\u0165 a prisp\u00f4sobi\u0165 sa neust\u00e1lemu nebezpe\u010denstvu;<br>&#8211; pr\u00e1ca so strachom zo smrti a neistej bud\u00facnosti;<br>&#8211; rady pre rodi\u010dov, ako sa rozpr\u00e1va\u0165 s de\u0165mi o vojne;<br>&#8211; pr\u00e1ca so stratou (b\u00fdvanie, pr\u00e1ca, bydlisko, pr\u00edbuzn\u00ed).<\/p>\n\n\n\n<p class=\"has-text-align-left\">\ud83c\uddfa\ud83c\udde6<strong>Podporte \u013eud\u00ed na Ukrajine a t\u00fdch, ktor\u00ed u\u0161li do bezpe\u010dia<\/strong>. Prispie\u0165 m\u00f4\u017eete online alebo priamo prevodom&nbsp;na \u010d\u00edslo \u00fa\u010dtu verejnej zbierky <strong>SK93 1100 0000 0029 4546 3097<\/strong>, variabiln\u00fd symbol <strong>380<\/strong>.<\/p>\n\n\n\n<div class=\"wp-block-buttons is-content-justification-center is-layout-flex wp-container-core-buttons-is-layout-16018d1d wp-block-buttons-is-layout-flex\">\n<div class=\"wp-block-button\"><a class=\"wp-block-button__link has-white-color has-text-color has-background\" href=\"https:\/\/charita.darujme.sk\/ukrajina\/\" style=\"background-color:#c42f41\">Chcem pom\u00f4c\u0165 ONLINE<\/a><\/div>\n<\/div>\n\n\n\n<p>* meno mami\u010dky bolo zmenen\u00e9<\/p>\n","protected":false},"excerpt":{"rendered":"<p>Psychologi\u010dka Julia z Caritas Donetsk poskytuje psychologick\u00e9 poradenstvo a podporu \u013eu\u010fom, ktor\u00ed [&hellip;]<\/p>\n","protected":false},"author":2,"featured_media":2157,"comment_status":"open","ping_status":"open","sticky":false,"template":"","format":"standard","meta":{"footnotes":""},"categories":[18],"tags":[34,19],"class_list":["post-2154","post","type-post","status-publish","format-standard","has-post-thumbnail","hentry","category-ukrajina","tag-psychologicka-pomoc","tag-ukrajina"],"yoast_head":"<!-- This site is optimized with the Yoast SEO plugin v25.4 - https:\/\/yoast.com\/wordpress\/plugins\/seo\/ -->\n<title>Psychologick\u00e1 pomoc pre mami\u010dky v \u013dvove | Charita vo svete<\/title>\n<meta name=\"robots\" content=\"index, follow, max-snippet:-1, max-image-preview:large, max-video-preview:-1\" \/>\n<link rel=\"canonical\" href=\"https:\/\/www.charita.sk\/svet\/psychologicka-pomoc-pre-slo-v-lvove\/\" \/>\n<meta property=\"og:locale\" content=\"sk_SK\" \/>\n<meta property=\"og:type\" content=\"article\" \/>\n<meta property=\"og:title\" content=\"Psychologick\u00e1 pomoc pre mami\u010dky v \u013dvove | Charita vo svete\" \/>\n<meta property=\"og:description\" content=\"Psychologi\u010dka Julia z Caritas Donetsk poskytuje psychologick\u00e9 poradenstvo a podporu \u013eu\u010fom, ktor\u00ed [&hellip;]\" \/>\n<meta property=\"og:url\" content=\"https:\/\/www.charita.sk\/svet\/psychologicka-pomoc-pre-slo-v-lvove\/\" \/>\n<meta property=\"og:site_name\" content=\"Charita vo svete\" \/>\n<meta property=\"article:publisher\" content=\"https:\/\/www.facebook.com\/CaritasSlovakia\/\" \/>\n<meta property=\"article:published_time\" content=\"2022-03-29T10:06:05+00:00\" \/>\n<meta property=\"article:modified_time\" content=\"2022-03-29T10:17:53+00:00\" \/>\n<meta property=\"og:image\" content=\"https:\/\/www.charita.sk\/svet\/wp-content\/uploads\/2022\/03\/UKR_Lvov.jpg\" \/>\n\t<meta property=\"og:image:width\" content=\"1024\" \/>\n\t<meta property=\"og:image:height\" content=\"768\" \/>\n\t<meta property=\"og:image:type\" content=\"image\/jpeg\" \/>\n<meta name=\"author\" content=\"charita\" \/>\n<meta name=\"twitter:card\" content=\"summary_large_image\" \/>\n<meta name=\"twitter:label1\" content=\"Autor\" \/>\n\t<meta name=\"twitter:data1\" content=\"charita\" \/>\n\t<meta name=\"twitter:label2\" content=\"Predpokladan\u00fd \u010das \u010d\u00edtania\" \/>\n\t<meta name=\"twitter:data2\" content=\"3 min\u00faty\" \/>\n<script type=\"application\/ld+json\" class=\"yoast-schema-graph\">{\"@context\":\"https:\/\/schema.org\",\"@graph\":[{\"@type\":\"Article\",\"@id\":\"https:\/\/www.charita.sk\/svet\/psychologicka-pomoc-pre-slo-v-lvove\/#article\",\"isPartOf\":{\"@id\":\"https:\/\/www.charita.sk\/svet\/psychologicka-pomoc-pre-slo-v-lvove\/\"},\"author\":{\"name\":\"charita\",\"@id\":\"https:\/\/www.charita.sk\/svet\/#\/schema\/person\/5d4cac7d83d3ec0090a0c6bb00690ce4\"},\"headline\":\"Psychologick\u00e1 pomoc pre mami\u010dky v \u013dvove\",\"datePublished\":\"2022-03-29T10:06:05+00:00\",\"dateModified\":\"2022-03-29T10:17:53+00:00\",\"mainEntityOfPage\":{\"@id\":\"https:\/\/www.charita.sk\/svet\/psychologicka-pomoc-pre-slo-v-lvove\/\"},\"wordCount\":547,\"commentCount\":0,\"publisher\":{\"@id\":\"https:\/\/www.charita.sk\/svet\/#organization\"},\"image\":{\"@id\":\"https:\/\/www.charita.sk\/svet\/psychologicka-pomoc-pre-slo-v-lvove\/#primaryimage\"},\"thumbnailUrl\":\"https:\/\/www.charita.sk\/svet\/wp-content\/uploads\/2022\/03\/UKR_Lvov.jpg\",\"keywords\":[\"psychologicka pomoc\",\"ukrajina\"],\"articleSection\":[\"Ukrajina\"],\"inLanguage\":\"sk-SK\",\"potentialAction\":[{\"@type\":\"CommentAction\",\"name\":\"Comment\",\"target\":[\"https:\/\/www.charita.sk\/svet\/psychologicka-pomoc-pre-slo-v-lvove\/#respond\"]}]},{\"@type\":\"WebPage\",\"@id\":\"https:\/\/www.charita.sk\/svet\/psychologicka-pomoc-pre-slo-v-lvove\/\",\"url\":\"https:\/\/www.charita.sk\/svet\/psychologicka-pomoc-pre-slo-v-lvove\/\",\"name\":\"Psychologick\u00e1 pomoc pre mami\u010dky v \u013dvove | Charita vo svete\",\"isPartOf\":{\"@id\":\"https:\/\/www.charita.sk\/svet\/#website\"},\"primaryImageOfPage\":{\"@id\":\"https:\/\/www.charita.sk\/svet\/psychologicka-pomoc-pre-slo-v-lvove\/#primaryimage\"},\"image\":{\"@id\":\"https:\/\/www.charita.sk\/svet\/psychologicka-pomoc-pre-slo-v-lvove\/#primaryimage\"},\"thumbnailUrl\":\"https:\/\/www.charita.sk\/svet\/wp-content\/uploads\/2022\/03\/UKR_Lvov.jpg\",\"datePublished\":\"2022-03-29T10:06:05+00:00\",\"dateModified\":\"2022-03-29T10:17:53+00:00\",\"breadcrumb\":{\"@id\":\"https:\/\/www.charita.sk\/svet\/psychologicka-pomoc-pre-slo-v-lvove\/#breadcrumb\"},\"inLanguage\":\"sk-SK\",\"potentialAction\":[{\"@type\":\"ReadAction\",\"target\":[\"https:\/\/www.charita.sk\/svet\/psychologicka-pomoc-pre-slo-v-lvove\/\"]}]},{\"@type\":\"ImageObject\",\"inLanguage\":\"sk-SK\",\"@id\":\"https:\/\/www.charita.sk\/svet\/psychologicka-pomoc-pre-slo-v-lvove\/#primaryimage\",\"url\":\"https:\/\/www.charita.sk\/svet\/wp-content\/uploads\/2022\/03\/UKR_Lvov.jpg\",\"contentUrl\":\"https:\/\/www.charita.sk\/svet\/wp-content\/uploads\/2022\/03\/UKR_Lvov.jpg\",\"width\":1024,\"height\":768},{\"@type\":\"BreadcrumbList\",\"@id\":\"https:\/\/www.charita.sk\/svet\/psychologicka-pomoc-pre-slo-v-lvove\/#breadcrumb\",\"itemListElement\":[{\"@type\":\"ListItem\",\"position\":1,\"name\":\"Domovsk\u00e1 str\u00e1nka\",\"item\":\"https:\/\/www.charita.sk\/svet\/\"},{\"@type\":\"ListItem\",\"position\":2,\"name\":\"Psychologick\u00e1 pomoc pre mami\u010dky v \u013dvove\"}]},{\"@type\":\"WebSite\",\"@id\":\"https:\/\/www.charita.sk\/svet\/#website\",\"url\":\"https:\/\/www.charita.sk\/svet\/\",\"name\":\"Charita vo svete\",\"description\":\"Slovensk\u00e1 katol\u00edcka charita pom\u00e1ha \u013eu\u010fom v n\u00fadzi vo svete\",\"publisher\":{\"@id\":\"https:\/\/www.charita.sk\/svet\/#organization\"},\"potentialAction\":[{\"@type\":\"SearchAction\",\"target\":{\"@type\":\"EntryPoint\",\"urlTemplate\":\"https:\/\/www.charita.sk\/svet\/?s={search_term_string}\"},\"query-input\":{\"@type\":\"PropertyValueSpecification\",\"valueRequired\":true,\"valueName\":\"search_term_string\"}}],\"inLanguage\":\"sk-SK\"},{\"@type\":\"Organization\",\"@id\":\"https:\/\/www.charita.sk\/svet\/#organization\",\"name\":\"Slovensk\u00e1 katol\u00edcka charita\",\"url\":\"https:\/\/www.charita.sk\/svet\/\",\"logo\":{\"@type\":\"ImageObject\",\"inLanguage\":\"sk-SK\",\"@id\":\"https:\/\/www.charita.sk\/svet\/#\/schema\/logo\/image\/\",\"url\":\"https:\/\/www.charita.sk\/pomoc-utecencom\/wp-content\/uploads\/2020\/11\/logo_pomoc_utecencom.jpg\",\"contentUrl\":\"https:\/\/www.charita.sk\/pomoc-utecencom\/wp-content\/uploads\/2020\/11\/logo_pomoc_utecencom.jpg\",\"width\":1712,\"height\":480,\"caption\":\"Slovensk\u00e1 katol\u00edcka charita\"},\"image\":{\"@id\":\"https:\/\/www.charita.sk\/svet\/#\/schema\/logo\/image\/\"},\"sameAs\":[\"https:\/\/www.facebook.com\/CaritasSlovakia\/\",\"https:\/\/www.instagram.com\/caritas_slovakia\/\",\"https:\/\/www.linkedin.com\/company\/caritas-slovakia-skch-\",\"https:\/\/www.youtube.com\/user\/katolickacharita\"]},{\"@type\":\"Person\",\"@id\":\"https:\/\/www.charita.sk\/svet\/#\/schema\/person\/5d4cac7d83d3ec0090a0c6bb00690ce4\",\"name\":\"charita\",\"image\":{\"@type\":\"ImageObject\",\"inLanguage\":\"sk-SK\",\"@id\":\"https:\/\/www.charita.sk\/svet\/#\/schema\/person\/image\/\",\"url\":\"https:\/\/secure.gravatar.com\/avatar\/d2e7ea30dee1a0c7a6b7277bd2f993803c4622836c7e0130a97819af162a837b?s=96&d=mm&r=g\",\"contentUrl\":\"https:\/\/secure.gravatar.com\/avatar\/d2e7ea30dee1a0c7a6b7277bd2f993803c4622836c7e0130a97819af162a837b?s=96&d=mm&r=g\",\"caption\":\"charita\"},\"url\":\"https:\/\/www.charita.sk\/svet\/author\/charita\/\"}]}<\/script>\n<!-- \/ Yoast SEO plugin. -->","yoast_head_json":{"title":"Psychologick\u00e1 pomoc pre mami\u010dky v \u013dvove | Charita vo svete","robots":{"index":"index","follow":"follow","max-snippet":"max-snippet:-1","max-image-preview":"max-image-preview:large","max-video-preview":"max-video-preview:-1"},"canonical":"https:\/\/www.charita.sk\/svet\/psychologicka-pomoc-pre-slo-v-lvove\/","og_locale":"sk_SK","og_type":"article","og_title":"Psychologick\u00e1 pomoc pre mami\u010dky v \u013dvove | Charita vo svete","og_description":"Psychologi\u010dka Julia z Caritas Donetsk poskytuje psychologick\u00e9 poradenstvo a podporu \u013eu\u010fom, ktor\u00ed [&hellip;]","og_url":"https:\/\/www.charita.sk\/svet\/psychologicka-pomoc-pre-slo-v-lvove\/","og_site_name":"Charita vo svete","article_publisher":"https:\/\/www.facebook.com\/CaritasSlovakia\/","article_published_time":"2022-03-29T10:06:05+00:00","article_modified_time":"2022-03-29T10:17:53+00:00","og_image":[{"width":1024,"height":768,"url":"https:\/\/www.charita.sk\/svet\/wp-content\/uploads\/2022\/03\/UKR_Lvov.jpg","type":"image\/jpeg"}],"author":"charita","twitter_card":"summary_large_image","twitter_misc":{"Autor":"charita","Predpokladan\u00fd \u010das \u010d\u00edtania":"3 min\u00faty"},"schema":{"@context":"https:\/\/schema.org","@graph":[{"@type":"Article","@id":"https:\/\/www.charita.sk\/svet\/psychologicka-pomoc-pre-slo-v-lvove\/#article","isPartOf":{"@id":"https:\/\/www.charita.sk\/svet\/psychologicka-pomoc-pre-slo-v-lvove\/"},"author":{"name":"charita","@id":"https:\/\/www.charita.sk\/svet\/#\/schema\/person\/5d4cac7d83d3ec0090a0c6bb00690ce4"},"headline":"Psychologick\u00e1 pomoc pre mami\u010dky v \u013dvove","datePublished":"2022-03-29T10:06:05+00:00","dateModified":"2022-03-29T10:17:53+00:00","mainEntityOfPage":{"@id":"https:\/\/www.charita.sk\/svet\/psychologicka-pomoc-pre-slo-v-lvove\/"},"wordCount":547,"commentCount":0,"publisher":{"@id":"https:\/\/www.charita.sk\/svet\/#organization"},"image":{"@id":"https:\/\/www.charita.sk\/svet\/psychologicka-pomoc-pre-slo-v-lvove\/#primaryimage"},"thumbnailUrl":"https:\/\/www.charita.sk\/svet\/wp-content\/uploads\/2022\/03\/UKR_Lvov.jpg","keywords":["psychologicka pomoc","ukrajina"],"articleSection":["Ukrajina"],"inLanguage":"sk-SK","potentialAction":[{"@type":"CommentAction","name":"Comment","target":["https:\/\/www.charita.sk\/svet\/psychologicka-pomoc-pre-slo-v-lvove\/#respond"]}]},{"@type":"WebPage","@id":"https:\/\/www.charita.sk\/svet\/psychologicka-pomoc-pre-slo-v-lvove\/","url":"https:\/\/www.charita.sk\/svet\/psychologicka-pomoc-pre-slo-v-lvove\/","name":"Psychologick\u00e1 pomoc pre mami\u010dky v \u013dvove | Charita vo svete","isPartOf":{"@id":"https:\/\/www.charita.sk\/svet\/#website"},"primaryImageOfPage":{"@id":"https:\/\/www.charita.sk\/svet\/psychologicka-pomoc-pre-slo-v-lvove\/#primaryimage"},"image":{"@id":"https:\/\/www.charita.sk\/svet\/psychologicka-pomoc-pre-slo-v-lvove\/#primaryimage"},"thumbnailUrl":"https:\/\/www.charita.sk\/svet\/wp-content\/uploads\/2022\/03\/UKR_Lvov.jpg","datePublished":"2022-03-29T10:06:05+00:00","dateModified":"2022-03-29T10:17:53+00:00","breadcrumb":{"@id":"https:\/\/www.charita.sk\/svet\/psychologicka-pomoc-pre-slo-v-lvove\/#breadcrumb"},"inLanguage":"sk-SK","potentialAction":[{"@type":"ReadAction","target":["https:\/\/www.charita.sk\/svet\/psychologicka-pomoc-pre-slo-v-lvove\/"]}]},{"@type":"ImageObject","inLanguage":"sk-SK","@id":"https:\/\/www.charita.sk\/svet\/psychologicka-pomoc-pre-slo-v-lvove\/#primaryimage","url":"https:\/\/www.charita.sk\/svet\/wp-content\/uploads\/2022\/03\/UKR_Lvov.jpg","contentUrl":"https:\/\/www.charita.sk\/svet\/wp-content\/uploads\/2022\/03\/UKR_Lvov.jpg","width":1024,"height":768},{"@type":"BreadcrumbList","@id":"https:\/\/www.charita.sk\/svet\/psychologicka-pomoc-pre-slo-v-lvove\/#breadcrumb","itemListElement":[{"@type":"ListItem","position":1,"name":"Domovsk\u00e1 str\u00e1nka","item":"https:\/\/www.charita.sk\/svet\/"},{"@type":"ListItem","position":2,"name":"Psychologick\u00e1 pomoc pre mami\u010dky v \u013dvove"}]},{"@type":"WebSite","@id":"https:\/\/www.charita.sk\/svet\/#website","url":"https:\/\/www.charita.sk\/svet\/","name":"Charita vo svete","description":"Slovensk\u00e1 katol\u00edcka charita pom\u00e1ha \u013eu\u010fom v n\u00fadzi vo svete","publisher":{"@id":"https:\/\/www.charita.sk\/svet\/#organization"},"potentialAction":[{"@type":"SearchAction","target":{"@type":"EntryPoint","urlTemplate":"https:\/\/www.charita.sk\/svet\/?s={search_term_string}"},"query-input":{"@type":"PropertyValueSpecification","valueRequired":true,"valueName":"search_term_string"}}],"inLanguage":"sk-SK"},{"@type":"Organization","@id":"https:\/\/www.charita.sk\/svet\/#organization","name":"Slovensk\u00e1 katol\u00edcka charita","url":"https:\/\/www.charita.sk\/svet\/","logo":{"@type":"ImageObject","inLanguage":"sk-SK","@id":"https:\/\/www.charita.sk\/svet\/#\/schema\/logo\/image\/","url":"https:\/\/www.charita.sk\/pomoc-utecencom\/wp-content\/uploads\/2020\/11\/logo_pomoc_utecencom.jpg","contentUrl":"https:\/\/www.charita.sk\/pomoc-utecencom\/wp-content\/uploads\/2020\/11\/logo_pomoc_utecencom.jpg","width":1712,"height":480,"caption":"Slovensk\u00e1 katol\u00edcka charita"},"image":{"@id":"https:\/\/www.charita.sk\/svet\/#\/schema\/logo\/image\/"},"sameAs":["https:\/\/www.facebook.com\/CaritasSlovakia\/","https:\/\/www.instagram.com\/caritas_slovakia\/","https:\/\/www.linkedin.com\/company\/caritas-slovakia-skch-","https:\/\/www.youtube.com\/user\/katolickacharita"]},{"@type":"Person","@id":"https:\/\/www.charita.sk\/svet\/#\/schema\/person\/5d4cac7d83d3ec0090a0c6bb00690ce4","name":"charita","image":{"@type":"ImageObject","inLanguage":"sk-SK","@id":"https:\/\/www.charita.sk\/svet\/#\/schema\/person\/image\/","url":"https:\/\/secure.gravatar.com\/avatar\/d2e7ea30dee1a0c7a6b7277bd2f993803c4622836c7e0130a97819af162a837b?s=96&d=mm&r=g","contentUrl":"https:\/\/secure.gravatar.com\/avatar\/d2e7ea30dee1a0c7a6b7277bd2f993803c4622836c7e0130a97819af162a837b?s=96&d=mm&r=g","caption":"charita"},"url":"https:\/\/www.charita.sk\/svet\/author\/charita\/"}]}},"featured_image_src":"https:\/\/www.charita.sk\/svet\/wp-content\/uploads\/2022\/03\/UKR_Lvov-600x400.jpg","featured_image_src_square":"https:\/\/www.charita.sk\/svet\/wp-content\/uploads\/2022\/03\/UKR_Lvov-600x600.jpg","author_info":{"display_name":"charita","author_link":"https:\/\/www.charita.sk\/svet\/author\/charita\/"},"_links":{"self":[{"href":"https:\/\/www.charita.sk\/svet\/wp-json\/wp\/v2\/posts\/2154","targetHints":{"allow":["GET"]}}],"collection":[{"href":"https:\/\/www.charita.sk\/svet\/wp-json\/wp\/v2\/posts"}],"about":[{"href":"https:\/\/www.charita.sk\/svet\/wp-json\/wp\/v2\/types\/post"}],"author":[{"embeddable":true,"href":"https:\/\/www.charita.sk\/svet\/wp-json\/wp\/v2\/users\/2"}],"replies":[{"embeddable":true,"href":"https:\/\/www.charita.sk\/svet\/wp-json\/wp\/v2\/comments?post=2154"}],"version-history":[{"count":4,"href":"https:\/\/www.charita.sk\/svet\/wp-json\/wp\/v2\/posts\/2154\/revisions"}],"predecessor-version":[{"id":2160,"href":"https:\/\/www.charita.sk\/svet\/wp-json\/wp\/v2\/posts\/2154\/revisions\/2160"}],"wp:featuredmedia":[{"embeddable":true,"href":"https:\/\/www.charita.sk\/svet\/wp-json\/wp\/v2\/media\/2157"}],"wp:attachment":[{"href":"https:\/\/www.charita.sk\/svet\/wp-json\/wp\/v2\/media?parent=2154"}],"wp:term":[{"taxonomy":"category","embeddable":true,"href":"https:\/\/www.charita.sk\/svet\/wp-json\/wp\/v2\/categories?post=2154"},{"taxonomy":"post_tag","embeddable":true,"href":"https:\/\/www.charita.sk\/svet\/wp-json\/wp\/v2\/tags?post=2154"}],"curies":[{"name":"wp","href":"https:\/\/api.w.org\/{rel}","templated":true}]}}