{"id":2181,"date":"2022-06-12T17:32:30","date_gmt":"2022-06-12T15:32:30","guid":{"rendered":"https:\/\/www.charita.sk\/pomoc-utecencom\/?p=2181"},"modified":"2022-06-12T17:34:03","modified_gmt":"2022-06-12T15:34:03","slug":"otvarame-25-centier-podpory-pre-odidencov","status":"publish","type":"post","link":"https:\/\/www.charita.sk\/svet\/otvarame-25-centier-podpory-pre-odidencov\/","title":{"rendered":"Otv\u00e1rame 25 centier podpory pre od\u00eddencov"},"content":{"rendered":"\n<p><strong>Slovensk\u00e1 katol\u00edcka charita (SKCH) bola prvou organiz\u00e1ciou pr\u00edtomnou na hraniciach od vypuknutia vojnov\u00e9ho konfliktu. Okrem bezprostrednej pomoci na hraniciach a&nbsp;pravideln\u00fdch t\u00fd\u017edenn\u00fdch z\u00e1vozov humanit\u00e1rnej pomoci a liekov na Ukrajinu poskytuje podporu od\u00eddencom formou integr\u00e1cie. A&nbsp;preto prv\u00e9 kroky \u013eud\u00ed, ktor\u00ed u\u0161li pred konfliktom na Ukrajine a&nbsp;na\u0161li do\u010dasn\u00e9 \u00fato\u010disko na Slovensku, bud\u00fa po novom smerova\u0165 do centier podpory. SKCH ich prostredn\u00edctvom svoji arci\/diec\u00e9znych a eparchi\u00e1lnych char\u00edt otv\u00e1ra celkovo dvadsa\u0165p\u00e4\u0165, jedno z&nbsp;nich v&nbsp;Ko\u0161iciach na Hlavnej 68 u\u017e tento \u0161tvrtok (9.6) o&nbsp;14 hod.<\/strong><\/p>\n\n\n\n<p>Kto mi vie poskytn\u00fa\u0165 ubytovanie? Ak\u00e9 doklady potrebujem pre pobyt na Slovensku a&nbsp;kde ich vybav\u00edm? Ako prihl\u00e1sim deti do \u0161koly, kde n\u00e1jdem pr\u00e1cu a m\u00e1m n\u00e1rok na finan\u010dn\u00fa a potravinov\u00fa pomoc? Na tieto a&nbsp;\u010fal\u0161ie ot\u00e1zky h\u013eadaj\u00fa naj\u010dastej\u0161ie odpove\u010f \u013eudia, ktor\u00ed u\u0161li na Slovensko pred konfliktom na Ukrajine. &nbsp;V charitn\u00fdch centr\u00e1ch podpory im na nich odpovie t\u00edm odborne vy\u0161kolen\u00fdch pracovn\u00edkov. K&nbsp;dispoz\u00edci\u00ed je aj psychol\u00f3g; v&nbsp;centre podpory v&nbsp;Ko\u0161iciach je n\u00edm O\u013ega z&nbsp;Mariupo\u013ea. Utiekla pred vojnou a&nbsp;\u00fato\u010disko na\u0161la pr\u00e1ve tu, kde jej pomocn\u00fa ruku podala Gr\u00e9ckokatol\u00edcka eparchi\u00e1lna charita Ko\u0161ice.<\/p>\n\n\n\n<figure class=\"wp-block-gallery has-nested-images columns-default is-cropped wp-block-gallery-1 is-layout-flex wp-block-gallery-is-layout-flex\">\n<figure class=\"wp-block-image size-full\"><img fetchpriority=\"high\" decoding=\"async\" width=\"1024\" height=\"683\" data-id=\"2183\" src=\"https:\/\/www.charita.sk\/svet\/wp-content\/uploads\/2022\/06\/IMG_8264.jpg\" alt=\"\" class=\"wp-image-2183\" srcset=\"https:\/\/www.charita.sk\/svet\/wp-content\/uploads\/2022\/06\/IMG_8264.jpg 1024w, https:\/\/www.charita.sk\/svet\/wp-content\/uploads\/2022\/06\/IMG_8264-300x200.jpg 300w, https:\/\/www.charita.sk\/svet\/wp-content\/uploads\/2022\/06\/IMG_8264-768x512.jpg 768w, https:\/\/www.charita.sk\/svet\/wp-content\/uploads\/2022\/06\/IMG_8264-600x400.jpg 600w\" sizes=\"(max-width: 1024px) 100vw, 1024px\" \/><figcaption>V Ko\u0161iaciach s\u00fa a\u017e 2 centr\u00e1.<\/figcaption><\/figure>\n\n\n\n<figure class=\"wp-block-image size-large\"><img decoding=\"async\" width=\"1024\" height=\"683\" data-id=\"2180\" src=\"https:\/\/www.charita.sk\/svet\/wp-content\/uploads\/2022\/06\/IMG_8094.jpg\" alt=\"\" class=\"wp-image-2180\" srcset=\"https:\/\/www.charita.sk\/svet\/wp-content\/uploads\/2022\/06\/IMG_8094.jpg 1024w, https:\/\/www.charita.sk\/svet\/wp-content\/uploads\/2022\/06\/IMG_8094-300x200.jpg 300w, https:\/\/www.charita.sk\/svet\/wp-content\/uploads\/2022\/06\/IMG_8094-768x512.jpg 768w, https:\/\/www.charita.sk\/svet\/wp-content\/uploads\/2022\/06\/IMG_8094-600x400.jpg 600w\" sizes=\"(max-width: 1024px) 100vw, 1024px\" \/><figcaption>T\u00edm pracovn\u00edkov centra v Ru\u017eomberku.<\/figcaption><\/figure>\n\n\n\n<figure class=\"wp-block-image size-large\"><img decoding=\"async\" width=\"1024\" height=\"683\" data-id=\"2182\" src=\"https:\/\/www.charita.sk\/svet\/wp-content\/uploads\/2022\/06\/IMG_8022.jpg\" alt=\"\" class=\"wp-image-2182\" srcset=\"https:\/\/www.charita.sk\/svet\/wp-content\/uploads\/2022\/06\/IMG_8022.jpg 1024w, https:\/\/www.charita.sk\/svet\/wp-content\/uploads\/2022\/06\/IMG_8022-300x200.jpg 300w, https:\/\/www.charita.sk\/svet\/wp-content\/uploads\/2022\/06\/IMG_8022-768x512.jpg 768w, https:\/\/www.charita.sk\/svet\/wp-content\/uploads\/2022\/06\/IMG_8022-600x400.jpg 600w\" sizes=\"(max-width: 1024px) 100vw, 1024px\" \/><figcaption>Psychologi\u010dka O\u013ea z Ukrajiny pracuje v centre v \u017diline.<\/figcaption><\/figure>\n<\/figure>\n\n\n\n<p><em>\u201eO\u013ega sa pre n\u00e1s stala pred\u013a\u017eenou rukou pri komunik\u00e1ci\u00ed s&nbsp;Ukrajincami, ve\u013emi r\u00fdchlo sa integrovala a&nbsp;stala sa neodmyslite\u013enou s\u00fa\u010das\u0165ou na\u0161ej pr\u00e1ce. Svoju prax z&nbsp;oblasti psychol\u00f3gie vyu\u017eila pri pomoci \u010fal\u0161ej \u017eene \u2013 J\u00falii, ktor\u00e1 je onkologick\u00fdm pacientom, chod\u00ed na chemoterapiu a&nbsp;sna\u017e\u00ed sa proti z\u00e1kernej chorobe bojova\u0165,\u201c<\/em> hovor\u00ed Anna Ivankov\u00e1 riadite\u013eka Gr\u00e9ckokatol\u00edckej eparchi\u00e1lnej charity Ko\u0161ice, pod ktor\u00fa spad\u00e1 aj toto centrum.<\/p>\n\n\n\n<div class=\"wp-block-buttons is-layout-flex wp-block-buttons-is-layout-flex\">\n<div class=\"wp-block-button aligncenter\"><a class=\"wp-block-button__link has-white-color has-text-color has-background\" href=\"https:\/\/www.charita.sk\/centra-podpory\/\" style=\"background-color:#c42f41\">Zoznam Centrier podpory<\/a><\/div>\n<\/div>\n\n\n\n<p>Centr\u00e1 splnia \u00falohu d\u00f4le\u017eit\u00e9ho prv\u00e9ho kontaktu a z\u00e1rove\u0148 poskytn\u00fa asistenciu. Charita ich zriaden\u00edm reaguje na potreby, ktor\u00e9 vznikli po vypuknut\u00ed konfliktu na Ukrajine. <em>\u201eOtv\u00e1rame ich v\u010faka podpore z&nbsp;Emergency appeal-u. Ide o finan\u010dn\u00fd mechanizmus pre rie\u0161enie kr\u00edz a&nbsp;humanit\u00e1rnych katastrof vo svete. Zastre\u0161uje ho Caritas Internationalis, medzin\u00e1rodn\u00e1 organiz\u00e1cia, ktorej s\u00fa\u010das\u0165ou je aj Slovensk\u00e1 katol\u00edcka charita,\u201c<\/em> vysvet\u013euje gener\u00e1lny sekret\u00e1r SKCH Miroslav Dzurech. Aktu\u00e1lne centrum poskytuje potravinov\u00fa a&nbsp;materi\u00e1lnu pomoc, psychologick\u00e9 podporu, sprev\u00e1dzanie a&nbsp;pomoc s&nbsp;h\u013eadan\u00edm si pr\u00e1ce, \u010di ubytovania.<\/p>\n\n\n\n<p class=\"has-background\" style=\"background-color:#e2e2e2\">Na Slovensku po\u017eiadalo o&nbsp;do\u010dasn\u00e9 \u00fato\u010disko pre konflikt na Ukrajine zatia\u013e 75-tis\u00edc \u013eud\u00ed, z&nbsp;toho pribli\u017ene 12-tis\u00edc \u017eije v Ko\u0161ickom kraji. <strong>Centr\u00e1 podpory s\u00fa otvoren\u00e9 v&nbsp;Bratislave, Trnave, Nitre, \u017diline, Ro\u017e\u0148ave, Banskej Bystrici, Poprade, Ru\u017eomberku, Pre\u0161ove, Dolnom Kub\u00edne a&nbsp;mnoh\u00fdch \u010fal\u0161\u00edch mest\u00e1ch.<\/strong><\/p>\n\n\n\n<p>V\u0161etky potrebn\u00e9 inform\u00e1cie o&nbsp;ich \u010dinnosti ako aj kontaktn\u00e9 \u00fadaje n\u00e1jdete na webovej str\u00e1nke&nbsp;<a href=\"http:\/\/www.charita.sk\/centra-podpory\/\">www.charita.sk\/centra-podpory\/<\/a><\/p>\n\n\n\n<div class=\"wp-block-buttons is-layout-flex wp-block-buttons-is-layout-flex\">\n<div class=\"wp-block-button aligncenter\"><a class=\"wp-block-button__link has-white-color has-text-color has-background\" href=\"https:\/\/www.charita.sk\/centra-podpory\/\" style=\"background-color:#c42f41\">Zoznam Centrier podpory<\/a><\/div>\n<\/div>\n","protected":false},"excerpt":{"rendered":"<p>Slovensk\u00e1 katol\u00edcka charita (SKCH) bola prvou organiz\u00e1ciou pr\u00edtomnou na hraniciach od vypuknutia [&hellip;]<\/p>\n","protected":false},"author":2,"featured_media":2175,"comment_status":"open","ping_status":"open","sticky":false,"template":"","format":"standard","meta":{"footnotes":""},"categories":[18],"tags":[7,6,19],"class_list":["post-2181","post","type-post","status-publish","format-standard","has-post-thumbnail","hentry","category-ukrajina","tag-charita","tag-pomoc","tag-ukrajina"],"yoast_head":"<!-- This site is optimized with the Yoast SEO plugin v25.4 - https:\/\/yoast.com\/wordpress\/plugins\/seo\/ -->\n<title>Otv\u00e1rame 25 centier podpory pre od\u00eddencov | Charita vo svete<\/title>\n<meta name=\"robots\" content=\"index, follow, max-snippet:-1, max-image-preview:large, max-video-preview:-1\" \/>\n<link rel=\"canonical\" href=\"https:\/\/www.charita.sk\/svet\/otvarame-25-centier-podpory-pre-odidencov\/\" \/>\n<meta property=\"og:locale\" content=\"sk_SK\" \/>\n<meta property=\"og:type\" content=\"article\" \/>\n<meta property=\"og:title\" content=\"Otv\u00e1rame 25 centier podpory pre od\u00eddencov | Charita vo svete\" \/>\n<meta property=\"og:description\" content=\"Slovensk\u00e1 katol\u00edcka charita (SKCH) bola prvou organiz\u00e1ciou pr\u00edtomnou na hraniciach od vypuknutia [&hellip;]\" \/>\n<meta property=\"og:url\" content=\"https:\/\/www.charita.sk\/svet\/otvarame-25-centier-podpory-pre-odidencov\/\" \/>\n<meta property=\"og:site_name\" content=\"Charita vo svete\" \/>\n<meta property=\"article:publisher\" content=\"https:\/\/www.facebook.com\/CaritasSlovakia\/\" \/>\n<meta property=\"article:published_time\" content=\"2022-06-12T15:32:30+00:00\" \/>\n<meta property=\"article:modified_time\" content=\"2022-06-12T15:34:03+00:00\" \/>\n<meta property=\"og:image\" content=\"https:\/\/www.charita.sk\/svet\/wp-content\/uploads\/2022\/06\/1654249661.jpg\" \/>\n\t<meta property=\"og:image:width\" content=\"640\" \/>\n\t<meta property=\"og:image:height\" content=\"453\" \/>\n\t<meta property=\"og:image:type\" content=\"image\/jpeg\" \/>\n<meta name=\"author\" content=\"charita\" \/>\n<meta name=\"twitter:card\" content=\"summary_large_image\" \/>\n<meta name=\"twitter:label1\" content=\"Autor\" \/>\n\t<meta name=\"twitter:data1\" content=\"charita\" \/>\n\t<meta name=\"twitter:label2\" content=\"Predpokladan\u00fd \u010das \u010d\u00edtania\" \/>\n\t<meta name=\"twitter:data2\" content=\"3 min\u00faty\" \/>\n<script type=\"application\/ld+json\" class=\"yoast-schema-graph\">{\"@context\":\"https:\/\/schema.org\",\"@graph\":[{\"@type\":\"Article\",\"@id\":\"https:\/\/www.charita.sk\/svet\/otvarame-25-centier-podpory-pre-odidencov\/#article\",\"isPartOf\":{\"@id\":\"https:\/\/www.charita.sk\/svet\/otvarame-25-centier-podpory-pre-odidencov\/\"},\"author\":{\"name\":\"charita\",\"@id\":\"https:\/\/www.charita.sk\/svet\/#\/schema\/person\/5d4cac7d83d3ec0090a0c6bb00690ce4\"},\"headline\":\"Otv\u00e1rame 25 centier podpory pre od\u00eddencov\",\"datePublished\":\"2022-06-12T15:32:30+00:00\",\"dateModified\":\"2022-06-12T15:34:03+00:00\",\"mainEntityOfPage\":{\"@id\":\"https:\/\/www.charita.sk\/svet\/otvarame-25-centier-podpory-pre-odidencov\/\"},\"wordCount\":563,\"commentCount\":0,\"publisher\":{\"@id\":\"https:\/\/www.charita.sk\/svet\/#organization\"},\"image\":{\"@id\":\"https:\/\/www.charita.sk\/svet\/otvarame-25-centier-podpory-pre-odidencov\/#primaryimage\"},\"thumbnailUrl\":\"https:\/\/www.charita.sk\/svet\/wp-content\/uploads\/2022\/06\/1654249661.jpg\",\"keywords\":[\"charita\",\"pomoc\",\"ukrajina\"],\"articleSection\":[\"Ukrajina\"],\"inLanguage\":\"sk-SK\",\"potentialAction\":[{\"@type\":\"CommentAction\",\"name\":\"Comment\",\"target\":[\"https:\/\/www.charita.sk\/svet\/otvarame-25-centier-podpory-pre-odidencov\/#respond\"]}]},{\"@type\":\"WebPage\",\"@id\":\"https:\/\/www.charita.sk\/svet\/otvarame-25-centier-podpory-pre-odidencov\/\",\"url\":\"https:\/\/www.charita.sk\/svet\/otvarame-25-centier-podpory-pre-odidencov\/\",\"name\":\"Otv\u00e1rame 25 centier podpory pre od\u00eddencov | Charita vo svete\",\"isPartOf\":{\"@id\":\"https:\/\/www.charita.sk\/svet\/#website\"},\"primaryImageOfPage\":{\"@id\":\"https:\/\/www.charita.sk\/svet\/otvarame-25-centier-podpory-pre-odidencov\/#primaryimage\"},\"image\":{\"@id\":\"https:\/\/www.charita.sk\/svet\/otvarame-25-centier-podpory-pre-odidencov\/#primaryimage\"},\"thumbnailUrl\":\"https:\/\/www.charita.sk\/svet\/wp-content\/uploads\/2022\/06\/1654249661.jpg\",\"datePublished\":\"2022-06-12T15:32:30+00:00\",\"dateModified\":\"2022-06-12T15:34:03+00:00\",\"breadcrumb\":{\"@id\":\"https:\/\/www.charita.sk\/svet\/otvarame-25-centier-podpory-pre-odidencov\/#breadcrumb\"},\"inLanguage\":\"sk-SK\",\"potentialAction\":[{\"@type\":\"ReadAction\",\"target\":[\"https:\/\/www.charita.sk\/svet\/otvarame-25-centier-podpory-pre-odidencov\/\"]}]},{\"@type\":\"ImageObject\",\"inLanguage\":\"sk-SK\",\"@id\":\"https:\/\/www.charita.sk\/svet\/otvarame-25-centier-podpory-pre-odidencov\/#primaryimage\",\"url\":\"https:\/\/www.charita.sk\/svet\/wp-content\/uploads\/2022\/06\/1654249661.jpg\",\"contentUrl\":\"https:\/\/www.charita.sk\/svet\/wp-content\/uploads\/2022\/06\/1654249661.jpg\",\"width\":640,\"height\":453},{\"@type\":\"BreadcrumbList\",\"@id\":\"https:\/\/www.charita.sk\/svet\/otvarame-25-centier-podpory-pre-odidencov\/#breadcrumb\",\"itemListElement\":[{\"@type\":\"ListItem\",\"position\":1,\"name\":\"Domovsk\u00e1 str\u00e1nka\",\"item\":\"https:\/\/www.charita.sk\/svet\/\"},{\"@type\":\"ListItem\",\"position\":2,\"name\":\"Otv\u00e1rame 25 centier podpory pre od\u00eddencov\"}]},{\"@type\":\"WebSite\",\"@id\":\"https:\/\/www.charita.sk\/svet\/#website\",\"url\":\"https:\/\/www.charita.sk\/svet\/\",\"name\":\"Charita vo svete\",\"description\":\"Slovensk\u00e1 katol\u00edcka charita pom\u00e1ha \u013eu\u010fom v n\u00fadzi vo svete\",\"publisher\":{\"@id\":\"https:\/\/www.charita.sk\/svet\/#organization\"},\"potentialAction\":[{\"@type\":\"SearchAction\",\"target\":{\"@type\":\"EntryPoint\",\"urlTemplate\":\"https:\/\/www.charita.sk\/svet\/?s={search_term_string}\"},\"query-input\":{\"@type\":\"PropertyValueSpecification\",\"valueRequired\":true,\"valueName\":\"search_term_string\"}}],\"inLanguage\":\"sk-SK\"},{\"@type\":\"Organization\",\"@id\":\"https:\/\/www.charita.sk\/svet\/#organization\",\"name\":\"Slovensk\u00e1 katol\u00edcka charita\",\"url\":\"https:\/\/www.charita.sk\/svet\/\",\"logo\":{\"@type\":\"ImageObject\",\"inLanguage\":\"sk-SK\",\"@id\":\"https:\/\/www.charita.sk\/svet\/#\/schema\/logo\/image\/\",\"url\":\"https:\/\/www.charita.sk\/pomoc-utecencom\/wp-content\/uploads\/2020\/11\/logo_pomoc_utecencom.jpg\",\"contentUrl\":\"https:\/\/www.charita.sk\/pomoc-utecencom\/wp-content\/uploads\/2020\/11\/logo_pomoc_utecencom.jpg\",\"width\":1712,\"height\":480,\"caption\":\"Slovensk\u00e1 katol\u00edcka charita\"},\"image\":{\"@id\":\"https:\/\/www.charita.sk\/svet\/#\/schema\/logo\/image\/\"},\"sameAs\":[\"https:\/\/www.facebook.com\/CaritasSlovakia\/\",\"https:\/\/www.instagram.com\/caritas_slovakia\/\",\"https:\/\/www.linkedin.com\/company\/caritas-slovakia-skch-\",\"https:\/\/www.youtube.com\/user\/katolickacharita\"]},{\"@type\":\"Person\",\"@id\":\"https:\/\/www.charita.sk\/svet\/#\/schema\/person\/5d4cac7d83d3ec0090a0c6bb00690ce4\",\"name\":\"charita\",\"image\":{\"@type\":\"ImageObject\",\"inLanguage\":\"sk-SK\",\"@id\":\"https:\/\/www.charita.sk\/svet\/#\/schema\/person\/image\/\",\"url\":\"https:\/\/secure.gravatar.com\/avatar\/d2e7ea30dee1a0c7a6b7277bd2f993803c4622836c7e0130a97819af162a837b?s=96&d=mm&r=g\",\"contentUrl\":\"https:\/\/secure.gravatar.com\/avatar\/d2e7ea30dee1a0c7a6b7277bd2f993803c4622836c7e0130a97819af162a837b?s=96&d=mm&r=g\",\"caption\":\"charita\"},\"url\":\"https:\/\/www.charita.sk\/svet\/author\/charita\/\"}]}<\/script>\n<!-- \/ Yoast SEO plugin. -->","yoast_head_json":{"title":"Otv\u00e1rame 25 centier podpory pre od\u00eddencov | Charita vo svete","robots":{"index":"index","follow":"follow","max-snippet":"max-snippet:-1","max-image-preview":"max-image-preview:large","max-video-preview":"max-video-preview:-1"},"canonical":"https:\/\/www.charita.sk\/svet\/otvarame-25-centier-podpory-pre-odidencov\/","og_locale":"sk_SK","og_type":"article","og_title":"Otv\u00e1rame 25 centier podpory pre od\u00eddencov | Charita vo svete","og_description":"Slovensk\u00e1 katol\u00edcka charita (SKCH) bola prvou organiz\u00e1ciou pr\u00edtomnou na hraniciach od vypuknutia [&hellip;]","og_url":"https:\/\/www.charita.sk\/svet\/otvarame-25-centier-podpory-pre-odidencov\/","og_site_name":"Charita vo svete","article_publisher":"https:\/\/www.facebook.com\/CaritasSlovakia\/","article_published_time":"2022-06-12T15:32:30+00:00","article_modified_time":"2022-06-12T15:34:03+00:00","og_image":[{"width":640,"height":453,"url":"https:\/\/www.charita.sk\/svet\/wp-content\/uploads\/2022\/06\/1654249661.jpg","type":"image\/jpeg"}],"author":"charita","twitter_card":"summary_large_image","twitter_misc":{"Autor":"charita","Predpokladan\u00fd \u010das \u010d\u00edtania":"3 min\u00faty"},"schema":{"@context":"https:\/\/schema.org","@graph":[{"@type":"Article","@id":"https:\/\/www.charita.sk\/svet\/otvarame-25-centier-podpory-pre-odidencov\/#article","isPartOf":{"@id":"https:\/\/www.charita.sk\/svet\/otvarame-25-centier-podpory-pre-odidencov\/"},"author":{"name":"charita","@id":"https:\/\/www.charita.sk\/svet\/#\/schema\/person\/5d4cac7d83d3ec0090a0c6bb00690ce4"},"headline":"Otv\u00e1rame 25 centier podpory pre od\u00eddencov","datePublished":"2022-06-12T15:32:30+00:00","dateModified":"2022-06-12T15:34:03+00:00","mainEntityOfPage":{"@id":"https:\/\/www.charita.sk\/svet\/otvarame-25-centier-podpory-pre-odidencov\/"},"wordCount":563,"commentCount":0,"publisher":{"@id":"https:\/\/www.charita.sk\/svet\/#organization"},"image":{"@id":"https:\/\/www.charita.sk\/svet\/otvarame-25-centier-podpory-pre-odidencov\/#primaryimage"},"thumbnailUrl":"https:\/\/www.charita.sk\/svet\/wp-content\/uploads\/2022\/06\/1654249661.jpg","keywords":["charita","pomoc","ukrajina"],"articleSection":["Ukrajina"],"inLanguage":"sk-SK","potentialAction":[{"@type":"CommentAction","name":"Comment","target":["https:\/\/www.charita.sk\/svet\/otvarame-25-centier-podpory-pre-odidencov\/#respond"]}]},{"@type":"WebPage","@id":"https:\/\/www.charita.sk\/svet\/otvarame-25-centier-podpory-pre-odidencov\/","url":"https:\/\/www.charita.sk\/svet\/otvarame-25-centier-podpory-pre-odidencov\/","name":"Otv\u00e1rame 25 centier podpory pre od\u00eddencov | Charita vo svete","isPartOf":{"@id":"https:\/\/www.charita.sk\/svet\/#website"},"primaryImageOfPage":{"@id":"https:\/\/www.charita.sk\/svet\/otvarame-25-centier-podpory-pre-odidencov\/#primaryimage"},"image":{"@id":"https:\/\/www.charita.sk\/svet\/otvarame-25-centier-podpory-pre-odidencov\/#primaryimage"},"thumbnailUrl":"https:\/\/www.charita.sk\/svet\/wp-content\/uploads\/2022\/06\/1654249661.jpg","datePublished":"2022-06-12T15:32:30+00:00","dateModified":"2022-06-12T15:34:03+00:00","breadcrumb":{"@id":"https:\/\/www.charita.sk\/svet\/otvarame-25-centier-podpory-pre-odidencov\/#breadcrumb"},"inLanguage":"sk-SK","potentialAction":[{"@type":"ReadAction","target":["https:\/\/www.charita.sk\/svet\/otvarame-25-centier-podpory-pre-odidencov\/"]}]},{"@type":"ImageObject","inLanguage":"sk-SK","@id":"https:\/\/www.charita.sk\/svet\/otvarame-25-centier-podpory-pre-odidencov\/#primaryimage","url":"https:\/\/www.charita.sk\/svet\/wp-content\/uploads\/2022\/06\/1654249661.jpg","contentUrl":"https:\/\/www.charita.sk\/svet\/wp-content\/uploads\/2022\/06\/1654249661.jpg","width":640,"height":453},{"@type":"BreadcrumbList","@id":"https:\/\/www.charita.sk\/svet\/otvarame-25-centier-podpory-pre-odidencov\/#breadcrumb","itemListElement":[{"@type":"ListItem","position":1,"name":"Domovsk\u00e1 str\u00e1nka","item":"https:\/\/www.charita.sk\/svet\/"},{"@type":"ListItem","position":2,"name":"Otv\u00e1rame 25 centier podpory pre od\u00eddencov"}]},{"@type":"WebSite","@id":"https:\/\/www.charita.sk\/svet\/#website","url":"https:\/\/www.charita.sk\/svet\/","name":"Charita vo svete","description":"Slovensk\u00e1 katol\u00edcka charita pom\u00e1ha \u013eu\u010fom v n\u00fadzi vo svete","publisher":{"@id":"https:\/\/www.charita.sk\/svet\/#organization"},"potentialAction":[{"@type":"SearchAction","target":{"@type":"EntryPoint","urlTemplate":"https:\/\/www.charita.sk\/svet\/?s={search_term_string}"},"query-input":{"@type":"PropertyValueSpecification","valueRequired":true,"valueName":"search_term_string"}}],"inLanguage":"sk-SK"},{"@type":"Organization","@id":"https:\/\/www.charita.sk\/svet\/#organization","name":"Slovensk\u00e1 katol\u00edcka charita","url":"https:\/\/www.charita.sk\/svet\/","logo":{"@type":"ImageObject","inLanguage":"sk-SK","@id":"https:\/\/www.charita.sk\/svet\/#\/schema\/logo\/image\/","url":"https:\/\/www.charita.sk\/pomoc-utecencom\/wp-content\/uploads\/2020\/11\/logo_pomoc_utecencom.jpg","contentUrl":"https:\/\/www.charita.sk\/pomoc-utecencom\/wp-content\/uploads\/2020\/11\/logo_pomoc_utecencom.jpg","width":1712,"height":480,"caption":"Slovensk\u00e1 katol\u00edcka charita"},"image":{"@id":"https:\/\/www.charita.sk\/svet\/#\/schema\/logo\/image\/"},"sameAs":["https:\/\/www.facebook.com\/CaritasSlovakia\/","https:\/\/www.instagram.com\/caritas_slovakia\/","https:\/\/www.linkedin.com\/company\/caritas-slovakia-skch-","https:\/\/www.youtube.com\/user\/katolickacharita"]},{"@type":"Person","@id":"https:\/\/www.charita.sk\/svet\/#\/schema\/person\/5d4cac7d83d3ec0090a0c6bb00690ce4","name":"charita","image":{"@type":"ImageObject","inLanguage":"sk-SK","@id":"https:\/\/www.charita.sk\/svet\/#\/schema\/person\/image\/","url":"https:\/\/secure.gravatar.com\/avatar\/d2e7ea30dee1a0c7a6b7277bd2f993803c4622836c7e0130a97819af162a837b?s=96&d=mm&r=g","contentUrl":"https:\/\/secure.gravatar.com\/avatar\/d2e7ea30dee1a0c7a6b7277bd2f993803c4622836c7e0130a97819af162a837b?s=96&d=mm&r=g","caption":"charita"},"url":"https:\/\/www.charita.sk\/svet\/author\/charita\/"}]}},"featured_image_src":"https:\/\/www.charita.sk\/svet\/wp-content\/uploads\/2022\/06\/1654249661-600x400.jpg","featured_image_src_square":"https:\/\/www.charita.sk\/svet\/wp-content\/uploads\/2022\/06\/1654249661-600x453.jpg","author_info":{"display_name":"charita","author_link":"https:\/\/www.charita.sk\/svet\/author\/charita\/"},"_links":{"self":[{"href":"https:\/\/www.charita.sk\/svet\/wp-json\/wp\/v2\/posts\/2181","targetHints":{"allow":["GET"]}}],"collection":[{"href":"https:\/\/www.charita.sk\/svet\/wp-json\/wp\/v2\/posts"}],"about":[{"href":"https:\/\/www.charita.sk\/svet\/wp-json\/wp\/v2\/types\/post"}],"author":[{"embeddable":true,"href":"https:\/\/www.charita.sk\/svet\/wp-json\/wp\/v2\/users\/2"}],"replies":[{"embeddable":true,"href":"https:\/\/www.charita.sk\/svet\/wp-json\/wp\/v2\/comments?post=2181"}],"version-history":[{"count":3,"href":"https:\/\/www.charita.sk\/svet\/wp-json\/wp\/v2\/posts\/2181\/revisions"}],"predecessor-version":[{"id":2186,"href":"https:\/\/www.charita.sk\/svet\/wp-json\/wp\/v2\/posts\/2181\/revisions\/2186"}],"wp:featuredmedia":[{"embeddable":true,"href":"https:\/\/www.charita.sk\/svet\/wp-json\/wp\/v2\/media\/2175"}],"wp:attachment":[{"href":"https:\/\/www.charita.sk\/svet\/wp-json\/wp\/v2\/media?parent=2181"}],"wp:term":[{"taxonomy":"category","embeddable":true,"href":"https:\/\/www.charita.sk\/svet\/wp-json\/wp\/v2\/categories?post=2181"},{"taxonomy":"post_tag","embeddable":true,"href":"https:\/\/www.charita.sk\/svet\/wp-json\/wp\/v2\/tags?post=2181"}],"curies":[{"name":"wp","href":"https:\/\/api.w.org\/{rel}","templated":true}]}}