{"id":2194,"date":"2022-06-06T14:46:00","date_gmt":"2022-06-06T12:46:00","guid":{"rendered":"https:\/\/www.charita.sk\/pomoc-utecencom\/?p=2194"},"modified":"2023-11-03T15:27:41","modified_gmt":"2023-11-03T14:27:41","slug":"charitne-dodavky-priviezli-do-dnipra-materialnu-pomoc-v-objeme-80-ton","status":"publish","type":"post","link":"https:\/\/www.charita.sk\/svet\/charitne-dodavky-priviezli-do-dnipra-materialnu-pomoc-v-objeme-80-ton\/","title":{"rendered":"Charitn\u00e9 dod\u00e1vky priviezli do Dnipra materi\u00e1lnu pomoc v objeme 80 ton"},"content":{"rendered":"\n<p><strong>V&nbsp;n\u00e1klade boli potraviny, hygienick\u00e9 pom\u00f4cky a&nbsp;lieky v&nbsp;hodnote 120&nbsp;000\u20ac. Pom\u00f4\u017eu miestnym obyvate\u013eom a&nbsp;aj vn\u00fatorn\u00fdm vys\u00eddlencom, ktor\u00ed sem u\u0161li z&nbsp;Charkova, Mariupola \u010di \u010fal\u0161\u00edch miest, kde sa bojuje. Stoj\u00ed pri nich dlhoro\u010dn\u00fd partner Slovenskej katol\u00edckej charity na Ukrajine &#8211; Caritas Donetsk.<\/strong><\/p>\n\n\n\n<p>Pracovn\u00edci Caritas Donetsk pomoc rozde\u013euj\u00fa \u010do najr\u00fdchlej\u0161ie a&nbsp;prid\u00e1vaj\u00fa k&nbsp;nim pouk\u00e1\u017eky na n\u00e1kup potrav\u00edn a&nbsp;liekov.&nbsp;<em>\u201eNajohrozenej\u0161\u00edm a&nbsp;&nbsp;n\u00fadznym \u013eu\u010fom poskytujeme z\u00e1rove\u0148 sprev\u00e1dzanie, priestor na vypo\u010dutie a&nbsp;psychologick\u00fa pomoc.\u201c<\/em>&nbsp;objas\u0148uje Svitlana \u0160uch, koordin\u00e1torka ukrajinskej charity. V&nbsp;Dnipre p\u00f4sobia od roku 2014. Pouk\u00e1\u017eky v&nbsp;hodnote 1000 ukrajinsk\u00fdch hrivien maj\u00fa v\u010faka n\u00e1\u0161mu <a href=\"https:\/\/www.charita.sk\/svet\/poukazky-a-psychologicka-podpora-pre-vnutornych-vysidlencov\/\">spolo\u010dn\u00e9mu projektu na pomoc vn\u00fatorne vys\u00eddlen\u00fdm osob\u00e1m<\/a>.&nbsp;&nbsp;Doteraz takto podporili vy\u0161e 900 rod\u00edn a podarilo sa im tie\u017e zamestna\u0165 soci\u00e1lnych pracovn\u00edkov a&nbsp;psychol\u00f3gov, ktor\u00ed maj\u00fa s&nbsp;pomocou vys\u00eddlencom potrebn\u00e9 sk\u00fasenosti.&nbsp;<em>\u201ePo\u010det \u013eud\u00ed, ktor\u00ed k&nbsp;n\u00e1m prich\u00e1dzaj\u00fa a&nbsp;potreba pomoci sa ka\u017ed\u00fdm d\u0148om zvy\u0161uje. Sme preto ve\u013emi v\u010fa\u010dn\u00ed za va\u0161u pomoc.\u201c<\/em><\/p>\n\n\n\n<figure class=\"wp-block-gallery has-nested-images columns-4 is-cropped wp-block-gallery-1 is-layout-flex wp-block-gallery-is-layout-flex\">\n<figure class=\"wp-block-image size-large\"><img fetchpriority=\"high\" decoding=\"async\" width=\"1024\" height=\"683\" data-id=\"2199\" src=\"https:\/\/www.charita.sk\/svet\/wp-content\/uploads\/2022\/06\/IMG_7524-2-1024x683.jpg\" alt=\"\" class=\"wp-image-2199\" srcset=\"https:\/\/www.charita.sk\/svet\/wp-content\/uploads\/2022\/06\/IMG_7524-2-1024x683.jpg 1024w, https:\/\/www.charita.sk\/svet\/wp-content\/uploads\/2022\/06\/IMG_7524-2-300x200.jpg 300w, https:\/\/www.charita.sk\/svet\/wp-content\/uploads\/2022\/06\/IMG_7524-2-768x512.jpg 768w, https:\/\/www.charita.sk\/svet\/wp-content\/uploads\/2022\/06\/IMG_7524-2-1536x1024.jpg 1536w, https:\/\/www.charita.sk\/svet\/wp-content\/uploads\/2022\/06\/IMG_7524-2-600x400.jpg 600w, https:\/\/www.charita.sk\/svet\/wp-content\/uploads\/2022\/06\/IMG_7524-2.jpg 1920w\" sizes=\"(max-width: 1024px) 100vw, 1024px\" \/><\/figure>\n\n\n\n<figure class=\"wp-block-image size-large\"><img decoding=\"async\" width=\"1024\" height=\"683\" data-id=\"2198\" src=\"https:\/\/www.charita.sk\/svet\/wp-content\/uploads\/2022\/06\/IMG_1237-2-2-1024x683.jpg\" alt=\"\" class=\"wp-image-2198\" srcset=\"https:\/\/www.charita.sk\/svet\/wp-content\/uploads\/2022\/06\/IMG_1237-2-2-1024x683.jpg 1024w, https:\/\/www.charita.sk\/svet\/wp-content\/uploads\/2022\/06\/IMG_1237-2-2-300x200.jpg 300w, https:\/\/www.charita.sk\/svet\/wp-content\/uploads\/2022\/06\/IMG_1237-2-2-768x512.jpg 768w, https:\/\/www.charita.sk\/svet\/wp-content\/uploads\/2022\/06\/IMG_1237-2-2-1536x1024.jpg 1536w, https:\/\/www.charita.sk\/svet\/wp-content\/uploads\/2022\/06\/IMG_1237-2-2-600x400.jpg 600w, https:\/\/www.charita.sk\/svet\/wp-content\/uploads\/2022\/06\/IMG_1237-2-2.jpg 1920w\" sizes=\"(max-width: 1024px) 100vw, 1024px\" \/><\/figure>\n\n\n\n<figure class=\"wp-block-image size-large\"><img decoding=\"async\" width=\"1024\" height=\"768\" data-id=\"2197\" src=\"https:\/\/www.charita.sk\/svet\/wp-content\/uploads\/2022\/06\/IMG_7252-2-1024x768.jpg\" alt=\"\" class=\"wp-image-2197\" srcset=\"https:\/\/www.charita.sk\/svet\/wp-content\/uploads\/2022\/06\/IMG_7252-2-1024x768.jpg 1024w, https:\/\/www.charita.sk\/svet\/wp-content\/uploads\/2022\/06\/IMG_7252-2-300x225.jpg 300w, https:\/\/www.charita.sk\/svet\/wp-content\/uploads\/2022\/06\/IMG_7252-2-768x576.jpg 768w, https:\/\/www.charita.sk\/svet\/wp-content\/uploads\/2022\/06\/IMG_7252-2-1536x1152.jpg 1536w, https:\/\/www.charita.sk\/svet\/wp-content\/uploads\/2022\/06\/IMG_7252-2.jpg 1920w\" sizes=\"(max-width: 1024px) 100vw, 1024px\" \/><\/figure>\n<\/figure>\n\n\n\n<p>Lieky putovali do nemocn\u00edc v&nbsp;spolupr\u00e1ci s&nbsp;ukrajinsk\u00fdm \u010cerven\u00fdm kr\u00ed\u017eom.&nbsp;<em>\u201eZ\u00e1kladn\u00e1 po\u017eiadavka bola chirurgick\u00fd materi\u00e1l, \u0161itie, dezinfekcia, g\u00e1zy a&nbsp;ve\u013ek\u00e9 mno\u017estvo inzul\u00ednu. Ten bol ur\u010den\u00fd pre oby\u010dajn\u00fdch \u013eud\u00ed s&nbsp;cukrovkou,\u201c&nbsp;<\/em>ozrejmuje okolnosti Tony Fri\u010d, pracovn\u00edk Spi\u0161skej katol\u00edckej charity. Na v\u00fdchod Ukrajiny sa bohu\u017eia\u013e materi\u00e1lna pomoc zo zahrani\u010dia nedost\u00e1va \u013eahko a&nbsp;ani \u010dasto.&nbsp;<em>\u201eNa\u0161a pomoc pr\u00fadi aj \u010falej, ale to zabezpe\u010duj\u00fa na\u0161i lok\u00e1lni partneri. My sa sna\u017e\u00edme zdr\u017eiava\u0165 v&nbsp;bezpe\u010dnej\u0161\u00edch z\u00f3nach.\u201c&nbsp;<\/em>Objas\u0148uje Fri\u010d, ktor\u00ed na Ukrajinu vycestoval u\u017e nieko\u013ekokr\u00e1t.&nbsp;<em>\u201eM\u00e1me probl\u00e9m zohna\u0165 \u0161of\u00e9rov na cestu s&nbsp;dod\u00e1vkami do Dnipra \u010di in\u00fdch \u010dast\u00ed Ukrajiny. Musia sa strieda\u0165 dvaja, lebo s\u00fa to dva aj tritis\u00edc kilometrov dlh\u00e9 cesty,\u201c dod\u00e1va.<\/em><\/p>\n\n\n\n<p class=\"has-text-align-center has-background\" style=\"background-color:#e2e2e2\"><strong>Charita doteraz na Ukrajinu poslala pomoc v&nbsp;objeme 622 ton.<\/strong> Obrovsk\u00e9 \u010fakujem za prejaven\u00fa solidaritu patr\u00ed v\u0161etk\u00fdm darcom, ktor\u00ed prispeli na <a href=\"https:\/\/charita.darujme.sk\/ukrajina\/\" target=\"_blank\" rel=\"noreferrer noopener\">Pomoc Ukrajine<\/a>.<\/p>\n\n\n\n<div class=\"wp-block-buttons is-content-justification-center is-layout-flex wp-container-core-buttons-is-layout-16018d1d wp-block-buttons-is-layout-flex\">\n<div class=\"wp-block-button\"><a class=\"wp-block-button__link has-white-color has-text-color has-background wp-element-button\" href=\"https:\/\/www.charita.sk\/svet\/pomoc-ukrajine\/\" style=\"background-color:#c42f41\">Ako m\u00f4\u017eem pom\u00f4c\u0165?<\/a><\/div>\n<\/div>\n","protected":false},"excerpt":{"rendered":"<p>V&nbsp;n\u00e1klade boli potraviny, hygienick\u00e9 pom\u00f4cky a&nbsp;lieky v&nbsp;hodnote 120&nbsp;000\u20ac. Pom\u00f4\u017eu miestnym obyvate\u013eom a&nbsp;aj [&hellip;]<\/p>\n","protected":false},"author":2,"featured_media":2195,"comment_status":"open","ping_status":"open","sticky":false,"template":"","format":"standard","meta":{"footnotes":""},"categories":[18],"tags":[6,19,20],"class_list":["post-2194","post","type-post","status-publish","format-standard","has-post-thumbnail","hentry","category-ukrajina","tag-pomoc","tag-ukrajina","tag-zbierka"],"yoast_head":"<!-- This site is optimized with the Yoast SEO plugin v25.4 - https:\/\/yoast.com\/wordpress\/plugins\/seo\/ -->\n<title>Charitn\u00e9 dod\u00e1vky priviezli do Dnipra materi\u00e1lnu pomoc v objeme 80 ton | Charita vo svete<\/title>\n<meta name=\"robots\" content=\"index, follow, max-snippet:-1, max-image-preview:large, max-video-preview:-1\" \/>\n<link rel=\"canonical\" href=\"https:\/\/www.charita.sk\/svet\/charitne-dodavky-priviezli-do-dnipra-materialnu-pomoc-v-objeme-80-ton\/\" \/>\n<meta property=\"og:locale\" content=\"sk_SK\" \/>\n<meta property=\"og:type\" content=\"article\" \/>\n<meta property=\"og:title\" content=\"Charitn\u00e9 dod\u00e1vky priviezli do Dnipra materi\u00e1lnu pomoc v objeme 80 ton | Charita vo svete\" \/>\n<meta property=\"og:description\" content=\"V&nbsp;n\u00e1klade boli potraviny, hygienick\u00e9 pom\u00f4cky a&nbsp;lieky v&nbsp;hodnote 120&nbsp;000\u20ac. Pom\u00f4\u017eu miestnym obyvate\u013eom a&nbsp;aj [&hellip;]\" \/>\n<meta property=\"og:url\" content=\"https:\/\/www.charita.sk\/svet\/charitne-dodavky-priviezli-do-dnipra-materialnu-pomoc-v-objeme-80-ton\/\" \/>\n<meta property=\"og:site_name\" content=\"Charita vo svete\" \/>\n<meta property=\"article:publisher\" content=\"https:\/\/www.facebook.com\/CaritasSlovakia\/\" \/>\n<meta property=\"article:published_time\" content=\"2022-06-06T12:46:00+00:00\" \/>\n<meta property=\"article:modified_time\" content=\"2023-11-03T14:27:41+00:00\" \/>\n<meta property=\"og:image\" content=\"https:\/\/www.charita.sk\/svet\/wp-content\/uploads\/2022\/06\/IMG_1255-2.jpg\" \/>\n\t<meta property=\"og:image:width\" content=\"1920\" \/>\n\t<meta property=\"og:image:height\" content=\"1280\" \/>\n\t<meta property=\"og:image:type\" content=\"image\/jpeg\" \/>\n<meta name=\"author\" content=\"charita\" \/>\n<meta name=\"twitter:card\" content=\"summary_large_image\" \/>\n<meta name=\"twitter:label1\" content=\"Autor\" \/>\n\t<meta name=\"twitter:data1\" content=\"charita\" \/>\n\t<meta name=\"twitter:label2\" content=\"Predpokladan\u00fd \u010das \u010d\u00edtania\" \/>\n\t<meta name=\"twitter:data2\" content=\"3 min\u00faty\" \/>\n<script type=\"application\/ld+json\" class=\"yoast-schema-graph\">{\"@context\":\"https:\/\/schema.org\",\"@graph\":[{\"@type\":\"Article\",\"@id\":\"https:\/\/www.charita.sk\/svet\/charitne-dodavky-priviezli-do-dnipra-materialnu-pomoc-v-objeme-80-ton\/#article\",\"isPartOf\":{\"@id\":\"https:\/\/www.charita.sk\/svet\/charitne-dodavky-priviezli-do-dnipra-materialnu-pomoc-v-objeme-80-ton\/\"},\"author\":{\"name\":\"charita\",\"@id\":\"https:\/\/www.charita.sk\/svet\/#\/schema\/person\/5d4cac7d83d3ec0090a0c6bb00690ce4\"},\"headline\":\"Charitn\u00e9 dod\u00e1vky priviezli do Dnipra materi\u00e1lnu pomoc v objeme 80 ton\",\"datePublished\":\"2022-06-06T12:46:00+00:00\",\"dateModified\":\"2023-11-03T14:27:41+00:00\",\"mainEntityOfPage\":{\"@id\":\"https:\/\/www.charita.sk\/svet\/charitne-dodavky-priviezli-do-dnipra-materialnu-pomoc-v-objeme-80-ton\/\"},\"wordCount\":422,\"commentCount\":0,\"publisher\":{\"@id\":\"https:\/\/www.charita.sk\/svet\/#organization\"},\"image\":{\"@id\":\"https:\/\/www.charita.sk\/svet\/charitne-dodavky-priviezli-do-dnipra-materialnu-pomoc-v-objeme-80-ton\/#primaryimage\"},\"thumbnailUrl\":\"https:\/\/www.charita.sk\/svet\/wp-content\/uploads\/2022\/06\/IMG_1255-2.jpg\",\"keywords\":[\"pomoc\",\"ukrajina\",\"zbierka\"],\"articleSection\":[\"Ukrajina\"],\"inLanguage\":\"sk-SK\",\"potentialAction\":[{\"@type\":\"CommentAction\",\"name\":\"Comment\",\"target\":[\"https:\/\/www.charita.sk\/svet\/charitne-dodavky-priviezli-do-dnipra-materialnu-pomoc-v-objeme-80-ton\/#respond\"]}]},{\"@type\":\"WebPage\",\"@id\":\"https:\/\/www.charita.sk\/svet\/charitne-dodavky-priviezli-do-dnipra-materialnu-pomoc-v-objeme-80-ton\/\",\"url\":\"https:\/\/www.charita.sk\/svet\/charitne-dodavky-priviezli-do-dnipra-materialnu-pomoc-v-objeme-80-ton\/\",\"name\":\"Charitn\u00e9 dod\u00e1vky priviezli do Dnipra materi\u00e1lnu pomoc v objeme 80 ton | Charita vo svete\",\"isPartOf\":{\"@id\":\"https:\/\/www.charita.sk\/svet\/#website\"},\"primaryImageOfPage\":{\"@id\":\"https:\/\/www.charita.sk\/svet\/charitne-dodavky-priviezli-do-dnipra-materialnu-pomoc-v-objeme-80-ton\/#primaryimage\"},\"image\":{\"@id\":\"https:\/\/www.charita.sk\/svet\/charitne-dodavky-priviezli-do-dnipra-materialnu-pomoc-v-objeme-80-ton\/#primaryimage\"},\"thumbnailUrl\":\"https:\/\/www.charita.sk\/svet\/wp-content\/uploads\/2022\/06\/IMG_1255-2.jpg\",\"datePublished\":\"2022-06-06T12:46:00+00:00\",\"dateModified\":\"2023-11-03T14:27:41+00:00\",\"breadcrumb\":{\"@id\":\"https:\/\/www.charita.sk\/svet\/charitne-dodavky-priviezli-do-dnipra-materialnu-pomoc-v-objeme-80-ton\/#breadcrumb\"},\"inLanguage\":\"sk-SK\",\"potentialAction\":[{\"@type\":\"ReadAction\",\"target\":[\"https:\/\/www.charita.sk\/svet\/charitne-dodavky-priviezli-do-dnipra-materialnu-pomoc-v-objeme-80-ton\/\"]}]},{\"@type\":\"ImageObject\",\"inLanguage\":\"sk-SK\",\"@id\":\"https:\/\/www.charita.sk\/svet\/charitne-dodavky-priviezli-do-dnipra-materialnu-pomoc-v-objeme-80-ton\/#primaryimage\",\"url\":\"https:\/\/www.charita.sk\/svet\/wp-content\/uploads\/2022\/06\/IMG_1255-2.jpg\",\"contentUrl\":\"https:\/\/www.charita.sk\/svet\/wp-content\/uploads\/2022\/06\/IMG_1255-2.jpg\",\"width\":1920,\"height\":1280},{\"@type\":\"BreadcrumbList\",\"@id\":\"https:\/\/www.charita.sk\/svet\/charitne-dodavky-priviezli-do-dnipra-materialnu-pomoc-v-objeme-80-ton\/#breadcrumb\",\"itemListElement\":[{\"@type\":\"ListItem\",\"position\":1,\"name\":\"Domovsk\u00e1 str\u00e1nka\",\"item\":\"https:\/\/www.charita.sk\/svet\/\"},{\"@type\":\"ListItem\",\"position\":2,\"name\":\"Charitn\u00e9 dod\u00e1vky priviezli do Dnipra materi\u00e1lnu pomoc v objeme 80 ton\"}]},{\"@type\":\"WebSite\",\"@id\":\"https:\/\/www.charita.sk\/svet\/#website\",\"url\":\"https:\/\/www.charita.sk\/svet\/\",\"name\":\"Charita vo svete\",\"description\":\"Slovensk\u00e1 katol\u00edcka charita pom\u00e1ha \u013eu\u010fom v n\u00fadzi vo svete\",\"publisher\":{\"@id\":\"https:\/\/www.charita.sk\/svet\/#organization\"},\"potentialAction\":[{\"@type\":\"SearchAction\",\"target\":{\"@type\":\"EntryPoint\",\"urlTemplate\":\"https:\/\/www.charita.sk\/svet\/?s={search_term_string}\"},\"query-input\":{\"@type\":\"PropertyValueSpecification\",\"valueRequired\":true,\"valueName\":\"search_term_string\"}}],\"inLanguage\":\"sk-SK\"},{\"@type\":\"Organization\",\"@id\":\"https:\/\/www.charita.sk\/svet\/#organization\",\"name\":\"Slovensk\u00e1 katol\u00edcka charita\",\"url\":\"https:\/\/www.charita.sk\/svet\/\",\"logo\":{\"@type\":\"ImageObject\",\"inLanguage\":\"sk-SK\",\"@id\":\"https:\/\/www.charita.sk\/svet\/#\/schema\/logo\/image\/\",\"url\":\"https:\/\/www.charita.sk\/pomoc-utecencom\/wp-content\/uploads\/2020\/11\/logo_pomoc_utecencom.jpg\",\"contentUrl\":\"https:\/\/www.charita.sk\/pomoc-utecencom\/wp-content\/uploads\/2020\/11\/logo_pomoc_utecencom.jpg\",\"width\":1712,\"height\":480,\"caption\":\"Slovensk\u00e1 katol\u00edcka charita\"},\"image\":{\"@id\":\"https:\/\/www.charita.sk\/svet\/#\/schema\/logo\/image\/\"},\"sameAs\":[\"https:\/\/www.facebook.com\/CaritasSlovakia\/\",\"https:\/\/www.instagram.com\/caritas_slovakia\/\",\"https:\/\/www.linkedin.com\/company\/caritas-slovakia-skch-\",\"https:\/\/www.youtube.com\/user\/katolickacharita\"]},{\"@type\":\"Person\",\"@id\":\"https:\/\/www.charita.sk\/svet\/#\/schema\/person\/5d4cac7d83d3ec0090a0c6bb00690ce4\",\"name\":\"charita\",\"image\":{\"@type\":\"ImageObject\",\"inLanguage\":\"sk-SK\",\"@id\":\"https:\/\/www.charita.sk\/svet\/#\/schema\/person\/image\/\",\"url\":\"https:\/\/secure.gravatar.com\/avatar\/d2e7ea30dee1a0c7a6b7277bd2f993803c4622836c7e0130a97819af162a837b?s=96&d=mm&r=g\",\"contentUrl\":\"https:\/\/secure.gravatar.com\/avatar\/d2e7ea30dee1a0c7a6b7277bd2f993803c4622836c7e0130a97819af162a837b?s=96&d=mm&r=g\",\"caption\":\"charita\"},\"url\":\"https:\/\/www.charita.sk\/svet\/author\/charita\/\"}]}<\/script>\n<!-- \/ Yoast SEO plugin. -->","yoast_head_json":{"title":"Charitn\u00e9 dod\u00e1vky priviezli do Dnipra materi\u00e1lnu pomoc v objeme 80 ton | Charita vo svete","robots":{"index":"index","follow":"follow","max-snippet":"max-snippet:-1","max-image-preview":"max-image-preview:large","max-video-preview":"max-video-preview:-1"},"canonical":"https:\/\/www.charita.sk\/svet\/charitne-dodavky-priviezli-do-dnipra-materialnu-pomoc-v-objeme-80-ton\/","og_locale":"sk_SK","og_type":"article","og_title":"Charitn\u00e9 dod\u00e1vky priviezli do Dnipra materi\u00e1lnu pomoc v objeme 80 ton | Charita vo svete","og_description":"V&nbsp;n\u00e1klade boli potraviny, hygienick\u00e9 pom\u00f4cky a&nbsp;lieky v&nbsp;hodnote 120&nbsp;000\u20ac. Pom\u00f4\u017eu miestnym obyvate\u013eom a&nbsp;aj [&hellip;]","og_url":"https:\/\/www.charita.sk\/svet\/charitne-dodavky-priviezli-do-dnipra-materialnu-pomoc-v-objeme-80-ton\/","og_site_name":"Charita vo svete","article_publisher":"https:\/\/www.facebook.com\/CaritasSlovakia\/","article_published_time":"2022-06-06T12:46:00+00:00","article_modified_time":"2023-11-03T14:27:41+00:00","og_image":[{"width":1920,"height":1280,"url":"https:\/\/www.charita.sk\/svet\/wp-content\/uploads\/2022\/06\/IMG_1255-2.jpg","type":"image\/jpeg"}],"author":"charita","twitter_card":"summary_large_image","twitter_misc":{"Autor":"charita","Predpokladan\u00fd \u010das \u010d\u00edtania":"3 min\u00faty"},"schema":{"@context":"https:\/\/schema.org","@graph":[{"@type":"Article","@id":"https:\/\/www.charita.sk\/svet\/charitne-dodavky-priviezli-do-dnipra-materialnu-pomoc-v-objeme-80-ton\/#article","isPartOf":{"@id":"https:\/\/www.charita.sk\/svet\/charitne-dodavky-priviezli-do-dnipra-materialnu-pomoc-v-objeme-80-ton\/"},"author":{"name":"charita","@id":"https:\/\/www.charita.sk\/svet\/#\/schema\/person\/5d4cac7d83d3ec0090a0c6bb00690ce4"},"headline":"Charitn\u00e9 dod\u00e1vky priviezli do Dnipra materi\u00e1lnu pomoc v objeme 80 ton","datePublished":"2022-06-06T12:46:00+00:00","dateModified":"2023-11-03T14:27:41+00:00","mainEntityOfPage":{"@id":"https:\/\/www.charita.sk\/svet\/charitne-dodavky-priviezli-do-dnipra-materialnu-pomoc-v-objeme-80-ton\/"},"wordCount":422,"commentCount":0,"publisher":{"@id":"https:\/\/www.charita.sk\/svet\/#organization"},"image":{"@id":"https:\/\/www.charita.sk\/svet\/charitne-dodavky-priviezli-do-dnipra-materialnu-pomoc-v-objeme-80-ton\/#primaryimage"},"thumbnailUrl":"https:\/\/www.charita.sk\/svet\/wp-content\/uploads\/2022\/06\/IMG_1255-2.jpg","keywords":["pomoc","ukrajina","zbierka"],"articleSection":["Ukrajina"],"inLanguage":"sk-SK","potentialAction":[{"@type":"CommentAction","name":"Comment","target":["https:\/\/www.charita.sk\/svet\/charitne-dodavky-priviezli-do-dnipra-materialnu-pomoc-v-objeme-80-ton\/#respond"]}]},{"@type":"WebPage","@id":"https:\/\/www.charita.sk\/svet\/charitne-dodavky-priviezli-do-dnipra-materialnu-pomoc-v-objeme-80-ton\/","url":"https:\/\/www.charita.sk\/svet\/charitne-dodavky-priviezli-do-dnipra-materialnu-pomoc-v-objeme-80-ton\/","name":"Charitn\u00e9 dod\u00e1vky priviezli do Dnipra materi\u00e1lnu pomoc v objeme 80 ton | Charita vo svete","isPartOf":{"@id":"https:\/\/www.charita.sk\/svet\/#website"},"primaryImageOfPage":{"@id":"https:\/\/www.charita.sk\/svet\/charitne-dodavky-priviezli-do-dnipra-materialnu-pomoc-v-objeme-80-ton\/#primaryimage"},"image":{"@id":"https:\/\/www.charita.sk\/svet\/charitne-dodavky-priviezli-do-dnipra-materialnu-pomoc-v-objeme-80-ton\/#primaryimage"},"thumbnailUrl":"https:\/\/www.charita.sk\/svet\/wp-content\/uploads\/2022\/06\/IMG_1255-2.jpg","datePublished":"2022-06-06T12:46:00+00:00","dateModified":"2023-11-03T14:27:41+00:00","breadcrumb":{"@id":"https:\/\/www.charita.sk\/svet\/charitne-dodavky-priviezli-do-dnipra-materialnu-pomoc-v-objeme-80-ton\/#breadcrumb"},"inLanguage":"sk-SK","potentialAction":[{"@type":"ReadAction","target":["https:\/\/www.charita.sk\/svet\/charitne-dodavky-priviezli-do-dnipra-materialnu-pomoc-v-objeme-80-ton\/"]}]},{"@type":"ImageObject","inLanguage":"sk-SK","@id":"https:\/\/www.charita.sk\/svet\/charitne-dodavky-priviezli-do-dnipra-materialnu-pomoc-v-objeme-80-ton\/#primaryimage","url":"https:\/\/www.charita.sk\/svet\/wp-content\/uploads\/2022\/06\/IMG_1255-2.jpg","contentUrl":"https:\/\/www.charita.sk\/svet\/wp-content\/uploads\/2022\/06\/IMG_1255-2.jpg","width":1920,"height":1280},{"@type":"BreadcrumbList","@id":"https:\/\/www.charita.sk\/svet\/charitne-dodavky-priviezli-do-dnipra-materialnu-pomoc-v-objeme-80-ton\/#breadcrumb","itemListElement":[{"@type":"ListItem","position":1,"name":"Domovsk\u00e1 str\u00e1nka","item":"https:\/\/www.charita.sk\/svet\/"},{"@type":"ListItem","position":2,"name":"Charitn\u00e9 dod\u00e1vky priviezli do Dnipra materi\u00e1lnu pomoc v objeme 80 ton"}]},{"@type":"WebSite","@id":"https:\/\/www.charita.sk\/svet\/#website","url":"https:\/\/www.charita.sk\/svet\/","name":"Charita vo svete","description":"Slovensk\u00e1 katol\u00edcka charita pom\u00e1ha \u013eu\u010fom v n\u00fadzi vo svete","publisher":{"@id":"https:\/\/www.charita.sk\/svet\/#organization"},"potentialAction":[{"@type":"SearchAction","target":{"@type":"EntryPoint","urlTemplate":"https:\/\/www.charita.sk\/svet\/?s={search_term_string}"},"query-input":{"@type":"PropertyValueSpecification","valueRequired":true,"valueName":"search_term_string"}}],"inLanguage":"sk-SK"},{"@type":"Organization","@id":"https:\/\/www.charita.sk\/svet\/#organization","name":"Slovensk\u00e1 katol\u00edcka charita","url":"https:\/\/www.charita.sk\/svet\/","logo":{"@type":"ImageObject","inLanguage":"sk-SK","@id":"https:\/\/www.charita.sk\/svet\/#\/schema\/logo\/image\/","url":"https:\/\/www.charita.sk\/pomoc-utecencom\/wp-content\/uploads\/2020\/11\/logo_pomoc_utecencom.jpg","contentUrl":"https:\/\/www.charita.sk\/pomoc-utecencom\/wp-content\/uploads\/2020\/11\/logo_pomoc_utecencom.jpg","width":1712,"height":480,"caption":"Slovensk\u00e1 katol\u00edcka charita"},"image":{"@id":"https:\/\/www.charita.sk\/svet\/#\/schema\/logo\/image\/"},"sameAs":["https:\/\/www.facebook.com\/CaritasSlovakia\/","https:\/\/www.instagram.com\/caritas_slovakia\/","https:\/\/www.linkedin.com\/company\/caritas-slovakia-skch-","https:\/\/www.youtube.com\/user\/katolickacharita"]},{"@type":"Person","@id":"https:\/\/www.charita.sk\/svet\/#\/schema\/person\/5d4cac7d83d3ec0090a0c6bb00690ce4","name":"charita","image":{"@type":"ImageObject","inLanguage":"sk-SK","@id":"https:\/\/www.charita.sk\/svet\/#\/schema\/person\/image\/","url":"https:\/\/secure.gravatar.com\/avatar\/d2e7ea30dee1a0c7a6b7277bd2f993803c4622836c7e0130a97819af162a837b?s=96&d=mm&r=g","contentUrl":"https:\/\/secure.gravatar.com\/avatar\/d2e7ea30dee1a0c7a6b7277bd2f993803c4622836c7e0130a97819af162a837b?s=96&d=mm&r=g","caption":"charita"},"url":"https:\/\/www.charita.sk\/svet\/author\/charita\/"}]}},"featured_image_src":"https:\/\/www.charita.sk\/svet\/wp-content\/uploads\/2022\/06\/IMG_1255-2-600x400.jpg","featured_image_src_square":"https:\/\/www.charita.sk\/svet\/wp-content\/uploads\/2022\/06\/IMG_1255-2-600x600.jpg","author_info":{"display_name":"charita","author_link":"https:\/\/www.charita.sk\/svet\/author\/charita\/"},"_links":{"self":[{"href":"https:\/\/www.charita.sk\/svet\/wp-json\/wp\/v2\/posts\/2194","targetHints":{"allow":["GET"]}}],"collection":[{"href":"https:\/\/www.charita.sk\/svet\/wp-json\/wp\/v2\/posts"}],"about":[{"href":"https:\/\/www.charita.sk\/svet\/wp-json\/wp\/v2\/types\/post"}],"author":[{"embeddable":true,"href":"https:\/\/www.charita.sk\/svet\/wp-json\/wp\/v2\/users\/2"}],"replies":[{"embeddable":true,"href":"https:\/\/www.charita.sk\/svet\/wp-json\/wp\/v2\/comments?post=2194"}],"version-history":[{"count":2,"href":"https:\/\/www.charita.sk\/svet\/wp-json\/wp\/v2\/posts\/2194\/revisions"}],"predecessor-version":[{"id":2753,"href":"https:\/\/www.charita.sk\/svet\/wp-json\/wp\/v2\/posts\/2194\/revisions\/2753"}],"wp:featuredmedia":[{"embeddable":true,"href":"https:\/\/www.charita.sk\/svet\/wp-json\/wp\/v2\/media\/2195"}],"wp:attachment":[{"href":"https:\/\/www.charita.sk\/svet\/wp-json\/wp\/v2\/media?parent=2194"}],"wp:term":[{"taxonomy":"category","embeddable":true,"href":"https:\/\/www.charita.sk\/svet\/wp-json\/wp\/v2\/categories?post=2194"},{"taxonomy":"post_tag","embeddable":true,"href":"https:\/\/www.charita.sk\/svet\/wp-json\/wp\/v2\/tags?post=2194"}],"curies":[{"name":"wp","href":"https:\/\/api.w.org\/{rel}","templated":true}]}}