{"id":2202,"date":"2022-07-04T11:11:06","date_gmt":"2022-07-04T09:11:06","guid":{"rendered":"https:\/\/www.charita.sk\/pomoc-utecencom\/?p=2202"},"modified":"2022-07-06T16:07:52","modified_gmt":"2022-07-06T14:07:52","slug":"svitlana-z-dnipra-vysidlenci-su-traumatizovani-a-potrebuju-psychologicku-pomoc","status":"publish","type":"post","link":"https:\/\/www.charita.sk\/svet\/svitlana-z-dnipra-vysidlenci-su-traumatizovani-a-potrebuju-psychologicku-pomoc\/","title":{"rendered":"Svitlana z Dnipra: Vys\u00eddlenci s\u00fa traumatizovan\u00ed a potrebuj\u00fa psychologick\u00fa pomoc"},"content":{"rendered":"\n<p><em>Slovensk\u00e1 katol\u00edcka charita <a href=\"https:\/\/www.charita.sk\/svet\/materialna-a-psychosocialna-podpora-pre-vnutorne-vysidlene-osoby-v-regione-dnipro\/\">podporuje v Dnipre t\u00edm psychol\u00f3gov<\/a>, ktor\u00ed sa venuje vn\u00fatorn\u00fdm vys\u00eddlencom tzv. IDPs od roku 2020. Pre\u010d\u00edtajte si rozhovor so Svitlanou \u0160uch, spolupracovn\u00ed\u010dkou SKCH a zamestnanky\u0148ou Caritas Donetsk, o ich n\u00e1vrate z \u013dvova do Dnipra a s\u00fa\u010dasn\u00fdch v\u00fdzvach humanit\u00e1rnej a psychologickej pomoci pre vn\u00fatorn\u00fdch vys\u00eddlencov na Ukrajine.<\/em><\/p>\n\n\n\n<p><strong>Je to u\u017e d\u00e1vnej\u0161ie, ale ako ste sa c\u00edtili, ke\u010f ste sa mohli vr\u00e1ti\u0165 z \u013dvova domov do Dnipra?<\/strong><\/p>\n\n\n\n<p>Zaplavovali n\u00e1s em\u00f3cie od extr\u00e9mnej radosti a\u017e po hlbok\u00fa boles\u0165 a \u00fazkos\u0165 z\u00e1rove\u0148. Na jednej strane sme sa v\u0161etci \u010dlenovia t\u00edmu ve\u013emi te\u0161ili, \u017ee sa vraciame domov, preto\u017ee sme tam mali dom, rodinu, pr\u00edbuzn\u00fdch, priate\u013eov a kolegov, ale na druhej strane sme poci\u0165ovali \u00fazkos\u0165, strach a stres, preto\u017ee hrozba raketov\u00fdch \u00fatokov, sir\u00e9ny a vojna neumo\u017e\u0148uj\u00fa c\u00edti\u0165 sa bezpe\u010dne. Je n\u00e1m smutno zo zni\u010den\u00fdch a&nbsp;po\u0161koden\u00fdch miest, domov, z m\u0155tvych a&nbsp;zranen\u00fdch. Na druhej strane sme radi, \u017ee m\u00f4\u017eeme pom\u00e1ha\u0165 a pracova\u0165 v takej \u0165a\u017ekej chv\u00edli a podporova\u0165 t\u00fdch, ktor\u00ed to potrebuj\u00fa.<\/p>\n\n\n\n<p><strong>Ko\u013eko IDPs &#8211; <strong>vn\u00fatorne vys\u00eddlen\u00fdch os\u00f4b<\/strong><\/strong>,<strong> je moment\u00e1lne v&nbsp;Dnipro a&nbsp;s&nbsp;\u010d\u00edm v\u0161etk\u00fdm im pom\u00e1hate?<\/strong><\/p>\n\n\n\n<p>V Dnipro je ofici\u00e1lne registrovan\u00fdch viac ako 90 000 vys\u00eddlen\u00fdch os\u00f4b. Pod\u013ea prim\u00e1tora mesta Dnipro sa v meste nach\u00e1dza viac ako 220 000 vn\u00fatorne vys\u00eddlen\u00fdch os\u00f4b\/migrantov. V\u0161etci bez v\u00fdnimky potrebuj\u00fa psychologick\u00fa pomoc, ubytovanie, potraviny, hygienick\u00e9 potreby, oble\u010denie, tranzitn\u00e9 ubytovanie a materi\u00e1lnu pomoc. Na\u0161a charita &#8222;Caritas Donetsk&#8220; poskytuje \u010diasto\u010dne uveden\u00fa pomoc pomocou projektov, \u010do v\u0161ak nesta\u010d\u00ed, preto\u017ee zdroje organiz\u00e1cie s\u00fa v s\u00fa\u010dasnosti obmedzen\u00e9. V\u00e4\u010d\u0161ina charitat\u00edvnych a vl\u00e1dnych in\u0161tit\u00faci\u00ed je u\u017e vy\u010derpan\u00fdch a\u00a0nie s\u00fa schopn\u00e9 poskytn\u00fa\u0165 pomoc, preto\u017ee po\u010det vys\u00eddlen\u00fdch os\u00f4b pre mesto Dnipro je mimoriadne vysok\u00fd. V s\u00fa\u010dasnosti na Ukrajinu na\u010falej prich\u00e1dzaj\u00fa \u013eudia z hor\u00facich oblast\u00ed a potrebuj\u00fa naliehav\u00fa pomoc a podporu.<\/p>\n\n\n\n<p><strong>Na konci apr\u00edla za vami do Dnipra pri\u0161li na\u0161i kolegovia s&nbsp;80 tonami potrav\u00edn a materi\u00e1lnej pomoci, ako r\u00fdchlo sa dostali k&nbsp;n\u00fadznym?<\/strong><\/p>\n\n\n\n<p>Caritas Donetsk prijala humanit\u00e1rnu pomoc od Slovenskej katol\u00edckej charity v apr\u00edli 2022. Humanit\u00e1rna pomoc sa 2,5 mesiaca rozde\u013eovala medzi soci\u00e1lne slab\u00e9 vn\u00fatorne vys\u00eddlen\u00e9 osoby (mnohodetn\u00e9 rodiny, osamel\u00ed rodi\u010dia, \u013eudia so zdravotn\u00fdm postihnut\u00edm, \u013eudia s \u0165a\u017ek\u00fdm a chronick\u00fdm zdravotn\u00fdm postihnut\u00edm, osoby nad 60 rokov veku), ktor\u00ed sa po 24. febru\u00e1ri 2022 museli pres\u0165ahova\u0165 do mesta Dnipro a Dnipropetrovskej oblasti.<\/p>\n\n\n\n<p>Humanit\u00e1rna pomoc bola poskytnut\u00e1 aj z\u00e1stupcom 15 miestnych komun\u00edt a partnersk\u00fdch organiz\u00e1ci\u00ed, ktor\u00e9 poskytuj\u00fa pomoc v mnoh\u00fdch lokalit\u00e1ch Dnipropetrovskej oblasti. Soci\u00e1lni pracovn\u00edci fondu sa staraj\u00fa v priemere o 300 os\u00f4b (rod\u00edn). Caritas Donetsk tie\u017e vytvorila strategick\u00fa z\u00e1sobu potrav\u00edn, hygienick\u00fdch v\u00fdrobkov a liekov na n\u00fadzov\u00fa reakciu na potreby obzvl\u00e1\u0161\u0165 zranite\u013en\u00fdch vn\u00fatorne pres\u00eddlen\u00fdch os\u00f4b alebo na presun na \u201ehor\u00face miesta\u201c v Charkove, Donecku a Luhanskej oblasti, odkia\u013e na\u0161i dobrovo\u013en\u00edci evakuovali \u013eud\u00ed. T\u00e1to pomoc je ve\u013emi potrebn\u00e1 pre tis\u00edce \u013eud\u00ed v n\u00fadzi. Vyjadrujeme \u00faprimn\u00fa v\u010faku SKCH a v\u0161etk\u00fdm zainteresovan\u00fdm za pomoc, ktor\u00fa dostali tis\u00edce \u013eud\u00ed.<\/p>\n\n\n\n<figure class=\"wp-block-gallery has-nested-images columns-default is-cropped wp-block-gallery-1 is-layout-flex wp-block-gallery-is-layout-flex\">\n<figure class=\"wp-block-image size-large\"><img fetchpriority=\"high\" decoding=\"async\" width=\"1024\" height=\"576\" data-id=\"2204\" src=\"https:\/\/www.charita.sk\/svet\/wp-content\/uploads\/2022\/07\/IMG_20220520_124517-1024x576.jpg\" alt=\"\" class=\"wp-image-2204\" srcset=\"https:\/\/www.charita.sk\/svet\/wp-content\/uploads\/2022\/07\/IMG_20220520_124517-1024x576.jpg 1024w, https:\/\/www.charita.sk\/svet\/wp-content\/uploads\/2022\/07\/IMG_20220520_124517-300x169.jpg 300w, https:\/\/www.charita.sk\/svet\/wp-content\/uploads\/2022\/07\/IMG_20220520_124517-768x432.jpg 768w, https:\/\/www.charita.sk\/svet\/wp-content\/uploads\/2022\/07\/IMG_20220520_124517.jpg 1280w\" sizes=\"(max-width: 1024px) 100vw, 1024px\" \/><\/figure>\n<figcaption class=\"blocks-gallery-caption\">Naplnen\u00fd sklad po dod\u00e1vke potrav\u00edn a drog\u00e9rie zo Slovenska<\/figcaption><\/figure>\n\n\n\n<div class=\"wp-block-buttons is-content-justification-center is-layout-flex wp-container-core-buttons-is-layout-16018d1d wp-block-buttons-is-layout-flex\">\n<div class=\"wp-block-button\"><a class=\"wp-block-button__link has-white-color has-text-color has-background\" href=\"https:\/\/charita.darujme.sk\/ukrajina\/\" style=\"background-color:#c42f41\" target=\"_blank\" rel=\"noreferrer noopener\">Prispejte na \u010fal\u0161iu pomoc<\/a><\/div>\n<\/div>\n\n\n\n<p><strong>Ak\u00e9 veci, potraviny, drog\u00e9riu je moment\u00e1lne naj\u0165a\u017e\u0161ie zohna\u0165?<\/strong><\/p>\n\n\n\n<p>V s\u00fa\u010dasnosti m\u00e1 krajina z\u00e1kladn\u00e9 druhy potrav\u00edn a tovaru, av\u0161ak v pr\u00edpade potreby n\u00e1kupu ve\u013ek\u00e9ho mno\u017estva rovnak\u00fdch komod\u00edt m\u00f4\u017eu nasta\u0165 \u0165a\u017ekosti. Taktie\u017e situ\u00e1cia s tovarom sa m\u00f4\u017ee meni\u0165 v z\u00e1vislosti od bezpe\u010dnostnej situ\u00e1cie v regi\u00f3ne.&nbsp;<\/p>\n\n\n\n<p>\u0164a\u017ekosti v s\u00fa\u010dasnosti za\u010d\u00ednaj\u00fa s tovarom, ktor\u00fd bol predt\u00fdm dod\u00e1van\u00fd z regi\u00f3nov, ktor\u00e9 s\u00fa v s\u00fa\u010dasnosti zni\u010den\u00e9 alebo okupovan\u00e9 (napr\u00edklad zelenina a ovocie z Chersonskej oblasti, ktor\u00e1 je v s\u00fa\u010dasnosti okupovan\u00e1, so\u013e z Doneckej oblasti, benz\u00edn zo z\u00e1vodu Kremen\u010duk, sklady ropy, ktor\u00e9 s\u00fa na \u00fazem\u00ed Ukrajiny u\u017e takmer v\u0161etky zni\u010den\u00e9). S benz\u00ednom s\u00fa zna\u010dn\u00e9 \u0165a\u017ekosti &#8211; zv\u00fd\u0161enie n\u00e1kladov o 50 percent, fronty viac ako 1-2 kilometre, jedno auto m\u00f4\u017ee natankova\u0165 maxim\u00e1lne 10 litrov. Tie\u017e doch\u00e1dza ku v\u0161eobecn\u00e9mu zdra\u017eovaniu v\u0161etk\u00e9ho. N\u00fati to tak \u013eud\u00ed e\u0161te viac \u0161etri\u0165 a odopiera\u0165 si aj to najpotrebnej\u0161ie.<\/p>\n\n\n\n<p><strong>IDPs poskytujete psychologick\u00fa pomoc. Ko\u013eko psychol\u00f3gov m\u00e1te v&nbsp;t\u00edme? Sta\u010d\u00ed to alebo je z\u00e1ujem ove\u013ea v\u00e4\u010d\u0161\u00ed?<\/strong><\/p>\n\n\n\n<p>Caritas Donetsk m\u00e1 v s\u00fa\u010dasnosti 5 praktick\u00fdch psychol\u00f3gov, ktor\u00ed pracuj\u00fa na r\u00f4znych projektoch. Tento po\u010det je v\u0161ak moment\u00e1lne nedosta\u010duj\u00faci. Denne dost\u00e1va charita viac ako 300 \u017eiadost\u00ed od \u013eud\u00ed, ktor\u00ed utrpeli n\u00e1sledky vojny na Ukrajine. V\u0161etci bez v\u00fdnimky s\u00fa psychicky traumatizovan\u00ed a potrebuj\u00fa psychologick\u00fa pomoc. Mesto Dnipro je tie\u017e n\u00e1razn\u00edkovou a tranzitnou z\u00f3nou, ktor\u00e1 prij\u00edma pre mesto mimoriadne vysok\u00fd po\u010det vn\u00fatorne vys\u00eddlen\u00fdch os\u00f4b &#8211; \u013eudia \u017eij\u00fa v \u0161kol\u00e1ch, gymn\u00e1zi\u00e1ch, matersk\u00fdch \u0161kol\u00e1ch a in\u00fdch \u0161t\u00e1tnych in\u0161tit\u00faci\u00e1ch.<\/p>\n\n\n\n<p>Strata domova, smr\u0165 rodinn\u00fdch pr\u00edslu\u0161n\u00edkov, n\u00faten\u00e9 pres\u00eddlenie, \u0165a\u017ek\u00e1 materi\u00e1lna situ\u00e1cia, strata pr\u00e1ce a \u017eivobytia, n\u00e1silie a rabovanie s\u00fa len niektor\u00e9 z \u0165a\u017ekost\u00ed, ktor\u00e9 za\u017e\u00edvaj\u00fa takmer v\u0161etci Ukrajinci. Vzh\u013eadom na t\u00fato situ\u00e1ciu je potreba psychologickej podpory pre obete mimoriadne naliehav\u00e1 a zostane takou aj v nasleduj\u00facich rokoch. Potreba psychologickej podpory obyvate\u013estva v s\u00fa\u010dasnosti prevy\u0161uje mo\u017enosti charity, a to aj napriek maxim\u00e1lnemu pracovn\u00e9mu za\u0165a\u017eeniu a r\u00f4znym povinnostiam psychol\u00f3gov pracuj\u00facich v projektoch organiz\u00e1cie.<\/p>\n\n\n\n<figure class=\"wp-block-gallery has-nested-images columns-default is-cropped wp-block-gallery-2 is-layout-flex wp-block-gallery-is-layout-flex\">\n<figure class=\"wp-block-image size-large\"><a href=\"https:\/\/www.charita.sk\/svet\/wp-content\/uploads\/2022\/07\/\u0438\u0437\u043e\u0431\u0440\u0430\u0436\u0435\u043d\u0438\u0435_viber_2022-03-23_17-47-17-690-1.jpg\"><img decoding=\"async\" width=\"1024\" height=\"768\" data-id=\"2205\" src=\"https:\/\/www.charita.sk\/svet\/wp-content\/uploads\/2022\/07\/\u0438\u0437\u043e\u0431\u0440\u0430\u0436\u0435\u043d\u0438\u0435_viber_2022-03-23_17-47-17-690-1-1024x768.jpg\" alt=\"\" class=\"wp-image-2205\" srcset=\"https:\/\/www.charita.sk\/svet\/wp-content\/uploads\/2022\/07\/\u0438\u0437\u043e\u0431\u0440\u0430\u0436\u0435\u043d\u0438\u0435_viber_2022-03-23_17-47-17-690-1-1024x768.jpg 1024w, https:\/\/www.charita.sk\/svet\/wp-content\/uploads\/2022\/07\/\u0438\u0437\u043e\u0431\u0440\u0430\u0436\u0435\u043d\u0438\u0435_viber_2022-03-23_17-47-17-690-1-300x225.jpg 300w, https:\/\/www.charita.sk\/svet\/wp-content\/uploads\/2022\/07\/\u0438\u0437\u043e\u0431\u0440\u0430\u0436\u0435\u043d\u0438\u0435_viber_2022-03-23_17-47-17-690-1-768x576.jpg 768w, https:\/\/www.charita.sk\/svet\/wp-content\/uploads\/2022\/07\/\u0438\u0437\u043e\u0431\u0440\u0430\u0436\u0435\u043d\u0438\u0435_viber_2022-03-23_17-47-17-690-1-1536x1152.jpg 1536w, https:\/\/www.charita.sk\/svet\/wp-content\/uploads\/2022\/07\/\u0438\u0437\u043e\u0431\u0440\u0430\u0436\u0435\u043d\u0438\u0435_viber_2022-03-23_17-47-17-690-1.jpg 1800w\" sizes=\"(max-width: 1024px) 100vw, 1024px\" \/><\/a><\/figure>\n<figcaption class=\"blocks-gallery-caption\">Psychologick\u00e9 poradenstvo pre pani Juliu a jej syna<\/figcaption><\/figure>\n\n\n\n<p>V\u010faka spolo\u010dn\u00fdm projektom s SKCH ste pomohli cez pouk\u00e1\u017eky na potraviny a lieky viac ako 1000 rodin\u00e1m. <strong><a href=\"https:\/\/www.charita.sk\/svet\/poukazky-a-psychologicka-podpora-pre-vnutornych-vysidlencov\/\" target=\"_blank\" rel=\"noreferrer noopener\">Rozdali ste u\u017e v\u0161etky pouk\u00e1\u017eky z\u00a0n\u00e1\u0161ho projektu<\/a> <\/strong>alebo v\u00e1m e\u0161te nejak\u00e9 zostali?<\/p>\n\n\n\n<p>V\u0161etky pouk\u00e1\u017eky boli distribuovan\u00e9 IDP v s\u00falade s pl\u00e1nom projektu a v dohodnutom form\u00e1te (za bezpe\u010dnostn\u00fdch podmienok) v stanovenom term\u00edne &#8211; do konca m\u00e1ja roku 2022. Vzh\u013eadom na okolnosti pr\u00e1ce vo vojnov\u00fdch podmienkach mal projekt prebytok finan\u010dn\u00fdch prostriedkov. Rozhodli sme sa po\u017eiada\u0165 na\u0161ich slovensk\u00fdch partnerov o s\u00fahlas s n\u00e1kupom \u010fal\u0161\u00edch 33 pouk\u00e1\u017eok na lieky a potraviny, aby sme zabezpe\u010dili v\u00e4\u010d\u0161ie pokrytie pre t\u00fdch, ktor\u00ed to potrebuj\u00fa. Dnes prebieha proces n\u00e1kupu certifik\u00e1tov, ktor\u00e9 bud\u00fa distribuovan\u00e9 bud\u00faci t\u00fd\u017ede\u0148.<\/p>\n\n\n\n<p class=\"has-text-align-center has-background\" style=\"background-color:#eeeeee\">\ud83d\udc99<strong>T\u00edm Caritas Donetsk by sa chcel \u00faprimne po\u010fakova\u0165 na\u0161im slovensk\u00fdm darcom a partnerom<\/strong> za ich \u0161tedros\u0165, dobro\u010dinnos\u0165, h\u00fa\u017eevnatos\u0165, flexibiln\u00fd pr\u00edstup, modlitbov\u00fa podporu a\u00a0za v\u0161etky projekty a aktivity pre \u013eud\u00ed v n\u00fadzi v Dnipropetrovskej oblasti.<\/p>\n\n\n\n<div class=\"wp-block-buttons is-content-justification-center is-layout-flex wp-container-core-buttons-is-layout-16018d1d wp-block-buttons-is-layout-flex\">\n<div class=\"wp-block-button\"><a class=\"wp-block-button__link has-white-color has-text-color has-background\" href=\"https:\/\/charita.darujme.sk\/ukrajina\/\" style=\"background-color:#c42f41\" target=\"_blank\" rel=\"noreferrer noopener\">Prispejte na \u010fal\u0161iu pomoc<\/a><\/div>\n<\/div>\n","protected":false},"excerpt":{"rendered":"<p>Slovensk\u00e1 katol\u00edcka charita podporuje v Dnipre t\u00edm psychol\u00f3gov, ktor\u00ed sa venuje vn\u00fatorn\u00fdm [&hellip;]<\/p>\n","protected":false},"author":2,"featured_media":2203,"comment_status":"open","ping_status":"open","sticky":false,"template":"","format":"standard","meta":{"footnotes":""},"categories":[18],"tags":[30,19,36],"class_list":["post-2202","post","type-post","status-publish","format-standard","has-post-thumbnail","hentry","category-ukrajina","tag-poukazky-2","tag-ukrajina","tag-vysidlenci"],"yoast_head":"<!-- This site is optimized with the Yoast SEO plugin v25.4 - https:\/\/yoast.com\/wordpress\/plugins\/seo\/ -->\n<title>Svitlana z Dnipra: Vys\u00eddlenci s\u00fa traumatizovan\u00ed a potrebuj\u00fa psychologick\u00fa pomoc | Charita vo svete<\/title>\n<meta name=\"robots\" content=\"index, follow, max-snippet:-1, max-image-preview:large, max-video-preview:-1\" \/>\n<link rel=\"canonical\" href=\"https:\/\/www.charita.sk\/svet\/svitlana-z-dnipra-vysidlenci-su-traumatizovani-a-potrebuju-psychologicku-pomoc\/\" \/>\n<meta property=\"og:locale\" content=\"sk_SK\" \/>\n<meta property=\"og:type\" content=\"article\" \/>\n<meta property=\"og:title\" content=\"Svitlana z Dnipra: Vys\u00eddlenci s\u00fa traumatizovan\u00ed a potrebuj\u00fa psychologick\u00fa pomoc | Charita vo svete\" \/>\n<meta property=\"og:description\" content=\"Slovensk\u00e1 katol\u00edcka charita podporuje v Dnipre t\u00edm psychol\u00f3gov, ktor\u00ed sa venuje vn\u00fatorn\u00fdm [&hellip;]\" \/>\n<meta property=\"og:url\" content=\"https:\/\/www.charita.sk\/svet\/svitlana-z-dnipra-vysidlenci-su-traumatizovani-a-potrebuju-psychologicku-pomoc\/\" \/>\n<meta property=\"og:site_name\" content=\"Charita vo svete\" \/>\n<meta property=\"article:publisher\" content=\"https:\/\/www.facebook.com\/CaritasSlovakia\/\" \/>\n<meta property=\"article:published_time\" content=\"2022-07-04T09:11:06+00:00\" \/>\n<meta property=\"article:modified_time\" content=\"2022-07-06T14:07:52+00:00\" \/>\n<meta property=\"og:image\" content=\"https:\/\/www.charita.sk\/svet\/wp-content\/uploads\/2022\/07\/svitlana_potraviny.jpeg\" \/>\n\t<meta property=\"og:image:width\" content=\"1600\" \/>\n\t<meta property=\"og:image:height\" content=\"1200\" \/>\n\t<meta property=\"og:image:type\" content=\"image\/jpeg\" \/>\n<meta name=\"author\" content=\"charita\" \/>\n<meta name=\"twitter:card\" content=\"summary_large_image\" \/>\n<meta name=\"twitter:label1\" content=\"Autor\" \/>\n\t<meta name=\"twitter:data1\" content=\"charita\" \/>\n\t<meta name=\"twitter:label2\" content=\"Predpokladan\u00fd \u010das \u010d\u00edtania\" \/>\n\t<meta name=\"twitter:data2\" content=\"6 min\u00fat\" \/>\n<script type=\"application\/ld+json\" class=\"yoast-schema-graph\">{\"@context\":\"https:\/\/schema.org\",\"@graph\":[{\"@type\":\"Article\",\"@id\":\"https:\/\/www.charita.sk\/svet\/svitlana-z-dnipra-vysidlenci-su-traumatizovani-a-potrebuju-psychologicku-pomoc\/#article\",\"isPartOf\":{\"@id\":\"https:\/\/www.charita.sk\/svet\/svitlana-z-dnipra-vysidlenci-su-traumatizovani-a-potrebuju-psychologicku-pomoc\/\"},\"author\":{\"name\":\"charita\",\"@id\":\"https:\/\/www.charita.sk\/svet\/#\/schema\/person\/5d4cac7d83d3ec0090a0c6bb00690ce4\"},\"headline\":\"Svitlana z Dnipra: Vys\u00eddlenci s\u00fa traumatizovan\u00ed a potrebuj\u00fa psychologick\u00fa pomoc\",\"datePublished\":\"2022-07-04T09:11:06+00:00\",\"dateModified\":\"2022-07-06T14:07:52+00:00\",\"mainEntityOfPage\":{\"@id\":\"https:\/\/www.charita.sk\/svet\/svitlana-z-dnipra-vysidlenci-su-traumatizovani-a-potrebuju-psychologicku-pomoc\/\"},\"wordCount\":1245,\"commentCount\":0,\"publisher\":{\"@id\":\"https:\/\/www.charita.sk\/svet\/#organization\"},\"image\":{\"@id\":\"https:\/\/www.charita.sk\/svet\/svitlana-z-dnipra-vysidlenci-su-traumatizovani-a-potrebuju-psychologicku-pomoc\/#primaryimage\"},\"thumbnailUrl\":\"https:\/\/www.charita.sk\/svet\/wp-content\/uploads\/2022\/07\/svitlana_potraviny.jpeg\",\"keywords\":[\"poukazky\",\"ukrajina\",\"vysidlenci\"],\"articleSection\":[\"Ukrajina\"],\"inLanguage\":\"sk-SK\",\"potentialAction\":[{\"@type\":\"CommentAction\",\"name\":\"Comment\",\"target\":[\"https:\/\/www.charita.sk\/svet\/svitlana-z-dnipra-vysidlenci-su-traumatizovani-a-potrebuju-psychologicku-pomoc\/#respond\"]}]},{\"@type\":\"WebPage\",\"@id\":\"https:\/\/www.charita.sk\/svet\/svitlana-z-dnipra-vysidlenci-su-traumatizovani-a-potrebuju-psychologicku-pomoc\/\",\"url\":\"https:\/\/www.charita.sk\/svet\/svitlana-z-dnipra-vysidlenci-su-traumatizovani-a-potrebuju-psychologicku-pomoc\/\",\"name\":\"Svitlana z Dnipra: Vys\u00eddlenci s\u00fa traumatizovan\u00ed a potrebuj\u00fa psychologick\u00fa pomoc | Charita vo svete\",\"isPartOf\":{\"@id\":\"https:\/\/www.charita.sk\/svet\/#website\"},\"primaryImageOfPage\":{\"@id\":\"https:\/\/www.charita.sk\/svet\/svitlana-z-dnipra-vysidlenci-su-traumatizovani-a-potrebuju-psychologicku-pomoc\/#primaryimage\"},\"image\":{\"@id\":\"https:\/\/www.charita.sk\/svet\/svitlana-z-dnipra-vysidlenci-su-traumatizovani-a-potrebuju-psychologicku-pomoc\/#primaryimage\"},\"thumbnailUrl\":\"https:\/\/www.charita.sk\/svet\/wp-content\/uploads\/2022\/07\/svitlana_potraviny.jpeg\",\"datePublished\":\"2022-07-04T09:11:06+00:00\",\"dateModified\":\"2022-07-06T14:07:52+00:00\",\"breadcrumb\":{\"@id\":\"https:\/\/www.charita.sk\/svet\/svitlana-z-dnipra-vysidlenci-su-traumatizovani-a-potrebuju-psychologicku-pomoc\/#breadcrumb\"},\"inLanguage\":\"sk-SK\",\"potentialAction\":[{\"@type\":\"ReadAction\",\"target\":[\"https:\/\/www.charita.sk\/svet\/svitlana-z-dnipra-vysidlenci-su-traumatizovani-a-potrebuju-psychologicku-pomoc\/\"]}]},{\"@type\":\"ImageObject\",\"inLanguage\":\"sk-SK\",\"@id\":\"https:\/\/www.charita.sk\/svet\/svitlana-z-dnipra-vysidlenci-su-traumatizovani-a-potrebuju-psychologicku-pomoc\/#primaryimage\",\"url\":\"https:\/\/www.charita.sk\/svet\/wp-content\/uploads\/2022\/07\/svitlana_potraviny.jpeg\",\"contentUrl\":\"https:\/\/www.charita.sk\/svet\/wp-content\/uploads\/2022\/07\/svitlana_potraviny.jpeg\",\"width\":1600,\"height\":1200},{\"@type\":\"BreadcrumbList\",\"@id\":\"https:\/\/www.charita.sk\/svet\/svitlana-z-dnipra-vysidlenci-su-traumatizovani-a-potrebuju-psychologicku-pomoc\/#breadcrumb\",\"itemListElement\":[{\"@type\":\"ListItem\",\"position\":1,\"name\":\"Domovsk\u00e1 str\u00e1nka\",\"item\":\"https:\/\/www.charita.sk\/svet\/\"},{\"@type\":\"ListItem\",\"position\":2,\"name\":\"Svitlana z Dnipra: Vys\u00eddlenci s\u00fa traumatizovan\u00ed a potrebuj\u00fa psychologick\u00fa pomoc\"}]},{\"@type\":\"WebSite\",\"@id\":\"https:\/\/www.charita.sk\/svet\/#website\",\"url\":\"https:\/\/www.charita.sk\/svet\/\",\"name\":\"Charita vo svete\",\"description\":\"Slovensk\u00e1 katol\u00edcka charita pom\u00e1ha \u013eu\u010fom v n\u00fadzi vo svete\",\"publisher\":{\"@id\":\"https:\/\/www.charita.sk\/svet\/#organization\"},\"potentialAction\":[{\"@type\":\"SearchAction\",\"target\":{\"@type\":\"EntryPoint\",\"urlTemplate\":\"https:\/\/www.charita.sk\/svet\/?s={search_term_string}\"},\"query-input\":{\"@type\":\"PropertyValueSpecification\",\"valueRequired\":true,\"valueName\":\"search_term_string\"}}],\"inLanguage\":\"sk-SK\"},{\"@type\":\"Organization\",\"@id\":\"https:\/\/www.charita.sk\/svet\/#organization\",\"name\":\"Slovensk\u00e1 katol\u00edcka charita\",\"url\":\"https:\/\/www.charita.sk\/svet\/\",\"logo\":{\"@type\":\"ImageObject\",\"inLanguage\":\"sk-SK\",\"@id\":\"https:\/\/www.charita.sk\/svet\/#\/schema\/logo\/image\/\",\"url\":\"https:\/\/www.charita.sk\/pomoc-utecencom\/wp-content\/uploads\/2020\/11\/logo_pomoc_utecencom.jpg\",\"contentUrl\":\"https:\/\/www.charita.sk\/pomoc-utecencom\/wp-content\/uploads\/2020\/11\/logo_pomoc_utecencom.jpg\",\"width\":1712,\"height\":480,\"caption\":\"Slovensk\u00e1 katol\u00edcka charita\"},\"image\":{\"@id\":\"https:\/\/www.charita.sk\/svet\/#\/schema\/logo\/image\/\"},\"sameAs\":[\"https:\/\/www.facebook.com\/CaritasSlovakia\/\",\"https:\/\/www.instagram.com\/caritas_slovakia\/\",\"https:\/\/www.linkedin.com\/company\/caritas-slovakia-skch-\",\"https:\/\/www.youtube.com\/user\/katolickacharita\"]},{\"@type\":\"Person\",\"@id\":\"https:\/\/www.charita.sk\/svet\/#\/schema\/person\/5d4cac7d83d3ec0090a0c6bb00690ce4\",\"name\":\"charita\",\"image\":{\"@type\":\"ImageObject\",\"inLanguage\":\"sk-SK\",\"@id\":\"https:\/\/www.charita.sk\/svet\/#\/schema\/person\/image\/\",\"url\":\"https:\/\/secure.gravatar.com\/avatar\/d2e7ea30dee1a0c7a6b7277bd2f993803c4622836c7e0130a97819af162a837b?s=96&d=mm&r=g\",\"contentUrl\":\"https:\/\/secure.gravatar.com\/avatar\/d2e7ea30dee1a0c7a6b7277bd2f993803c4622836c7e0130a97819af162a837b?s=96&d=mm&r=g\",\"caption\":\"charita\"},\"url\":\"https:\/\/www.charita.sk\/svet\/author\/charita\/\"}]}<\/script>\n<!-- \/ Yoast SEO plugin. -->","yoast_head_json":{"title":"Svitlana z Dnipra: Vys\u00eddlenci s\u00fa traumatizovan\u00ed a potrebuj\u00fa psychologick\u00fa pomoc | Charita vo svete","robots":{"index":"index","follow":"follow","max-snippet":"max-snippet:-1","max-image-preview":"max-image-preview:large","max-video-preview":"max-video-preview:-1"},"canonical":"https:\/\/www.charita.sk\/svet\/svitlana-z-dnipra-vysidlenci-su-traumatizovani-a-potrebuju-psychologicku-pomoc\/","og_locale":"sk_SK","og_type":"article","og_title":"Svitlana z Dnipra: Vys\u00eddlenci s\u00fa traumatizovan\u00ed a potrebuj\u00fa psychologick\u00fa pomoc | Charita vo svete","og_description":"Slovensk\u00e1 katol\u00edcka charita podporuje v Dnipre t\u00edm psychol\u00f3gov, ktor\u00ed sa venuje vn\u00fatorn\u00fdm [&hellip;]","og_url":"https:\/\/www.charita.sk\/svet\/svitlana-z-dnipra-vysidlenci-su-traumatizovani-a-potrebuju-psychologicku-pomoc\/","og_site_name":"Charita vo svete","article_publisher":"https:\/\/www.facebook.com\/CaritasSlovakia\/","article_published_time":"2022-07-04T09:11:06+00:00","article_modified_time":"2022-07-06T14:07:52+00:00","og_image":[{"width":1600,"height":1200,"url":"https:\/\/www.charita.sk\/svet\/wp-content\/uploads\/2022\/07\/svitlana_potraviny.jpeg","type":"image\/jpeg"}],"author":"charita","twitter_card":"summary_large_image","twitter_misc":{"Autor":"charita","Predpokladan\u00fd \u010das \u010d\u00edtania":"6 min\u00fat"},"schema":{"@context":"https:\/\/schema.org","@graph":[{"@type":"Article","@id":"https:\/\/www.charita.sk\/svet\/svitlana-z-dnipra-vysidlenci-su-traumatizovani-a-potrebuju-psychologicku-pomoc\/#article","isPartOf":{"@id":"https:\/\/www.charita.sk\/svet\/svitlana-z-dnipra-vysidlenci-su-traumatizovani-a-potrebuju-psychologicku-pomoc\/"},"author":{"name":"charita","@id":"https:\/\/www.charita.sk\/svet\/#\/schema\/person\/5d4cac7d83d3ec0090a0c6bb00690ce4"},"headline":"Svitlana z Dnipra: Vys\u00eddlenci s\u00fa traumatizovan\u00ed a potrebuj\u00fa psychologick\u00fa pomoc","datePublished":"2022-07-04T09:11:06+00:00","dateModified":"2022-07-06T14:07:52+00:00","mainEntityOfPage":{"@id":"https:\/\/www.charita.sk\/svet\/svitlana-z-dnipra-vysidlenci-su-traumatizovani-a-potrebuju-psychologicku-pomoc\/"},"wordCount":1245,"commentCount":0,"publisher":{"@id":"https:\/\/www.charita.sk\/svet\/#organization"},"image":{"@id":"https:\/\/www.charita.sk\/svet\/svitlana-z-dnipra-vysidlenci-su-traumatizovani-a-potrebuju-psychologicku-pomoc\/#primaryimage"},"thumbnailUrl":"https:\/\/www.charita.sk\/svet\/wp-content\/uploads\/2022\/07\/svitlana_potraviny.jpeg","keywords":["poukazky","ukrajina","vysidlenci"],"articleSection":["Ukrajina"],"inLanguage":"sk-SK","potentialAction":[{"@type":"CommentAction","name":"Comment","target":["https:\/\/www.charita.sk\/svet\/svitlana-z-dnipra-vysidlenci-su-traumatizovani-a-potrebuju-psychologicku-pomoc\/#respond"]}]},{"@type":"WebPage","@id":"https:\/\/www.charita.sk\/svet\/svitlana-z-dnipra-vysidlenci-su-traumatizovani-a-potrebuju-psychologicku-pomoc\/","url":"https:\/\/www.charita.sk\/svet\/svitlana-z-dnipra-vysidlenci-su-traumatizovani-a-potrebuju-psychologicku-pomoc\/","name":"Svitlana z Dnipra: Vys\u00eddlenci s\u00fa traumatizovan\u00ed a potrebuj\u00fa psychologick\u00fa pomoc | Charita vo svete","isPartOf":{"@id":"https:\/\/www.charita.sk\/svet\/#website"},"primaryImageOfPage":{"@id":"https:\/\/www.charita.sk\/svet\/svitlana-z-dnipra-vysidlenci-su-traumatizovani-a-potrebuju-psychologicku-pomoc\/#primaryimage"},"image":{"@id":"https:\/\/www.charita.sk\/svet\/svitlana-z-dnipra-vysidlenci-su-traumatizovani-a-potrebuju-psychologicku-pomoc\/#primaryimage"},"thumbnailUrl":"https:\/\/www.charita.sk\/svet\/wp-content\/uploads\/2022\/07\/svitlana_potraviny.jpeg","datePublished":"2022-07-04T09:11:06+00:00","dateModified":"2022-07-06T14:07:52+00:00","breadcrumb":{"@id":"https:\/\/www.charita.sk\/svet\/svitlana-z-dnipra-vysidlenci-su-traumatizovani-a-potrebuju-psychologicku-pomoc\/#breadcrumb"},"inLanguage":"sk-SK","potentialAction":[{"@type":"ReadAction","target":["https:\/\/www.charita.sk\/svet\/svitlana-z-dnipra-vysidlenci-su-traumatizovani-a-potrebuju-psychologicku-pomoc\/"]}]},{"@type":"ImageObject","inLanguage":"sk-SK","@id":"https:\/\/www.charita.sk\/svet\/svitlana-z-dnipra-vysidlenci-su-traumatizovani-a-potrebuju-psychologicku-pomoc\/#primaryimage","url":"https:\/\/www.charita.sk\/svet\/wp-content\/uploads\/2022\/07\/svitlana_potraviny.jpeg","contentUrl":"https:\/\/www.charita.sk\/svet\/wp-content\/uploads\/2022\/07\/svitlana_potraviny.jpeg","width":1600,"height":1200},{"@type":"BreadcrumbList","@id":"https:\/\/www.charita.sk\/svet\/svitlana-z-dnipra-vysidlenci-su-traumatizovani-a-potrebuju-psychologicku-pomoc\/#breadcrumb","itemListElement":[{"@type":"ListItem","position":1,"name":"Domovsk\u00e1 str\u00e1nka","item":"https:\/\/www.charita.sk\/svet\/"},{"@type":"ListItem","position":2,"name":"Svitlana z Dnipra: Vys\u00eddlenci s\u00fa traumatizovan\u00ed a potrebuj\u00fa psychologick\u00fa pomoc"}]},{"@type":"WebSite","@id":"https:\/\/www.charita.sk\/svet\/#website","url":"https:\/\/www.charita.sk\/svet\/","name":"Charita vo svete","description":"Slovensk\u00e1 katol\u00edcka charita pom\u00e1ha \u013eu\u010fom v n\u00fadzi vo svete","publisher":{"@id":"https:\/\/www.charita.sk\/svet\/#organization"},"potentialAction":[{"@type":"SearchAction","target":{"@type":"EntryPoint","urlTemplate":"https:\/\/www.charita.sk\/svet\/?s={search_term_string}"},"query-input":{"@type":"PropertyValueSpecification","valueRequired":true,"valueName":"search_term_string"}}],"inLanguage":"sk-SK"},{"@type":"Organization","@id":"https:\/\/www.charita.sk\/svet\/#organization","name":"Slovensk\u00e1 katol\u00edcka charita","url":"https:\/\/www.charita.sk\/svet\/","logo":{"@type":"ImageObject","inLanguage":"sk-SK","@id":"https:\/\/www.charita.sk\/svet\/#\/schema\/logo\/image\/","url":"https:\/\/www.charita.sk\/pomoc-utecencom\/wp-content\/uploads\/2020\/11\/logo_pomoc_utecencom.jpg","contentUrl":"https:\/\/www.charita.sk\/pomoc-utecencom\/wp-content\/uploads\/2020\/11\/logo_pomoc_utecencom.jpg","width":1712,"height":480,"caption":"Slovensk\u00e1 katol\u00edcka charita"},"image":{"@id":"https:\/\/www.charita.sk\/svet\/#\/schema\/logo\/image\/"},"sameAs":["https:\/\/www.facebook.com\/CaritasSlovakia\/","https:\/\/www.instagram.com\/caritas_slovakia\/","https:\/\/www.linkedin.com\/company\/caritas-slovakia-skch-","https:\/\/www.youtube.com\/user\/katolickacharita"]},{"@type":"Person","@id":"https:\/\/www.charita.sk\/svet\/#\/schema\/person\/5d4cac7d83d3ec0090a0c6bb00690ce4","name":"charita","image":{"@type":"ImageObject","inLanguage":"sk-SK","@id":"https:\/\/www.charita.sk\/svet\/#\/schema\/person\/image\/","url":"https:\/\/secure.gravatar.com\/avatar\/d2e7ea30dee1a0c7a6b7277bd2f993803c4622836c7e0130a97819af162a837b?s=96&d=mm&r=g","contentUrl":"https:\/\/secure.gravatar.com\/avatar\/d2e7ea30dee1a0c7a6b7277bd2f993803c4622836c7e0130a97819af162a837b?s=96&d=mm&r=g","caption":"charita"},"url":"https:\/\/www.charita.sk\/svet\/author\/charita\/"}]}},"featured_image_src":"https:\/\/www.charita.sk\/svet\/wp-content\/uploads\/2022\/07\/svitlana_potraviny-600x400.jpeg","featured_image_src_square":"https:\/\/www.charita.sk\/svet\/wp-content\/uploads\/2022\/07\/svitlana_potraviny-600x600.jpeg","author_info":{"display_name":"charita","author_link":"https:\/\/www.charita.sk\/svet\/author\/charita\/"},"_links":{"self":[{"href":"https:\/\/www.charita.sk\/svet\/wp-json\/wp\/v2\/posts\/2202","targetHints":{"allow":["GET"]}}],"collection":[{"href":"https:\/\/www.charita.sk\/svet\/wp-json\/wp\/v2\/posts"}],"about":[{"href":"https:\/\/www.charita.sk\/svet\/wp-json\/wp\/v2\/types\/post"}],"author":[{"embeddable":true,"href":"https:\/\/www.charita.sk\/svet\/wp-json\/wp\/v2\/users\/2"}],"replies":[{"embeddable":true,"href":"https:\/\/www.charita.sk\/svet\/wp-json\/wp\/v2\/comments?post=2202"}],"version-history":[{"count":4,"href":"https:\/\/www.charita.sk\/svet\/wp-json\/wp\/v2\/posts\/2202\/revisions"}],"predecessor-version":[{"id":2233,"href":"https:\/\/www.charita.sk\/svet\/wp-json\/wp\/v2\/posts\/2202\/revisions\/2233"}],"wp:featuredmedia":[{"embeddable":true,"href":"https:\/\/www.charita.sk\/svet\/wp-json\/wp\/v2\/media\/2203"}],"wp:attachment":[{"href":"https:\/\/www.charita.sk\/svet\/wp-json\/wp\/v2\/media?parent=2202"}],"wp:term":[{"taxonomy":"category","embeddable":true,"href":"https:\/\/www.charita.sk\/svet\/wp-json\/wp\/v2\/categories?post=2202"},{"taxonomy":"post_tag","embeddable":true,"href":"https:\/\/www.charita.sk\/svet\/wp-json\/wp\/v2\/tags?post=2202"}],"curies":[{"name":"wp","href":"https:\/\/api.w.org\/{rel}","templated":true}]}}