{"id":2207,"date":"2022-07-11T12:04:00","date_gmt":"2022-07-11T10:04:00","guid":{"rendered":"https:\/\/www.charita.sk\/pomoc-utecencom\/?p=2207"},"modified":"2022-07-12T12:57:17","modified_gmt":"2022-07-12T10:57:17","slug":"poukazky-pomahaju-dva-pribehy-z-dnipra","status":"publish","type":"post","link":"https:\/\/www.charita.sk\/svet\/poukazky-pomahaju-dva-pribehy-z-dnipra\/","title":{"rendered":"Pouk\u00e1\u017eky pom\u00e1haj\u00fa: Dva pr\u00edbehy z Dnipra"},"content":{"rendered":"\n<p><em>Pani Lydia s cukrovkou a pani Svitlana s chorou a imobilnou mamou z\u00edskali v\u010faka spolupr\u00e1ci Slovenskej katol\u00edckej charity a Caritas Donetsk <a href=\"https:\/\/www.charita.sk\/svet\/ukrajina\/\">pouk\u00e1\u017eky na potraviny a lieky<\/a>. Patria medzi viac ako 1000-ku \u013eud\u00ed, ktor\u00fdm sa okrem pouk\u00e1\u017eok dostalo aj psychologickej pomoci. Tu s\u00fa ich pr\u00edbehy.<\/em><\/p>\n\n\n\n<div class=\"wp-block-columns is-layout-flex wp-container-core-columns-is-layout-9d6595d7 wp-block-columns-is-layout-flex\">\n<div class=\"wp-block-column is-vertically-aligned-center is-layout-flow wp-block-column-is-layout-flow\" style=\"flex-basis:20%\">\n<div class=\"wp-block-image is-style-rounded\"><figure class=\"aligncenter size-large is-resized\"><img decoding=\"async\" src=\"https:\/\/www.charita.sk\/svet\/wp-content\/uploads\/2022\/07\/IMG-61f50f1bfc2990bcd49cd1d60c202679-V-768x1024.jpg\" alt=\"\" class=\"wp-image-2209\" width=\"192\" height=\"256\" srcset=\"https:\/\/www.charita.sk\/svet\/wp-content\/uploads\/2022\/07\/IMG-61f50f1bfc2990bcd49cd1d60c202679-V-768x1024.jpg 768w, https:\/\/www.charita.sk\/svet\/wp-content\/uploads\/2022\/07\/IMG-61f50f1bfc2990bcd49cd1d60c202679-V-225x300.jpg 225w, https:\/\/www.charita.sk\/svet\/wp-content\/uploads\/2022\/07\/IMG-61f50f1bfc2990bcd49cd1d60c202679-V-1152x1536.jpg 1152w, https:\/\/www.charita.sk\/svet\/wp-content\/uploads\/2022\/07\/IMG-61f50f1bfc2990bcd49cd1d60c202679-V.jpg 1200w\" sizes=\"(max-width: 192px) 100vw, 192px\" \/><\/figure><\/div>\n<\/div>\n\n\n\n<div class=\"wp-block-column is-layout-flow wp-block-column-is-layout-flow\" style=\"flex-basis:80%\">\n<p>Dobr\u00fd de\u0148,<br><br>chcem sa v\u00e1m po\u010fakova\u0165 za va\u0161u pomoc v tomto \u0165a\u017ekom \u010dase vojny. Va\u0161a pomoc bola pr\u00e1ve teraz potrebn\u00e1 a d\u00f4le\u017eit\u00e1.&nbsp;<strong>V\u010faka pouk\u00e1\u017ekam som si mohla zak\u00fapi\u0165 pre m\u0148a ve\u013emi potrebn\u00e9 lieky a potraviny<\/strong>, ktor\u00e9 si v tomto pre Ukrajinu zlo\u017eitom \u010dase nem\u00f4\u017eem dovoli\u0165. Vojna ni\u010d\u00ed mest\u00e1, dediny, du\u0161e a tel\u00e1 \u013eud\u00ed. V\u00fdsledkom je boles\u0165, utrpenie, strata \u017eivota a po\u0161koden\u00e9 du\u0161evn\u00e9 a fyzick\u00e9 zdravie. Kv\u00f4li t\u00fdmto udalostiam som pri\u0161la o pr\u00e1cu, ktor\u00e1 bola pre m\u0148a ve\u013emi d\u00f4le\u017eit\u00e1, a je ve\u013emi \u0165a\u017ek\u00e9 vy\u017ei\u0165 z jedn\u00e9ho d\u00f4chodku. M\u00e1m 72 rokov, cukrovku, som z\u00e1visl\u00e1 od inzul\u00ednu, m\u00e1m dlhoro\u010dn\u00fa hypertenziu, o\u010dn\u00e9 choroby &#8211; glauk\u00f3m, \u0161ed\u00fd z\u00e1kal. Kv\u00f4li \u0165a\u017ekej situ\u00e1cii v krajine a neust\u00e1lym obav\u00e1m som za\u010dala str\u00e1ca\u0165 zrak a ned\u00e1vno som utrpela infarkt myokardu.&nbsp;Va\u0161a pomoc je ve\u013emi d\u00f4le\u017eit\u00e1 a aktu\u00e1lna. Ve\u013ek\u00e1 v\u010faka Bohu, zamestnancom charity a v\u0161etk\u00fdm dobrodincom! Ve\u013ea zdravia, prosperity a pokojn\u00e9ho neba n\u00e1m v\u0161etk\u00fdm.<br><br>S pozdravom<br><strong>Martynova Lydia Oleksandrivna<\/strong><\/p>\n<\/div>\n<\/div>\n\n\n\n<div class=\"wp-block-columns is-layout-flex wp-container-core-columns-is-layout-9d6595d7 wp-block-columns-is-layout-flex\">\n<div class=\"wp-block-column is-vertically-aligned-center is-layout-flow wp-block-column-is-layout-flow\" style=\"flex-basis:20%\">\n<div class=\"wp-block-image is-style-rounded\"><figure class=\"aligncenter size-large is-resized\"><a href=\"https:\/\/www.charita.sk\/svet\/wp-content\/uploads\/2022\/07\/IMG_20220414_104637-1-scaled.jpg\"><img decoding=\"async\" src=\"https:\/\/www.charita.sk\/svet\/wp-content\/uploads\/2022\/07\/IMG_20220414_104637-1-768x1024.jpg\" alt=\"\" class=\"wp-image-2210\" width=\"192\" height=\"256\" srcset=\"https:\/\/www.charita.sk\/svet\/wp-content\/uploads\/2022\/07\/IMG_20220414_104637-1-768x1024.jpg 768w, https:\/\/www.charita.sk\/svet\/wp-content\/uploads\/2022\/07\/IMG_20220414_104637-1-225x300.jpg 225w, https:\/\/www.charita.sk\/svet\/wp-content\/uploads\/2022\/07\/IMG_20220414_104637-1-1152x1536.jpg 1152w, https:\/\/www.charita.sk\/svet\/wp-content\/uploads\/2022\/07\/IMG_20220414_104637-1-1536x2048.jpg 1536w, https:\/\/www.charita.sk\/svet\/wp-content\/uploads\/2022\/07\/IMG_20220414_104637-1-scaled.jpg 1920w\" sizes=\"(max-width: 192px) 100vw, 192px\" \/><\/a><\/figure><\/div>\n<\/div>\n\n\n\n<div class=\"wp-block-column is-layout-flow wp-block-column-is-layout-flow\" style=\"flex-basis:80%\">\n<p><strong>Gizha Svitlana Mykolayivna<\/strong> \u017eila 56 rokov s man\u017eelom a svojou matkou (82 rokov) v\u00a0meste\u00a0Netaylov vo vzdialenosti 15 km od Donecka. T\u00e1to oblas\u0165 bola\u00a0do 24. febru\u00e1ra 2022 pod kontrolou Ukrajiny.\u00a0Osem\u00a0rokov boli predmestia Netaylova\u00a0pravidelne pod pa\u013ebou militantov z DNR a rusk\u00fdch okupantov. Od 24. febru\u00e1ra 2022 sa situ\u00e1cia v meste dramaticky zmenila, v\u00fdrazne sa zv\u00fd\u0161ilo ostre\u013eovanie, dokonca do\u0161lo aj k z\u00e1sahom do susedn\u00fdch domov. <strong>Po nieko\u013ek\u00fdch prebden\u00fdch nociach sa pani Svitlana rozhodla opusti\u0165 rodn\u00e9 mesto a od\u00eds\u0165 s rodinou do Dnipra.<\/strong> Ke\u010f\u017ee Svitlanina matka Vira Vasylivna sa u\u017e nejak\u00fd \u010das nem\u00f4\u017ee sama pohybova\u0165 a m\u00e1 mno\u017estvo sprievodn\u00fdch chor\u00f4b (ktor\u00e9 sa za\u010dali zhor\u0161ova\u0165),\u00a0rozhodli sa\u00a0dohodn\u00fa\u0165 si auto so susedmi a nebezpe\u010dn\u00e9 miesto okam\u017eite opusti\u0165. 6. apr\u00edla Svitlana a jej rodina opustili Netaylove. Brali si len najnutnej\u0161ie veci (lieky, nejak\u00e9 oble\u010denie a obuv). Cesta trvala 8 hod\u00edn. Pre Viru Vasylivnu bolo ve\u013emi \u0165a\u017ek\u00e9 pre\u017ei\u0165 cestu, ale na\u0161la v sebe silu a v\u010faka starostlivosti a podpore rodiny dok\u00e1zala tieto \u0165a\u017ekosti prekona\u0165 a dosta\u0165 sa na relat\u00edvne bezpe\u010dn\u00e9 miesto.<br><br><strong>V\u010faka pouk\u00e1\u017ekam zo Slovenska zabezpe\u010dila pani Svitlana stravu a lieky\u00a0pre svoju mamu na nevyhnutn\u00fd \u010das.<\/strong><\/p>\n<\/div>\n<\/div>\n\n\n\n<p class=\"has-text-align-center has-background\" style=\"background-color:#d9cb9e\"><strong>Pridajte sa k pomoci rodin\u00e1m, ktor\u00e9 opustili svoj domov kv\u00f4li hr\u00f4ze vojny!<\/strong><br>Dodnes sme poslali na Ukrajinu\u00a0viac ako 1200 pouk\u00e1\u017eok na potraviny a lieky.<\/p>\n\n\n\n<div class=\"wp-block-buttons is-content-justification-center is-layout-flex wp-container-core-buttons-is-layout-16018d1d wp-block-buttons-is-layout-flex\">\n<div class=\"wp-block-button\"><a class=\"wp-block-button__link has-white-color has-text-color has-background\" href=\"https:\/\/charita.darujme.sk\/pomozme-ukrajine\/\" style=\"background-color:#c42f41\" target=\"_blank\" rel=\"noreferrer noopener\">Posla\u0165 pouk\u00e1\u017eku<\/a><\/div>\n<\/div>\n","protected":false},"excerpt":{"rendered":"<p>Pani Lydia s cukrovkou a pani Svitlana s chorou a imobilnou mamou [&hellip;]<\/p>\n","protected":false},"author":2,"featured_media":2208,"comment_status":"open","ping_status":"open","sticky":false,"template":"","format":"standard","meta":{"footnotes":""},"categories":[18],"tags":[30,19],"class_list":["post-2207","post","type-post","status-publish","format-standard","has-post-thumbnail","hentry","category-ukrajina","tag-poukazky-2","tag-ukrajina"],"yoast_head":"<!-- This site is optimized with the Yoast SEO plugin v25.4 - https:\/\/yoast.com\/wordpress\/plugins\/seo\/ -->\n<title>Pouk\u00e1\u017eky pom\u00e1haj\u00fa: Dva pr\u00edbehy z Dnipra | Charita vo svete<\/title>\n<meta name=\"robots\" content=\"index, follow, max-snippet:-1, max-image-preview:large, max-video-preview:-1\" \/>\n<link rel=\"canonical\" href=\"https:\/\/www.charita.sk\/svet\/poukazky-pomahaju-dva-pribehy-z-dnipra\/\" \/>\n<meta property=\"og:locale\" content=\"sk_SK\" \/>\n<meta property=\"og:type\" content=\"article\" \/>\n<meta property=\"og:title\" content=\"Pouk\u00e1\u017eky pom\u00e1haj\u00fa: Dva pr\u00edbehy z Dnipra | Charita vo svete\" \/>\n<meta property=\"og:description\" content=\"Pani Lydia s cukrovkou a pani Svitlana s chorou a imobilnou mamou [&hellip;]\" \/>\n<meta property=\"og:url\" content=\"https:\/\/www.charita.sk\/svet\/poukazky-pomahaju-dva-pribehy-z-dnipra\/\" \/>\n<meta property=\"og:site_name\" content=\"Charita vo svete\" \/>\n<meta property=\"article:publisher\" content=\"https:\/\/www.facebook.com\/CaritasSlovakia\/\" \/>\n<meta property=\"article:published_time\" content=\"2022-07-11T10:04:00+00:00\" \/>\n<meta property=\"article:modified_time\" content=\"2022-07-12T10:57:17+00:00\" \/>\n<meta property=\"og:image\" content=\"https:\/\/www.charita.sk\/svet\/wp-content\/uploads\/2022\/07\/IMG-f0aced51ede00505d801b859215e31de-V.jpg\" \/>\n\t<meta property=\"og:image:width\" content=\"1200\" \/>\n\t<meta property=\"og:image:height\" content=\"1600\" \/>\n\t<meta property=\"og:image:type\" content=\"image\/jpeg\" \/>\n<meta name=\"author\" content=\"charita\" \/>\n<meta name=\"twitter:card\" content=\"summary_large_image\" \/>\n<meta name=\"twitter:label1\" content=\"Autor\" \/>\n\t<meta name=\"twitter:data1\" content=\"charita\" \/>\n\t<meta name=\"twitter:label2\" content=\"Predpokladan\u00fd \u010das \u010d\u00edtania\" \/>\n\t<meta name=\"twitter:data2\" content=\"3 min\u00faty\" \/>\n<script type=\"application\/ld+json\" class=\"yoast-schema-graph\">{\"@context\":\"https:\/\/schema.org\",\"@graph\":[{\"@type\":\"Article\",\"@id\":\"https:\/\/www.charita.sk\/svet\/poukazky-pomahaju-dva-pribehy-z-dnipra\/#article\",\"isPartOf\":{\"@id\":\"https:\/\/www.charita.sk\/svet\/poukazky-pomahaju-dva-pribehy-z-dnipra\/\"},\"author\":{\"name\":\"charita\",\"@id\":\"https:\/\/www.charita.sk\/svet\/#\/schema\/person\/5d4cac7d83d3ec0090a0c6bb00690ce4\"},\"headline\":\"Pouk\u00e1\u017eky pom\u00e1haj\u00fa: Dva pr\u00edbehy z Dnipra\",\"datePublished\":\"2022-07-11T10:04:00+00:00\",\"dateModified\":\"2022-07-12T10:57:17+00:00\",\"mainEntityOfPage\":{\"@id\":\"https:\/\/www.charita.sk\/svet\/poukazky-pomahaju-dva-pribehy-z-dnipra\/\"},\"wordCount\":523,\"commentCount\":0,\"publisher\":{\"@id\":\"https:\/\/www.charita.sk\/svet\/#organization\"},\"image\":{\"@id\":\"https:\/\/www.charita.sk\/svet\/poukazky-pomahaju-dva-pribehy-z-dnipra\/#primaryimage\"},\"thumbnailUrl\":\"https:\/\/www.charita.sk\/svet\/wp-content\/uploads\/2022\/07\/IMG-f0aced51ede00505d801b859215e31de-V.jpg\",\"keywords\":[\"poukazky\",\"ukrajina\"],\"articleSection\":[\"Ukrajina\"],\"inLanguage\":\"sk-SK\",\"potentialAction\":[{\"@type\":\"CommentAction\",\"name\":\"Comment\",\"target\":[\"https:\/\/www.charita.sk\/svet\/poukazky-pomahaju-dva-pribehy-z-dnipra\/#respond\"]}]},{\"@type\":\"WebPage\",\"@id\":\"https:\/\/www.charita.sk\/svet\/poukazky-pomahaju-dva-pribehy-z-dnipra\/\",\"url\":\"https:\/\/www.charita.sk\/svet\/poukazky-pomahaju-dva-pribehy-z-dnipra\/\",\"name\":\"Pouk\u00e1\u017eky pom\u00e1haj\u00fa: Dva pr\u00edbehy z Dnipra | Charita vo svete\",\"isPartOf\":{\"@id\":\"https:\/\/www.charita.sk\/svet\/#website\"},\"primaryImageOfPage\":{\"@id\":\"https:\/\/www.charita.sk\/svet\/poukazky-pomahaju-dva-pribehy-z-dnipra\/#primaryimage\"},\"image\":{\"@id\":\"https:\/\/www.charita.sk\/svet\/poukazky-pomahaju-dva-pribehy-z-dnipra\/#primaryimage\"},\"thumbnailUrl\":\"https:\/\/www.charita.sk\/svet\/wp-content\/uploads\/2022\/07\/IMG-f0aced51ede00505d801b859215e31de-V.jpg\",\"datePublished\":\"2022-07-11T10:04:00+00:00\",\"dateModified\":\"2022-07-12T10:57:17+00:00\",\"breadcrumb\":{\"@id\":\"https:\/\/www.charita.sk\/svet\/poukazky-pomahaju-dva-pribehy-z-dnipra\/#breadcrumb\"},\"inLanguage\":\"sk-SK\",\"potentialAction\":[{\"@type\":\"ReadAction\",\"target\":[\"https:\/\/www.charita.sk\/svet\/poukazky-pomahaju-dva-pribehy-z-dnipra\/\"]}]},{\"@type\":\"ImageObject\",\"inLanguage\":\"sk-SK\",\"@id\":\"https:\/\/www.charita.sk\/svet\/poukazky-pomahaju-dva-pribehy-z-dnipra\/#primaryimage\",\"url\":\"https:\/\/www.charita.sk\/svet\/wp-content\/uploads\/2022\/07\/IMG-f0aced51ede00505d801b859215e31de-V.jpg\",\"contentUrl\":\"https:\/\/www.charita.sk\/svet\/wp-content\/uploads\/2022\/07\/IMG-f0aced51ede00505d801b859215e31de-V.jpg\",\"width\":1200,\"height\":1600},{\"@type\":\"BreadcrumbList\",\"@id\":\"https:\/\/www.charita.sk\/svet\/poukazky-pomahaju-dva-pribehy-z-dnipra\/#breadcrumb\",\"itemListElement\":[{\"@type\":\"ListItem\",\"position\":1,\"name\":\"Domovsk\u00e1 str\u00e1nka\",\"item\":\"https:\/\/www.charita.sk\/svet\/\"},{\"@type\":\"ListItem\",\"position\":2,\"name\":\"Pouk\u00e1\u017eky pom\u00e1haj\u00fa: Dva pr\u00edbehy z Dnipra\"}]},{\"@type\":\"WebSite\",\"@id\":\"https:\/\/www.charita.sk\/svet\/#website\",\"url\":\"https:\/\/www.charita.sk\/svet\/\",\"name\":\"Charita vo svete\",\"description\":\"Slovensk\u00e1 katol\u00edcka charita pom\u00e1ha \u013eu\u010fom v n\u00fadzi vo svete\",\"publisher\":{\"@id\":\"https:\/\/www.charita.sk\/svet\/#organization\"},\"potentialAction\":[{\"@type\":\"SearchAction\",\"target\":{\"@type\":\"EntryPoint\",\"urlTemplate\":\"https:\/\/www.charita.sk\/svet\/?s={search_term_string}\"},\"query-input\":{\"@type\":\"PropertyValueSpecification\",\"valueRequired\":true,\"valueName\":\"search_term_string\"}}],\"inLanguage\":\"sk-SK\"},{\"@type\":\"Organization\",\"@id\":\"https:\/\/www.charita.sk\/svet\/#organization\",\"name\":\"Slovensk\u00e1 katol\u00edcka charita\",\"url\":\"https:\/\/www.charita.sk\/svet\/\",\"logo\":{\"@type\":\"ImageObject\",\"inLanguage\":\"sk-SK\",\"@id\":\"https:\/\/www.charita.sk\/svet\/#\/schema\/logo\/image\/\",\"url\":\"https:\/\/www.charita.sk\/pomoc-utecencom\/wp-content\/uploads\/2020\/11\/logo_pomoc_utecencom.jpg\",\"contentUrl\":\"https:\/\/www.charita.sk\/pomoc-utecencom\/wp-content\/uploads\/2020\/11\/logo_pomoc_utecencom.jpg\",\"width\":1712,\"height\":480,\"caption\":\"Slovensk\u00e1 katol\u00edcka charita\"},\"image\":{\"@id\":\"https:\/\/www.charita.sk\/svet\/#\/schema\/logo\/image\/\"},\"sameAs\":[\"https:\/\/www.facebook.com\/CaritasSlovakia\/\",\"https:\/\/www.instagram.com\/caritas_slovakia\/\",\"https:\/\/www.linkedin.com\/company\/caritas-slovakia-skch-\",\"https:\/\/www.youtube.com\/user\/katolickacharita\"]},{\"@type\":\"Person\",\"@id\":\"https:\/\/www.charita.sk\/svet\/#\/schema\/person\/5d4cac7d83d3ec0090a0c6bb00690ce4\",\"name\":\"charita\",\"image\":{\"@type\":\"ImageObject\",\"inLanguage\":\"sk-SK\",\"@id\":\"https:\/\/www.charita.sk\/svet\/#\/schema\/person\/image\/\",\"url\":\"https:\/\/secure.gravatar.com\/avatar\/d2e7ea30dee1a0c7a6b7277bd2f993803c4622836c7e0130a97819af162a837b?s=96&d=mm&r=g\",\"contentUrl\":\"https:\/\/secure.gravatar.com\/avatar\/d2e7ea30dee1a0c7a6b7277bd2f993803c4622836c7e0130a97819af162a837b?s=96&d=mm&r=g\",\"caption\":\"charita\"},\"url\":\"https:\/\/www.charita.sk\/svet\/author\/charita\/\"}]}<\/script>\n<!-- \/ Yoast SEO plugin. -->","yoast_head_json":{"title":"Pouk\u00e1\u017eky pom\u00e1haj\u00fa: Dva pr\u00edbehy z Dnipra | Charita vo svete","robots":{"index":"index","follow":"follow","max-snippet":"max-snippet:-1","max-image-preview":"max-image-preview:large","max-video-preview":"max-video-preview:-1"},"canonical":"https:\/\/www.charita.sk\/svet\/poukazky-pomahaju-dva-pribehy-z-dnipra\/","og_locale":"sk_SK","og_type":"article","og_title":"Pouk\u00e1\u017eky pom\u00e1haj\u00fa: Dva pr\u00edbehy z Dnipra | Charita vo svete","og_description":"Pani Lydia s cukrovkou a pani Svitlana s chorou a imobilnou mamou [&hellip;]","og_url":"https:\/\/www.charita.sk\/svet\/poukazky-pomahaju-dva-pribehy-z-dnipra\/","og_site_name":"Charita vo svete","article_publisher":"https:\/\/www.facebook.com\/CaritasSlovakia\/","article_published_time":"2022-07-11T10:04:00+00:00","article_modified_time":"2022-07-12T10:57:17+00:00","og_image":[{"width":1200,"height":1600,"url":"https:\/\/www.charita.sk\/svet\/wp-content\/uploads\/2022\/07\/IMG-f0aced51ede00505d801b859215e31de-V.jpg","type":"image\/jpeg"}],"author":"charita","twitter_card":"summary_large_image","twitter_misc":{"Autor":"charita","Predpokladan\u00fd \u010das \u010d\u00edtania":"3 min\u00faty"},"schema":{"@context":"https:\/\/schema.org","@graph":[{"@type":"Article","@id":"https:\/\/www.charita.sk\/svet\/poukazky-pomahaju-dva-pribehy-z-dnipra\/#article","isPartOf":{"@id":"https:\/\/www.charita.sk\/svet\/poukazky-pomahaju-dva-pribehy-z-dnipra\/"},"author":{"name":"charita","@id":"https:\/\/www.charita.sk\/svet\/#\/schema\/person\/5d4cac7d83d3ec0090a0c6bb00690ce4"},"headline":"Pouk\u00e1\u017eky pom\u00e1haj\u00fa: Dva pr\u00edbehy z Dnipra","datePublished":"2022-07-11T10:04:00+00:00","dateModified":"2022-07-12T10:57:17+00:00","mainEntityOfPage":{"@id":"https:\/\/www.charita.sk\/svet\/poukazky-pomahaju-dva-pribehy-z-dnipra\/"},"wordCount":523,"commentCount":0,"publisher":{"@id":"https:\/\/www.charita.sk\/svet\/#organization"},"image":{"@id":"https:\/\/www.charita.sk\/svet\/poukazky-pomahaju-dva-pribehy-z-dnipra\/#primaryimage"},"thumbnailUrl":"https:\/\/www.charita.sk\/svet\/wp-content\/uploads\/2022\/07\/IMG-f0aced51ede00505d801b859215e31de-V.jpg","keywords":["poukazky","ukrajina"],"articleSection":["Ukrajina"],"inLanguage":"sk-SK","potentialAction":[{"@type":"CommentAction","name":"Comment","target":["https:\/\/www.charita.sk\/svet\/poukazky-pomahaju-dva-pribehy-z-dnipra\/#respond"]}]},{"@type":"WebPage","@id":"https:\/\/www.charita.sk\/svet\/poukazky-pomahaju-dva-pribehy-z-dnipra\/","url":"https:\/\/www.charita.sk\/svet\/poukazky-pomahaju-dva-pribehy-z-dnipra\/","name":"Pouk\u00e1\u017eky pom\u00e1haj\u00fa: Dva pr\u00edbehy z Dnipra | Charita vo svete","isPartOf":{"@id":"https:\/\/www.charita.sk\/svet\/#website"},"primaryImageOfPage":{"@id":"https:\/\/www.charita.sk\/svet\/poukazky-pomahaju-dva-pribehy-z-dnipra\/#primaryimage"},"image":{"@id":"https:\/\/www.charita.sk\/svet\/poukazky-pomahaju-dva-pribehy-z-dnipra\/#primaryimage"},"thumbnailUrl":"https:\/\/www.charita.sk\/svet\/wp-content\/uploads\/2022\/07\/IMG-f0aced51ede00505d801b859215e31de-V.jpg","datePublished":"2022-07-11T10:04:00+00:00","dateModified":"2022-07-12T10:57:17+00:00","breadcrumb":{"@id":"https:\/\/www.charita.sk\/svet\/poukazky-pomahaju-dva-pribehy-z-dnipra\/#breadcrumb"},"inLanguage":"sk-SK","potentialAction":[{"@type":"ReadAction","target":["https:\/\/www.charita.sk\/svet\/poukazky-pomahaju-dva-pribehy-z-dnipra\/"]}]},{"@type":"ImageObject","inLanguage":"sk-SK","@id":"https:\/\/www.charita.sk\/svet\/poukazky-pomahaju-dva-pribehy-z-dnipra\/#primaryimage","url":"https:\/\/www.charita.sk\/svet\/wp-content\/uploads\/2022\/07\/IMG-f0aced51ede00505d801b859215e31de-V.jpg","contentUrl":"https:\/\/www.charita.sk\/svet\/wp-content\/uploads\/2022\/07\/IMG-f0aced51ede00505d801b859215e31de-V.jpg","width":1200,"height":1600},{"@type":"BreadcrumbList","@id":"https:\/\/www.charita.sk\/svet\/poukazky-pomahaju-dva-pribehy-z-dnipra\/#breadcrumb","itemListElement":[{"@type":"ListItem","position":1,"name":"Domovsk\u00e1 str\u00e1nka","item":"https:\/\/www.charita.sk\/svet\/"},{"@type":"ListItem","position":2,"name":"Pouk\u00e1\u017eky pom\u00e1haj\u00fa: Dva pr\u00edbehy z Dnipra"}]},{"@type":"WebSite","@id":"https:\/\/www.charita.sk\/svet\/#website","url":"https:\/\/www.charita.sk\/svet\/","name":"Charita vo svete","description":"Slovensk\u00e1 katol\u00edcka charita pom\u00e1ha \u013eu\u010fom v n\u00fadzi vo svete","publisher":{"@id":"https:\/\/www.charita.sk\/svet\/#organization"},"potentialAction":[{"@type":"SearchAction","target":{"@type":"EntryPoint","urlTemplate":"https:\/\/www.charita.sk\/svet\/?s={search_term_string}"},"query-input":{"@type":"PropertyValueSpecification","valueRequired":true,"valueName":"search_term_string"}}],"inLanguage":"sk-SK"},{"@type":"Organization","@id":"https:\/\/www.charita.sk\/svet\/#organization","name":"Slovensk\u00e1 katol\u00edcka charita","url":"https:\/\/www.charita.sk\/svet\/","logo":{"@type":"ImageObject","inLanguage":"sk-SK","@id":"https:\/\/www.charita.sk\/svet\/#\/schema\/logo\/image\/","url":"https:\/\/www.charita.sk\/pomoc-utecencom\/wp-content\/uploads\/2020\/11\/logo_pomoc_utecencom.jpg","contentUrl":"https:\/\/www.charita.sk\/pomoc-utecencom\/wp-content\/uploads\/2020\/11\/logo_pomoc_utecencom.jpg","width":1712,"height":480,"caption":"Slovensk\u00e1 katol\u00edcka charita"},"image":{"@id":"https:\/\/www.charita.sk\/svet\/#\/schema\/logo\/image\/"},"sameAs":["https:\/\/www.facebook.com\/CaritasSlovakia\/","https:\/\/www.instagram.com\/caritas_slovakia\/","https:\/\/www.linkedin.com\/company\/caritas-slovakia-skch-","https:\/\/www.youtube.com\/user\/katolickacharita"]},{"@type":"Person","@id":"https:\/\/www.charita.sk\/svet\/#\/schema\/person\/5d4cac7d83d3ec0090a0c6bb00690ce4","name":"charita","image":{"@type":"ImageObject","inLanguage":"sk-SK","@id":"https:\/\/www.charita.sk\/svet\/#\/schema\/person\/image\/","url":"https:\/\/secure.gravatar.com\/avatar\/d2e7ea30dee1a0c7a6b7277bd2f993803c4622836c7e0130a97819af162a837b?s=96&d=mm&r=g","contentUrl":"https:\/\/secure.gravatar.com\/avatar\/d2e7ea30dee1a0c7a6b7277bd2f993803c4622836c7e0130a97819af162a837b?s=96&d=mm&r=g","caption":"charita"},"url":"https:\/\/www.charita.sk\/svet\/author\/charita\/"}]}},"featured_image_src":"https:\/\/www.charita.sk\/svet\/wp-content\/uploads\/2022\/07\/IMG-f0aced51ede00505d801b859215e31de-V-600x400.jpg","featured_image_src_square":"https:\/\/www.charita.sk\/svet\/wp-content\/uploads\/2022\/07\/IMG-f0aced51ede00505d801b859215e31de-V-600x600.jpg","author_info":{"display_name":"charita","author_link":"https:\/\/www.charita.sk\/svet\/author\/charita\/"},"_links":{"self":[{"href":"https:\/\/www.charita.sk\/svet\/wp-json\/wp\/v2\/posts\/2207","targetHints":{"allow":["GET"]}}],"collection":[{"href":"https:\/\/www.charita.sk\/svet\/wp-json\/wp\/v2\/posts"}],"about":[{"href":"https:\/\/www.charita.sk\/svet\/wp-json\/wp\/v2\/types\/post"}],"author":[{"embeddable":true,"href":"https:\/\/www.charita.sk\/svet\/wp-json\/wp\/v2\/users\/2"}],"replies":[{"embeddable":true,"href":"https:\/\/www.charita.sk\/svet\/wp-json\/wp\/v2\/comments?post=2207"}],"version-history":[{"count":14,"href":"https:\/\/www.charita.sk\/svet\/wp-json\/wp\/v2\/posts\/2207\/revisions"}],"predecessor-version":[{"id":2243,"href":"https:\/\/www.charita.sk\/svet\/wp-json\/wp\/v2\/posts\/2207\/revisions\/2243"}],"wp:featuredmedia":[{"embeddable":true,"href":"https:\/\/www.charita.sk\/svet\/wp-json\/wp\/v2\/media\/2208"}],"wp:attachment":[{"href":"https:\/\/www.charita.sk\/svet\/wp-json\/wp\/v2\/media?parent=2207"}],"wp:term":[{"taxonomy":"category","embeddable":true,"href":"https:\/\/www.charita.sk\/svet\/wp-json\/wp\/v2\/categories?post=2207"},{"taxonomy":"post_tag","embeddable":true,"href":"https:\/\/www.charita.sk\/svet\/wp-json\/wp\/v2\/tags?post=2207"}],"curies":[{"name":"wp","href":"https:\/\/api.w.org\/{rel}","templated":true}]}}