{"id":2277,"date":"2022-08-26T15:31:05","date_gmt":"2022-08-26T13:31:05","guid":{"rendered":"https:\/\/www.charita.sk\/pomoc-utecencom\/?p=2277"},"modified":"2022-08-26T15:31:07","modified_gmt":"2022-08-26T13:31:07","slug":"v-charitnej-zahrade-sme-oslavovali-svetovy-humanitarny-den","status":"publish","type":"post","link":"https:\/\/www.charita.sk\/svet\/v-charitnej-zahrade-sme-oslavovali-svetovy-humanitarny-den\/","title":{"rendered":"V charitnej z\u00e1hrade sme oslavovali Svetov\u00fd humanit\u00e1rny de\u0148"},"content":{"rendered":"\n<p><em><strong>Stovky \u013eud\u00ed naplnilo charitn\u00fa z\u00e1hradu v Bratislave na Kapitulskej a \u201cochutnalo\u201c na\u0161u pomoc n\u00fadznym z a na Ukrajine, v Moldavsku, Iraku, S\u00fdri\u00ed a Libanone. Bolo \u00fa\u017easn\u00e9 spolo\u010dne sa stretn\u00fa\u0165 a rozpr\u00e1va\u0165 o tom, ako vid\u00edte n\u00fadznych a pomoc Slovenskej katol\u00edckej charity ute\u010dencom na Slovensku a v zahrani\u010d\u00ed.<\/strong><\/em><\/p>\n\n\n\n<p>V z\u00e1hrade sme chceli n\u00e1v\u0161tevn\u00edkom pribl\u00ed\u017ei\u0165 cestu ute\u010denca po prekro\u010den\u00ed hran\u00edc a miesta, kde m\u00f4\u017eu stretn\u00fa\u0165 charitn\u00fdch pracovn\u00edkov. V s\u00fa\u010dasnosti je to najm\u00e4 24 centier podpory, ktor\u00e9 pom\u00e1haj\u00fa Ukrajincom v integr\u00e1ci\u00ed. Pozvanie do diskusie humanit\u00e1rnych pracovn\u00edkov s ute\u010dencami prijali Tony Fri\u010d zo Spi\u0161skej katol\u00edckej charity, \u0160\u00e1rka Petrov\u00e1 z organiz\u00e1cie Shingala Azad a dve od\u00eddenkyne z Ukrajiny, p\u00f4sobiace v Centre Solidarity, ktor\u00e9 zria\u010fuje Bratislavsk\u00e1 arcidiec\u00e9zna charita. V\u0161etk\u00fdm \u010fakujeme za svedectvo a zdie\u013eanie ich sk\u00fasenost\u00ed z r\u00fdchlej a adresnej pomoci.<\/p>\n\n\n\n<p>Ob\u010derstvenie ako k\u00e1va, irack\u00fd \u010daj, prav\u00fd ukrajinsk\u00fd bor\u0161\u010d, sladk\u00fd kol\u00e1\u010dik a dokonca aj program ako v\u00fdstava fotiek, detsk\u00fd spev \u010di spom\u00ednan\u00e1 diskusia boli len prostriedkom k tomu, aby sme stretli \u010dloveka. To plat\u00ed rovnako na hraniciach pri humanit\u00e1rnej kr\u00edze aj v tak\u00fd poloupr\u0161an\u00fd piatok na charitnej z\u00e1hrade.<\/p>\n\n\n\n<p>Ver\u00edme, \u017ee tak\u00fdchto stretnut\u00ed za\u017eijeme \u010doraz viac a spolu budeme \u0161\u00edri\u0165 dobro, l\u00e1sku a t\u00fa\u017ebu pom\u00e1ha\u0165.<\/p>\n\n\n\n<figure class=\"wp-block-gallery has-nested-images columns-default is-cropped wp-block-gallery-1 is-layout-flex wp-block-gallery-is-layout-flex\">\n<figure class=\"wp-block-image size-large\"><img fetchpriority=\"high\" decoding=\"async\" width=\"1024\" height=\"682\" data-id=\"2282\" src=\"https:\/\/www.charita.sk\/svet\/wp-content\/uploads\/2022\/08\/SVHD21-1024x682.jpg\" alt=\"\" class=\"wp-image-2282\" srcset=\"https:\/\/www.charita.sk\/svet\/wp-content\/uploads\/2022\/08\/SVHD21-1024x682.jpg 1024w, https:\/\/www.charita.sk\/svet\/wp-content\/uploads\/2022\/08\/SVHD21-300x200.jpg 300w, https:\/\/www.charita.sk\/svet\/wp-content\/uploads\/2022\/08\/SVHD21-768x511.jpg 768w, https:\/\/www.charita.sk\/svet\/wp-content\/uploads\/2022\/08\/SVHD21-600x400.jpg 600w, https:\/\/www.charita.sk\/svet\/wp-content\/uploads\/2022\/08\/SVHD21.jpg 1280w\" sizes=\"(max-width: 1024px) 100vw, 1024px\" \/><figcaption>Diskusia na t\u00e9mu: Kam a pre\u010do utek\u00e1me?<\/figcaption><\/figure>\n\n\n\n<figure class=\"wp-block-image size-large\"><img decoding=\"async\" width=\"1024\" height=\"682\" data-id=\"2281\" src=\"https:\/\/www.charita.sk\/svet\/wp-content\/uploads\/2022\/08\/SVHD25-1024x682.jpg\" alt=\"\" class=\"wp-image-2281\" srcset=\"https:\/\/www.charita.sk\/svet\/wp-content\/uploads\/2022\/08\/SVHD25-1024x682.jpg 1024w, https:\/\/www.charita.sk\/svet\/wp-content\/uploads\/2022\/08\/SVHD25-300x200.jpg 300w, https:\/\/www.charita.sk\/svet\/wp-content\/uploads\/2022\/08\/SVHD25-768x511.jpg 768w, https:\/\/www.charita.sk\/svet\/wp-content\/uploads\/2022\/08\/SVHD25-600x400.jpg 600w, https:\/\/www.charita.sk\/svet\/wp-content\/uploads\/2022\/08\/SVHD25.jpg 1280w\" sizes=\"(max-width: 1024px) 100vw, 1024px\" \/><figcaption>tzv. moldavsk\u00fd eko k\u00fatik<\/figcaption><\/figure>\n\n\n\n<figure class=\"wp-block-image size-large\"><img decoding=\"async\" width=\"1024\" height=\"682\" data-id=\"2280\" src=\"https:\/\/www.charita.sk\/svet\/wp-content\/uploads\/2022\/08\/SVHD24-1024x682.jpg\" alt=\"\" class=\"wp-image-2280\" srcset=\"https:\/\/www.charita.sk\/svet\/wp-content\/uploads\/2022\/08\/SVHD24-1024x682.jpg 1024w, https:\/\/www.charita.sk\/svet\/wp-content\/uploads\/2022\/08\/SVHD24-300x200.jpg 300w, https:\/\/www.charita.sk\/svet\/wp-content\/uploads\/2022\/08\/SVHD24-768x511.jpg 768w, https:\/\/www.charita.sk\/svet\/wp-content\/uploads\/2022\/08\/SVHD24-600x400.jpg 600w, https:\/\/www.charita.sk\/svet\/wp-content\/uploads\/2022\/08\/SVHD24.jpg 1280w\" sizes=\"(max-width: 1024px) 100vw, 1024px\" \/><figcaption>Cel\u00fa z\u00e1hradu spestrili fotky z projektov<\/figcaption><\/figure>\n<\/figure>\n\n\n\n<p><img loading=\"lazy\" decoding=\"async\" height=\"16\" width=\"16\" alt=\"\ud83d\udcf8\" src=\"https:\/\/static.xx.fbcdn.net\/images\/emoji.php\/v9\/tde\/1\/16\/1f4f8.png\">V\u010faka Katke sa po na\u0161ej z\u00e1hrade m\u00f4\u017ee prejs\u0165 aj dnes. Smelo do toho! My sa u\u017e te\u0161\u00edme na \u010fal\u0161iu akciu.<\/p>\n\n\n\n<p class=\"has-text-align-center has-background\" style=\"background-color:#d9cb9e\"><strong>Podujatie sme organizovali aj s podporou od <a href=\"https:\/\/www.facebook.com\/SlovakAid?__cft__[0]=AZUHmlPG46TXfShzIN9KEcPw4WIfdWNuFjAiANF5XyvjbzMB0A84dek3SWKCqNEN6CsNteCqRa-jal0h4608aP9k_txQvLckrFv4fvKnHZ-RhA_lckPyGLSJ7ndl4VlQs4gjMexQMnCxMxr9ndMtEA8j1OPJHctw0RAxIOrjfUduXWzagi52LCAcxlbXONYxyk41Hyu-DCuGPAhEwM9SIzWh&amp;__tn__=-]K-R\">SlovakAid<\/a>.<\/strong><\/p>\n","protected":false},"excerpt":{"rendered":"<p>Stovky \u013eud\u00ed naplnilo charitn\u00fa z\u00e1hradu v Bratislave na Kapitulskej a \u201cochutnalo\u201c na\u0161u [&hellip;]<\/p>\n","protected":false},"author":2,"featured_media":2279,"comment_status":"open","ping_status":"open","sticky":false,"template":"","format":"standard","meta":{"footnotes":""},"categories":[4,13,12,18],"tags":[],"class_list":["post-2277","post","type-post","status-publish","format-standard","has-post-thumbnail","hentry","category-irak","category-libanon","category-syria","category-ukrajina"],"yoast_head":"<!-- This site is optimized with the Yoast SEO plugin v25.4 - https:\/\/yoast.com\/wordpress\/plugins\/seo\/ -->\n<title>V charitnej z\u00e1hrade sme oslavovali Svetov\u00fd humanit\u00e1rny de\u0148 | Charita vo svete<\/title>\n<meta name=\"robots\" content=\"index, follow, max-snippet:-1, max-image-preview:large, max-video-preview:-1\" \/>\n<link rel=\"canonical\" href=\"https:\/\/www.charita.sk\/svet\/v-charitnej-zahrade-sme-oslavovali-svetovy-humanitarny-den\/\" \/>\n<meta property=\"og:locale\" content=\"sk_SK\" \/>\n<meta property=\"og:type\" content=\"article\" \/>\n<meta property=\"og:title\" content=\"V charitnej z\u00e1hrade sme oslavovali Svetov\u00fd humanit\u00e1rny de\u0148 | Charita vo svete\" \/>\n<meta property=\"og:description\" content=\"Stovky \u013eud\u00ed naplnilo charitn\u00fa z\u00e1hradu v Bratislave na Kapitulskej a \u201cochutnalo\u201c na\u0161u [&hellip;]\" \/>\n<meta property=\"og:url\" content=\"https:\/\/www.charita.sk\/svet\/v-charitnej-zahrade-sme-oslavovali-svetovy-humanitarny-den\/\" \/>\n<meta property=\"og:site_name\" content=\"Charita vo svete\" \/>\n<meta property=\"article:publisher\" content=\"https:\/\/www.facebook.com\/CaritasSlovakia\/\" \/>\n<meta property=\"article:published_time\" content=\"2022-08-26T13:31:05+00:00\" \/>\n<meta property=\"article:modified_time\" content=\"2022-08-26T13:31:07+00:00\" \/>\n<meta property=\"og:image\" content=\"https:\/\/www.charita.sk\/svet\/wp-content\/uploads\/2022\/08\/SVHD33.jpg\" \/>\n\t<meta property=\"og:image:width\" content=\"1280\" \/>\n\t<meta property=\"og:image:height\" content=\"990\" \/>\n\t<meta property=\"og:image:type\" content=\"image\/jpeg\" \/>\n<meta name=\"author\" content=\"charita\" \/>\n<meta name=\"twitter:card\" content=\"summary_large_image\" \/>\n<meta name=\"twitter:label1\" content=\"Autor\" \/>\n\t<meta name=\"twitter:data1\" content=\"charita\" \/>\n\t<meta name=\"twitter:label2\" content=\"Predpokladan\u00fd \u010das \u010d\u00edtania\" \/>\n\t<meta name=\"twitter:data2\" content=\"3 min\u00faty\" \/>\n<script type=\"application\/ld+json\" class=\"yoast-schema-graph\">{\"@context\":\"https:\/\/schema.org\",\"@graph\":[{\"@type\":\"Article\",\"@id\":\"https:\/\/www.charita.sk\/svet\/v-charitnej-zahrade-sme-oslavovali-svetovy-humanitarny-den\/#article\",\"isPartOf\":{\"@id\":\"https:\/\/www.charita.sk\/svet\/v-charitnej-zahrade-sme-oslavovali-svetovy-humanitarny-den\/\"},\"author\":{\"name\":\"charita\",\"@id\":\"https:\/\/www.charita.sk\/svet\/#\/schema\/person\/5d4cac7d83d3ec0090a0c6bb00690ce4\"},\"headline\":\"V charitnej z\u00e1hrade sme oslavovali Svetov\u00fd humanit\u00e1rny de\u0148\",\"datePublished\":\"2022-08-26T13:31:05+00:00\",\"dateModified\":\"2022-08-26T13:31:07+00:00\",\"mainEntityOfPage\":{\"@id\":\"https:\/\/www.charita.sk\/svet\/v-charitnej-zahrade-sme-oslavovali-svetovy-humanitarny-den\/\"},\"wordCount\":307,\"commentCount\":0,\"publisher\":{\"@id\":\"https:\/\/www.charita.sk\/svet\/#organization\"},\"image\":{\"@id\":\"https:\/\/www.charita.sk\/svet\/v-charitnej-zahrade-sme-oslavovali-svetovy-humanitarny-den\/#primaryimage\"},\"thumbnailUrl\":\"https:\/\/www.charita.sk\/svet\/wp-content\/uploads\/2022\/08\/SVHD33.jpg\",\"articleSection\":[\"Irak\",\"Libanon\",\"S\u00fdria\",\"Ukrajina\"],\"inLanguage\":\"sk-SK\",\"potentialAction\":[{\"@type\":\"CommentAction\",\"name\":\"Comment\",\"target\":[\"https:\/\/www.charita.sk\/svet\/v-charitnej-zahrade-sme-oslavovali-svetovy-humanitarny-den\/#respond\"]}]},{\"@type\":\"WebPage\",\"@id\":\"https:\/\/www.charita.sk\/svet\/v-charitnej-zahrade-sme-oslavovali-svetovy-humanitarny-den\/\",\"url\":\"https:\/\/www.charita.sk\/svet\/v-charitnej-zahrade-sme-oslavovali-svetovy-humanitarny-den\/\",\"name\":\"V charitnej z\u00e1hrade sme oslavovali Svetov\u00fd humanit\u00e1rny de\u0148 | Charita vo svete\",\"isPartOf\":{\"@id\":\"https:\/\/www.charita.sk\/svet\/#website\"},\"primaryImageOfPage\":{\"@id\":\"https:\/\/www.charita.sk\/svet\/v-charitnej-zahrade-sme-oslavovali-svetovy-humanitarny-den\/#primaryimage\"},\"image\":{\"@id\":\"https:\/\/www.charita.sk\/svet\/v-charitnej-zahrade-sme-oslavovali-svetovy-humanitarny-den\/#primaryimage\"},\"thumbnailUrl\":\"https:\/\/www.charita.sk\/svet\/wp-content\/uploads\/2022\/08\/SVHD33.jpg\",\"datePublished\":\"2022-08-26T13:31:05+00:00\",\"dateModified\":\"2022-08-26T13:31:07+00:00\",\"breadcrumb\":{\"@id\":\"https:\/\/www.charita.sk\/svet\/v-charitnej-zahrade-sme-oslavovali-svetovy-humanitarny-den\/#breadcrumb\"},\"inLanguage\":\"sk-SK\",\"potentialAction\":[{\"@type\":\"ReadAction\",\"target\":[\"https:\/\/www.charita.sk\/svet\/v-charitnej-zahrade-sme-oslavovali-svetovy-humanitarny-den\/\"]}]},{\"@type\":\"ImageObject\",\"inLanguage\":\"sk-SK\",\"@id\":\"https:\/\/www.charita.sk\/svet\/v-charitnej-zahrade-sme-oslavovali-svetovy-humanitarny-den\/#primaryimage\",\"url\":\"https:\/\/www.charita.sk\/svet\/wp-content\/uploads\/2022\/08\/SVHD33.jpg\",\"contentUrl\":\"https:\/\/www.charita.sk\/svet\/wp-content\/uploads\/2022\/08\/SVHD33.jpg\",\"width\":1280,\"height\":990},{\"@type\":\"BreadcrumbList\",\"@id\":\"https:\/\/www.charita.sk\/svet\/v-charitnej-zahrade-sme-oslavovali-svetovy-humanitarny-den\/#breadcrumb\",\"itemListElement\":[{\"@type\":\"ListItem\",\"position\":1,\"name\":\"Domovsk\u00e1 str\u00e1nka\",\"item\":\"https:\/\/www.charita.sk\/svet\/\"},{\"@type\":\"ListItem\",\"position\":2,\"name\":\"V charitnej z\u00e1hrade sme oslavovali Svetov\u00fd humanit\u00e1rny de\u0148\"}]},{\"@type\":\"WebSite\",\"@id\":\"https:\/\/www.charita.sk\/svet\/#website\",\"url\":\"https:\/\/www.charita.sk\/svet\/\",\"name\":\"Charita vo svete\",\"description\":\"Slovensk\u00e1 katol\u00edcka charita pom\u00e1ha \u013eu\u010fom v n\u00fadzi vo svete\",\"publisher\":{\"@id\":\"https:\/\/www.charita.sk\/svet\/#organization\"},\"potentialAction\":[{\"@type\":\"SearchAction\",\"target\":{\"@type\":\"EntryPoint\",\"urlTemplate\":\"https:\/\/www.charita.sk\/svet\/?s={search_term_string}\"},\"query-input\":{\"@type\":\"PropertyValueSpecification\",\"valueRequired\":true,\"valueName\":\"search_term_string\"}}],\"inLanguage\":\"sk-SK\"},{\"@type\":\"Organization\",\"@id\":\"https:\/\/www.charita.sk\/svet\/#organization\",\"name\":\"Slovensk\u00e1 katol\u00edcka charita\",\"url\":\"https:\/\/www.charita.sk\/svet\/\",\"logo\":{\"@type\":\"ImageObject\",\"inLanguage\":\"sk-SK\",\"@id\":\"https:\/\/www.charita.sk\/svet\/#\/schema\/logo\/image\/\",\"url\":\"https:\/\/www.charita.sk\/pomoc-utecencom\/wp-content\/uploads\/2020\/11\/logo_pomoc_utecencom.jpg\",\"contentUrl\":\"https:\/\/www.charita.sk\/pomoc-utecencom\/wp-content\/uploads\/2020\/11\/logo_pomoc_utecencom.jpg\",\"width\":1712,\"height\":480,\"caption\":\"Slovensk\u00e1 katol\u00edcka charita\"},\"image\":{\"@id\":\"https:\/\/www.charita.sk\/svet\/#\/schema\/logo\/image\/\"},\"sameAs\":[\"https:\/\/www.facebook.com\/CaritasSlovakia\/\",\"https:\/\/www.instagram.com\/caritas_slovakia\/\",\"https:\/\/www.linkedin.com\/company\/caritas-slovakia-skch-\",\"https:\/\/www.youtube.com\/user\/katolickacharita\"]},{\"@type\":\"Person\",\"@id\":\"https:\/\/www.charita.sk\/svet\/#\/schema\/person\/5d4cac7d83d3ec0090a0c6bb00690ce4\",\"name\":\"charita\",\"image\":{\"@type\":\"ImageObject\",\"inLanguage\":\"sk-SK\",\"@id\":\"https:\/\/www.charita.sk\/svet\/#\/schema\/person\/image\/\",\"url\":\"https:\/\/secure.gravatar.com\/avatar\/d2e7ea30dee1a0c7a6b7277bd2f993803c4622836c7e0130a97819af162a837b?s=96&d=mm&r=g\",\"contentUrl\":\"https:\/\/secure.gravatar.com\/avatar\/d2e7ea30dee1a0c7a6b7277bd2f993803c4622836c7e0130a97819af162a837b?s=96&d=mm&r=g\",\"caption\":\"charita\"},\"url\":\"https:\/\/www.charita.sk\/svet\/author\/charita\/\"}]}<\/script>\n<!-- \/ Yoast SEO plugin. -->","yoast_head_json":{"title":"V charitnej z\u00e1hrade sme oslavovali Svetov\u00fd humanit\u00e1rny de\u0148 | Charita vo svete","robots":{"index":"index","follow":"follow","max-snippet":"max-snippet:-1","max-image-preview":"max-image-preview:large","max-video-preview":"max-video-preview:-1"},"canonical":"https:\/\/www.charita.sk\/svet\/v-charitnej-zahrade-sme-oslavovali-svetovy-humanitarny-den\/","og_locale":"sk_SK","og_type":"article","og_title":"V charitnej z\u00e1hrade sme oslavovali Svetov\u00fd humanit\u00e1rny de\u0148 | Charita vo svete","og_description":"Stovky \u013eud\u00ed naplnilo charitn\u00fa z\u00e1hradu v Bratislave na Kapitulskej a \u201cochutnalo\u201c na\u0161u [&hellip;]","og_url":"https:\/\/www.charita.sk\/svet\/v-charitnej-zahrade-sme-oslavovali-svetovy-humanitarny-den\/","og_site_name":"Charita vo svete","article_publisher":"https:\/\/www.facebook.com\/CaritasSlovakia\/","article_published_time":"2022-08-26T13:31:05+00:00","article_modified_time":"2022-08-26T13:31:07+00:00","og_image":[{"width":1280,"height":990,"url":"https:\/\/www.charita.sk\/svet\/wp-content\/uploads\/2022\/08\/SVHD33.jpg","type":"image\/jpeg"}],"author":"charita","twitter_card":"summary_large_image","twitter_misc":{"Autor":"charita","Predpokladan\u00fd \u010das \u010d\u00edtania":"3 min\u00faty"},"schema":{"@context":"https:\/\/schema.org","@graph":[{"@type":"Article","@id":"https:\/\/www.charita.sk\/svet\/v-charitnej-zahrade-sme-oslavovali-svetovy-humanitarny-den\/#article","isPartOf":{"@id":"https:\/\/www.charita.sk\/svet\/v-charitnej-zahrade-sme-oslavovali-svetovy-humanitarny-den\/"},"author":{"name":"charita","@id":"https:\/\/www.charita.sk\/svet\/#\/schema\/person\/5d4cac7d83d3ec0090a0c6bb00690ce4"},"headline":"V charitnej z\u00e1hrade sme oslavovali Svetov\u00fd humanit\u00e1rny de\u0148","datePublished":"2022-08-26T13:31:05+00:00","dateModified":"2022-08-26T13:31:07+00:00","mainEntityOfPage":{"@id":"https:\/\/www.charita.sk\/svet\/v-charitnej-zahrade-sme-oslavovali-svetovy-humanitarny-den\/"},"wordCount":307,"commentCount":0,"publisher":{"@id":"https:\/\/www.charita.sk\/svet\/#organization"},"image":{"@id":"https:\/\/www.charita.sk\/svet\/v-charitnej-zahrade-sme-oslavovali-svetovy-humanitarny-den\/#primaryimage"},"thumbnailUrl":"https:\/\/www.charita.sk\/svet\/wp-content\/uploads\/2022\/08\/SVHD33.jpg","articleSection":["Irak","Libanon","S\u00fdria","Ukrajina"],"inLanguage":"sk-SK","potentialAction":[{"@type":"CommentAction","name":"Comment","target":["https:\/\/www.charita.sk\/svet\/v-charitnej-zahrade-sme-oslavovali-svetovy-humanitarny-den\/#respond"]}]},{"@type":"WebPage","@id":"https:\/\/www.charita.sk\/svet\/v-charitnej-zahrade-sme-oslavovali-svetovy-humanitarny-den\/","url":"https:\/\/www.charita.sk\/svet\/v-charitnej-zahrade-sme-oslavovali-svetovy-humanitarny-den\/","name":"V charitnej z\u00e1hrade sme oslavovali Svetov\u00fd humanit\u00e1rny de\u0148 | Charita vo svete","isPartOf":{"@id":"https:\/\/www.charita.sk\/svet\/#website"},"primaryImageOfPage":{"@id":"https:\/\/www.charita.sk\/svet\/v-charitnej-zahrade-sme-oslavovali-svetovy-humanitarny-den\/#primaryimage"},"image":{"@id":"https:\/\/www.charita.sk\/svet\/v-charitnej-zahrade-sme-oslavovali-svetovy-humanitarny-den\/#primaryimage"},"thumbnailUrl":"https:\/\/www.charita.sk\/svet\/wp-content\/uploads\/2022\/08\/SVHD33.jpg","datePublished":"2022-08-26T13:31:05+00:00","dateModified":"2022-08-26T13:31:07+00:00","breadcrumb":{"@id":"https:\/\/www.charita.sk\/svet\/v-charitnej-zahrade-sme-oslavovali-svetovy-humanitarny-den\/#breadcrumb"},"inLanguage":"sk-SK","potentialAction":[{"@type":"ReadAction","target":["https:\/\/www.charita.sk\/svet\/v-charitnej-zahrade-sme-oslavovali-svetovy-humanitarny-den\/"]}]},{"@type":"ImageObject","inLanguage":"sk-SK","@id":"https:\/\/www.charita.sk\/svet\/v-charitnej-zahrade-sme-oslavovali-svetovy-humanitarny-den\/#primaryimage","url":"https:\/\/www.charita.sk\/svet\/wp-content\/uploads\/2022\/08\/SVHD33.jpg","contentUrl":"https:\/\/www.charita.sk\/svet\/wp-content\/uploads\/2022\/08\/SVHD33.jpg","width":1280,"height":990},{"@type":"BreadcrumbList","@id":"https:\/\/www.charita.sk\/svet\/v-charitnej-zahrade-sme-oslavovali-svetovy-humanitarny-den\/#breadcrumb","itemListElement":[{"@type":"ListItem","position":1,"name":"Domovsk\u00e1 str\u00e1nka","item":"https:\/\/www.charita.sk\/svet\/"},{"@type":"ListItem","position":2,"name":"V charitnej z\u00e1hrade sme oslavovali Svetov\u00fd humanit\u00e1rny de\u0148"}]},{"@type":"WebSite","@id":"https:\/\/www.charita.sk\/svet\/#website","url":"https:\/\/www.charita.sk\/svet\/","name":"Charita vo svete","description":"Slovensk\u00e1 katol\u00edcka charita pom\u00e1ha \u013eu\u010fom v n\u00fadzi vo svete","publisher":{"@id":"https:\/\/www.charita.sk\/svet\/#organization"},"potentialAction":[{"@type":"SearchAction","target":{"@type":"EntryPoint","urlTemplate":"https:\/\/www.charita.sk\/svet\/?s={search_term_string}"},"query-input":{"@type":"PropertyValueSpecification","valueRequired":true,"valueName":"search_term_string"}}],"inLanguage":"sk-SK"},{"@type":"Organization","@id":"https:\/\/www.charita.sk\/svet\/#organization","name":"Slovensk\u00e1 katol\u00edcka charita","url":"https:\/\/www.charita.sk\/svet\/","logo":{"@type":"ImageObject","inLanguage":"sk-SK","@id":"https:\/\/www.charita.sk\/svet\/#\/schema\/logo\/image\/","url":"https:\/\/www.charita.sk\/pomoc-utecencom\/wp-content\/uploads\/2020\/11\/logo_pomoc_utecencom.jpg","contentUrl":"https:\/\/www.charita.sk\/pomoc-utecencom\/wp-content\/uploads\/2020\/11\/logo_pomoc_utecencom.jpg","width":1712,"height":480,"caption":"Slovensk\u00e1 katol\u00edcka charita"},"image":{"@id":"https:\/\/www.charita.sk\/svet\/#\/schema\/logo\/image\/"},"sameAs":["https:\/\/www.facebook.com\/CaritasSlovakia\/","https:\/\/www.instagram.com\/caritas_slovakia\/","https:\/\/www.linkedin.com\/company\/caritas-slovakia-skch-","https:\/\/www.youtube.com\/user\/katolickacharita"]},{"@type":"Person","@id":"https:\/\/www.charita.sk\/svet\/#\/schema\/person\/5d4cac7d83d3ec0090a0c6bb00690ce4","name":"charita","image":{"@type":"ImageObject","inLanguage":"sk-SK","@id":"https:\/\/www.charita.sk\/svet\/#\/schema\/person\/image\/","url":"https:\/\/secure.gravatar.com\/avatar\/d2e7ea30dee1a0c7a6b7277bd2f993803c4622836c7e0130a97819af162a837b?s=96&d=mm&r=g","contentUrl":"https:\/\/secure.gravatar.com\/avatar\/d2e7ea30dee1a0c7a6b7277bd2f993803c4622836c7e0130a97819af162a837b?s=96&d=mm&r=g","caption":"charita"},"url":"https:\/\/www.charita.sk\/svet\/author\/charita\/"}]}},"featured_image_src":"https:\/\/www.charita.sk\/svet\/wp-content\/uploads\/2022\/08\/SVHD33-600x400.jpg","featured_image_src_square":"https:\/\/www.charita.sk\/svet\/wp-content\/uploads\/2022\/08\/SVHD33-600x600.jpg","author_info":{"display_name":"charita","author_link":"https:\/\/www.charita.sk\/svet\/author\/charita\/"},"_links":{"self":[{"href":"https:\/\/www.charita.sk\/svet\/wp-json\/wp\/v2\/posts\/2277","targetHints":{"allow":["GET"]}}],"collection":[{"href":"https:\/\/www.charita.sk\/svet\/wp-json\/wp\/v2\/posts"}],"about":[{"href":"https:\/\/www.charita.sk\/svet\/wp-json\/wp\/v2\/types\/post"}],"author":[{"embeddable":true,"href":"https:\/\/www.charita.sk\/svet\/wp-json\/wp\/v2\/users\/2"}],"replies":[{"embeddable":true,"href":"https:\/\/www.charita.sk\/svet\/wp-json\/wp\/v2\/comments?post=2277"}],"version-history":[{"count":2,"href":"https:\/\/www.charita.sk\/svet\/wp-json\/wp\/v2\/posts\/2277\/revisions"}],"predecessor-version":[{"id":2283,"href":"https:\/\/www.charita.sk\/svet\/wp-json\/wp\/v2\/posts\/2277\/revisions\/2283"}],"wp:featuredmedia":[{"embeddable":true,"href":"https:\/\/www.charita.sk\/svet\/wp-json\/wp\/v2\/media\/2279"}],"wp:attachment":[{"href":"https:\/\/www.charita.sk\/svet\/wp-json\/wp\/v2\/media?parent=2277"}],"wp:term":[{"taxonomy":"category","embeddable":true,"href":"https:\/\/www.charita.sk\/svet\/wp-json\/wp\/v2\/categories?post=2277"},{"taxonomy":"post_tag","embeddable":true,"href":"https:\/\/www.charita.sk\/svet\/wp-json\/wp\/v2\/tags?post=2277"}],"curies":[{"name":"wp","href":"https:\/\/api.w.org\/{rel}","templated":true}]}}