{"id":2330,"date":"2022-11-17T20:54:03","date_gmt":"2022-11-17T19:54:03","guid":{"rendered":"https:\/\/www.charita.sk\/pomoc-utecencom\/?p=2330"},"modified":"2022-11-17T20:54:04","modified_gmt":"2022-11-17T19:54:04","slug":"babicku-nadu-prestahovala-vojna","status":"publish","type":"post","link":"https:\/\/www.charita.sk\/svet\/babicku-nadu-prestahovala-vojna\/","title":{"rendered":"Babi\u010dku Na\u010fu pres\u0165ahovala vojna"},"content":{"rendered":"\n<p><em>Na\u0161a pomoc vst\u00fapila do \u017eivota pani Nadi len ned\u00e1vno. T\u00e1to \u010dipern\u00e1 80-ro\u010dn\u00e1 babi\u010dka \u017eila cel\u00fd \u017eivot v Doneckej oblasti v meste\u010dku Bachmut. Pam\u00e4t\u00e1 si dokonca ako tam po\u010das ll. svetovej vojny jedli s rodinou pe\u010den\u00e9 \u017ealu\u010fe. V\u010faka dne\u0161nej vojne pri\u0161la o dom.<\/em><\/p>\n\n\n\n<p>So slzami v o\u010diach spom\u00edna na de\u0148, ke\u010f musela opusti\u0165 svoj domov. V ten stra\u0161n\u00fd de\u0148 zasiahol jej domov rusk\u00fd gran\u00e1t a v\u0161etky okn\u00e1 v byte okam\u017eite vyleteli von. <em>\u201eJe to z\u00e1zrak, \u017ee som pre\u017eila. Pravdepodobne ma chr\u00e1ni Boh,\u201c<\/em> hovor\u00ed pani Na\u010fa.<\/p>\n\n\n\n<p class=\"has-text-align-center has-background\" style=\"background-color:#e2e2e2\"><strong>Projekt je spolufinancovan\u00fd z programu ofici\u00e1lnej rozvojovej pomoci SR, <a href=\"https:\/\/slovakaid.sk\">SlovakAid<\/a> a tie\u017e v\u010faka \u0161tedrosti darcov, ktor\u00ed prispeli cez Slovensk\u00fa katol\u00edcku charitu na pomoc obetiam vojny na Ukrajine.<\/strong><\/p>\n\n\n\n<p>Evakuovala sa do mesta Dnipro. Ocitla sa na bezpe\u010dnej\u0161om mieste, kde sa kone\u010dne mohla vyspa\u0165. Telo starej \u017eeny v\u0161ak bolo dlho pod psychick\u00fdm tlakom, a preto sa c\u00edtila \u00faplne zni\u010den\u00e1 a ve\u013emi unaven\u00e1. Susedia, u ktor\u00fdch pani Na\u010fa \u017eije, jej rozpr\u00e1vali o na\u0161om <a href=\"https:\/\/www.charita.sk\/svet\/poskytovanie-zakladnych-potrieb-a-psychologickej-prvej-pomoci-pre-vnutorne-presidlene-osoby-zijuce-v-utulkoch-v-meste-dnipro-a-na-predmestiach\/\">spolo\u010dnom projekte<\/a> s Caritas Donetsk. Tak sa dostala na psychologick\u00fd tr\u00e9ning &#8222;Stres a jeho vplyv na \u013eudsk\u00fd organizmus&#8220;, kde dostala jednoduch\u00e9 rady, ako n\u00e1js\u0165 silu \u017ei\u0165 \u010falej.<\/p>\n\n\n\n<p><img decoding=\"async\" height=\"16\" width=\"16\" src=\"https:\/\/static.xx.fbcdn.net\/images\/emoji.php\/v9\/tf7\/1\/16\/1f48c.png\" alt=\"\ud83d\udc8c\">Taktie\u017e pani Nadiya z\u00edskala pouk\u00e1\u017eky na potraviny, hygienick\u00e9 potreby a lieky. Povedala, \u017ee je \u00faprimne v\u010fa\u010dn\u00e1 darcom a t\u00edmu projektu za ich srde\u010dn\u00fd pr\u00edstup, podporu v \u0165a\u017ekej situ\u00e1cii a poskytnut\u00fa pomoc.<\/p>\n\n\n\n<p class=\"has-text-align-center has-background\" style=\"background-color:#e2e2e2\"><strong>Po\u0161lite pouk\u00e1\u017eku na potraviny \u010di lieky \u013eu\u010fom z Ukrajiny<strong>\ud83c\uddfa\ud83c\udde6<\/strong>,<\/strong> ktor\u00e9 u\u0161li pred vojnou do o \u010dosi bezpe\u010dnej\u0161\u00edch oblast\u00ed svojej krajiny. \u010eakujeme.<\/p>\n\n\n\n<div class=\"wp-block-buttons is-content-justification-center is-layout-flex wp-container-core-buttons-is-layout-16018d1d wp-block-buttons-is-layout-flex\">\n<div class=\"wp-block-button\"><a class=\"wp-block-button__link has-white-color has-text-color has-background wp-element-button\" href=\"https:\/\/charita.darujme.sk\/pomozme-ukrajine\/\" style=\"background-color:#c42f41\">Posla\u0165 pouk\u00e1\u017eku<\/a><\/div>\n<\/div>\n","protected":false},"excerpt":{"rendered":"<p>Na\u0161a pomoc vst\u00fapila do \u017eivota pani Nadi len ned\u00e1vno. T\u00e1to \u010dipern\u00e1 80-ro\u010dn\u00e1 [&hellip;]<\/p>\n","protected":false},"author":2,"featured_media":2331,"comment_status":"open","ping_status":"open","sticky":false,"template":"","format":"standard","meta":{"footnotes":""},"categories":[18],"tags":[30,17,19],"class_list":["post-2330","post","type-post","status-publish","format-standard","has-post-thumbnail","hentry","category-ukrajina","tag-poukazky-2","tag-slovakaid","tag-ukrajina"],"yoast_head":"<!-- This site is optimized with the Yoast SEO plugin v25.4 - https:\/\/yoast.com\/wordpress\/plugins\/seo\/ -->\n<title>Babi\u010dku Na\u010fu pres\u0165ahovala vojna | Charita vo svete<\/title>\n<meta name=\"robots\" content=\"index, follow, max-snippet:-1, max-image-preview:large, max-video-preview:-1\" \/>\n<link rel=\"canonical\" href=\"https:\/\/www.charita.sk\/svet\/babicku-nadu-prestahovala-vojna\/\" \/>\n<meta property=\"og:locale\" content=\"sk_SK\" \/>\n<meta property=\"og:type\" content=\"article\" \/>\n<meta property=\"og:title\" content=\"Babi\u010dku Na\u010fu pres\u0165ahovala vojna | Charita vo svete\" \/>\n<meta property=\"og:description\" content=\"Na\u0161a pomoc vst\u00fapila do \u017eivota pani Nadi len ned\u00e1vno. T\u00e1to \u010dipern\u00e1 80-ro\u010dn\u00e1 [&hellip;]\" \/>\n<meta property=\"og:url\" content=\"https:\/\/www.charita.sk\/svet\/babicku-nadu-prestahovala-vojna\/\" \/>\n<meta property=\"og:site_name\" content=\"Charita vo svete\" \/>\n<meta property=\"article:publisher\" content=\"https:\/\/www.facebook.com\/CaritasSlovakia\/\" \/>\n<meta property=\"article:published_time\" content=\"2022-11-17T19:54:03+00:00\" \/>\n<meta property=\"article:modified_time\" content=\"2022-11-17T19:54:04+00:00\" \/>\n<meta property=\"og:image\" content=\"https:\/\/www.charita.sk\/svet\/wp-content\/uploads\/2022\/11\/nada_ua.jpg\" \/>\n\t<meta property=\"og:image:width\" content=\"1920\" \/>\n\t<meta property=\"og:image:height\" content=\"1888\" \/>\n\t<meta property=\"og:image:type\" content=\"image\/jpeg\" \/>\n<meta name=\"author\" content=\"charita\" \/>\n<meta name=\"twitter:card\" content=\"summary_large_image\" \/>\n<meta name=\"twitter:label1\" content=\"Autor\" \/>\n\t<meta name=\"twitter:data1\" content=\"charita\" \/>\n\t<meta name=\"twitter:label2\" content=\"Predpokladan\u00fd \u010das \u010d\u00edtania\" \/>\n\t<meta name=\"twitter:data2\" content=\"2 min\u00faty\" \/>\n<script type=\"application\/ld+json\" class=\"yoast-schema-graph\">{\"@context\":\"https:\/\/schema.org\",\"@graph\":[{\"@type\":\"Article\",\"@id\":\"https:\/\/www.charita.sk\/svet\/babicku-nadu-prestahovala-vojna\/#article\",\"isPartOf\":{\"@id\":\"https:\/\/www.charita.sk\/svet\/babicku-nadu-prestahovala-vojna\/\"},\"author\":{\"name\":\"charita\",\"@id\":\"https:\/\/www.charita.sk\/svet\/#\/schema\/person\/5d4cac7d83d3ec0090a0c6bb00690ce4\"},\"headline\":\"Babi\u010dku Na\u010fu pres\u0165ahovala vojna\",\"datePublished\":\"2022-11-17T19:54:03+00:00\",\"dateModified\":\"2022-11-17T19:54:04+00:00\",\"mainEntityOfPage\":{\"@id\":\"https:\/\/www.charita.sk\/svet\/babicku-nadu-prestahovala-vojna\/\"},\"wordCount\":300,\"commentCount\":0,\"publisher\":{\"@id\":\"https:\/\/www.charita.sk\/svet\/#organization\"},\"image\":{\"@id\":\"https:\/\/www.charita.sk\/svet\/babicku-nadu-prestahovala-vojna\/#primaryimage\"},\"thumbnailUrl\":\"https:\/\/www.charita.sk\/svet\/wp-content\/uploads\/2022\/11\/nada_ua.jpg\",\"keywords\":[\"poukazky\",\"slovakaid\",\"ukrajina\"],\"articleSection\":[\"Ukrajina\"],\"inLanguage\":\"sk-SK\",\"potentialAction\":[{\"@type\":\"CommentAction\",\"name\":\"Comment\",\"target\":[\"https:\/\/www.charita.sk\/svet\/babicku-nadu-prestahovala-vojna\/#respond\"]}]},{\"@type\":\"WebPage\",\"@id\":\"https:\/\/www.charita.sk\/svet\/babicku-nadu-prestahovala-vojna\/\",\"url\":\"https:\/\/www.charita.sk\/svet\/babicku-nadu-prestahovala-vojna\/\",\"name\":\"Babi\u010dku Na\u010fu pres\u0165ahovala vojna | Charita vo svete\",\"isPartOf\":{\"@id\":\"https:\/\/www.charita.sk\/svet\/#website\"},\"primaryImageOfPage\":{\"@id\":\"https:\/\/www.charita.sk\/svet\/babicku-nadu-prestahovala-vojna\/#primaryimage\"},\"image\":{\"@id\":\"https:\/\/www.charita.sk\/svet\/babicku-nadu-prestahovala-vojna\/#primaryimage\"},\"thumbnailUrl\":\"https:\/\/www.charita.sk\/svet\/wp-content\/uploads\/2022\/11\/nada_ua.jpg\",\"datePublished\":\"2022-11-17T19:54:03+00:00\",\"dateModified\":\"2022-11-17T19:54:04+00:00\",\"breadcrumb\":{\"@id\":\"https:\/\/www.charita.sk\/svet\/babicku-nadu-prestahovala-vojna\/#breadcrumb\"},\"inLanguage\":\"sk-SK\",\"potentialAction\":[{\"@type\":\"ReadAction\",\"target\":[\"https:\/\/www.charita.sk\/svet\/babicku-nadu-prestahovala-vojna\/\"]}]},{\"@type\":\"ImageObject\",\"inLanguage\":\"sk-SK\",\"@id\":\"https:\/\/www.charita.sk\/svet\/babicku-nadu-prestahovala-vojna\/#primaryimage\",\"url\":\"https:\/\/www.charita.sk\/svet\/wp-content\/uploads\/2022\/11\/nada_ua.jpg\",\"contentUrl\":\"https:\/\/www.charita.sk\/svet\/wp-content\/uploads\/2022\/11\/nada_ua.jpg\",\"width\":1920,\"height\":1888},{\"@type\":\"BreadcrumbList\",\"@id\":\"https:\/\/www.charita.sk\/svet\/babicku-nadu-prestahovala-vojna\/#breadcrumb\",\"itemListElement\":[{\"@type\":\"ListItem\",\"position\":1,\"name\":\"Domovsk\u00e1 str\u00e1nka\",\"item\":\"https:\/\/www.charita.sk\/svet\/\"},{\"@type\":\"ListItem\",\"position\":2,\"name\":\"Babi\u010dku Na\u010fu pres\u0165ahovala vojna\"}]},{\"@type\":\"WebSite\",\"@id\":\"https:\/\/www.charita.sk\/svet\/#website\",\"url\":\"https:\/\/www.charita.sk\/svet\/\",\"name\":\"Charita vo svete\",\"description\":\"Slovensk\u00e1 katol\u00edcka charita pom\u00e1ha \u013eu\u010fom v n\u00fadzi vo svete\",\"publisher\":{\"@id\":\"https:\/\/www.charita.sk\/svet\/#organization\"},\"potentialAction\":[{\"@type\":\"SearchAction\",\"target\":{\"@type\":\"EntryPoint\",\"urlTemplate\":\"https:\/\/www.charita.sk\/svet\/?s={search_term_string}\"},\"query-input\":{\"@type\":\"PropertyValueSpecification\",\"valueRequired\":true,\"valueName\":\"search_term_string\"}}],\"inLanguage\":\"sk-SK\"},{\"@type\":\"Organization\",\"@id\":\"https:\/\/www.charita.sk\/svet\/#organization\",\"name\":\"Slovensk\u00e1 katol\u00edcka charita\",\"url\":\"https:\/\/www.charita.sk\/svet\/\",\"logo\":{\"@type\":\"ImageObject\",\"inLanguage\":\"sk-SK\",\"@id\":\"https:\/\/www.charita.sk\/svet\/#\/schema\/logo\/image\/\",\"url\":\"https:\/\/www.charita.sk\/pomoc-utecencom\/wp-content\/uploads\/2020\/11\/logo_pomoc_utecencom.jpg\",\"contentUrl\":\"https:\/\/www.charita.sk\/pomoc-utecencom\/wp-content\/uploads\/2020\/11\/logo_pomoc_utecencom.jpg\",\"width\":1712,\"height\":480,\"caption\":\"Slovensk\u00e1 katol\u00edcka charita\"},\"image\":{\"@id\":\"https:\/\/www.charita.sk\/svet\/#\/schema\/logo\/image\/\"},\"sameAs\":[\"https:\/\/www.facebook.com\/CaritasSlovakia\/\",\"https:\/\/www.instagram.com\/caritas_slovakia\/\",\"https:\/\/www.linkedin.com\/company\/caritas-slovakia-skch-\",\"https:\/\/www.youtube.com\/user\/katolickacharita\"]},{\"@type\":\"Person\",\"@id\":\"https:\/\/www.charita.sk\/svet\/#\/schema\/person\/5d4cac7d83d3ec0090a0c6bb00690ce4\",\"name\":\"charita\",\"image\":{\"@type\":\"ImageObject\",\"inLanguage\":\"sk-SK\",\"@id\":\"https:\/\/www.charita.sk\/svet\/#\/schema\/person\/image\/\",\"url\":\"https:\/\/secure.gravatar.com\/avatar\/d2e7ea30dee1a0c7a6b7277bd2f993803c4622836c7e0130a97819af162a837b?s=96&d=mm&r=g\",\"contentUrl\":\"https:\/\/secure.gravatar.com\/avatar\/d2e7ea30dee1a0c7a6b7277bd2f993803c4622836c7e0130a97819af162a837b?s=96&d=mm&r=g\",\"caption\":\"charita\"},\"url\":\"https:\/\/www.charita.sk\/svet\/author\/charita\/\"}]}<\/script>\n<!-- \/ Yoast SEO plugin. -->","yoast_head_json":{"title":"Babi\u010dku Na\u010fu pres\u0165ahovala vojna | Charita vo svete","robots":{"index":"index","follow":"follow","max-snippet":"max-snippet:-1","max-image-preview":"max-image-preview:large","max-video-preview":"max-video-preview:-1"},"canonical":"https:\/\/www.charita.sk\/svet\/babicku-nadu-prestahovala-vojna\/","og_locale":"sk_SK","og_type":"article","og_title":"Babi\u010dku Na\u010fu pres\u0165ahovala vojna | Charita vo svete","og_description":"Na\u0161a pomoc vst\u00fapila do \u017eivota pani Nadi len ned\u00e1vno. T\u00e1to \u010dipern\u00e1 80-ro\u010dn\u00e1 [&hellip;]","og_url":"https:\/\/www.charita.sk\/svet\/babicku-nadu-prestahovala-vojna\/","og_site_name":"Charita vo svete","article_publisher":"https:\/\/www.facebook.com\/CaritasSlovakia\/","article_published_time":"2022-11-17T19:54:03+00:00","article_modified_time":"2022-11-17T19:54:04+00:00","og_image":[{"width":1920,"height":1888,"url":"https:\/\/www.charita.sk\/svet\/wp-content\/uploads\/2022\/11\/nada_ua.jpg","type":"image\/jpeg"}],"author":"charita","twitter_card":"summary_large_image","twitter_misc":{"Autor":"charita","Predpokladan\u00fd \u010das \u010d\u00edtania":"2 min\u00faty"},"schema":{"@context":"https:\/\/schema.org","@graph":[{"@type":"Article","@id":"https:\/\/www.charita.sk\/svet\/babicku-nadu-prestahovala-vojna\/#article","isPartOf":{"@id":"https:\/\/www.charita.sk\/svet\/babicku-nadu-prestahovala-vojna\/"},"author":{"name":"charita","@id":"https:\/\/www.charita.sk\/svet\/#\/schema\/person\/5d4cac7d83d3ec0090a0c6bb00690ce4"},"headline":"Babi\u010dku Na\u010fu pres\u0165ahovala vojna","datePublished":"2022-11-17T19:54:03+00:00","dateModified":"2022-11-17T19:54:04+00:00","mainEntityOfPage":{"@id":"https:\/\/www.charita.sk\/svet\/babicku-nadu-prestahovala-vojna\/"},"wordCount":300,"commentCount":0,"publisher":{"@id":"https:\/\/www.charita.sk\/svet\/#organization"},"image":{"@id":"https:\/\/www.charita.sk\/svet\/babicku-nadu-prestahovala-vojna\/#primaryimage"},"thumbnailUrl":"https:\/\/www.charita.sk\/svet\/wp-content\/uploads\/2022\/11\/nada_ua.jpg","keywords":["poukazky","slovakaid","ukrajina"],"articleSection":["Ukrajina"],"inLanguage":"sk-SK","potentialAction":[{"@type":"CommentAction","name":"Comment","target":["https:\/\/www.charita.sk\/svet\/babicku-nadu-prestahovala-vojna\/#respond"]}]},{"@type":"WebPage","@id":"https:\/\/www.charita.sk\/svet\/babicku-nadu-prestahovala-vojna\/","url":"https:\/\/www.charita.sk\/svet\/babicku-nadu-prestahovala-vojna\/","name":"Babi\u010dku Na\u010fu pres\u0165ahovala vojna | Charita vo svete","isPartOf":{"@id":"https:\/\/www.charita.sk\/svet\/#website"},"primaryImageOfPage":{"@id":"https:\/\/www.charita.sk\/svet\/babicku-nadu-prestahovala-vojna\/#primaryimage"},"image":{"@id":"https:\/\/www.charita.sk\/svet\/babicku-nadu-prestahovala-vojna\/#primaryimage"},"thumbnailUrl":"https:\/\/www.charita.sk\/svet\/wp-content\/uploads\/2022\/11\/nada_ua.jpg","datePublished":"2022-11-17T19:54:03+00:00","dateModified":"2022-11-17T19:54:04+00:00","breadcrumb":{"@id":"https:\/\/www.charita.sk\/svet\/babicku-nadu-prestahovala-vojna\/#breadcrumb"},"inLanguage":"sk-SK","potentialAction":[{"@type":"ReadAction","target":["https:\/\/www.charita.sk\/svet\/babicku-nadu-prestahovala-vojna\/"]}]},{"@type":"ImageObject","inLanguage":"sk-SK","@id":"https:\/\/www.charita.sk\/svet\/babicku-nadu-prestahovala-vojna\/#primaryimage","url":"https:\/\/www.charita.sk\/svet\/wp-content\/uploads\/2022\/11\/nada_ua.jpg","contentUrl":"https:\/\/www.charita.sk\/svet\/wp-content\/uploads\/2022\/11\/nada_ua.jpg","width":1920,"height":1888},{"@type":"BreadcrumbList","@id":"https:\/\/www.charita.sk\/svet\/babicku-nadu-prestahovala-vojna\/#breadcrumb","itemListElement":[{"@type":"ListItem","position":1,"name":"Domovsk\u00e1 str\u00e1nka","item":"https:\/\/www.charita.sk\/svet\/"},{"@type":"ListItem","position":2,"name":"Babi\u010dku Na\u010fu pres\u0165ahovala vojna"}]},{"@type":"WebSite","@id":"https:\/\/www.charita.sk\/svet\/#website","url":"https:\/\/www.charita.sk\/svet\/","name":"Charita vo svete","description":"Slovensk\u00e1 katol\u00edcka charita pom\u00e1ha \u013eu\u010fom v n\u00fadzi vo svete","publisher":{"@id":"https:\/\/www.charita.sk\/svet\/#organization"},"potentialAction":[{"@type":"SearchAction","target":{"@type":"EntryPoint","urlTemplate":"https:\/\/www.charita.sk\/svet\/?s={search_term_string}"},"query-input":{"@type":"PropertyValueSpecification","valueRequired":true,"valueName":"search_term_string"}}],"inLanguage":"sk-SK"},{"@type":"Organization","@id":"https:\/\/www.charita.sk\/svet\/#organization","name":"Slovensk\u00e1 katol\u00edcka charita","url":"https:\/\/www.charita.sk\/svet\/","logo":{"@type":"ImageObject","inLanguage":"sk-SK","@id":"https:\/\/www.charita.sk\/svet\/#\/schema\/logo\/image\/","url":"https:\/\/www.charita.sk\/pomoc-utecencom\/wp-content\/uploads\/2020\/11\/logo_pomoc_utecencom.jpg","contentUrl":"https:\/\/www.charita.sk\/pomoc-utecencom\/wp-content\/uploads\/2020\/11\/logo_pomoc_utecencom.jpg","width":1712,"height":480,"caption":"Slovensk\u00e1 katol\u00edcka charita"},"image":{"@id":"https:\/\/www.charita.sk\/svet\/#\/schema\/logo\/image\/"},"sameAs":["https:\/\/www.facebook.com\/CaritasSlovakia\/","https:\/\/www.instagram.com\/caritas_slovakia\/","https:\/\/www.linkedin.com\/company\/caritas-slovakia-skch-","https:\/\/www.youtube.com\/user\/katolickacharita"]},{"@type":"Person","@id":"https:\/\/www.charita.sk\/svet\/#\/schema\/person\/5d4cac7d83d3ec0090a0c6bb00690ce4","name":"charita","image":{"@type":"ImageObject","inLanguage":"sk-SK","@id":"https:\/\/www.charita.sk\/svet\/#\/schema\/person\/image\/","url":"https:\/\/secure.gravatar.com\/avatar\/d2e7ea30dee1a0c7a6b7277bd2f993803c4622836c7e0130a97819af162a837b?s=96&d=mm&r=g","contentUrl":"https:\/\/secure.gravatar.com\/avatar\/d2e7ea30dee1a0c7a6b7277bd2f993803c4622836c7e0130a97819af162a837b?s=96&d=mm&r=g","caption":"charita"},"url":"https:\/\/www.charita.sk\/svet\/author\/charita\/"}]}},"featured_image_src":"https:\/\/www.charita.sk\/svet\/wp-content\/uploads\/2022\/11\/nada_ua-600x400.jpg","featured_image_src_square":"https:\/\/www.charita.sk\/svet\/wp-content\/uploads\/2022\/11\/nada_ua-600x600.jpg","author_info":{"display_name":"charita","author_link":"https:\/\/www.charita.sk\/svet\/author\/charita\/"},"_links":{"self":[{"href":"https:\/\/www.charita.sk\/svet\/wp-json\/wp\/v2\/posts\/2330","targetHints":{"allow":["GET"]}}],"collection":[{"href":"https:\/\/www.charita.sk\/svet\/wp-json\/wp\/v2\/posts"}],"about":[{"href":"https:\/\/www.charita.sk\/svet\/wp-json\/wp\/v2\/types\/post"}],"author":[{"embeddable":true,"href":"https:\/\/www.charita.sk\/svet\/wp-json\/wp\/v2\/users\/2"}],"replies":[{"embeddable":true,"href":"https:\/\/www.charita.sk\/svet\/wp-json\/wp\/v2\/comments?post=2330"}],"version-history":[{"count":1,"href":"https:\/\/www.charita.sk\/svet\/wp-json\/wp\/v2\/posts\/2330\/revisions"}],"predecessor-version":[{"id":2332,"href":"https:\/\/www.charita.sk\/svet\/wp-json\/wp\/v2\/posts\/2330\/revisions\/2332"}],"wp:featuredmedia":[{"embeddable":true,"href":"https:\/\/www.charita.sk\/svet\/wp-json\/wp\/v2\/media\/2331"}],"wp:attachment":[{"href":"https:\/\/www.charita.sk\/svet\/wp-json\/wp\/v2\/media?parent=2330"}],"wp:term":[{"taxonomy":"category","embeddable":true,"href":"https:\/\/www.charita.sk\/svet\/wp-json\/wp\/v2\/categories?post=2330"},{"taxonomy":"post_tag","embeddable":true,"href":"https:\/\/www.charita.sk\/svet\/wp-json\/wp\/v2\/tags?post=2330"}],"curies":[{"name":"wp","href":"https:\/\/api.w.org\/{rel}","templated":true}]}}