{"id":2344,"date":"2023-01-16T17:31:58","date_gmt":"2023-01-16T16:31:58","guid":{"rendered":"https:\/\/www.charita.sk\/pomoc-utecencom\/?p=2344"},"modified":"2024-04-11T13:39:37","modified_gmt":"2024-04-11T11:39:37","slug":"pomozme-obetiam-tragedie-v-dnipre","status":"publish","type":"post","link":"https:\/\/www.charita.sk\/svet\/pomozme-obetiam-tragedie-v-dnipre\/","title":{"rendered":"Pom\u00f4\u017eme obetiam trag\u00e9die v Dnipre"},"content":{"rendered":"\n<p><em>\u201eDnes je u\u017e najmenej 40 m\u0155tvych a pribli\u017ene 75 zranen\u00fdch. Prebiehaj\u00fa p\u00e1tracie oper\u00e1cie. V jednom okamihu zostalo bez strechy nad hlavou 1 000 \u013eud\u00ed. Teraz sa pres\u00edd\u013euj\u00fa do \u00fatulkov a do t\u00e1borov. Na\u0161a Charita neostala bokom a u\u017e pom\u00e1ha \u013eu\u010fom v n\u00fadzi. Mnoho \u013eud\u00ed potrebuje humanit\u00e1rnu a psychologick\u00fa pomoc,\u201c<\/em> opisuje situ\u00e1ciu po trag\u00e9di\u00ed v Dnipre Svitlana \u0160uch z \u041a\u0430\u0440\u0456\u0442\u0430\u0441 \u0414\u043e\u043d\u0435\u0446\u044c\u043a \u0443 \u043c. \u0414\u043d\u0456\u043f\u0440\u043e.<\/p>\n\n\n\n<p>Ke\u010f zostrelen\u00e1 rusk\u00e1 raketa zasiahla budovu v&nbsp;obytnej \u0161tvrti Dnipra, vo ve\u013ekej miere zasiahla aj \u010dinnos\u0165 n\u00e1\u0161ho dlhoro\u010dn\u00e9ho partnera na v\u00fdchode Ukrajiny &#8211; Caritas Donetsk. Jeho pracovn\u00edci a dobrovo\u013en\u00edci s\u00fa na mieste a pom\u00e1haj\u00fa:<\/p>\n\n\n\n<p>\ud83d\udc49 varia a rozd\u00e1vaj\u00fa bor\u0161\u010d,<br>\ud83d\udc49 pod\u00e1vaj\u00fa tepl\u00e9 n\u00e1poje,<br>\ud83d\udc49 h\u013eadaj\u00fa ubytovanie pre \u013eud\u00ed, ktor\u00ed pri\u0161li o svoj domov,<br>\ud83d\udc49 a poskytuj\u00fa prv\u00fa psychologick\u00fa pomoc.<\/p>\n\n\n\n<p class=\"has-text-align-center has-background\" style=\"background-color:#d9cb9e\">\u2764\ufe0fPridajte svoju ruku k pomoci:<br><a href=\"https:\/\/charita.darujme.sk\/pomozme-ukrajine\/\">https:\/\/charita.darujme.sk\/pomozme-ukrajine\/<\/a><\/p>\n\n\n\n<p>V\u010faka va\u0161im darom a\u00a0v\u010faka finan\u010dnej podpore SlovakAid m\u00f4\u017eeme aj my ako Slovensk\u00e1 katol\u00edcka charita by\u0165 na bl\u00edzku t\u00fdm \u013eu\u010fom na Ukrajine, ktor\u00ed sa ocitaj\u00fa zrazu bez domova a\u00a0bez ak\u00fdchko\u013evek finan\u010dn\u00fdch zdrojov na \u017eivobytie. Na\u0161a spolupr\u00e1ca s\u00a0Caritas Donetsk siaha do roku 2020 a\u00a0v\u00a0s\u00fa\u010dasnej dobe je preva\u017ene zameran\u00e1 na poskytovanie prvej psychologickej pomoci dospel\u00fdm a\u00a0de\u0165om zasiahnut\u00fdmi vojnou a\u00a0na distrib\u00faciu pouk\u00e1\u017eok, ktor\u00e9 im zabezpe\u010dia \u017eivotne d\u00f4le\u017eit\u00e9 potreby \u2013 potraviny, lieky a\u00a0drog\u00e9ria.<\/p>\n\n\n\n<p>\ud83d\ude4fKa\u017edou modlitbou aj finan\u010dn\u00fdm pr\u00edspevkom sa tak st\u00e1vame s\u00fa\u010das\u0165ou tejto d\u00f4le\u017eitej pomoci! V\u010eAKA, ka\u017ed\u00fd jeden v\u00e1\u0161 dar bude odovzdan\u00fd t\u00fdm najpotrebnej\u0161\u00edm.<\/p>\n\n\n\n<figure class=\"wp-block-gallery has-nested-images columns-default is-cropped wp-block-gallery-1 is-layout-flex wp-block-gallery-is-layout-flex\">\n<figure class=\"wp-block-image size-large\"><img fetchpriority=\"high\" decoding=\"async\" width=\"1024\" height=\"683\" data-id=\"2346\" src=\"https:\/\/www.charita.sk\/svet\/wp-content\/uploads\/2023\/01\/326030915_1371116416762606_3528481840777101608_n-1024x683.jpg\" alt=\"\" class=\"wp-image-2346\" srcset=\"https:\/\/www.charita.sk\/svet\/wp-content\/uploads\/2023\/01\/326030915_1371116416762606_3528481840777101608_n-1024x683.jpg 1024w, https:\/\/www.charita.sk\/svet\/wp-content\/uploads\/2023\/01\/326030915_1371116416762606_3528481840777101608_n-300x200.jpg 300w, https:\/\/www.charita.sk\/svet\/wp-content\/uploads\/2023\/01\/326030915_1371116416762606_3528481840777101608_n-768x512.jpg 768w, https:\/\/www.charita.sk\/svet\/wp-content\/uploads\/2023\/01\/326030915_1371116416762606_3528481840777101608_n-1536x1025.jpg 1536w, https:\/\/www.charita.sk\/svet\/wp-content\/uploads\/2023\/01\/326030915_1371116416762606_3528481840777101608_n-600x400.jpg 600w, https:\/\/www.charita.sk\/svet\/wp-content\/uploads\/2023\/01\/326030915_1371116416762606_3528481840777101608_n.jpg 2048w\" sizes=\"(max-width: 1024px) 100vw, 1024px\" \/><\/figure>\n\n\n\n<figure class=\"wp-block-image size-large\"><img decoding=\"async\" width=\"1024\" height=\"683\" data-id=\"2347\" src=\"https:\/\/www.charita.sk\/svet\/wp-content\/uploads\/2023\/01\/326032176_1258816944978511_8961990137308179358_n-1024x683.jpg\" alt=\"\" class=\"wp-image-2347\" srcset=\"https:\/\/www.charita.sk\/svet\/wp-content\/uploads\/2023\/01\/326032176_1258816944978511_8961990137308179358_n-1024x683.jpg 1024w, https:\/\/www.charita.sk\/svet\/wp-content\/uploads\/2023\/01\/326032176_1258816944978511_8961990137308179358_n-300x200.jpg 300w, https:\/\/www.charita.sk\/svet\/wp-content\/uploads\/2023\/01\/326032176_1258816944978511_8961990137308179358_n-768x512.jpg 768w, https:\/\/www.charita.sk\/svet\/wp-content\/uploads\/2023\/01\/326032176_1258816944978511_8961990137308179358_n-1536x1025.jpg 1536w, https:\/\/www.charita.sk\/svet\/wp-content\/uploads\/2023\/01\/326032176_1258816944978511_8961990137308179358_n-600x400.jpg 600w, https:\/\/www.charita.sk\/svet\/wp-content\/uploads\/2023\/01\/326032176_1258816944978511_8961990137308179358_n.jpg 2048w\" sizes=\"(max-width: 1024px) 100vw, 1024px\" \/><\/figure>\n\n\n\n<figure class=\"wp-block-image size-large\"><img decoding=\"async\" width=\"1024\" height=\"683\" data-id=\"2349\" src=\"https:\/\/www.charita.sk\/svet\/wp-content\/uploads\/2023\/01\/325868302_1002558397372928_8186471481873278968_n-1024x683.jpg\" alt=\"\" class=\"wp-image-2349\" srcset=\"https:\/\/www.charita.sk\/svet\/wp-content\/uploads\/2023\/01\/325868302_1002558397372928_8186471481873278968_n-1024x683.jpg 1024w, https:\/\/www.charita.sk\/svet\/wp-content\/uploads\/2023\/01\/325868302_1002558397372928_8186471481873278968_n-300x200.jpg 300w, https:\/\/www.charita.sk\/svet\/wp-content\/uploads\/2023\/01\/325868302_1002558397372928_8186471481873278968_n-768x512.jpg 768w, https:\/\/www.charita.sk\/svet\/wp-content\/uploads\/2023\/01\/325868302_1002558397372928_8186471481873278968_n-1536x1025.jpg 1536w, https:\/\/www.charita.sk\/svet\/wp-content\/uploads\/2023\/01\/325868302_1002558397372928_8186471481873278968_n-600x400.jpg 600w, https:\/\/www.charita.sk\/svet\/wp-content\/uploads\/2023\/01\/325868302_1002558397372928_8186471481873278968_n.jpg 2048w\" sizes=\"(max-width: 1024px) 100vw, 1024px\" \/><\/figure>\n\n\n\n<figure class=\"wp-block-image size-large\"><img loading=\"lazy\" decoding=\"async\" width=\"1024\" height=\"683\" data-id=\"2350\" src=\"https:\/\/www.charita.sk\/svet\/wp-content\/uploads\/2023\/01\/326023075_1291232278090742_5435899312708811547_n-1024x683.jpg\" alt=\"\" class=\"wp-image-2350\" srcset=\"https:\/\/www.charita.sk\/svet\/wp-content\/uploads\/2023\/01\/326023075_1291232278090742_5435899312708811547_n-1024x683.jpg 1024w, https:\/\/www.charita.sk\/svet\/wp-content\/uploads\/2023\/01\/326023075_1291232278090742_5435899312708811547_n-300x200.jpg 300w, https:\/\/www.charita.sk\/svet\/wp-content\/uploads\/2023\/01\/326023075_1291232278090742_5435899312708811547_n-768x512.jpg 768w, https:\/\/www.charita.sk\/svet\/wp-content\/uploads\/2023\/01\/326023075_1291232278090742_5435899312708811547_n-1536x1025.jpg 1536w, https:\/\/www.charita.sk\/svet\/wp-content\/uploads\/2023\/01\/326023075_1291232278090742_5435899312708811547_n-600x400.jpg 600w, https:\/\/www.charita.sk\/svet\/wp-content\/uploads\/2023\/01\/326023075_1291232278090742_5435899312708811547_n.jpg 2048w\" sizes=\"(max-width: 1024px) 100vw, 1024px\" \/><\/figure>\n\n\n\n<figure class=\"wp-block-image size-large\"><img loading=\"lazy\" decoding=\"async\" width=\"1024\" height=\"683\" data-id=\"2348\" src=\"https:\/\/www.charita.sk\/svet\/wp-content\/uploads\/2023\/01\/325948818_540903351116287_4454100334639610721_n-1024x683.jpg\" alt=\"\" class=\"wp-image-2348\" srcset=\"https:\/\/www.charita.sk\/svet\/wp-content\/uploads\/2023\/01\/325948818_540903351116287_4454100334639610721_n-1024x683.jpg 1024w, https:\/\/www.charita.sk\/svet\/wp-content\/uploads\/2023\/01\/325948818_540903351116287_4454100334639610721_n-300x200.jpg 300w, https:\/\/www.charita.sk\/svet\/wp-content\/uploads\/2023\/01\/325948818_540903351116287_4454100334639610721_n-768x512.jpg 768w, https:\/\/www.charita.sk\/svet\/wp-content\/uploads\/2023\/01\/325948818_540903351116287_4454100334639610721_n-1536x1025.jpg 1536w, https:\/\/www.charita.sk\/svet\/wp-content\/uploads\/2023\/01\/325948818_540903351116287_4454100334639610721_n-600x400.jpg 600w, https:\/\/www.charita.sk\/svet\/wp-content\/uploads\/2023\/01\/325948818_540903351116287_4454100334639610721_n.jpg 2048w\" sizes=\"(max-width: 1024px) 100vw, 1024px\" \/><\/figure>\n\n\n\n<figure class=\"wp-block-image size-large\"><img loading=\"lazy\" decoding=\"async\" width=\"1024\" height=\"683\" data-id=\"2351\" src=\"https:\/\/www.charita.sk\/svet\/wp-content\/uploads\/2023\/01\/325885664_849167006362395_6042953173651749519_n-1024x683.jpg\" alt=\"\" class=\"wp-image-2351\" srcset=\"https:\/\/www.charita.sk\/svet\/wp-content\/uploads\/2023\/01\/325885664_849167006362395_6042953173651749519_n-1024x683.jpg 1024w, https:\/\/www.charita.sk\/svet\/wp-content\/uploads\/2023\/01\/325885664_849167006362395_6042953173651749519_n-300x200.jpg 300w, https:\/\/www.charita.sk\/svet\/wp-content\/uploads\/2023\/01\/325885664_849167006362395_6042953173651749519_n-768x512.jpg 768w, https:\/\/www.charita.sk\/svet\/wp-content\/uploads\/2023\/01\/325885664_849167006362395_6042953173651749519_n-1536x1025.jpg 1536w, https:\/\/www.charita.sk\/svet\/wp-content\/uploads\/2023\/01\/325885664_849167006362395_6042953173651749519_n-600x400.jpg 600w, https:\/\/www.charita.sk\/svet\/wp-content\/uploads\/2023\/01\/325885664_849167006362395_6042953173651749519_n.jpg 2048w\" sizes=\"(max-width: 1024px) 100vw, 1024px\" \/><\/figure>\n<figcaption class=\"blocks-gallery-caption wp-element-caption\"><span style=\"caret-color: rgb(0, 0, 0); color: rgb(0, 0, 0); font-size: 18px; text-align: start;\">\ud83d\udcf8Caritas Donetsk<\/span><\/figcaption><\/figure>\n","protected":false},"excerpt":{"rendered":"<p>\u201eDnes je u\u017e najmenej 40 m\u0155tvych a pribli\u017ene 75 zranen\u00fdch. Prebiehaj\u00fa p\u00e1tracie [&hellip;]<\/p>\n","protected":false},"author":2,"featured_media":2345,"comment_status":"open","ping_status":"open","sticky":false,"template":"","format":"standard","meta":{"footnotes":""},"categories":[18],"tags":[30,19],"class_list":["post-2344","post","type-post","status-publish","format-standard","has-post-thumbnail","hentry","category-ukrajina","tag-poukazky-2","tag-ukrajina"],"yoast_head":"<!-- This site is optimized with the Yoast SEO plugin v25.4 - https:\/\/yoast.com\/wordpress\/plugins\/seo\/ -->\n<title>Pom\u00f4\u017eme obetiam trag\u00e9die v Dnipre | Charita vo svete<\/title>\n<meta name=\"robots\" content=\"index, follow, max-snippet:-1, max-image-preview:large, max-video-preview:-1\" \/>\n<link rel=\"canonical\" href=\"https:\/\/www.charita.sk\/svet\/pomozme-obetiam-tragedie-v-dnipre\/\" \/>\n<meta property=\"og:locale\" content=\"sk_SK\" \/>\n<meta property=\"og:type\" content=\"article\" \/>\n<meta property=\"og:title\" content=\"Pom\u00f4\u017eme obetiam trag\u00e9die v Dnipre | Charita vo svete\" \/>\n<meta property=\"og:description\" content=\"\u201eDnes je u\u017e najmenej 40 m\u0155tvych a pribli\u017ene 75 zranen\u00fdch. Prebiehaj\u00fa p\u00e1tracie [&hellip;]\" \/>\n<meta property=\"og:url\" content=\"https:\/\/www.charita.sk\/svet\/pomozme-obetiam-tragedie-v-dnipre\/\" \/>\n<meta property=\"og:site_name\" content=\"Charita vo svete\" \/>\n<meta property=\"article:publisher\" content=\"https:\/\/www.facebook.com\/CaritasSlovakia\/\" \/>\n<meta property=\"article:published_time\" content=\"2023-01-16T16:31:58+00:00\" \/>\n<meta property=\"article:modified_time\" content=\"2024-04-11T11:39:37+00:00\" \/>\n<meta property=\"og:image\" content=\"https:\/\/www.charita.sk\/svet\/wp-content\/uploads\/2023\/01\/325829384_705812324526734_1137476097928724993_n.jpg\" \/>\n\t<meta property=\"og:image:width\" content=\"2048\" \/>\n\t<meta property=\"og:image:height\" content=\"1366\" \/>\n\t<meta property=\"og:image:type\" content=\"image\/jpeg\" \/>\n<meta name=\"author\" content=\"charita\" \/>\n<meta name=\"twitter:card\" content=\"summary_large_image\" \/>\n<meta name=\"twitter:label1\" content=\"Autor\" \/>\n\t<meta name=\"twitter:data1\" content=\"charita\" \/>\n\t<meta name=\"twitter:label2\" content=\"Predpokladan\u00fd \u010das \u010d\u00edtania\" \/>\n\t<meta name=\"twitter:data2\" content=\"3 min\u00faty\" \/>\n<script type=\"application\/ld+json\" class=\"yoast-schema-graph\">{\"@context\":\"https:\/\/schema.org\",\"@graph\":[{\"@type\":\"Article\",\"@id\":\"https:\/\/www.charita.sk\/svet\/pomozme-obetiam-tragedie-v-dnipre\/#article\",\"isPartOf\":{\"@id\":\"https:\/\/www.charita.sk\/svet\/pomozme-obetiam-tragedie-v-dnipre\/\"},\"author\":{\"name\":\"charita\",\"@id\":\"https:\/\/www.charita.sk\/svet\/#\/schema\/person\/5d4cac7d83d3ec0090a0c6bb00690ce4\"},\"headline\":\"Pom\u00f4\u017eme obetiam trag\u00e9die v Dnipre\",\"datePublished\":\"2023-01-16T16:31:58+00:00\",\"dateModified\":\"2024-04-11T11:39:37+00:00\",\"mainEntityOfPage\":{\"@id\":\"https:\/\/www.charita.sk\/svet\/pomozme-obetiam-tragedie-v-dnipre\/\"},\"wordCount\":308,\"commentCount\":0,\"publisher\":{\"@id\":\"https:\/\/www.charita.sk\/svet\/#organization\"},\"image\":{\"@id\":\"https:\/\/www.charita.sk\/svet\/pomozme-obetiam-tragedie-v-dnipre\/#primaryimage\"},\"thumbnailUrl\":\"https:\/\/www.charita.sk\/svet\/wp-content\/uploads\/2023\/01\/325829384_705812324526734_1137476097928724993_n.jpg\",\"keywords\":[\"poukazky\",\"ukrajina\"],\"articleSection\":[\"Ukrajina\"],\"inLanguage\":\"sk-SK\",\"potentialAction\":[{\"@type\":\"CommentAction\",\"name\":\"Comment\",\"target\":[\"https:\/\/www.charita.sk\/svet\/pomozme-obetiam-tragedie-v-dnipre\/#respond\"]}]},{\"@type\":\"WebPage\",\"@id\":\"https:\/\/www.charita.sk\/svet\/pomozme-obetiam-tragedie-v-dnipre\/\",\"url\":\"https:\/\/www.charita.sk\/svet\/pomozme-obetiam-tragedie-v-dnipre\/\",\"name\":\"Pom\u00f4\u017eme obetiam trag\u00e9die v Dnipre | Charita vo svete\",\"isPartOf\":{\"@id\":\"https:\/\/www.charita.sk\/svet\/#website\"},\"primaryImageOfPage\":{\"@id\":\"https:\/\/www.charita.sk\/svet\/pomozme-obetiam-tragedie-v-dnipre\/#primaryimage\"},\"image\":{\"@id\":\"https:\/\/www.charita.sk\/svet\/pomozme-obetiam-tragedie-v-dnipre\/#primaryimage\"},\"thumbnailUrl\":\"https:\/\/www.charita.sk\/svet\/wp-content\/uploads\/2023\/01\/325829384_705812324526734_1137476097928724993_n.jpg\",\"datePublished\":\"2023-01-16T16:31:58+00:00\",\"dateModified\":\"2024-04-11T11:39:37+00:00\",\"breadcrumb\":{\"@id\":\"https:\/\/www.charita.sk\/svet\/pomozme-obetiam-tragedie-v-dnipre\/#breadcrumb\"},\"inLanguage\":\"sk-SK\",\"potentialAction\":[{\"@type\":\"ReadAction\",\"target\":[\"https:\/\/www.charita.sk\/svet\/pomozme-obetiam-tragedie-v-dnipre\/\"]}]},{\"@type\":\"ImageObject\",\"inLanguage\":\"sk-SK\",\"@id\":\"https:\/\/www.charita.sk\/svet\/pomozme-obetiam-tragedie-v-dnipre\/#primaryimage\",\"url\":\"https:\/\/www.charita.sk\/svet\/wp-content\/uploads\/2023\/01\/325829384_705812324526734_1137476097928724993_n.jpg\",\"contentUrl\":\"https:\/\/www.charita.sk\/svet\/wp-content\/uploads\/2023\/01\/325829384_705812324526734_1137476097928724993_n.jpg\",\"width\":2048,\"height\":1366},{\"@type\":\"BreadcrumbList\",\"@id\":\"https:\/\/www.charita.sk\/svet\/pomozme-obetiam-tragedie-v-dnipre\/#breadcrumb\",\"itemListElement\":[{\"@type\":\"ListItem\",\"position\":1,\"name\":\"Domovsk\u00e1 str\u00e1nka\",\"item\":\"https:\/\/www.charita.sk\/svet\/\"},{\"@type\":\"ListItem\",\"position\":2,\"name\":\"Pom\u00f4\u017eme obetiam trag\u00e9die v Dnipre\"}]},{\"@type\":\"WebSite\",\"@id\":\"https:\/\/www.charita.sk\/svet\/#website\",\"url\":\"https:\/\/www.charita.sk\/svet\/\",\"name\":\"Charita vo svete\",\"description\":\"Slovensk\u00e1 katol\u00edcka charita pom\u00e1ha \u013eu\u010fom v n\u00fadzi vo svete\",\"publisher\":{\"@id\":\"https:\/\/www.charita.sk\/svet\/#organization\"},\"potentialAction\":[{\"@type\":\"SearchAction\",\"target\":{\"@type\":\"EntryPoint\",\"urlTemplate\":\"https:\/\/www.charita.sk\/svet\/?s={search_term_string}\"},\"query-input\":{\"@type\":\"PropertyValueSpecification\",\"valueRequired\":true,\"valueName\":\"search_term_string\"}}],\"inLanguage\":\"sk-SK\"},{\"@type\":\"Organization\",\"@id\":\"https:\/\/www.charita.sk\/svet\/#organization\",\"name\":\"Slovensk\u00e1 katol\u00edcka charita\",\"url\":\"https:\/\/www.charita.sk\/svet\/\",\"logo\":{\"@type\":\"ImageObject\",\"inLanguage\":\"sk-SK\",\"@id\":\"https:\/\/www.charita.sk\/svet\/#\/schema\/logo\/image\/\",\"url\":\"https:\/\/www.charita.sk\/pomoc-utecencom\/wp-content\/uploads\/2020\/11\/logo_pomoc_utecencom.jpg\",\"contentUrl\":\"https:\/\/www.charita.sk\/pomoc-utecencom\/wp-content\/uploads\/2020\/11\/logo_pomoc_utecencom.jpg\",\"width\":1712,\"height\":480,\"caption\":\"Slovensk\u00e1 katol\u00edcka charita\"},\"image\":{\"@id\":\"https:\/\/www.charita.sk\/svet\/#\/schema\/logo\/image\/\"},\"sameAs\":[\"https:\/\/www.facebook.com\/CaritasSlovakia\/\",\"https:\/\/www.instagram.com\/caritas_slovakia\/\",\"https:\/\/www.linkedin.com\/company\/caritas-slovakia-skch-\",\"https:\/\/www.youtube.com\/user\/katolickacharita\"]},{\"@type\":\"Person\",\"@id\":\"https:\/\/www.charita.sk\/svet\/#\/schema\/person\/5d4cac7d83d3ec0090a0c6bb00690ce4\",\"name\":\"charita\",\"image\":{\"@type\":\"ImageObject\",\"inLanguage\":\"sk-SK\",\"@id\":\"https:\/\/www.charita.sk\/svet\/#\/schema\/person\/image\/\",\"url\":\"https:\/\/secure.gravatar.com\/avatar\/d2e7ea30dee1a0c7a6b7277bd2f993803c4622836c7e0130a97819af162a837b?s=96&d=mm&r=g\",\"contentUrl\":\"https:\/\/secure.gravatar.com\/avatar\/d2e7ea30dee1a0c7a6b7277bd2f993803c4622836c7e0130a97819af162a837b?s=96&d=mm&r=g\",\"caption\":\"charita\"},\"url\":\"https:\/\/www.charita.sk\/svet\/author\/charita\/\"}]}<\/script>\n<!-- \/ Yoast SEO plugin. -->","yoast_head_json":{"title":"Pom\u00f4\u017eme obetiam trag\u00e9die v Dnipre | Charita vo svete","robots":{"index":"index","follow":"follow","max-snippet":"max-snippet:-1","max-image-preview":"max-image-preview:large","max-video-preview":"max-video-preview:-1"},"canonical":"https:\/\/www.charita.sk\/svet\/pomozme-obetiam-tragedie-v-dnipre\/","og_locale":"sk_SK","og_type":"article","og_title":"Pom\u00f4\u017eme obetiam trag\u00e9die v Dnipre | Charita vo svete","og_description":"\u201eDnes je u\u017e najmenej 40 m\u0155tvych a pribli\u017ene 75 zranen\u00fdch. Prebiehaj\u00fa p\u00e1tracie [&hellip;]","og_url":"https:\/\/www.charita.sk\/svet\/pomozme-obetiam-tragedie-v-dnipre\/","og_site_name":"Charita vo svete","article_publisher":"https:\/\/www.facebook.com\/CaritasSlovakia\/","article_published_time":"2023-01-16T16:31:58+00:00","article_modified_time":"2024-04-11T11:39:37+00:00","og_image":[{"width":2048,"height":1366,"url":"https:\/\/www.charita.sk\/svet\/wp-content\/uploads\/2023\/01\/325829384_705812324526734_1137476097928724993_n.jpg","type":"image\/jpeg"}],"author":"charita","twitter_card":"summary_large_image","twitter_misc":{"Autor":"charita","Predpokladan\u00fd \u010das \u010d\u00edtania":"3 min\u00faty"},"schema":{"@context":"https:\/\/schema.org","@graph":[{"@type":"Article","@id":"https:\/\/www.charita.sk\/svet\/pomozme-obetiam-tragedie-v-dnipre\/#article","isPartOf":{"@id":"https:\/\/www.charita.sk\/svet\/pomozme-obetiam-tragedie-v-dnipre\/"},"author":{"name":"charita","@id":"https:\/\/www.charita.sk\/svet\/#\/schema\/person\/5d4cac7d83d3ec0090a0c6bb00690ce4"},"headline":"Pom\u00f4\u017eme obetiam trag\u00e9die v Dnipre","datePublished":"2023-01-16T16:31:58+00:00","dateModified":"2024-04-11T11:39:37+00:00","mainEntityOfPage":{"@id":"https:\/\/www.charita.sk\/svet\/pomozme-obetiam-tragedie-v-dnipre\/"},"wordCount":308,"commentCount":0,"publisher":{"@id":"https:\/\/www.charita.sk\/svet\/#organization"},"image":{"@id":"https:\/\/www.charita.sk\/svet\/pomozme-obetiam-tragedie-v-dnipre\/#primaryimage"},"thumbnailUrl":"https:\/\/www.charita.sk\/svet\/wp-content\/uploads\/2023\/01\/325829384_705812324526734_1137476097928724993_n.jpg","keywords":["poukazky","ukrajina"],"articleSection":["Ukrajina"],"inLanguage":"sk-SK","potentialAction":[{"@type":"CommentAction","name":"Comment","target":["https:\/\/www.charita.sk\/svet\/pomozme-obetiam-tragedie-v-dnipre\/#respond"]}]},{"@type":"WebPage","@id":"https:\/\/www.charita.sk\/svet\/pomozme-obetiam-tragedie-v-dnipre\/","url":"https:\/\/www.charita.sk\/svet\/pomozme-obetiam-tragedie-v-dnipre\/","name":"Pom\u00f4\u017eme obetiam trag\u00e9die v Dnipre | Charita vo svete","isPartOf":{"@id":"https:\/\/www.charita.sk\/svet\/#website"},"primaryImageOfPage":{"@id":"https:\/\/www.charita.sk\/svet\/pomozme-obetiam-tragedie-v-dnipre\/#primaryimage"},"image":{"@id":"https:\/\/www.charita.sk\/svet\/pomozme-obetiam-tragedie-v-dnipre\/#primaryimage"},"thumbnailUrl":"https:\/\/www.charita.sk\/svet\/wp-content\/uploads\/2023\/01\/325829384_705812324526734_1137476097928724993_n.jpg","datePublished":"2023-01-16T16:31:58+00:00","dateModified":"2024-04-11T11:39:37+00:00","breadcrumb":{"@id":"https:\/\/www.charita.sk\/svet\/pomozme-obetiam-tragedie-v-dnipre\/#breadcrumb"},"inLanguage":"sk-SK","potentialAction":[{"@type":"ReadAction","target":["https:\/\/www.charita.sk\/svet\/pomozme-obetiam-tragedie-v-dnipre\/"]}]},{"@type":"ImageObject","inLanguage":"sk-SK","@id":"https:\/\/www.charita.sk\/svet\/pomozme-obetiam-tragedie-v-dnipre\/#primaryimage","url":"https:\/\/www.charita.sk\/svet\/wp-content\/uploads\/2023\/01\/325829384_705812324526734_1137476097928724993_n.jpg","contentUrl":"https:\/\/www.charita.sk\/svet\/wp-content\/uploads\/2023\/01\/325829384_705812324526734_1137476097928724993_n.jpg","width":2048,"height":1366},{"@type":"BreadcrumbList","@id":"https:\/\/www.charita.sk\/svet\/pomozme-obetiam-tragedie-v-dnipre\/#breadcrumb","itemListElement":[{"@type":"ListItem","position":1,"name":"Domovsk\u00e1 str\u00e1nka","item":"https:\/\/www.charita.sk\/svet\/"},{"@type":"ListItem","position":2,"name":"Pom\u00f4\u017eme obetiam trag\u00e9die v Dnipre"}]},{"@type":"WebSite","@id":"https:\/\/www.charita.sk\/svet\/#website","url":"https:\/\/www.charita.sk\/svet\/","name":"Charita vo svete","description":"Slovensk\u00e1 katol\u00edcka charita pom\u00e1ha \u013eu\u010fom v n\u00fadzi vo svete","publisher":{"@id":"https:\/\/www.charita.sk\/svet\/#organization"},"potentialAction":[{"@type":"SearchAction","target":{"@type":"EntryPoint","urlTemplate":"https:\/\/www.charita.sk\/svet\/?s={search_term_string}"},"query-input":{"@type":"PropertyValueSpecification","valueRequired":true,"valueName":"search_term_string"}}],"inLanguage":"sk-SK"},{"@type":"Organization","@id":"https:\/\/www.charita.sk\/svet\/#organization","name":"Slovensk\u00e1 katol\u00edcka charita","url":"https:\/\/www.charita.sk\/svet\/","logo":{"@type":"ImageObject","inLanguage":"sk-SK","@id":"https:\/\/www.charita.sk\/svet\/#\/schema\/logo\/image\/","url":"https:\/\/www.charita.sk\/pomoc-utecencom\/wp-content\/uploads\/2020\/11\/logo_pomoc_utecencom.jpg","contentUrl":"https:\/\/www.charita.sk\/pomoc-utecencom\/wp-content\/uploads\/2020\/11\/logo_pomoc_utecencom.jpg","width":1712,"height":480,"caption":"Slovensk\u00e1 katol\u00edcka charita"},"image":{"@id":"https:\/\/www.charita.sk\/svet\/#\/schema\/logo\/image\/"},"sameAs":["https:\/\/www.facebook.com\/CaritasSlovakia\/","https:\/\/www.instagram.com\/caritas_slovakia\/","https:\/\/www.linkedin.com\/company\/caritas-slovakia-skch-","https:\/\/www.youtube.com\/user\/katolickacharita"]},{"@type":"Person","@id":"https:\/\/www.charita.sk\/svet\/#\/schema\/person\/5d4cac7d83d3ec0090a0c6bb00690ce4","name":"charita","image":{"@type":"ImageObject","inLanguage":"sk-SK","@id":"https:\/\/www.charita.sk\/svet\/#\/schema\/person\/image\/","url":"https:\/\/secure.gravatar.com\/avatar\/d2e7ea30dee1a0c7a6b7277bd2f993803c4622836c7e0130a97819af162a837b?s=96&d=mm&r=g","contentUrl":"https:\/\/secure.gravatar.com\/avatar\/d2e7ea30dee1a0c7a6b7277bd2f993803c4622836c7e0130a97819af162a837b?s=96&d=mm&r=g","caption":"charita"},"url":"https:\/\/www.charita.sk\/svet\/author\/charita\/"}]}},"featured_image_src":"https:\/\/www.charita.sk\/svet\/wp-content\/uploads\/2023\/01\/325829384_705812324526734_1137476097928724993_n-600x400.jpg","featured_image_src_square":"https:\/\/www.charita.sk\/svet\/wp-content\/uploads\/2023\/01\/325829384_705812324526734_1137476097928724993_n-600x600.jpg","author_info":{"display_name":"charita","author_link":"https:\/\/www.charita.sk\/svet\/author\/charita\/"},"_links":{"self":[{"href":"https:\/\/www.charita.sk\/svet\/wp-json\/wp\/v2\/posts\/2344","targetHints":{"allow":["GET"]}}],"collection":[{"href":"https:\/\/www.charita.sk\/svet\/wp-json\/wp\/v2\/posts"}],"about":[{"href":"https:\/\/www.charita.sk\/svet\/wp-json\/wp\/v2\/types\/post"}],"author":[{"embeddable":true,"href":"https:\/\/www.charita.sk\/svet\/wp-json\/wp\/v2\/users\/2"}],"replies":[{"embeddable":true,"href":"https:\/\/www.charita.sk\/svet\/wp-json\/wp\/v2\/comments?post=2344"}],"version-history":[{"count":3,"href":"https:\/\/www.charita.sk\/svet\/wp-json\/wp\/v2\/posts\/2344\/revisions"}],"predecessor-version":[{"id":2916,"href":"https:\/\/www.charita.sk\/svet\/wp-json\/wp\/v2\/posts\/2344\/revisions\/2916"}],"wp:featuredmedia":[{"embeddable":true,"href":"https:\/\/www.charita.sk\/svet\/wp-json\/wp\/v2\/media\/2345"}],"wp:attachment":[{"href":"https:\/\/www.charita.sk\/svet\/wp-json\/wp\/v2\/media?parent=2344"}],"wp:term":[{"taxonomy":"category","embeddable":true,"href":"https:\/\/www.charita.sk\/svet\/wp-json\/wp\/v2\/categories?post=2344"},{"taxonomy":"post_tag","embeddable":true,"href":"https:\/\/www.charita.sk\/svet\/wp-json\/wp\/v2\/tags?post=2344"}],"curies":[{"name":"wp","href":"https:\/\/api.w.org\/{rel}","templated":true}]}}