{"id":2472,"date":"2023-04-21T11:36:51","date_gmt":"2023-04-21T09:36:51","guid":{"rendered":"https:\/\/www.charita.sk\/pomoc-utecencom\/?p=2472"},"modified":"2023-04-21T14:55:18","modified_gmt":"2023-04-21T12:55:18","slug":"co-prezivala-pani-svitlana-po-uteku-z-bachmutu","status":"publish","type":"post","link":"https:\/\/www.charita.sk\/svet\/co-prezivala-pani-svitlana-po-uteku-z-bachmutu\/","title":{"rendered":"\u010co pre\u017e\u00edvala pani Svitlana po \u00fateku z Bachmutu?"},"content":{"rendered":"\n<p><em>\u201eJedin\u00e9, \u010do mi zostalo, je z\u00e1pis v pase&#8230;\u201c<\/em> hovor\u00ed Svitlana a so slzami v o\u010diach listuje svoj pas. Spolu so synom sa evakuovala do Dnipra a zostala v jednom z \u00fatulkov. Cesta bola n\u00e1ro\u010dn\u00e1 a nebezpe\u010dn\u00e1, ale teraz si kone\u010dne mohla odd\u00fdchnu\u0165 a vyspa\u0165 sa.<\/p>\n\n\n\n<p>Pre\u0161lo nieko\u013eko t\u00fd\u017ed\u0148ov a Svitlana pokra\u010dovala v ka\u017edodennej rutine, starala sa o syna, ale o\u010dak\u00e1van\u00fa \u00fa\u013eavu nepoci\u0165ovala. Naopak, za\u010dala sa c\u00edti\u0165 e\u0161te viac unaven\u00e1 a vy\u010derpan\u00e1. Stratila chu\u0165 chodi\u0165 do spolo\u010dnosti a ani tepl\u00e9 jarn\u00e9 po\u010dasie jej neprin\u00e1\u0161alo \u017eiadne pote\u0161enie. Pr\u00e1ve v tom \u010dase Svitlanine susedia povedali o \u041a\u0430\u0440\u0456\u0442\u0430\u0441 \u0414\u043e\u043d\u0435\u0446\u044c\u043a \u0443 \u043c. \u0414\u043d\u0456\u043f\u0440\u043e a na\u0161om spolo\u010dnom projekte \u201e<a href=\"https:\/\/www.charita.sk\/svet\/poskytovanie-zakladnych-potrieb-a-psychologickej-prvej-pomoci-pre-vnutorne-presidlene-osoby-zijuce-v-utulkoch-v-meste-dnipro-a-na-predmestiach\/\">Poskytovanie z\u00e1kladn\u00fdch potrieb a prvej psychologickej pomoci vn\u00fatorne pres\u00eddlen\u00fdm osob\u00e1m \u017eij\u00facim v kompaktn\u00fdch osad\u00e1ch v meste Dnipro a jeho predmestiach<\/a>\u201c a poradili jej, aby vyh\u013eadala pomoc.<\/p>\n\n\n\n<p class=\"has-text-align-center has-background\" style=\"background-color:#d9cb9e\"><strong>Prid\u00e1te sa k pomoci?<\/strong> Darujte pouk\u00e1\u017eku a zlep\u0161ite psychick\u00e9 zdravie vys\u00eddlencov na Ukrajine.<\/p>\n\n\n\n<div class=\"wp-block-buttons is-content-justification-center is-layout-flex wp-container-core-buttons-is-layout-51f7783f wp-block-buttons-is-layout-flex\">\n<div class=\"wp-block-button\"><a class=\"wp-block-button__link has-white-color has-text-color has-background wp-element-button\" style=\"background-color:#c42f41\">Posla\u0165 pouk\u00e1\u017eku\ud83d\udc8c<\/a><\/div>\n<\/div>\n\n\n\n<p><strong>Tak sa dostala na psychologick\u00fd v\u00fdcvikov\u00fd kurz<\/strong> \u201eVplyv stresu na \u013eudsk\u00fd organizmus. Psychologick\u00e9 svojpomocn\u00e9 techniky\u201c, kde v pr\u00edjemnej a priate\u013eskej atmosf\u00e9re z\u00edskala jednoduch\u00e9 rady, ako prekona\u0165 n\u00e1sledky dlhodob\u00e9ho stresu a n\u00e1js\u0165 silu \u00eds\u0165 \u010falej. <em>\u201eBoh v\u00e1s \u017eehnaj, rob\u00edte skvel\u00fa pr\u00e1cu,&#8220;<\/em> hovor\u00ed s \u00faprimnou v\u010fakou t\u00edmu Caritas Doneck za ich srde\u010dn\u00fd pr\u00edstup, podporu v \u0165a\u017ekej situ\u00e1cii a pomoc. Po psychologickom v\u00fdcvikovom kurze dostala pani Svitlana pouk\u00e1\u017eky na potraviny, hygienick\u00e9 potreby a lieky.<\/p>\n\n\n\n<figure class=\"wp-block-image size-large\"><img fetchpriority=\"high\" decoding=\"async\" width=\"889\" height=\"1024\" src=\"https:\/\/www.charita.sk\/svet\/wp-content\/uploads\/2023\/04\/Pribeh-3-foto-2-\u0444\u043e\u0442\u043e-2-889x1024.jpg\" alt=\"\" class=\"wp-image-2474\" srcset=\"https:\/\/www.charita.sk\/svet\/wp-content\/uploads\/2023\/04\/Pribeh-3-foto-2-\u0444\u043e\u0442\u043e-2-889x1024.jpg 889w, https:\/\/www.charita.sk\/svet\/wp-content\/uploads\/2023\/04\/Pribeh-3-foto-2-\u0444\u043e\u0442\u043e-2-261x300.jpg 261w, https:\/\/www.charita.sk\/svet\/wp-content\/uploads\/2023\/04\/Pribeh-3-foto-2-\u0444\u043e\u0442\u043e-2-768x884.jpg 768w, https:\/\/www.charita.sk\/svet\/wp-content\/uploads\/2023\/04\/Pribeh-3-foto-2-\u0444\u043e\u0442\u043e-2-1334x1536.jpg 1334w, https:\/\/www.charita.sk\/svet\/wp-content\/uploads\/2023\/04\/Pribeh-3-foto-2-\u0444\u043e\u0442\u043e-2-1779x2048.jpg 1779w\" sizes=\"(max-width: 889px) 100vw, 889px\" \/><figcaption class=\"wp-element-caption\">\ud83d\udcf8 marec 2023, Dnipro, arch\u00edv Caritas Doneck.<\/figcaption><\/figure>\n\n\n\n<p class=\"has-text-align-center has-background\" style=\"background-color:#d9cb9e\">Projekt je spolufinancovan\u00fd z programu ofici\u00e1lnej rozvojovej pomoci SR, <a href=\"https:\/\/www.facebook.com\/SlovakAid?__cft__[0]=AZVfNWBPjdG2UhASNt7lju_xOEU9TvXDrcEKg60K6VN-s3Pgiqk8hxetqrsOGrMhBglzAKwu1-e_Z3twkeHnJ_FqCZowiocjKhdcQeJQYqugNOBlPDPpPj5CNoEIX4OsRlDAyCjUV9PsLqRwqG-qWU0QgMZjHvZzq2dr5cg_2iTQK_1mc0y3FdfIzWVgMIcNwFg&amp;__tn__=-]K-R\">SlovakAid<\/a> a tie\u017e v\u010faka \u0161tedrosti darcov, ktor\u00ed prispeli cez Slovensk\u00fa katol\u00edcku charitu na pomoc obetiam vojny na Ukrajine.<\/p>\n","protected":false},"excerpt":{"rendered":"<p>\u201eJedin\u00e9, \u010do mi zostalo, je z\u00e1pis v pase&#8230;\u201c hovor\u00ed Svitlana a so [&hellip;]<\/p>\n","protected":false},"author":2,"featured_media":2479,"comment_status":"open","ping_status":"open","sticky":false,"template":"","format":"standard","meta":{"footnotes":""},"categories":[18],"tags":[17,19],"class_list":["post-2472","post","type-post","status-publish","format-standard","has-post-thumbnail","hentry","category-ukrajina","tag-slovakaid","tag-ukrajina"],"yoast_head":"<!-- This site is optimized with the Yoast SEO plugin v25.4 - https:\/\/yoast.com\/wordpress\/plugins\/seo\/ -->\n<title>\u010co pre\u017e\u00edvala pani Svitlana po \u00fateku z Bachmutu? | Charita vo svete<\/title>\n<meta name=\"robots\" content=\"index, follow, max-snippet:-1, max-image-preview:large, max-video-preview:-1\" \/>\n<link rel=\"canonical\" href=\"https:\/\/www.charita.sk\/svet\/co-prezivala-pani-svitlana-po-uteku-z-bachmutu\/\" \/>\n<meta property=\"og:locale\" content=\"sk_SK\" \/>\n<meta property=\"og:type\" content=\"article\" \/>\n<meta property=\"og:title\" content=\"\u010co pre\u017e\u00edvala pani Svitlana po \u00fateku z Bachmutu? | Charita vo svete\" \/>\n<meta property=\"og:description\" content=\"\u201eJedin\u00e9, \u010do mi zostalo, je z\u00e1pis v pase&#8230;\u201c hovor\u00ed Svitlana a so [&hellip;]\" \/>\n<meta property=\"og:url\" content=\"https:\/\/www.charita.sk\/svet\/co-prezivala-pani-svitlana-po-uteku-z-bachmutu\/\" \/>\n<meta property=\"og:site_name\" content=\"Charita vo svete\" \/>\n<meta property=\"article:publisher\" content=\"https:\/\/www.facebook.com\/CaritasSlovakia\/\" \/>\n<meta property=\"article:published_time\" content=\"2023-04-21T09:36:51+00:00\" \/>\n<meta property=\"article:modified_time\" content=\"2023-04-21T12:55:18+00:00\" \/>\n<meta property=\"og:image\" content=\"https:\/\/www.charita.sk\/svet\/wp-content\/uploads\/2023\/04\/Pribeh-3.jpg\" \/>\n\t<meta property=\"og:image:width\" content=\"1200\" \/>\n\t<meta property=\"og:image:height\" content=\"950\" \/>\n\t<meta property=\"og:image:type\" content=\"image\/jpeg\" \/>\n<meta name=\"author\" content=\"charita\" \/>\n<meta name=\"twitter:card\" content=\"summary_large_image\" \/>\n<meta name=\"twitter:label1\" content=\"Autor\" \/>\n\t<meta name=\"twitter:data1\" content=\"charita\" \/>\n\t<meta name=\"twitter:label2\" content=\"Predpokladan\u00fd \u010das \u010d\u00edtania\" \/>\n\t<meta name=\"twitter:data2\" content=\"2 min\u00faty\" \/>\n<script type=\"application\/ld+json\" class=\"yoast-schema-graph\">{\"@context\":\"https:\/\/schema.org\",\"@graph\":[{\"@type\":\"Article\",\"@id\":\"https:\/\/www.charita.sk\/svet\/co-prezivala-pani-svitlana-po-uteku-z-bachmutu\/#article\",\"isPartOf\":{\"@id\":\"https:\/\/www.charita.sk\/svet\/co-prezivala-pani-svitlana-po-uteku-z-bachmutu\/\"},\"author\":{\"name\":\"charita\",\"@id\":\"https:\/\/www.charita.sk\/svet\/#\/schema\/person\/5d4cac7d83d3ec0090a0c6bb00690ce4\"},\"headline\":\"\u010co pre\u017e\u00edvala pani Svitlana po \u00fateku z Bachmutu?\",\"datePublished\":\"2023-04-21T09:36:51+00:00\",\"dateModified\":\"2023-04-21T12:55:18+00:00\",\"mainEntityOfPage\":{\"@id\":\"https:\/\/www.charita.sk\/svet\/co-prezivala-pani-svitlana-po-uteku-z-bachmutu\/\"},\"wordCount\":333,\"commentCount\":0,\"publisher\":{\"@id\":\"https:\/\/www.charita.sk\/svet\/#organization\"},\"image\":{\"@id\":\"https:\/\/www.charita.sk\/svet\/co-prezivala-pani-svitlana-po-uteku-z-bachmutu\/#primaryimage\"},\"thumbnailUrl\":\"https:\/\/www.charita.sk\/svet\/wp-content\/uploads\/2023\/04\/Pribeh-3.jpg\",\"keywords\":[\"slovakaid\",\"ukrajina\"],\"articleSection\":[\"Ukrajina\"],\"inLanguage\":\"sk-SK\",\"potentialAction\":[{\"@type\":\"CommentAction\",\"name\":\"Comment\",\"target\":[\"https:\/\/www.charita.sk\/svet\/co-prezivala-pani-svitlana-po-uteku-z-bachmutu\/#respond\"]}]},{\"@type\":\"WebPage\",\"@id\":\"https:\/\/www.charita.sk\/svet\/co-prezivala-pani-svitlana-po-uteku-z-bachmutu\/\",\"url\":\"https:\/\/www.charita.sk\/svet\/co-prezivala-pani-svitlana-po-uteku-z-bachmutu\/\",\"name\":\"\u010co pre\u017e\u00edvala pani Svitlana po \u00fateku z Bachmutu? | Charita vo svete\",\"isPartOf\":{\"@id\":\"https:\/\/www.charita.sk\/svet\/#website\"},\"primaryImageOfPage\":{\"@id\":\"https:\/\/www.charita.sk\/svet\/co-prezivala-pani-svitlana-po-uteku-z-bachmutu\/#primaryimage\"},\"image\":{\"@id\":\"https:\/\/www.charita.sk\/svet\/co-prezivala-pani-svitlana-po-uteku-z-bachmutu\/#primaryimage\"},\"thumbnailUrl\":\"https:\/\/www.charita.sk\/svet\/wp-content\/uploads\/2023\/04\/Pribeh-3.jpg\",\"datePublished\":\"2023-04-21T09:36:51+00:00\",\"dateModified\":\"2023-04-21T12:55:18+00:00\",\"breadcrumb\":{\"@id\":\"https:\/\/www.charita.sk\/svet\/co-prezivala-pani-svitlana-po-uteku-z-bachmutu\/#breadcrumb\"},\"inLanguage\":\"sk-SK\",\"potentialAction\":[{\"@type\":\"ReadAction\",\"target\":[\"https:\/\/www.charita.sk\/svet\/co-prezivala-pani-svitlana-po-uteku-z-bachmutu\/\"]}]},{\"@type\":\"ImageObject\",\"inLanguage\":\"sk-SK\",\"@id\":\"https:\/\/www.charita.sk\/svet\/co-prezivala-pani-svitlana-po-uteku-z-bachmutu\/#primaryimage\",\"url\":\"https:\/\/www.charita.sk\/svet\/wp-content\/uploads\/2023\/04\/Pribeh-3.jpg\",\"contentUrl\":\"https:\/\/www.charita.sk\/svet\/wp-content\/uploads\/2023\/04\/Pribeh-3.jpg\",\"width\":1200,\"height\":950},{\"@type\":\"BreadcrumbList\",\"@id\":\"https:\/\/www.charita.sk\/svet\/co-prezivala-pani-svitlana-po-uteku-z-bachmutu\/#breadcrumb\",\"itemListElement\":[{\"@type\":\"ListItem\",\"position\":1,\"name\":\"Domovsk\u00e1 str\u00e1nka\",\"item\":\"https:\/\/www.charita.sk\/svet\/\"},{\"@type\":\"ListItem\",\"position\":2,\"name\":\"\u010co pre\u017e\u00edvala pani Svitlana po \u00fateku z Bachmutu?\"}]},{\"@type\":\"WebSite\",\"@id\":\"https:\/\/www.charita.sk\/svet\/#website\",\"url\":\"https:\/\/www.charita.sk\/svet\/\",\"name\":\"Charita vo svete\",\"description\":\"Slovensk\u00e1 katol\u00edcka charita pom\u00e1ha \u013eu\u010fom v n\u00fadzi vo svete\",\"publisher\":{\"@id\":\"https:\/\/www.charita.sk\/svet\/#organization\"},\"potentialAction\":[{\"@type\":\"SearchAction\",\"target\":{\"@type\":\"EntryPoint\",\"urlTemplate\":\"https:\/\/www.charita.sk\/svet\/?s={search_term_string}\"},\"query-input\":{\"@type\":\"PropertyValueSpecification\",\"valueRequired\":true,\"valueName\":\"search_term_string\"}}],\"inLanguage\":\"sk-SK\"},{\"@type\":\"Organization\",\"@id\":\"https:\/\/www.charita.sk\/svet\/#organization\",\"name\":\"Slovensk\u00e1 katol\u00edcka charita\",\"url\":\"https:\/\/www.charita.sk\/svet\/\",\"logo\":{\"@type\":\"ImageObject\",\"inLanguage\":\"sk-SK\",\"@id\":\"https:\/\/www.charita.sk\/svet\/#\/schema\/logo\/image\/\",\"url\":\"https:\/\/www.charita.sk\/pomoc-utecencom\/wp-content\/uploads\/2020\/11\/logo_pomoc_utecencom.jpg\",\"contentUrl\":\"https:\/\/www.charita.sk\/pomoc-utecencom\/wp-content\/uploads\/2020\/11\/logo_pomoc_utecencom.jpg\",\"width\":1712,\"height\":480,\"caption\":\"Slovensk\u00e1 katol\u00edcka charita\"},\"image\":{\"@id\":\"https:\/\/www.charita.sk\/svet\/#\/schema\/logo\/image\/\"},\"sameAs\":[\"https:\/\/www.facebook.com\/CaritasSlovakia\/\",\"https:\/\/www.instagram.com\/caritas_slovakia\/\",\"https:\/\/www.linkedin.com\/company\/caritas-slovakia-skch-\",\"https:\/\/www.youtube.com\/user\/katolickacharita\"]},{\"@type\":\"Person\",\"@id\":\"https:\/\/www.charita.sk\/svet\/#\/schema\/person\/5d4cac7d83d3ec0090a0c6bb00690ce4\",\"name\":\"charita\",\"image\":{\"@type\":\"ImageObject\",\"inLanguage\":\"sk-SK\",\"@id\":\"https:\/\/www.charita.sk\/svet\/#\/schema\/person\/image\/\",\"url\":\"https:\/\/secure.gravatar.com\/avatar\/d2e7ea30dee1a0c7a6b7277bd2f993803c4622836c7e0130a97819af162a837b?s=96&d=mm&r=g\",\"contentUrl\":\"https:\/\/secure.gravatar.com\/avatar\/d2e7ea30dee1a0c7a6b7277bd2f993803c4622836c7e0130a97819af162a837b?s=96&d=mm&r=g\",\"caption\":\"charita\"},\"url\":\"https:\/\/www.charita.sk\/svet\/author\/charita\/\"}]}<\/script>\n<!-- \/ Yoast SEO plugin. -->","yoast_head_json":{"title":"\u010co pre\u017e\u00edvala pani Svitlana po \u00fateku z Bachmutu? | Charita vo svete","robots":{"index":"index","follow":"follow","max-snippet":"max-snippet:-1","max-image-preview":"max-image-preview:large","max-video-preview":"max-video-preview:-1"},"canonical":"https:\/\/www.charita.sk\/svet\/co-prezivala-pani-svitlana-po-uteku-z-bachmutu\/","og_locale":"sk_SK","og_type":"article","og_title":"\u010co pre\u017e\u00edvala pani Svitlana po \u00fateku z Bachmutu? | Charita vo svete","og_description":"\u201eJedin\u00e9, \u010do mi zostalo, je z\u00e1pis v pase&#8230;\u201c hovor\u00ed Svitlana a so [&hellip;]","og_url":"https:\/\/www.charita.sk\/svet\/co-prezivala-pani-svitlana-po-uteku-z-bachmutu\/","og_site_name":"Charita vo svete","article_publisher":"https:\/\/www.facebook.com\/CaritasSlovakia\/","article_published_time":"2023-04-21T09:36:51+00:00","article_modified_time":"2023-04-21T12:55:18+00:00","og_image":[{"width":1200,"height":950,"url":"https:\/\/www.charita.sk\/svet\/wp-content\/uploads\/2023\/04\/Pribeh-3.jpg","type":"image\/jpeg"}],"author":"charita","twitter_card":"summary_large_image","twitter_misc":{"Autor":"charita","Predpokladan\u00fd \u010das \u010d\u00edtania":"2 min\u00faty"},"schema":{"@context":"https:\/\/schema.org","@graph":[{"@type":"Article","@id":"https:\/\/www.charita.sk\/svet\/co-prezivala-pani-svitlana-po-uteku-z-bachmutu\/#article","isPartOf":{"@id":"https:\/\/www.charita.sk\/svet\/co-prezivala-pani-svitlana-po-uteku-z-bachmutu\/"},"author":{"name":"charita","@id":"https:\/\/www.charita.sk\/svet\/#\/schema\/person\/5d4cac7d83d3ec0090a0c6bb00690ce4"},"headline":"\u010co pre\u017e\u00edvala pani Svitlana po \u00fateku z Bachmutu?","datePublished":"2023-04-21T09:36:51+00:00","dateModified":"2023-04-21T12:55:18+00:00","mainEntityOfPage":{"@id":"https:\/\/www.charita.sk\/svet\/co-prezivala-pani-svitlana-po-uteku-z-bachmutu\/"},"wordCount":333,"commentCount":0,"publisher":{"@id":"https:\/\/www.charita.sk\/svet\/#organization"},"image":{"@id":"https:\/\/www.charita.sk\/svet\/co-prezivala-pani-svitlana-po-uteku-z-bachmutu\/#primaryimage"},"thumbnailUrl":"https:\/\/www.charita.sk\/svet\/wp-content\/uploads\/2023\/04\/Pribeh-3.jpg","keywords":["slovakaid","ukrajina"],"articleSection":["Ukrajina"],"inLanguage":"sk-SK","potentialAction":[{"@type":"CommentAction","name":"Comment","target":["https:\/\/www.charita.sk\/svet\/co-prezivala-pani-svitlana-po-uteku-z-bachmutu\/#respond"]}]},{"@type":"WebPage","@id":"https:\/\/www.charita.sk\/svet\/co-prezivala-pani-svitlana-po-uteku-z-bachmutu\/","url":"https:\/\/www.charita.sk\/svet\/co-prezivala-pani-svitlana-po-uteku-z-bachmutu\/","name":"\u010co pre\u017e\u00edvala pani Svitlana po \u00fateku z Bachmutu? | Charita vo svete","isPartOf":{"@id":"https:\/\/www.charita.sk\/svet\/#website"},"primaryImageOfPage":{"@id":"https:\/\/www.charita.sk\/svet\/co-prezivala-pani-svitlana-po-uteku-z-bachmutu\/#primaryimage"},"image":{"@id":"https:\/\/www.charita.sk\/svet\/co-prezivala-pani-svitlana-po-uteku-z-bachmutu\/#primaryimage"},"thumbnailUrl":"https:\/\/www.charita.sk\/svet\/wp-content\/uploads\/2023\/04\/Pribeh-3.jpg","datePublished":"2023-04-21T09:36:51+00:00","dateModified":"2023-04-21T12:55:18+00:00","breadcrumb":{"@id":"https:\/\/www.charita.sk\/svet\/co-prezivala-pani-svitlana-po-uteku-z-bachmutu\/#breadcrumb"},"inLanguage":"sk-SK","potentialAction":[{"@type":"ReadAction","target":["https:\/\/www.charita.sk\/svet\/co-prezivala-pani-svitlana-po-uteku-z-bachmutu\/"]}]},{"@type":"ImageObject","inLanguage":"sk-SK","@id":"https:\/\/www.charita.sk\/svet\/co-prezivala-pani-svitlana-po-uteku-z-bachmutu\/#primaryimage","url":"https:\/\/www.charita.sk\/svet\/wp-content\/uploads\/2023\/04\/Pribeh-3.jpg","contentUrl":"https:\/\/www.charita.sk\/svet\/wp-content\/uploads\/2023\/04\/Pribeh-3.jpg","width":1200,"height":950},{"@type":"BreadcrumbList","@id":"https:\/\/www.charita.sk\/svet\/co-prezivala-pani-svitlana-po-uteku-z-bachmutu\/#breadcrumb","itemListElement":[{"@type":"ListItem","position":1,"name":"Domovsk\u00e1 str\u00e1nka","item":"https:\/\/www.charita.sk\/svet\/"},{"@type":"ListItem","position":2,"name":"\u010co pre\u017e\u00edvala pani Svitlana po \u00fateku z Bachmutu?"}]},{"@type":"WebSite","@id":"https:\/\/www.charita.sk\/svet\/#website","url":"https:\/\/www.charita.sk\/svet\/","name":"Charita vo svete","description":"Slovensk\u00e1 katol\u00edcka charita pom\u00e1ha \u013eu\u010fom v n\u00fadzi vo svete","publisher":{"@id":"https:\/\/www.charita.sk\/svet\/#organization"},"potentialAction":[{"@type":"SearchAction","target":{"@type":"EntryPoint","urlTemplate":"https:\/\/www.charita.sk\/svet\/?s={search_term_string}"},"query-input":{"@type":"PropertyValueSpecification","valueRequired":true,"valueName":"search_term_string"}}],"inLanguage":"sk-SK"},{"@type":"Organization","@id":"https:\/\/www.charita.sk\/svet\/#organization","name":"Slovensk\u00e1 katol\u00edcka charita","url":"https:\/\/www.charita.sk\/svet\/","logo":{"@type":"ImageObject","inLanguage":"sk-SK","@id":"https:\/\/www.charita.sk\/svet\/#\/schema\/logo\/image\/","url":"https:\/\/www.charita.sk\/pomoc-utecencom\/wp-content\/uploads\/2020\/11\/logo_pomoc_utecencom.jpg","contentUrl":"https:\/\/www.charita.sk\/pomoc-utecencom\/wp-content\/uploads\/2020\/11\/logo_pomoc_utecencom.jpg","width":1712,"height":480,"caption":"Slovensk\u00e1 katol\u00edcka charita"},"image":{"@id":"https:\/\/www.charita.sk\/svet\/#\/schema\/logo\/image\/"},"sameAs":["https:\/\/www.facebook.com\/CaritasSlovakia\/","https:\/\/www.instagram.com\/caritas_slovakia\/","https:\/\/www.linkedin.com\/company\/caritas-slovakia-skch-","https:\/\/www.youtube.com\/user\/katolickacharita"]},{"@type":"Person","@id":"https:\/\/www.charita.sk\/svet\/#\/schema\/person\/5d4cac7d83d3ec0090a0c6bb00690ce4","name":"charita","image":{"@type":"ImageObject","inLanguage":"sk-SK","@id":"https:\/\/www.charita.sk\/svet\/#\/schema\/person\/image\/","url":"https:\/\/secure.gravatar.com\/avatar\/d2e7ea30dee1a0c7a6b7277bd2f993803c4622836c7e0130a97819af162a837b?s=96&d=mm&r=g","contentUrl":"https:\/\/secure.gravatar.com\/avatar\/d2e7ea30dee1a0c7a6b7277bd2f993803c4622836c7e0130a97819af162a837b?s=96&d=mm&r=g","caption":"charita"},"url":"https:\/\/www.charita.sk\/svet\/author\/charita\/"}]}},"featured_image_src":"https:\/\/www.charita.sk\/svet\/wp-content\/uploads\/2023\/04\/Pribeh-3-600x400.jpg","featured_image_src_square":"https:\/\/www.charita.sk\/svet\/wp-content\/uploads\/2023\/04\/Pribeh-3-600x600.jpg","author_info":{"display_name":"charita","author_link":"https:\/\/www.charita.sk\/svet\/author\/charita\/"},"_links":{"self":[{"href":"https:\/\/www.charita.sk\/svet\/wp-json\/wp\/v2\/posts\/2472","targetHints":{"allow":["GET"]}}],"collection":[{"href":"https:\/\/www.charita.sk\/svet\/wp-json\/wp\/v2\/posts"}],"about":[{"href":"https:\/\/www.charita.sk\/svet\/wp-json\/wp\/v2\/types\/post"}],"author":[{"embeddable":true,"href":"https:\/\/www.charita.sk\/svet\/wp-json\/wp\/v2\/users\/2"}],"replies":[{"embeddable":true,"href":"https:\/\/www.charita.sk\/svet\/wp-json\/wp\/v2\/comments?post=2472"}],"version-history":[{"count":7,"href":"https:\/\/www.charita.sk\/svet\/wp-json\/wp\/v2\/posts\/2472\/revisions"}],"predecessor-version":[{"id":2486,"href":"https:\/\/www.charita.sk\/svet\/wp-json\/wp\/v2\/posts\/2472\/revisions\/2486"}],"wp:featuredmedia":[{"embeddable":true,"href":"https:\/\/www.charita.sk\/svet\/wp-json\/wp\/v2\/media\/2479"}],"wp:attachment":[{"href":"https:\/\/www.charita.sk\/svet\/wp-json\/wp\/v2\/media?parent=2472"}],"wp:term":[{"taxonomy":"category","embeddable":true,"href":"https:\/\/www.charita.sk\/svet\/wp-json\/wp\/v2\/categories?post=2472"},{"taxonomy":"post_tag","embeddable":true,"href":"https:\/\/www.charita.sk\/svet\/wp-json\/wp\/v2\/tags?post=2472"}],"curies":[{"name":"wp","href":"https:\/\/api.w.org\/{rel}","templated":true}]}}