{"id":2497,"date":"2023-04-26T11:34:10","date_gmt":"2023-04-26T09:34:10","guid":{"rendered":"https:\/\/www.charita.sk\/pomoc-utecencom\/?p=2497"},"modified":"2024-04-11T13:39:04","modified_gmt":"2024-04-11T11:39:04","slug":"detom-z-ukrajiny-pomahame-spracovat-emocie-pocas-vojny","status":"publish","type":"post","link":"https:\/\/www.charita.sk\/svet\/detom-z-ukrajiny-pomahame-spracovat-emocie-pocas-vojny\/","title":{"rendered":"De\u0165om z Ukrajiny pom\u00e1hame spracova\u0165 em\u00f3cie po\u010das vojny"},"content":{"rendered":"\n<p>S n\u00e1dejou si uvedomujeme, \u017ee ka\u017ed\u00e9 die\u0165a, ktor\u00e9 prejde vojnou, sa stane dospel\u00fdm, ktor\u00fd bude formova\u0165 Ukrajinu. A je nesmierne d\u00f4le\u017eit\u00e9, aby tieto deti vyrastali fyzicky a du\u0161evne zdrav\u00e9. Je nutn\u00e9 im v\u010das poskytn\u00fa\u0165 podporu a vysvetli\u0165 im situ\u00e1ciu v krajine. Ako sa to dar\u00ed v Dnipre?<\/p>\n\n\n\n<p>N\u00e1\u0161 partner <a href=\"https:\/\/www.facebook.com\/caritasdonetsk\/?__cft__[0]=AZXoYgOROJqQeSon3qvPmsSezTj7v2iudTd8RFWqpyCyOu4yRZGH0RYXB_rVDwkHnKP9bk4aV_T24oCHLpNspnOy0kZmD4qpzUii7oA6CSj0ARlFJDWnjOVQIB-EPdRoNWL6_p1xxi8QtR2HzZSfGaRDfJxuwudin-yxZFiYRd0NGrMFt3ndVCxa17jVXp5dpTY&amp;__tn__=kK-R\">\u041a\u0430\u0440\u0456\u0442\u0430\u0441 \u0414\u043e\u043d\u0435\u0446\u044c\u043a \u0443 \u043c. \u0414\u043d\u0456\u043f\u0440\u043e<\/a> organizuje kurzy psychologickej pomoci pre deti, ktor\u00e9 sa pres\u0165ahovali z frontov\u00fdch miest Ukrajiny. Cel\u00e1 pr\u00e1ca s de\u0165mi je zameran\u00e1 na ich emocion\u00e1lnu \u00fa\u013eavu, podporu v pre\u017e\u00edvan\u00ed em\u00f3ci\u00ed a na hodin\u00e1ch sa deti m\u00f4\u017eu nielen nau\u010di\u0165 nov\u00e9 \u201epsychologick\u00e9 techniky\u201c, ale aj jednoducho komunikova\u0165 so svojimi rovesn\u00edkmi, vymie\u0148a\u0165 si z\u00e1\u017eitky a zab\u00e1va\u0165 sa s kamar\u00e1tmi. Je to v\u010faka n\u00e1\u0161mu partnerstvu od roku 2020 a spolo\u010dn\u00e9mu projektu.<\/p>\n\n\n\n<p>Kreslenie je nielen kr\u00e1sne a z\u00e1bavn\u00e9, ale pom\u00e1ha de\u0165om prekon\u00e1va\u0165 r\u00f4zne negat\u00edvne em\u00f3cie. Je to tie\u017e jeden z naj\u00fa\u010dinnej\u0161\u00edch sp\u00f4sobov, ako sa vyrovna\u0165 s \u0165a\u017ek\u00fdmi alebo traumatick\u00fdmi udalos\u0165ami. \u201eU\u010d\u00edme ich r\u00f4zne techniky upokojovania: predstavova\u0165 si bezpe\u010dn\u00e9 miesto, d\u00fdchacie techniky na upokojenie,\u201c dod\u00e1va koordin\u00e1torka Svitlana \u0160uch z Ukrajiny.<\/p>\n\n\n\n<figure class=\"wp-block-gallery has-nested-images columns-default is-cropped wp-block-gallery-1 is-layout-flex wp-block-gallery-is-layout-flex\">\n<figure class=\"wp-block-image size-large\"><a href=\"https:\/\/www.charita.sk\/svet\/wp-content\/uploads\/2023\/04\/Pribeh-4_-11.jpg\"><img fetchpriority=\"high\" decoding=\"async\" width=\"768\" height=\"1024\" data-id=\"2502\" src=\"https:\/\/www.charita.sk\/svet\/wp-content\/uploads\/2023\/04\/Pribeh-4_-11-768x1024.jpg\" alt=\"\" class=\"wp-image-2502\" srcset=\"https:\/\/www.charita.sk\/svet\/wp-content\/uploads\/2023\/04\/Pribeh-4_-11-768x1024.jpg 768w, https:\/\/www.charita.sk\/svet\/wp-content\/uploads\/2023\/04\/Pribeh-4_-11-225x300.jpg 225w, https:\/\/www.charita.sk\/svet\/wp-content\/uploads\/2023\/04\/Pribeh-4_-11.jpg 960w\" sizes=\"(max-width: 768px) 100vw, 768px\" \/><\/a><\/figure>\n\n\n\n<figure class=\"wp-block-image size-large\"><a href=\"https:\/\/www.charita.sk\/svet\/wp-content\/uploads\/2023\/04\/Pribeh-4_-5.jpg\"><img decoding=\"async\" width=\"768\" height=\"1024\" data-id=\"2503\" src=\"https:\/\/www.charita.sk\/svet\/wp-content\/uploads\/2023\/04\/Pribeh-4_-5-768x1024.jpg\" alt=\"\" class=\"wp-image-2503\" srcset=\"https:\/\/www.charita.sk\/svet\/wp-content\/uploads\/2023\/04\/Pribeh-4_-5-768x1024.jpg 768w, https:\/\/www.charita.sk\/svet\/wp-content\/uploads\/2023\/04\/Pribeh-4_-5-225x300.jpg 225w, https:\/\/www.charita.sk\/svet\/wp-content\/uploads\/2023\/04\/Pribeh-4_-5.jpg 960w\" sizes=\"(max-width: 768px) 100vw, 768px\" \/><\/a><\/figure>\n\n\n\n<figure class=\"wp-block-image size-large\"><a href=\"https:\/\/www.charita.sk\/svet\/wp-content\/uploads\/2023\/04\/Pribeh-4_-6.jpg\"><img decoding=\"async\" width=\"768\" height=\"1024\" data-id=\"2504\" src=\"https:\/\/www.charita.sk\/svet\/wp-content\/uploads\/2023\/04\/Pribeh-4_-6-768x1024.jpg\" alt=\"\" class=\"wp-image-2504\" srcset=\"https:\/\/www.charita.sk\/svet\/wp-content\/uploads\/2023\/04\/Pribeh-4_-6-768x1024.jpg 768w, https:\/\/www.charita.sk\/svet\/wp-content\/uploads\/2023\/04\/Pribeh-4_-6-225x300.jpg 225w, https:\/\/www.charita.sk\/svet\/wp-content\/uploads\/2023\/04\/Pribeh-4_-6.jpg 960w\" sizes=\"(max-width: 768px) 100vw, 768px\" \/><\/a><\/figure>\n<figcaption class=\"blocks-gallery-caption wp-element-caption\">\ud83d\udcf8Priebeh psychologick\u00e9ho kurzu pre deti, marec 2023, Dnipro, arch\u00edv: Caritas Doneck<\/figcaption><\/figure>\n\n\n\n<p>Jedn\u00fdm z \u00fa\u010dastn\u00edkov kurzov je Matvej z Chersonskej oblasti. Uprostred v\u00fdbuchov nestratil svoje sny. Sn\u00edval o bicykli a tie\u017e nebolo d\u0148a, kedy by n\u00e1sledne nespom\u00ednal: \u201ePam\u00e4t\u00e1\u0161 si, ako sme boli v pivnici?\u201c S bl\u00edzkymi sa tam skr\u00fdval pred ostre\u013eovan\u00edm. O kurze hovor\u00ed: \u201eSpo\u010diatku to bolo pre m\u0148a v triede trochu \u0165a\u017ek\u00e9, preto\u017ee sme si v\u0161etci spom\u00ednali na udalosti, ktor\u00e9 sme tento rok za\u017eili. Ale potom si \u010dlovek uvedom\u00ed, \u017ee aj dychov\u00e9 cvi\u010denia, fyzick\u00e1 aktivita alebo komunik\u00e1cia s in\u00fdmi de\u0165mi ho m\u00f4\u017eu urobi\u0165 o nie\u010do \u0161\u0165astnej\u0161\u00edm a h\u013eada\u0165 v \u017eivote pozit\u00edvnej\u0161ie momenty.\u201c<\/p>\n\n\n\n<p class=\"has-text-align-center has-background\" style=\"background-color:#d9cb9e\">Projekt je spolufinancovan\u00fd z programu ofici\u00e1lnej rozvojovej pomoci SR, <a href=\"https:\/\/www.facebook.com\/SlovakAid?__cft__[0]=AZXoYgOROJqQeSon3qvPmsSezTj7v2iudTd8RFWqpyCyOu4yRZGH0RYXB_rVDwkHnKP9bk4aV_T24oCHLpNspnOy0kZmD4qpzUii7oA6CSj0ARlFJDWnjOVQIB-EPdRoNWL6_p1xxi8QtR2HzZSfGaRDfJxuwudin-yxZFiYRd0NGrMFt3ndVCxa17jVXp5dpTY&amp;__tn__=-]K-R\">SlovakAid<\/a> a tie\u017e v\u010faka \u0161tedrosti darcov, ktor\u00ed prispeli cez Slovensk\u00fa katol\u00edcku charitu na pomoc obetiam vojny na Ukrajine.<\/p>\n\n\n\n<p class=\"has-text-align-center\"><strong>Ak chcete pom\u00f4c\u0165 vys\u00eddlencom aj materi\u00e1lne, po\u0161lite im pouk\u00e1\u017eku. \u010eakujeme.<\/strong><\/p>\n\n\n\n<div class=\"wp-block-buttons is-content-justification-center is-layout-flex wp-container-core-buttons-is-layout-16018d1d wp-block-buttons-is-layout-flex\">\n<div class=\"wp-block-button\"><a class=\"wp-block-button__link has-white-color has-text-color has-background wp-element-button\" href=\"https:\/\/charita.darujme.sk\/pomozme-ukrajine\/\" style=\"background-color:#c42f41\">Posla\u0165 pouk\u00e1\u017eku\ud83e\udd0d<\/a><\/div>\n<\/div>\n","protected":false},"excerpt":{"rendered":"<p>S n\u00e1dejou si uvedomujeme, \u017ee ka\u017ed\u00e9 die\u0165a, ktor\u00e9 prejde vojnou, sa stane [&hellip;]<\/p>\n","protected":false},"author":2,"featured_media":2499,"comment_status":"open","ping_status":"open","sticky":false,"template":"","format":"standard","meta":{"footnotes":""},"categories":[18],"tags":[30,17,19],"class_list":["post-2497","post","type-post","status-publish","format-standard","has-post-thumbnail","hentry","category-ukrajina","tag-poukazky-2","tag-slovakaid","tag-ukrajina"],"yoast_head":"<!-- This site is optimized with the Yoast SEO plugin v25.4 - https:\/\/yoast.com\/wordpress\/plugins\/seo\/ -->\n<title>De\u0165om z Ukrajiny pom\u00e1hame spracova\u0165 em\u00f3cie po\u010das vojny | Charita vo svete<\/title>\n<meta name=\"robots\" content=\"index, follow, max-snippet:-1, max-image-preview:large, max-video-preview:-1\" \/>\n<link rel=\"canonical\" href=\"https:\/\/www.charita.sk\/svet\/detom-z-ukrajiny-pomahame-spracovat-emocie-pocas-vojny\/\" \/>\n<meta property=\"og:locale\" content=\"sk_SK\" \/>\n<meta property=\"og:type\" content=\"article\" \/>\n<meta property=\"og:title\" content=\"De\u0165om z Ukrajiny pom\u00e1hame spracova\u0165 em\u00f3cie po\u010das vojny | Charita vo svete\" \/>\n<meta property=\"og:description\" content=\"S n\u00e1dejou si uvedomujeme, \u017ee ka\u017ed\u00e9 die\u0165a, ktor\u00e9 prejde vojnou, sa stane [&hellip;]\" \/>\n<meta property=\"og:url\" content=\"https:\/\/www.charita.sk\/svet\/detom-z-ukrajiny-pomahame-spracovat-emocie-pocas-vojny\/\" \/>\n<meta property=\"og:site_name\" content=\"Charita vo svete\" \/>\n<meta property=\"article:publisher\" content=\"https:\/\/www.facebook.com\/CaritasSlovakia\/\" \/>\n<meta property=\"article:published_time\" content=\"2023-04-26T09:34:10+00:00\" \/>\n<meta property=\"article:modified_time\" content=\"2024-04-11T11:39:04+00:00\" \/>\n<meta property=\"og:image\" content=\"https:\/\/www.charita.sk\/svet\/wp-content\/uploads\/2023\/04\/Pribeh-4_-1.jpg\" \/>\n\t<meta property=\"og:image:width\" content=\"1280\" \/>\n\t<meta property=\"og:image:height\" content=\"960\" \/>\n\t<meta property=\"og:image:type\" content=\"image\/jpeg\" \/>\n<meta name=\"author\" content=\"charita\" \/>\n<meta name=\"twitter:card\" content=\"summary_large_image\" \/>\n<meta name=\"twitter:label1\" content=\"Autor\" \/>\n\t<meta name=\"twitter:data1\" content=\"charita\" \/>\n\t<meta name=\"twitter:label2\" content=\"Predpokladan\u00fd \u010das \u010d\u00edtania\" \/>\n\t<meta name=\"twitter:data2\" content=\"3 min\u00faty\" \/>\n<script type=\"application\/ld+json\" class=\"yoast-schema-graph\">{\"@context\":\"https:\/\/schema.org\",\"@graph\":[{\"@type\":\"Article\",\"@id\":\"https:\/\/www.charita.sk\/svet\/detom-z-ukrajiny-pomahame-spracovat-emocie-pocas-vojny\/#article\",\"isPartOf\":{\"@id\":\"https:\/\/www.charita.sk\/svet\/detom-z-ukrajiny-pomahame-spracovat-emocie-pocas-vojny\/\"},\"author\":{\"name\":\"charita\",\"@id\":\"https:\/\/www.charita.sk\/svet\/#\/schema\/person\/5d4cac7d83d3ec0090a0c6bb00690ce4\"},\"headline\":\"De\u0165om z Ukrajiny pom\u00e1hame spracova\u0165 em\u00f3cie po\u010das vojny\",\"datePublished\":\"2023-04-26T09:34:10+00:00\",\"dateModified\":\"2024-04-11T11:39:04+00:00\",\"mainEntityOfPage\":{\"@id\":\"https:\/\/www.charita.sk\/svet\/detom-z-ukrajiny-pomahame-spracovat-emocie-pocas-vojny\/\"},\"wordCount\":426,\"commentCount\":0,\"publisher\":{\"@id\":\"https:\/\/www.charita.sk\/svet\/#organization\"},\"image\":{\"@id\":\"https:\/\/www.charita.sk\/svet\/detom-z-ukrajiny-pomahame-spracovat-emocie-pocas-vojny\/#primaryimage\"},\"thumbnailUrl\":\"https:\/\/www.charita.sk\/svet\/wp-content\/uploads\/2023\/04\/Pribeh-4_-1.jpg\",\"keywords\":[\"poukazky\",\"slovakaid\",\"ukrajina\"],\"articleSection\":[\"Ukrajina\"],\"inLanguage\":\"sk-SK\",\"potentialAction\":[{\"@type\":\"CommentAction\",\"name\":\"Comment\",\"target\":[\"https:\/\/www.charita.sk\/svet\/detom-z-ukrajiny-pomahame-spracovat-emocie-pocas-vojny\/#respond\"]}]},{\"@type\":\"WebPage\",\"@id\":\"https:\/\/www.charita.sk\/svet\/detom-z-ukrajiny-pomahame-spracovat-emocie-pocas-vojny\/\",\"url\":\"https:\/\/www.charita.sk\/svet\/detom-z-ukrajiny-pomahame-spracovat-emocie-pocas-vojny\/\",\"name\":\"De\u0165om z Ukrajiny pom\u00e1hame spracova\u0165 em\u00f3cie po\u010das vojny | Charita vo svete\",\"isPartOf\":{\"@id\":\"https:\/\/www.charita.sk\/svet\/#website\"},\"primaryImageOfPage\":{\"@id\":\"https:\/\/www.charita.sk\/svet\/detom-z-ukrajiny-pomahame-spracovat-emocie-pocas-vojny\/#primaryimage\"},\"image\":{\"@id\":\"https:\/\/www.charita.sk\/svet\/detom-z-ukrajiny-pomahame-spracovat-emocie-pocas-vojny\/#primaryimage\"},\"thumbnailUrl\":\"https:\/\/www.charita.sk\/svet\/wp-content\/uploads\/2023\/04\/Pribeh-4_-1.jpg\",\"datePublished\":\"2023-04-26T09:34:10+00:00\",\"dateModified\":\"2024-04-11T11:39:04+00:00\",\"breadcrumb\":{\"@id\":\"https:\/\/www.charita.sk\/svet\/detom-z-ukrajiny-pomahame-spracovat-emocie-pocas-vojny\/#breadcrumb\"},\"inLanguage\":\"sk-SK\",\"potentialAction\":[{\"@type\":\"ReadAction\",\"target\":[\"https:\/\/www.charita.sk\/svet\/detom-z-ukrajiny-pomahame-spracovat-emocie-pocas-vojny\/\"]}]},{\"@type\":\"ImageObject\",\"inLanguage\":\"sk-SK\",\"@id\":\"https:\/\/www.charita.sk\/svet\/detom-z-ukrajiny-pomahame-spracovat-emocie-pocas-vojny\/#primaryimage\",\"url\":\"https:\/\/www.charita.sk\/svet\/wp-content\/uploads\/2023\/04\/Pribeh-4_-1.jpg\",\"contentUrl\":\"https:\/\/www.charita.sk\/svet\/wp-content\/uploads\/2023\/04\/Pribeh-4_-1.jpg\",\"width\":1280,\"height\":960},{\"@type\":\"BreadcrumbList\",\"@id\":\"https:\/\/www.charita.sk\/svet\/detom-z-ukrajiny-pomahame-spracovat-emocie-pocas-vojny\/#breadcrumb\",\"itemListElement\":[{\"@type\":\"ListItem\",\"position\":1,\"name\":\"Domovsk\u00e1 str\u00e1nka\",\"item\":\"https:\/\/www.charita.sk\/svet\/\"},{\"@type\":\"ListItem\",\"position\":2,\"name\":\"De\u0165om z Ukrajiny pom\u00e1hame spracova\u0165 em\u00f3cie po\u010das vojny\"}]},{\"@type\":\"WebSite\",\"@id\":\"https:\/\/www.charita.sk\/svet\/#website\",\"url\":\"https:\/\/www.charita.sk\/svet\/\",\"name\":\"Charita vo svete\",\"description\":\"Slovensk\u00e1 katol\u00edcka charita pom\u00e1ha \u013eu\u010fom v n\u00fadzi vo svete\",\"publisher\":{\"@id\":\"https:\/\/www.charita.sk\/svet\/#organization\"},\"potentialAction\":[{\"@type\":\"SearchAction\",\"target\":{\"@type\":\"EntryPoint\",\"urlTemplate\":\"https:\/\/www.charita.sk\/svet\/?s={search_term_string}\"},\"query-input\":{\"@type\":\"PropertyValueSpecification\",\"valueRequired\":true,\"valueName\":\"search_term_string\"}}],\"inLanguage\":\"sk-SK\"},{\"@type\":\"Organization\",\"@id\":\"https:\/\/www.charita.sk\/svet\/#organization\",\"name\":\"Slovensk\u00e1 katol\u00edcka charita\",\"url\":\"https:\/\/www.charita.sk\/svet\/\",\"logo\":{\"@type\":\"ImageObject\",\"inLanguage\":\"sk-SK\",\"@id\":\"https:\/\/www.charita.sk\/svet\/#\/schema\/logo\/image\/\",\"url\":\"https:\/\/www.charita.sk\/pomoc-utecencom\/wp-content\/uploads\/2020\/11\/logo_pomoc_utecencom.jpg\",\"contentUrl\":\"https:\/\/www.charita.sk\/pomoc-utecencom\/wp-content\/uploads\/2020\/11\/logo_pomoc_utecencom.jpg\",\"width\":1712,\"height\":480,\"caption\":\"Slovensk\u00e1 katol\u00edcka charita\"},\"image\":{\"@id\":\"https:\/\/www.charita.sk\/svet\/#\/schema\/logo\/image\/\"},\"sameAs\":[\"https:\/\/www.facebook.com\/CaritasSlovakia\/\",\"https:\/\/www.instagram.com\/caritas_slovakia\/\",\"https:\/\/www.linkedin.com\/company\/caritas-slovakia-skch-\",\"https:\/\/www.youtube.com\/user\/katolickacharita\"]},{\"@type\":\"Person\",\"@id\":\"https:\/\/www.charita.sk\/svet\/#\/schema\/person\/5d4cac7d83d3ec0090a0c6bb00690ce4\",\"name\":\"charita\",\"image\":{\"@type\":\"ImageObject\",\"inLanguage\":\"sk-SK\",\"@id\":\"https:\/\/www.charita.sk\/svet\/#\/schema\/person\/image\/\",\"url\":\"https:\/\/secure.gravatar.com\/avatar\/d2e7ea30dee1a0c7a6b7277bd2f993803c4622836c7e0130a97819af162a837b?s=96&d=mm&r=g\",\"contentUrl\":\"https:\/\/secure.gravatar.com\/avatar\/d2e7ea30dee1a0c7a6b7277bd2f993803c4622836c7e0130a97819af162a837b?s=96&d=mm&r=g\",\"caption\":\"charita\"},\"url\":\"https:\/\/www.charita.sk\/svet\/author\/charita\/\"}]}<\/script>\n<!-- \/ Yoast SEO plugin. -->","yoast_head_json":{"title":"De\u0165om z Ukrajiny pom\u00e1hame spracova\u0165 em\u00f3cie po\u010das vojny | Charita vo svete","robots":{"index":"index","follow":"follow","max-snippet":"max-snippet:-1","max-image-preview":"max-image-preview:large","max-video-preview":"max-video-preview:-1"},"canonical":"https:\/\/www.charita.sk\/svet\/detom-z-ukrajiny-pomahame-spracovat-emocie-pocas-vojny\/","og_locale":"sk_SK","og_type":"article","og_title":"De\u0165om z Ukrajiny pom\u00e1hame spracova\u0165 em\u00f3cie po\u010das vojny | Charita vo svete","og_description":"S n\u00e1dejou si uvedomujeme, \u017ee ka\u017ed\u00e9 die\u0165a, ktor\u00e9 prejde vojnou, sa stane [&hellip;]","og_url":"https:\/\/www.charita.sk\/svet\/detom-z-ukrajiny-pomahame-spracovat-emocie-pocas-vojny\/","og_site_name":"Charita vo svete","article_publisher":"https:\/\/www.facebook.com\/CaritasSlovakia\/","article_published_time":"2023-04-26T09:34:10+00:00","article_modified_time":"2024-04-11T11:39:04+00:00","og_image":[{"width":1280,"height":960,"url":"https:\/\/www.charita.sk\/svet\/wp-content\/uploads\/2023\/04\/Pribeh-4_-1.jpg","type":"image\/jpeg"}],"author":"charita","twitter_card":"summary_large_image","twitter_misc":{"Autor":"charita","Predpokladan\u00fd \u010das \u010d\u00edtania":"3 min\u00faty"},"schema":{"@context":"https:\/\/schema.org","@graph":[{"@type":"Article","@id":"https:\/\/www.charita.sk\/svet\/detom-z-ukrajiny-pomahame-spracovat-emocie-pocas-vojny\/#article","isPartOf":{"@id":"https:\/\/www.charita.sk\/svet\/detom-z-ukrajiny-pomahame-spracovat-emocie-pocas-vojny\/"},"author":{"name":"charita","@id":"https:\/\/www.charita.sk\/svet\/#\/schema\/person\/5d4cac7d83d3ec0090a0c6bb00690ce4"},"headline":"De\u0165om z Ukrajiny pom\u00e1hame spracova\u0165 em\u00f3cie po\u010das vojny","datePublished":"2023-04-26T09:34:10+00:00","dateModified":"2024-04-11T11:39:04+00:00","mainEntityOfPage":{"@id":"https:\/\/www.charita.sk\/svet\/detom-z-ukrajiny-pomahame-spracovat-emocie-pocas-vojny\/"},"wordCount":426,"commentCount":0,"publisher":{"@id":"https:\/\/www.charita.sk\/svet\/#organization"},"image":{"@id":"https:\/\/www.charita.sk\/svet\/detom-z-ukrajiny-pomahame-spracovat-emocie-pocas-vojny\/#primaryimage"},"thumbnailUrl":"https:\/\/www.charita.sk\/svet\/wp-content\/uploads\/2023\/04\/Pribeh-4_-1.jpg","keywords":["poukazky","slovakaid","ukrajina"],"articleSection":["Ukrajina"],"inLanguage":"sk-SK","potentialAction":[{"@type":"CommentAction","name":"Comment","target":["https:\/\/www.charita.sk\/svet\/detom-z-ukrajiny-pomahame-spracovat-emocie-pocas-vojny\/#respond"]}]},{"@type":"WebPage","@id":"https:\/\/www.charita.sk\/svet\/detom-z-ukrajiny-pomahame-spracovat-emocie-pocas-vojny\/","url":"https:\/\/www.charita.sk\/svet\/detom-z-ukrajiny-pomahame-spracovat-emocie-pocas-vojny\/","name":"De\u0165om z Ukrajiny pom\u00e1hame spracova\u0165 em\u00f3cie po\u010das vojny | Charita vo svete","isPartOf":{"@id":"https:\/\/www.charita.sk\/svet\/#website"},"primaryImageOfPage":{"@id":"https:\/\/www.charita.sk\/svet\/detom-z-ukrajiny-pomahame-spracovat-emocie-pocas-vojny\/#primaryimage"},"image":{"@id":"https:\/\/www.charita.sk\/svet\/detom-z-ukrajiny-pomahame-spracovat-emocie-pocas-vojny\/#primaryimage"},"thumbnailUrl":"https:\/\/www.charita.sk\/svet\/wp-content\/uploads\/2023\/04\/Pribeh-4_-1.jpg","datePublished":"2023-04-26T09:34:10+00:00","dateModified":"2024-04-11T11:39:04+00:00","breadcrumb":{"@id":"https:\/\/www.charita.sk\/svet\/detom-z-ukrajiny-pomahame-spracovat-emocie-pocas-vojny\/#breadcrumb"},"inLanguage":"sk-SK","potentialAction":[{"@type":"ReadAction","target":["https:\/\/www.charita.sk\/svet\/detom-z-ukrajiny-pomahame-spracovat-emocie-pocas-vojny\/"]}]},{"@type":"ImageObject","inLanguage":"sk-SK","@id":"https:\/\/www.charita.sk\/svet\/detom-z-ukrajiny-pomahame-spracovat-emocie-pocas-vojny\/#primaryimage","url":"https:\/\/www.charita.sk\/svet\/wp-content\/uploads\/2023\/04\/Pribeh-4_-1.jpg","contentUrl":"https:\/\/www.charita.sk\/svet\/wp-content\/uploads\/2023\/04\/Pribeh-4_-1.jpg","width":1280,"height":960},{"@type":"BreadcrumbList","@id":"https:\/\/www.charita.sk\/svet\/detom-z-ukrajiny-pomahame-spracovat-emocie-pocas-vojny\/#breadcrumb","itemListElement":[{"@type":"ListItem","position":1,"name":"Domovsk\u00e1 str\u00e1nka","item":"https:\/\/www.charita.sk\/svet\/"},{"@type":"ListItem","position":2,"name":"De\u0165om z Ukrajiny pom\u00e1hame spracova\u0165 em\u00f3cie po\u010das vojny"}]},{"@type":"WebSite","@id":"https:\/\/www.charita.sk\/svet\/#website","url":"https:\/\/www.charita.sk\/svet\/","name":"Charita vo svete","description":"Slovensk\u00e1 katol\u00edcka charita pom\u00e1ha \u013eu\u010fom v n\u00fadzi vo svete","publisher":{"@id":"https:\/\/www.charita.sk\/svet\/#organization"},"potentialAction":[{"@type":"SearchAction","target":{"@type":"EntryPoint","urlTemplate":"https:\/\/www.charita.sk\/svet\/?s={search_term_string}"},"query-input":{"@type":"PropertyValueSpecification","valueRequired":true,"valueName":"search_term_string"}}],"inLanguage":"sk-SK"},{"@type":"Organization","@id":"https:\/\/www.charita.sk\/svet\/#organization","name":"Slovensk\u00e1 katol\u00edcka charita","url":"https:\/\/www.charita.sk\/svet\/","logo":{"@type":"ImageObject","inLanguage":"sk-SK","@id":"https:\/\/www.charita.sk\/svet\/#\/schema\/logo\/image\/","url":"https:\/\/www.charita.sk\/pomoc-utecencom\/wp-content\/uploads\/2020\/11\/logo_pomoc_utecencom.jpg","contentUrl":"https:\/\/www.charita.sk\/pomoc-utecencom\/wp-content\/uploads\/2020\/11\/logo_pomoc_utecencom.jpg","width":1712,"height":480,"caption":"Slovensk\u00e1 katol\u00edcka charita"},"image":{"@id":"https:\/\/www.charita.sk\/svet\/#\/schema\/logo\/image\/"},"sameAs":["https:\/\/www.facebook.com\/CaritasSlovakia\/","https:\/\/www.instagram.com\/caritas_slovakia\/","https:\/\/www.linkedin.com\/company\/caritas-slovakia-skch-","https:\/\/www.youtube.com\/user\/katolickacharita"]},{"@type":"Person","@id":"https:\/\/www.charita.sk\/svet\/#\/schema\/person\/5d4cac7d83d3ec0090a0c6bb00690ce4","name":"charita","image":{"@type":"ImageObject","inLanguage":"sk-SK","@id":"https:\/\/www.charita.sk\/svet\/#\/schema\/person\/image\/","url":"https:\/\/secure.gravatar.com\/avatar\/d2e7ea30dee1a0c7a6b7277bd2f993803c4622836c7e0130a97819af162a837b?s=96&d=mm&r=g","contentUrl":"https:\/\/secure.gravatar.com\/avatar\/d2e7ea30dee1a0c7a6b7277bd2f993803c4622836c7e0130a97819af162a837b?s=96&d=mm&r=g","caption":"charita"},"url":"https:\/\/www.charita.sk\/svet\/author\/charita\/"}]}},"featured_image_src":"https:\/\/www.charita.sk\/svet\/wp-content\/uploads\/2023\/04\/Pribeh-4_-1-600x400.jpg","featured_image_src_square":"https:\/\/www.charita.sk\/svet\/wp-content\/uploads\/2023\/04\/Pribeh-4_-1-600x600.jpg","author_info":{"display_name":"charita","author_link":"https:\/\/www.charita.sk\/svet\/author\/charita\/"},"_links":{"self":[{"href":"https:\/\/www.charita.sk\/svet\/wp-json\/wp\/v2\/posts\/2497","targetHints":{"allow":["GET"]}}],"collection":[{"href":"https:\/\/www.charita.sk\/svet\/wp-json\/wp\/v2\/posts"}],"about":[{"href":"https:\/\/www.charita.sk\/svet\/wp-json\/wp\/v2\/types\/post"}],"author":[{"embeddable":true,"href":"https:\/\/www.charita.sk\/svet\/wp-json\/wp\/v2\/users\/2"}],"replies":[{"embeddable":true,"href":"https:\/\/www.charita.sk\/svet\/wp-json\/wp\/v2\/comments?post=2497"}],"version-history":[{"count":6,"href":"https:\/\/www.charita.sk\/svet\/wp-json\/wp\/v2\/posts\/2497\/revisions"}],"predecessor-version":[{"id":2915,"href":"https:\/\/www.charita.sk\/svet\/wp-json\/wp\/v2\/posts\/2497\/revisions\/2915"}],"wp:featuredmedia":[{"embeddable":true,"href":"https:\/\/www.charita.sk\/svet\/wp-json\/wp\/v2\/media\/2499"}],"wp:attachment":[{"href":"https:\/\/www.charita.sk\/svet\/wp-json\/wp\/v2\/media?parent=2497"}],"wp:term":[{"taxonomy":"category","embeddable":true,"href":"https:\/\/www.charita.sk\/svet\/wp-json\/wp\/v2\/categories?post=2497"},{"taxonomy":"post_tag","embeddable":true,"href":"https:\/\/www.charita.sk\/svet\/wp-json\/wp\/v2\/tags?post=2497"}],"curies":[{"name":"wp","href":"https:\/\/api.w.org\/{rel}","templated":true}]}}