{"id":2565,"date":"2023-06-26T11:26:05","date_gmt":"2023-06-26T09:26:05","guid":{"rendered":"https:\/\/www.charita.sk\/pomoc-utecencom\/?p=2565"},"modified":"2024-04-11T13:38:28","modified_gmt":"2024-04-11T11:38:28","slug":"svitlana-shukh-charita-donetsk","status":"publish","type":"post","link":"https:\/\/www.charita.sk\/svet\/svitlana-shukh-charita-donetsk\/","title":{"rendered":"Svitlana Shukh z\u00a0charity Donetsk: Dnipro m\u00e1 ve\u013ek\u00e9 \u0165a\u017ekosti s \u013eu\u010fmi, ktor\u00ed s\u00fa \u0165a\u017eko chor\u00ed"},"content":{"rendered":"\n<p class=\"has-text-align-left\"><strong><em>Ukrajinci, ktor\u00ed v&nbsp;d\u00f4sledku vojny opustili svoje domovy z&nbsp;frontov\u00fdch miest sa ocitli v hmotnej n\u00fadzi a \u010dasto aj s r\u00f4znymi traumami. Stovky ich b\u00fdva v&nbsp;proviz\u00f3rne zriaden\u00fdch \u00fatulkoch v&nbsp;Dnipre a&nbsp;okol\u00ed, tis\u00edce kilometrov od svojich domovov. Mnoh\u00ed \u017eij\u00fa bez toalety \u010di vari\u010da. Pr\u00e1ve oblas\u0165 Dnipra je najv\u00e4\u010d\u0161\u00edm humanit\u00e1rnym strediskom, ktor\u00e9 prij\u00edma pres\u00eddlencov. Ide o z\u00f3nu, ktor\u00e1 sa nach\u00e1dza bl\u00edzko fronty.<\/em> &nbsp;<\/strong><\/p>\n\n\n\n<p>S\u00fa\u010dasn\u00fa situ\u00e1ciu vn\u00fatorn\u00fdch vys\u00eddlencov popisuje koordin\u00e1torka ukrajinsk\u00e9ho humanit\u00e1rneho projektu Svitlana Shukh (Caritas Donetsk): \u201e<em>Moment\u00e1lne je v&nbsp;dnipropetrovskej oblasti asi 370 tis\u00edc vn\u00fatorne vys\u00eddlen\u00fdch a&nbsp;zaregistrovan\u00fdch \u013eud\u00ed. Prich\u00e1dzame do ute\u010deneck\u00fdch t\u00e1borov, kde sa nach\u00e1dza mno\u017estvo \u013eud\u00ed a poskytujeme pomoc predov\u0161etk\u00fdm slab\u0161\u00edm skupin\u00e1m.&#8220; <\/em><\/p>\n\n\n\n<p>Humanit\u00e1rna pomoc sa preto s\u00fastre\u010fuje na osoby vo veku 60+ s minim\u00e1lnym pr\u00edjmom, viacdetn\u00e9 rodiny (s tromi a viac de\u0165mi), matky s de\u0165mi bez mu\u017eov, rodiny s de\u0165mi so zdravotn\u00fdm postihnut\u00edm a&nbsp;na deti s chronick\u00fdmi ochoreniami. &#8222;<em>Ned\u00e1vno sme pridali nov\u00fa cie\u013eov\u00fa skupinu \u013eud\u00ed, ktor\u00ed sa po n\u00e1sledku raketov\u00e9ho \u00fatoku ocitli bez domova. Reagujeme tak na aktu\u00e1lne potreby, aby sme pom\u00e1hali t\u00fdm, ktor\u00ed to naozaj potrebuj\u00fa<\/em>,\u201c doplnila Shukh.<\/p>\n\n\n\n<div style=\"height:30px\" aria-hidden=\"true\" class=\"wp-block-spacer\"><\/div>\n\n\n\n<figure class=\"wp-block-gallery has-nested-images columns-default is-cropped wp-block-gallery-1 is-layout-flex wp-block-gallery-is-layout-flex\">\n<figure class=\"wp-block-image size-large\"><img fetchpriority=\"high\" decoding=\"async\" width=\"1024\" height=\"768\" data-id=\"2569\" src=\"https:\/\/www.charita.sk\/svet\/wp-content\/uploads\/2023\/06\/WhatsApp-Image-2023-06-13-at-10.53.14-1024x768.jpeg\" alt=\"\" class=\"wp-image-2569\" srcset=\"https:\/\/www.charita.sk\/svet\/wp-content\/uploads\/2023\/06\/WhatsApp-Image-2023-06-13-at-10.53.14-1024x768.jpeg 1024w, https:\/\/www.charita.sk\/svet\/wp-content\/uploads\/2023\/06\/WhatsApp-Image-2023-06-13-at-10.53.14-300x225.jpeg 300w, https:\/\/www.charita.sk\/svet\/wp-content\/uploads\/2023\/06\/WhatsApp-Image-2023-06-13-at-10.53.14-768x576.jpeg 768w, https:\/\/www.charita.sk\/svet\/wp-content\/uploads\/2023\/06\/WhatsApp-Image-2023-06-13-at-10.53.14-1536x1152.jpeg 1536w, https:\/\/www.charita.sk\/svet\/wp-content\/uploads\/2023\/06\/WhatsApp-Image-2023-06-13-at-10.53.14.jpeg 1600w\" sizes=\"(max-width: 1024px) 100vw, 1024px\" \/><\/figure>\n\n\n\n<figure class=\"wp-block-image size-large\"><img decoding=\"async\" width=\"1024\" height=\"768\" data-id=\"2567\" src=\"https:\/\/www.charita.sk\/svet\/wp-content\/uploads\/2023\/06\/WhatsApp-Image-2023-06-09-at-10.17.01-3-1024x768.jpeg\" alt=\"\" class=\"wp-image-2567\" srcset=\"https:\/\/www.charita.sk\/svet\/wp-content\/uploads\/2023\/06\/WhatsApp-Image-2023-06-09-at-10.17.01-3-1024x768.jpeg 1024w, https:\/\/www.charita.sk\/svet\/wp-content\/uploads\/2023\/06\/WhatsApp-Image-2023-06-09-at-10.17.01-3-300x225.jpeg 300w, https:\/\/www.charita.sk\/svet\/wp-content\/uploads\/2023\/06\/WhatsApp-Image-2023-06-09-at-10.17.01-3-768x576.jpeg 768w, https:\/\/www.charita.sk\/svet\/wp-content\/uploads\/2023\/06\/WhatsApp-Image-2023-06-09-at-10.17.01-3-1536x1152.jpeg 1536w, https:\/\/www.charita.sk\/svet\/wp-content\/uploads\/2023\/06\/WhatsApp-Image-2023-06-09-at-10.17.01-3.jpeg 1600w\" sizes=\"(max-width: 1024px) 100vw, 1024px\" \/><\/figure>\n\n\n\n<figure class=\"wp-block-image size-large\"><img decoding=\"async\" width=\"1024\" height=\"768\" data-id=\"2568\" src=\"https:\/\/www.charita.sk\/svet\/wp-content\/uploads\/2023\/06\/WhatsApp-Image-2023-06-09-at-10.17.01-2-1024x768.jpeg\" alt=\"\" class=\"wp-image-2568\" srcset=\"https:\/\/www.charita.sk\/svet\/wp-content\/uploads\/2023\/06\/WhatsApp-Image-2023-06-09-at-10.17.01-2-1024x768.jpeg 1024w, https:\/\/www.charita.sk\/svet\/wp-content\/uploads\/2023\/06\/WhatsApp-Image-2023-06-09-at-10.17.01-2-300x225.jpeg 300w, https:\/\/www.charita.sk\/svet\/wp-content\/uploads\/2023\/06\/WhatsApp-Image-2023-06-09-at-10.17.01-2-768x576.jpeg 768w, https:\/\/www.charita.sk\/svet\/wp-content\/uploads\/2023\/06\/WhatsApp-Image-2023-06-09-at-10.17.01-2-1536x1152.jpeg 1536w, https:\/\/www.charita.sk\/svet\/wp-content\/uploads\/2023\/06\/WhatsApp-Image-2023-06-09-at-10.17.01-2.jpeg 1600w\" sizes=\"(max-width: 1024px) 100vw, 1024px\" \/><\/figure>\n<\/figure>\n\n\n\n<p class=\"has-text-align-center\"><em>Pomoc pre vys\u00eddlencov, j\u00fan 2023, Dnipro, arch\u00edv: Caritas Doneck<\/em><\/p>\n\n\n\n<p>Pod\u013ea Svitlany s\u00fa na tom najhor\u0161ie pr\u00e1ve Ukrajinci so zdravotn\u00fdmi probl\u00e9mami:<strong> <\/strong>\u201e<em>Boli pr\u00edpady, kedy k&nbsp;n\u00e1m pri\u0161li chor\u00ed \u013eudia, s&nbsp;demenciou alebo t\u00ed ktor\u00ed mali chronick\u00e9 ochorenia a&nbsp;nemali sme ich ako a&nbsp;kde umiestni\u0165, ako im poskytn\u00fa\u0165 pomoc. \u010co sa t\u00fdka na\u0161ej charity, poskytovali sme im ubytovanie asi mesiac ale&nbsp;potom sme \u013eud\u00ed potrebovali nasmerova\u0165 \u010falej. V\u010faka kontaktom na partnersk\u00e9 organiz\u00e1cie m\u00f4\u017eeme prepravi\u0165 do zahrani\u010dia \u013eud\u00ed, ktor\u00fdm nem\u00f4\u017eeme poskytn\u00fa\u0165 kvalitn\u00fa pomoc, preto\u017ee Dnipro m\u00e1 ve\u013ek\u00e9 \u0165a\u017ekosti s&nbsp;\u0165a\u017eko chor\u00fdmi \u013eu\u010fmi alebo s&nbsp;\u013eu\u010fmi na l\u00f4\u017eku.&#8220;<\/em><strong> <\/strong>Svitlana tie\u017e dod\u00e1va, \u017ee Slov\u00e1ci poskytli Ukrajine ve\u013emi ve\u013ea pomoci.<\/p>\n\n\n\n<p>Aktu\u00e1lna humanit\u00e1rna pomoc, ktor\u00fa realizuje Slovensk\u00e1 katol\u00edcka charita<strong> <\/strong>v&nbsp;spolupr\u00e1ci s&nbsp;charitou Donetsk spo\u010d\u00edva v&nbsp;poskytovan\u00ed materi\u00e1lnej a&nbsp;psychologickej pomoci pr\u00e1ve t\u00fdmto vys\u00eddlen\u00fdm osob\u00e1m a&nbsp;ich rodin\u00e1m.<\/p>\n\n\n\n<div style=\"height:20px\" aria-hidden=\"true\" class=\"wp-block-spacer\"><\/div>\n\n\n\n<h4 class=\"wp-block-heading has-text-align-center\">Psychologick\u00e1 pomoc pre Ukrajincov<\/h4>\n\n\n\n<div style=\"height:20px\" aria-hidden=\"true\" class=\"wp-block-spacer\"><\/div>\n\n\n\n<p>Neust\u00e1le raketov\u00e9 \u00fatoky sp\u00f4sobuj\u00fa mnoho stresu a&nbsp;z\u00e1\u0165a\u017ee na psychiku ukrajinsk\u00fdch obyvate\u013eov. V&nbsp;spolupr\u00e1ci s&nbsp;ukrajinskou charitou sa v&nbsp;r\u00e1mci humanit\u00e1rneho projektu vn\u00fatorne pres\u00eddlen\u00ed Ukrajinci za pomoci psychol\u00f3ga a&nbsp;soci\u00e1lneho pracovn\u00edka u\u010dia r\u00f4zne techniky, ako zvl\u00e1da\u0165 stres a&nbsp;\u00fazkos\u0165.<br><br>Jednou z&nbsp;t\u00fdch, ktor\u00ed pom\u00e1haj\u00fa ostatn\u00fdm Ukrajincom zvl\u00e1da\u0165 stres je Marina Vlasova z&nbsp;Charity Donetsk. Pom\u00e1ha diagnostikova\u0165 psycho-emocion\u00e1lny stav vys\u00eddlencov a&nbsp;takisto vedie skupinov\u00e9 a&nbsp;individu\u00e1lne psychologick\u00e9 konzult\u00e1cie. Pomoci sa dost\u00e1vaj\u00fa aj na ukrajinsk\u00e9 deti. Pr\u00e1ca s de\u0165mi je zameran\u00e1 na ich emocion\u00e1lnu \u00fa\u013eavu a podporu v pre\u017e\u00edvan\u00ed em\u00f3ci\u00ed pomocou r\u00f4znych techn\u00edk a&nbsp;terapi\u00ed, ak\u00fdmi je arteterapia, rozpr\u00e1vkov\u00e1 terapia, muzikoterapia \u010di b\u00e1bkov\u00e9 divadlo.&nbsp;&nbsp;<br><\/p>\n\n\n\n<figure class=\"wp-block-gallery has-nested-images columns-default is-cropped wp-block-gallery-2 is-layout-flex wp-block-gallery-is-layout-flex\">\n<figure class=\"wp-block-image size-large\"><img loading=\"lazy\" decoding=\"async\" width=\"768\" height=\"1024\" data-id=\"2570\" src=\"https:\/\/www.charita.sk\/svet\/wp-content\/uploads\/2023\/06\/WhatsApp-Image-2023-06-09-at-10.17.01-1-768x1024.jpeg\" alt=\"\" class=\"wp-image-2570\" srcset=\"https:\/\/www.charita.sk\/svet\/wp-content\/uploads\/2023\/06\/WhatsApp-Image-2023-06-09-at-10.17.01-1-768x1024.jpeg 768w, https:\/\/www.charita.sk\/svet\/wp-content\/uploads\/2023\/06\/WhatsApp-Image-2023-06-09-at-10.17.01-1-225x300.jpeg 225w, https:\/\/www.charita.sk\/svet\/wp-content\/uploads\/2023\/06\/WhatsApp-Image-2023-06-09-at-10.17.01-1-1152x1536.jpeg 1152w, https:\/\/www.charita.sk\/svet\/wp-content\/uploads\/2023\/06\/WhatsApp-Image-2023-06-09-at-10.17.01-1.jpeg 1200w\" sizes=\"(max-width: 768px) 100vw, 768px\" \/><\/figure>\n\n\n\n<figure class=\"wp-block-image size-large\"><img loading=\"lazy\" decoding=\"async\" width=\"1024\" height=\"768\" data-id=\"2571\" src=\"https:\/\/www.charita.sk\/svet\/wp-content\/uploads\/2023\/06\/WhatsApp-Image-2023-06-09-at-10.17.01-1024x768.jpeg\" alt=\"\" class=\"wp-image-2571\" srcset=\"https:\/\/www.charita.sk\/svet\/wp-content\/uploads\/2023\/06\/WhatsApp-Image-2023-06-09-at-10.17.01-1024x768.jpeg 1024w, https:\/\/www.charita.sk\/svet\/wp-content\/uploads\/2023\/06\/WhatsApp-Image-2023-06-09-at-10.17.01-300x225.jpeg 300w, https:\/\/www.charita.sk\/svet\/wp-content\/uploads\/2023\/06\/WhatsApp-Image-2023-06-09-at-10.17.01-768x576.jpeg 768w, https:\/\/www.charita.sk\/svet\/wp-content\/uploads\/2023\/06\/WhatsApp-Image-2023-06-09-at-10.17.01-1536x1152.jpeg 1536w, https:\/\/www.charita.sk\/svet\/wp-content\/uploads\/2023\/06\/WhatsApp-Image-2023-06-09-at-10.17.01.jpeg 1600w\" sizes=\"(max-width: 1024px) 100vw, 1024px\" \/><\/figure>\n\n\n\n<figure class=\"wp-block-image size-large\"><img loading=\"lazy\" decoding=\"async\" width=\"768\" height=\"1024\" data-id=\"2573\" src=\"https:\/\/www.charita.sk\/svet\/wp-content\/uploads\/2023\/06\/WhatsApp-Image-2023-06-09-at-10.17.00-1-768x1024.jpeg\" alt=\"\" class=\"wp-image-2573\" srcset=\"https:\/\/www.charita.sk\/svet\/wp-content\/uploads\/2023\/06\/WhatsApp-Image-2023-06-09-at-10.17.00-1-768x1024.jpeg 768w, https:\/\/www.charita.sk\/svet\/wp-content\/uploads\/2023\/06\/WhatsApp-Image-2023-06-09-at-10.17.00-1-225x300.jpeg 225w, https:\/\/www.charita.sk\/svet\/wp-content\/uploads\/2023\/06\/WhatsApp-Image-2023-06-09-at-10.17.00-1-1152x1536.jpeg 1152w, https:\/\/www.charita.sk\/svet\/wp-content\/uploads\/2023\/06\/WhatsApp-Image-2023-06-09-at-10.17.00-1.jpeg 1200w\" sizes=\"(max-width: 768px) 100vw, 768px\" \/><\/figure>\n<\/figure>\n\n\n\n<p class=\"has-text-align-center\"><em>Psychologick\u00e1 pomoc pre vys\u00eddlencov, j\u00fan 2023, Dnipro, arch\u00edv: Caritas Doneck<\/em><br><\/p>\n\n\n\n<p class=\"has-text-align-left\">Je zjavn\u00e9, \u017ee deti vn\u00edmaj\u00fa svet inak, ich psychika je citlivej\u0161ia na siln\u00e9 podnety a komunik\u00e1cia o aktu\u00e1lnom dian\u00ed m\u00f4\u017ee by\u0165 hlavne pre ukrajinsk\u00fdch rodi\u010dov n\u00e1ro\u010dn\u00e1. Pod\u013ea Mariny je potrebn\u00e9 inform\u00e1cie o&nbsp;vojne vysvetli\u0165 de\u0165om citlivo, no pokojne, bez akcentovania detailov a&nbsp;bez agresie. Dod\u00e1va, \u017ee: \u201e<em>Mal\u00e9 deti sa boja, \u017ee rodi\u010dia zahyn\u00fa. Treba ich obja\u0165, uk\u013eudni\u0165, poveda\u0165 im l\u00e1skav\u00e9 slovo, podpori\u0165 aby mali pocit, \u017ee s\u00fa v&nbsp;bezpe\u010d\u00ed a \u017ee v\u0161etko bude dobr\u00e9.<\/em>\u201c<\/p>\n\n\n\n<p>Psychosoci\u00e1lnu pomoc dostalo u\u017e vy\u0161e 14 000 \u013eud\u00ed, ktor\u00ed stratili svoj domov. Slovensk\u00e1 katol\u00edcka charita sa venuje humanit\u00e1rnej pomoci na Ukrajine v\u00a0spolupr\u00e1ci s charitou Donetsk od roku 2020. Organiz\u00e1cia bola n\u00faten\u00e1 sa pres\u00eddli\u0165 kv\u00f4li bojov\u00fdm \u00fatokom v\u00a0oblasti v\u00a0roku 2014 do mesta Dnipro, kde aj v\u00a0s\u00fa\u010dasnosti p\u00f4sob\u00ed.<\/p>\n\n\n\n<p class=\"has-text-align-center\"><strong>Chcete pom\u00f4c\u0165 \u013eu\u010fom v n\u00fadzi? Darujte pouk\u00e1\u017eku na potraviny \u010di lieky trpiacim rodin\u00e1m z v\u00fdchodnej Ukrajiny, ktor\u00fdch vojnov\u00fd konflikt vyhnal z ich domovov. \u010eakujeme.<\/strong>\u2764\ufe0f<\/p>\n\n\n\n<div class=\"wp-block-buttons is-content-justification-center is-layout-flex wp-container-core-buttons-is-layout-28206b41 wp-block-buttons-is-layout-flex\">\n<div class=\"wp-block-button\"><a class=\"wp-block-button__link has-white-color has-vivid-red-background-color has-text-color has-background wp-element-button\" href=\"https:\/\/charita.darujme.sk\/pomozme-ukrajine\/\" target=\"_blank\" rel=\"noreferrer noopener\">Darova\u0165 pouk\u00e1\u017eku<\/a><\/div>\n<\/div>\n\n\n\n<p class=\"has-background\" style=\"background-color:#eeeeee\"><strong>Projekt je spolufinancovan\u00fd z programu ofici\u00e1lnej rozvojovej pomoci SR,&nbsp;<\/strong><a href=\"http:\/\/slovakaid.sk\/\"><strong>SlovakAid<\/strong><\/a><strong>&nbsp;a&nbsp;tie\u017e v\u010faka \u0161tedrosti darcov, ktor\u00ed prispeli cez Slovensk\u00fa katol\u00edcku charitu na pomoc obetiam vojny na Ukrajine.<\/strong><\/p>\n","protected":false},"excerpt":{"rendered":"<p>Ukrajinci, ktor\u00ed v&nbsp;d\u00f4sledku vojny opustili svoje domovy z&nbsp;frontov\u00fdch miest sa ocitli v [&hellip;]<\/p>\n","protected":false},"author":2,"featured_media":2587,"comment_status":"open","ping_status":"open","sticky":false,"template":"","format":"standard","meta":{"footnotes":""},"categories":[18],"tags":[30,17,19,20],"class_list":["post-2565","post","type-post","status-publish","format-standard","has-post-thumbnail","hentry","category-ukrajina","tag-poukazky-2","tag-slovakaid","tag-ukrajina","tag-zbierka"],"yoast_head":"<!-- This site is optimized with the Yoast SEO plugin v25.4 - https:\/\/yoast.com\/wordpress\/plugins\/seo\/ -->\n<title>Svitlana Shukh z\u00a0charity Donetsk: Dnipro m\u00e1 ve\u013ek\u00e9 \u0165a\u017ekosti s \u013eu\u010fmi, ktor\u00ed s\u00fa \u0165a\u017eko chor\u00ed | Charita vo svete<\/title>\n<meta name=\"description\" content=\"Ukrajinci, ktor\u00ed v\u00a0d\u00f4sledku vojny opustili svoje domovy z\u00a0frontov\u00fdch miest sa ocitli sa v hmotnej n\u00fadzi a \u010dasto aj s r\u00f4znymi traumami. Stovky ich b\u00fdva v\u00a0proviz\u00f3rne zriaden\u00fdch \u00fatulkoch v\u00a0Dnipre a\u00a0okol\u00ed, tis\u00edce kilometrov od svojich domovov.\" \/>\n<meta name=\"robots\" content=\"index, follow, max-snippet:-1, max-image-preview:large, max-video-preview:-1\" \/>\n<link rel=\"canonical\" href=\"https:\/\/www.charita.sk\/svet\/svitlana-shukh-charita-donetsk\/\" \/>\n<meta property=\"og:locale\" content=\"sk_SK\" \/>\n<meta property=\"og:type\" content=\"article\" \/>\n<meta property=\"og:title\" content=\"Svitlana Shukh z\u00a0charity Donetsk: Dnipro m\u00e1 ve\u013ek\u00e9 \u0165a\u017ekosti s \u013eu\u010fmi, ktor\u00ed s\u00fa \u0165a\u017eko chor\u00ed | Charita vo svete\" \/>\n<meta property=\"og:description\" content=\"Ukrajinci, ktor\u00ed v\u00a0d\u00f4sledku vojny opustili svoje domovy z\u00a0frontov\u00fdch miest sa ocitli sa v hmotnej n\u00fadzi a \u010dasto aj s r\u00f4znymi traumami. Stovky ich b\u00fdva v\u00a0proviz\u00f3rne zriaden\u00fdch \u00fatulkoch v\u00a0Dnipre a\u00a0okol\u00ed, tis\u00edce kilometrov od svojich domovov.\" \/>\n<meta property=\"og:url\" content=\"https:\/\/www.charita.sk\/svet\/svitlana-shukh-charita-donetsk\/\" \/>\n<meta property=\"og:site_name\" content=\"Charita vo svete\" \/>\n<meta property=\"article:publisher\" content=\"https:\/\/www.facebook.com\/CaritasSlovakia\/\" \/>\n<meta property=\"article:published_time\" content=\"2023-06-26T09:26:05+00:00\" \/>\n<meta property=\"article:modified_time\" content=\"2024-04-11T11:38:28+00:00\" \/>\n<meta property=\"og:image\" content=\"https:\/\/www.charita.sk\/svet\/wp-content\/uploads\/2023\/06\/svitlana-shukh-charita-donetsk-ukrajina.png\" \/>\n\t<meta property=\"og:image:width\" content=\"784\" \/>\n\t<meta property=\"og:image:height\" content=\"295\" \/>\n\t<meta property=\"og:image:type\" content=\"image\/png\" \/>\n<meta name=\"author\" content=\"charita\" \/>\n<meta name=\"twitter:card\" content=\"summary_large_image\" \/>\n<meta name=\"twitter:label1\" content=\"Autor\" \/>\n\t<meta name=\"twitter:data1\" content=\"charita\" \/>\n\t<meta name=\"twitter:label2\" content=\"Predpokladan\u00fd \u010das \u010d\u00edtania\" \/>\n\t<meta name=\"twitter:data2\" content=\"5 min\u00fat\" \/>\n<script type=\"application\/ld+json\" class=\"yoast-schema-graph\">{\"@context\":\"https:\/\/schema.org\",\"@graph\":[{\"@type\":\"Article\",\"@id\":\"https:\/\/www.charita.sk\/svet\/svitlana-shukh-charita-donetsk\/#article\",\"isPartOf\":{\"@id\":\"https:\/\/www.charita.sk\/svet\/svitlana-shukh-charita-donetsk\/\"},\"author\":{\"name\":\"charita\",\"@id\":\"https:\/\/www.charita.sk\/svet\/#\/schema\/person\/5d4cac7d83d3ec0090a0c6bb00690ce4\"},\"headline\":\"Svitlana Shukh z\u00a0charity Donetsk: Dnipro m\u00e1 ve\u013ek\u00e9 \u0165a\u017ekosti s \u013eu\u010fmi, ktor\u00ed s\u00fa \u0165a\u017eko chor\u00ed\",\"datePublished\":\"2023-06-26T09:26:05+00:00\",\"dateModified\":\"2024-04-11T11:38:28+00:00\",\"mainEntityOfPage\":{\"@id\":\"https:\/\/www.charita.sk\/svet\/svitlana-shukh-charita-donetsk\/\"},\"wordCount\":830,\"commentCount\":0,\"publisher\":{\"@id\":\"https:\/\/www.charita.sk\/svet\/#organization\"},\"image\":{\"@id\":\"https:\/\/www.charita.sk\/svet\/svitlana-shukh-charita-donetsk\/#primaryimage\"},\"thumbnailUrl\":\"https:\/\/www.charita.sk\/svet\/wp-content\/uploads\/2023\/06\/svitlana-shukh-charita-donetsk-ukrajina.png\",\"keywords\":[\"poukazky\",\"slovakaid\",\"ukrajina\",\"zbierka\"],\"articleSection\":[\"Ukrajina\"],\"inLanguage\":\"sk-SK\",\"potentialAction\":[{\"@type\":\"CommentAction\",\"name\":\"Comment\",\"target\":[\"https:\/\/www.charita.sk\/svet\/svitlana-shukh-charita-donetsk\/#respond\"]}]},{\"@type\":\"WebPage\",\"@id\":\"https:\/\/www.charita.sk\/svet\/svitlana-shukh-charita-donetsk\/\",\"url\":\"https:\/\/www.charita.sk\/svet\/svitlana-shukh-charita-donetsk\/\",\"name\":\"Svitlana Shukh z\u00a0charity Donetsk: Dnipro m\u00e1 ve\u013ek\u00e9 \u0165a\u017ekosti s \u013eu\u010fmi, ktor\u00ed s\u00fa \u0165a\u017eko chor\u00ed | Charita vo svete\",\"isPartOf\":{\"@id\":\"https:\/\/www.charita.sk\/svet\/#website\"},\"primaryImageOfPage\":{\"@id\":\"https:\/\/www.charita.sk\/svet\/svitlana-shukh-charita-donetsk\/#primaryimage\"},\"image\":{\"@id\":\"https:\/\/www.charita.sk\/svet\/svitlana-shukh-charita-donetsk\/#primaryimage\"},\"thumbnailUrl\":\"https:\/\/www.charita.sk\/svet\/wp-content\/uploads\/2023\/06\/svitlana-shukh-charita-donetsk-ukrajina.png\",\"datePublished\":\"2023-06-26T09:26:05+00:00\",\"dateModified\":\"2024-04-11T11:38:28+00:00\",\"description\":\"Ukrajinci, ktor\u00ed v\u00a0d\u00f4sledku vojny opustili svoje domovy z\u00a0frontov\u00fdch miest sa ocitli sa v hmotnej n\u00fadzi a \u010dasto aj s r\u00f4znymi traumami. Stovky ich b\u00fdva v\u00a0proviz\u00f3rne zriaden\u00fdch \u00fatulkoch v\u00a0Dnipre a\u00a0okol\u00ed, tis\u00edce kilometrov od svojich domovov.\",\"breadcrumb\":{\"@id\":\"https:\/\/www.charita.sk\/svet\/svitlana-shukh-charita-donetsk\/#breadcrumb\"},\"inLanguage\":\"sk-SK\",\"potentialAction\":[{\"@type\":\"ReadAction\",\"target\":[\"https:\/\/www.charita.sk\/svet\/svitlana-shukh-charita-donetsk\/\"]}]},{\"@type\":\"ImageObject\",\"inLanguage\":\"sk-SK\",\"@id\":\"https:\/\/www.charita.sk\/svet\/svitlana-shukh-charita-donetsk\/#primaryimage\",\"url\":\"https:\/\/www.charita.sk\/svet\/wp-content\/uploads\/2023\/06\/svitlana-shukh-charita-donetsk-ukrajina.png\",\"contentUrl\":\"https:\/\/www.charita.sk\/svet\/wp-content\/uploads\/2023\/06\/svitlana-shukh-charita-donetsk-ukrajina.png\",\"width\":784,\"height\":295},{\"@type\":\"BreadcrumbList\",\"@id\":\"https:\/\/www.charita.sk\/svet\/svitlana-shukh-charita-donetsk\/#breadcrumb\",\"itemListElement\":[{\"@type\":\"ListItem\",\"position\":1,\"name\":\"Domovsk\u00e1 str\u00e1nka\",\"item\":\"https:\/\/www.charita.sk\/svet\/\"},{\"@type\":\"ListItem\",\"position\":2,\"name\":\"Svitlana Shukh z\u00a0charity Donetsk: Dnipro m\u00e1 ve\u013ek\u00e9 \u0165a\u017ekosti s \u013eu\u010fmi, ktor\u00ed s\u00fa \u0165a\u017eko chor\u00ed\"}]},{\"@type\":\"WebSite\",\"@id\":\"https:\/\/www.charita.sk\/svet\/#website\",\"url\":\"https:\/\/www.charita.sk\/svet\/\",\"name\":\"Charita vo svete\",\"description\":\"Slovensk\u00e1 katol\u00edcka charita pom\u00e1ha \u013eu\u010fom v n\u00fadzi vo svete\",\"publisher\":{\"@id\":\"https:\/\/www.charita.sk\/svet\/#organization\"},\"potentialAction\":[{\"@type\":\"SearchAction\",\"target\":{\"@type\":\"EntryPoint\",\"urlTemplate\":\"https:\/\/www.charita.sk\/svet\/?s={search_term_string}\"},\"query-input\":{\"@type\":\"PropertyValueSpecification\",\"valueRequired\":true,\"valueName\":\"search_term_string\"}}],\"inLanguage\":\"sk-SK\"},{\"@type\":\"Organization\",\"@id\":\"https:\/\/www.charita.sk\/svet\/#organization\",\"name\":\"Slovensk\u00e1 katol\u00edcka charita\",\"url\":\"https:\/\/www.charita.sk\/svet\/\",\"logo\":{\"@type\":\"ImageObject\",\"inLanguage\":\"sk-SK\",\"@id\":\"https:\/\/www.charita.sk\/svet\/#\/schema\/logo\/image\/\",\"url\":\"https:\/\/www.charita.sk\/pomoc-utecencom\/wp-content\/uploads\/2020\/11\/logo_pomoc_utecencom.jpg\",\"contentUrl\":\"https:\/\/www.charita.sk\/pomoc-utecencom\/wp-content\/uploads\/2020\/11\/logo_pomoc_utecencom.jpg\",\"width\":1712,\"height\":480,\"caption\":\"Slovensk\u00e1 katol\u00edcka charita\"},\"image\":{\"@id\":\"https:\/\/www.charita.sk\/svet\/#\/schema\/logo\/image\/\"},\"sameAs\":[\"https:\/\/www.facebook.com\/CaritasSlovakia\/\",\"https:\/\/www.instagram.com\/caritas_slovakia\/\",\"https:\/\/www.linkedin.com\/company\/caritas-slovakia-skch-\",\"https:\/\/www.youtube.com\/user\/katolickacharita\"]},{\"@type\":\"Person\",\"@id\":\"https:\/\/www.charita.sk\/svet\/#\/schema\/person\/5d4cac7d83d3ec0090a0c6bb00690ce4\",\"name\":\"charita\",\"image\":{\"@type\":\"ImageObject\",\"inLanguage\":\"sk-SK\",\"@id\":\"https:\/\/www.charita.sk\/svet\/#\/schema\/person\/image\/\",\"url\":\"https:\/\/secure.gravatar.com\/avatar\/d2e7ea30dee1a0c7a6b7277bd2f993803c4622836c7e0130a97819af162a837b?s=96&d=mm&r=g\",\"contentUrl\":\"https:\/\/secure.gravatar.com\/avatar\/d2e7ea30dee1a0c7a6b7277bd2f993803c4622836c7e0130a97819af162a837b?s=96&d=mm&r=g\",\"caption\":\"charita\"},\"url\":\"https:\/\/www.charita.sk\/svet\/author\/charita\/\"}]}<\/script>\n<!-- \/ Yoast SEO plugin. -->","yoast_head_json":{"title":"Svitlana Shukh z\u00a0charity Donetsk: Dnipro m\u00e1 ve\u013ek\u00e9 \u0165a\u017ekosti s \u013eu\u010fmi, ktor\u00ed s\u00fa \u0165a\u017eko chor\u00ed | Charita vo svete","description":"Ukrajinci, ktor\u00ed v\u00a0d\u00f4sledku vojny opustili svoje domovy z\u00a0frontov\u00fdch miest sa ocitli sa v hmotnej n\u00fadzi a \u010dasto aj s r\u00f4znymi traumami. Stovky ich b\u00fdva v\u00a0proviz\u00f3rne zriaden\u00fdch \u00fatulkoch v\u00a0Dnipre a\u00a0okol\u00ed, tis\u00edce kilometrov od svojich domovov.","robots":{"index":"index","follow":"follow","max-snippet":"max-snippet:-1","max-image-preview":"max-image-preview:large","max-video-preview":"max-video-preview:-1"},"canonical":"https:\/\/www.charita.sk\/svet\/svitlana-shukh-charita-donetsk\/","og_locale":"sk_SK","og_type":"article","og_title":"Svitlana Shukh z\u00a0charity Donetsk: Dnipro m\u00e1 ve\u013ek\u00e9 \u0165a\u017ekosti s \u013eu\u010fmi, ktor\u00ed s\u00fa \u0165a\u017eko chor\u00ed | Charita vo svete","og_description":"Ukrajinci, ktor\u00ed v\u00a0d\u00f4sledku vojny opustili svoje domovy z\u00a0frontov\u00fdch miest sa ocitli sa v hmotnej n\u00fadzi a \u010dasto aj s r\u00f4znymi traumami. Stovky ich b\u00fdva v\u00a0proviz\u00f3rne zriaden\u00fdch \u00fatulkoch v\u00a0Dnipre a\u00a0okol\u00ed, tis\u00edce kilometrov od svojich domovov.","og_url":"https:\/\/www.charita.sk\/svet\/svitlana-shukh-charita-donetsk\/","og_site_name":"Charita vo svete","article_publisher":"https:\/\/www.facebook.com\/CaritasSlovakia\/","article_published_time":"2023-06-26T09:26:05+00:00","article_modified_time":"2024-04-11T11:38:28+00:00","og_image":[{"width":784,"height":295,"url":"https:\/\/www.charita.sk\/svet\/wp-content\/uploads\/2023\/06\/svitlana-shukh-charita-donetsk-ukrajina.png","type":"image\/png"}],"author":"charita","twitter_card":"summary_large_image","twitter_misc":{"Autor":"charita","Predpokladan\u00fd \u010das \u010d\u00edtania":"5 min\u00fat"},"schema":{"@context":"https:\/\/schema.org","@graph":[{"@type":"Article","@id":"https:\/\/www.charita.sk\/svet\/svitlana-shukh-charita-donetsk\/#article","isPartOf":{"@id":"https:\/\/www.charita.sk\/svet\/svitlana-shukh-charita-donetsk\/"},"author":{"name":"charita","@id":"https:\/\/www.charita.sk\/svet\/#\/schema\/person\/5d4cac7d83d3ec0090a0c6bb00690ce4"},"headline":"Svitlana Shukh z\u00a0charity Donetsk: Dnipro m\u00e1 ve\u013ek\u00e9 \u0165a\u017ekosti s \u013eu\u010fmi, ktor\u00ed s\u00fa \u0165a\u017eko chor\u00ed","datePublished":"2023-06-26T09:26:05+00:00","dateModified":"2024-04-11T11:38:28+00:00","mainEntityOfPage":{"@id":"https:\/\/www.charita.sk\/svet\/svitlana-shukh-charita-donetsk\/"},"wordCount":830,"commentCount":0,"publisher":{"@id":"https:\/\/www.charita.sk\/svet\/#organization"},"image":{"@id":"https:\/\/www.charita.sk\/svet\/svitlana-shukh-charita-donetsk\/#primaryimage"},"thumbnailUrl":"https:\/\/www.charita.sk\/svet\/wp-content\/uploads\/2023\/06\/svitlana-shukh-charita-donetsk-ukrajina.png","keywords":["poukazky","slovakaid","ukrajina","zbierka"],"articleSection":["Ukrajina"],"inLanguage":"sk-SK","potentialAction":[{"@type":"CommentAction","name":"Comment","target":["https:\/\/www.charita.sk\/svet\/svitlana-shukh-charita-donetsk\/#respond"]}]},{"@type":"WebPage","@id":"https:\/\/www.charita.sk\/svet\/svitlana-shukh-charita-donetsk\/","url":"https:\/\/www.charita.sk\/svet\/svitlana-shukh-charita-donetsk\/","name":"Svitlana Shukh z\u00a0charity Donetsk: Dnipro m\u00e1 ve\u013ek\u00e9 \u0165a\u017ekosti s \u013eu\u010fmi, ktor\u00ed s\u00fa \u0165a\u017eko chor\u00ed | Charita vo svete","isPartOf":{"@id":"https:\/\/www.charita.sk\/svet\/#website"},"primaryImageOfPage":{"@id":"https:\/\/www.charita.sk\/svet\/svitlana-shukh-charita-donetsk\/#primaryimage"},"image":{"@id":"https:\/\/www.charita.sk\/svet\/svitlana-shukh-charita-donetsk\/#primaryimage"},"thumbnailUrl":"https:\/\/www.charita.sk\/svet\/wp-content\/uploads\/2023\/06\/svitlana-shukh-charita-donetsk-ukrajina.png","datePublished":"2023-06-26T09:26:05+00:00","dateModified":"2024-04-11T11:38:28+00:00","description":"Ukrajinci, ktor\u00ed v\u00a0d\u00f4sledku vojny opustili svoje domovy z\u00a0frontov\u00fdch miest sa ocitli sa v hmotnej n\u00fadzi a \u010dasto aj s r\u00f4znymi traumami. Stovky ich b\u00fdva v\u00a0proviz\u00f3rne zriaden\u00fdch \u00fatulkoch v\u00a0Dnipre a\u00a0okol\u00ed, tis\u00edce kilometrov od svojich domovov.","breadcrumb":{"@id":"https:\/\/www.charita.sk\/svet\/svitlana-shukh-charita-donetsk\/#breadcrumb"},"inLanguage":"sk-SK","potentialAction":[{"@type":"ReadAction","target":["https:\/\/www.charita.sk\/svet\/svitlana-shukh-charita-donetsk\/"]}]},{"@type":"ImageObject","inLanguage":"sk-SK","@id":"https:\/\/www.charita.sk\/svet\/svitlana-shukh-charita-donetsk\/#primaryimage","url":"https:\/\/www.charita.sk\/svet\/wp-content\/uploads\/2023\/06\/svitlana-shukh-charita-donetsk-ukrajina.png","contentUrl":"https:\/\/www.charita.sk\/svet\/wp-content\/uploads\/2023\/06\/svitlana-shukh-charita-donetsk-ukrajina.png","width":784,"height":295},{"@type":"BreadcrumbList","@id":"https:\/\/www.charita.sk\/svet\/svitlana-shukh-charita-donetsk\/#breadcrumb","itemListElement":[{"@type":"ListItem","position":1,"name":"Domovsk\u00e1 str\u00e1nka","item":"https:\/\/www.charita.sk\/svet\/"},{"@type":"ListItem","position":2,"name":"Svitlana Shukh z\u00a0charity Donetsk: Dnipro m\u00e1 ve\u013ek\u00e9 \u0165a\u017ekosti s \u013eu\u010fmi, ktor\u00ed s\u00fa \u0165a\u017eko chor\u00ed"}]},{"@type":"WebSite","@id":"https:\/\/www.charita.sk\/svet\/#website","url":"https:\/\/www.charita.sk\/svet\/","name":"Charita vo svete","description":"Slovensk\u00e1 katol\u00edcka charita pom\u00e1ha \u013eu\u010fom v n\u00fadzi vo svete","publisher":{"@id":"https:\/\/www.charita.sk\/svet\/#organization"},"potentialAction":[{"@type":"SearchAction","target":{"@type":"EntryPoint","urlTemplate":"https:\/\/www.charita.sk\/svet\/?s={search_term_string}"},"query-input":{"@type":"PropertyValueSpecification","valueRequired":true,"valueName":"search_term_string"}}],"inLanguage":"sk-SK"},{"@type":"Organization","@id":"https:\/\/www.charita.sk\/svet\/#organization","name":"Slovensk\u00e1 katol\u00edcka charita","url":"https:\/\/www.charita.sk\/svet\/","logo":{"@type":"ImageObject","inLanguage":"sk-SK","@id":"https:\/\/www.charita.sk\/svet\/#\/schema\/logo\/image\/","url":"https:\/\/www.charita.sk\/pomoc-utecencom\/wp-content\/uploads\/2020\/11\/logo_pomoc_utecencom.jpg","contentUrl":"https:\/\/www.charita.sk\/pomoc-utecencom\/wp-content\/uploads\/2020\/11\/logo_pomoc_utecencom.jpg","width":1712,"height":480,"caption":"Slovensk\u00e1 katol\u00edcka charita"},"image":{"@id":"https:\/\/www.charita.sk\/svet\/#\/schema\/logo\/image\/"},"sameAs":["https:\/\/www.facebook.com\/CaritasSlovakia\/","https:\/\/www.instagram.com\/caritas_slovakia\/","https:\/\/www.linkedin.com\/company\/caritas-slovakia-skch-","https:\/\/www.youtube.com\/user\/katolickacharita"]},{"@type":"Person","@id":"https:\/\/www.charita.sk\/svet\/#\/schema\/person\/5d4cac7d83d3ec0090a0c6bb00690ce4","name":"charita","image":{"@type":"ImageObject","inLanguage":"sk-SK","@id":"https:\/\/www.charita.sk\/svet\/#\/schema\/person\/image\/","url":"https:\/\/secure.gravatar.com\/avatar\/d2e7ea30dee1a0c7a6b7277bd2f993803c4622836c7e0130a97819af162a837b?s=96&d=mm&r=g","contentUrl":"https:\/\/secure.gravatar.com\/avatar\/d2e7ea30dee1a0c7a6b7277bd2f993803c4622836c7e0130a97819af162a837b?s=96&d=mm&r=g","caption":"charita"},"url":"https:\/\/www.charita.sk\/svet\/author\/charita\/"}]}},"featured_image_src":"https:\/\/www.charita.sk\/svet\/wp-content\/uploads\/2023\/06\/svitlana-shukh-charita-donetsk-ukrajina-600x295.png","featured_image_src_square":"https:\/\/www.charita.sk\/svet\/wp-content\/uploads\/2023\/06\/svitlana-shukh-charita-donetsk-ukrajina-600x295.png","author_info":{"display_name":"charita","author_link":"https:\/\/www.charita.sk\/svet\/author\/charita\/"},"_links":{"self":[{"href":"https:\/\/www.charita.sk\/svet\/wp-json\/wp\/v2\/posts\/2565","targetHints":{"allow":["GET"]}}],"collection":[{"href":"https:\/\/www.charita.sk\/svet\/wp-json\/wp\/v2\/posts"}],"about":[{"href":"https:\/\/www.charita.sk\/svet\/wp-json\/wp\/v2\/types\/post"}],"author":[{"embeddable":true,"href":"https:\/\/www.charita.sk\/svet\/wp-json\/wp\/v2\/users\/2"}],"replies":[{"embeddable":true,"href":"https:\/\/www.charita.sk\/svet\/wp-json\/wp\/v2\/comments?post=2565"}],"version-history":[{"count":22,"href":"https:\/\/www.charita.sk\/svet\/wp-json\/wp\/v2\/posts\/2565\/revisions"}],"predecessor-version":[{"id":2914,"href":"https:\/\/www.charita.sk\/svet\/wp-json\/wp\/v2\/posts\/2565\/revisions\/2914"}],"wp:featuredmedia":[{"embeddable":true,"href":"https:\/\/www.charita.sk\/svet\/wp-json\/wp\/v2\/media\/2587"}],"wp:attachment":[{"href":"https:\/\/www.charita.sk\/svet\/wp-json\/wp\/v2\/media?parent=2565"}],"wp:term":[{"taxonomy":"category","embeddable":true,"href":"https:\/\/www.charita.sk\/svet\/wp-json\/wp\/v2\/categories?post=2565"},{"taxonomy":"post_tag","embeddable":true,"href":"https:\/\/www.charita.sk\/svet\/wp-json\/wp\/v2\/tags?post=2565"}],"curies":[{"name":"wp","href":"https:\/\/api.w.org\/{rel}","templated":true}]}}