{"id":2620,"date":"2023-08-23T18:19:32","date_gmt":"2023-08-23T16:19:32","guid":{"rendered":"https:\/\/www.charita.sk\/pomoc-utecencom\/?p=2620"},"modified":"2023-08-23T18:19:34","modified_gmt":"2023-08-23T16:19:34","slug":"pomozte-rodine-v-dnipre-cez-beneficne-sprevadzanie-s-biskupom-halkom-uz-30-augusta-o-1700","status":"publish","type":"post","link":"https:\/\/www.charita.sk\/svet\/pomozte-rodine-v-dnipre-cez-beneficne-sprevadzanie-s-biskupom-halkom-uz-30-augusta-o-1700\/","title":{"rendered":"Pom\u00f4\u017ete rodine v Dnipre cez benefi\u010dn\u00e9 sprev\u00e1dzanie s biskupom Ha\u013ekom u\u017e 30.augusta o 17:00"},"content":{"rendered":"\n<p>Slovensk\u00e1 katol\u00edcka charita poz\u00fdva spolu s biskupom Jozefom Ha\u013ekom k adresnej pomoci rodine v ukrajinskom Dnipre. Pom\u00f4c\u0165 m\u00f4\u017eete po\u010das benefi\u010dn\u00e9ho sprev\u00e1dzania s n\u00e1zvom \u201eTajomstv\u00e1 Kapitulskej ulice.&#8220; Sprev\u00e1dzanie bude <a href=\"https:\/\/www.facebook.com\/jozef.halko.biskup\">LIVE na facebookovej str\u00e1nke Biskup Jozef Ha\u013eko<\/a> 30. augusta a za\u010d\u00edna o 17:00 . Te\u0161\u00edme sa na v\u00e1s!<\/p>\n\n\n\n<p><strong>Pre\u010d\u00edtajte si pr\u00edbeh rodiny, ktorej chcem v spolupr\u00e1ci s Caritas Donetsk pom\u00f4c\u0165<\/strong><\/p>\n\n\n\n<p>Ke\u010f vojaci na detskom ihrisku v Donecku mierili na Svitlanu, jej trojmesa\u010dn\u00e9ho syna a \u010fal\u0161ie matky s de\u0165mi, bola to posledn\u00e1 kvapka. S jej mu\u017eom Sergejom sa preto rozhodli, \u017ee od\u00eddu aspo\u0148 na v\u00edkend a &#8222;odd\u00fdchnu si&#8220; na p\u00e1r dn\u00ed v Mariupole. Vzali si len mal\u00fa pr\u00edru\u010dn\u00fa ta\u0161ku a nieko\u013eko plienok. Domov sa u\u017e nevr\u00e1tili. Bolo to v roku 2014, ke\u010f sa uch\u00fdlili do mesta Dnipro. Tam si na\u0161li priate\u013eov, tie\u017e vys\u00eddlencov, a&nbsp;pr\u00e1cu. Ke\u010f sa ned\u00e1vno vr\u00e1tili z rodinn\u00e9ho v\u00fdletu, videli, \u017ee detsk\u00e9 ihrisko, na ktorom sa hr\u00e1vali, je zni\u010den\u00e9 a&nbsp;v dome \u00falomky rakety. Od tej doby sa Svitlana nedok\u00e1\u017ee na noc vr\u00e1ti\u0165 domov. Zo strachu pred \u010fal\u0161\u00edmi raketov\u00fdmi \u00fatokmi, u\u017e tri mesiace spolu zo svojimi,&nbsp;teraz u\u017e dvom de\u0165mi, sp\u00e1va v pr\u00e1ci.<\/p>\n\n\n\n<p><strong>Pom\u00f4\u017ete n\u00e1m, pros\u00edm, pokry\u0165 n\u00e1klady na pren\u00e1jom domu pre t\u00fato rodinu v inej \u010dasti mesta, aby aj oni mohli d\u00f4stojne \u017ei\u0165 a pom\u00e1ha\u0165 druh\u00fdm.<\/strong><\/p>\n\n\n\n<p>Z\u00fa\u010dastnite sa benefi\u010dn\u00e9ho sprev\u00e1dzania po Kapitulskej ulici <a href=\"https:\/\/www.facebook.com\/jozef.halko.biskup\">LIVE na fanpage Biskup Jozef Ha\u013eko<\/a> a prispejte na dobr\u00fa vec. Tu m\u00f4\u017eete prispie\u0165 u\u017e teraz: <a href=\"https:\/\/charita.darujme.sk\/rodina-dnipro\/\">https:\/\/charita.darujme.sk\/rodina-dnipro\/<\/a><\/p>\n\n\n\n<p>\u010eakujeme\u00a0\u2764\ufe0f<\/p>\n","protected":false},"excerpt":{"rendered":"<p>Slovensk\u00e1 katol\u00edcka charita poz\u00fdva spolu s biskupom Jozefom Ha\u013ekom k adresnej pomoci [&hellip;]<\/p>\n","protected":false},"author":2,"featured_media":2621,"comment_status":"open","ping_status":"open","sticky":false,"template":"","format":"standard","meta":{"footnotes":""},"categories":[18],"tags":[19],"class_list":["post-2620","post","type-post","status-publish","format-standard","has-post-thumbnail","hentry","category-ukrajina","tag-ukrajina"],"yoast_head":"<!-- This site is optimized with the Yoast SEO plugin v25.4 - https:\/\/yoast.com\/wordpress\/plugins\/seo\/ -->\n<title>Pom\u00f4\u017ete rodine v Dnipre cez benefi\u010dn\u00e9 sprev\u00e1dzanie s biskupom Ha\u013ekom u\u017e 30.augusta o 17:00 | Charita vo svete<\/title>\n<meta name=\"robots\" content=\"index, follow, max-snippet:-1, max-image-preview:large, max-video-preview:-1\" \/>\n<link rel=\"canonical\" href=\"https:\/\/www.charita.sk\/svet\/pomozte-rodine-v-dnipre-cez-beneficne-sprevadzanie-s-biskupom-halkom-uz-30-augusta-o-1700\/\" \/>\n<meta property=\"og:locale\" content=\"sk_SK\" \/>\n<meta property=\"og:type\" content=\"article\" \/>\n<meta property=\"og:title\" content=\"Pom\u00f4\u017ete rodine v Dnipre cez benefi\u010dn\u00e9 sprev\u00e1dzanie s biskupom Ha\u013ekom u\u017e 30.augusta o 17:00 | Charita vo svete\" \/>\n<meta property=\"og:description\" content=\"Slovensk\u00e1 katol\u00edcka charita poz\u00fdva spolu s biskupom Jozefom Ha\u013ekom k adresnej pomoci [&hellip;]\" \/>\n<meta property=\"og:url\" content=\"https:\/\/www.charita.sk\/svet\/pomozte-rodine-v-dnipre-cez-beneficne-sprevadzanie-s-biskupom-halkom-uz-30-augusta-o-1700\/\" \/>\n<meta property=\"og:site_name\" content=\"Charita vo svete\" \/>\n<meta property=\"article:publisher\" content=\"https:\/\/www.facebook.com\/CaritasSlovakia\/\" \/>\n<meta property=\"article:published_time\" content=\"2023-08-23T16:19:32+00:00\" \/>\n<meta property=\"article:modified_time\" content=\"2023-08-23T16:19:34+00:00\" \/>\n<meta property=\"og:image\" content=\"https:\/\/www.charita.sk\/svet\/wp-content\/uploads\/2023\/08\/UA_beneficne_sprevadzanie-1024x724.png\" \/>\n\t<meta property=\"og:image:width\" content=\"1024\" \/>\n\t<meta property=\"og:image:height\" content=\"724\" \/>\n\t<meta property=\"og:image:type\" content=\"image\/png\" \/>\n<meta name=\"author\" content=\"charita\" \/>\n<meta name=\"twitter:card\" content=\"summary_large_image\" \/>\n<meta name=\"twitter:label1\" content=\"Autor\" \/>\n\t<meta name=\"twitter:data1\" content=\"charita\" \/>\n\t<meta name=\"twitter:label2\" content=\"Predpokladan\u00fd \u010das \u010d\u00edtania\" \/>\n\t<meta name=\"twitter:data2\" content=\"2 min\u00faty\" \/>\n<script type=\"application\/ld+json\" class=\"yoast-schema-graph\">{\"@context\":\"https:\/\/schema.org\",\"@graph\":[{\"@type\":\"Article\",\"@id\":\"https:\/\/www.charita.sk\/svet\/pomozte-rodine-v-dnipre-cez-beneficne-sprevadzanie-s-biskupom-halkom-uz-30-augusta-o-1700\/#article\",\"isPartOf\":{\"@id\":\"https:\/\/www.charita.sk\/svet\/pomozte-rodine-v-dnipre-cez-beneficne-sprevadzanie-s-biskupom-halkom-uz-30-augusta-o-1700\/\"},\"author\":{\"name\":\"charita\",\"@id\":\"https:\/\/www.charita.sk\/svet\/#\/schema\/person\/5d4cac7d83d3ec0090a0c6bb00690ce4\"},\"headline\":\"Pom\u00f4\u017ete rodine v Dnipre cez benefi\u010dn\u00e9 sprev\u00e1dzanie s biskupom Ha\u013ekom u\u017e 30.augusta o 17:00\",\"datePublished\":\"2023-08-23T16:19:32+00:00\",\"dateModified\":\"2023-08-23T16:19:34+00:00\",\"mainEntityOfPage\":{\"@id\":\"https:\/\/www.charita.sk\/svet\/pomozte-rodine-v-dnipre-cez-beneficne-sprevadzanie-s-biskupom-halkom-uz-30-augusta-o-1700\/\"},\"wordCount\":319,\"commentCount\":0,\"publisher\":{\"@id\":\"https:\/\/www.charita.sk\/svet\/#organization\"},\"image\":{\"@id\":\"https:\/\/www.charita.sk\/svet\/pomozte-rodine-v-dnipre-cez-beneficne-sprevadzanie-s-biskupom-halkom-uz-30-augusta-o-1700\/#primaryimage\"},\"thumbnailUrl\":\"https:\/\/www.charita.sk\/svet\/wp-content\/uploads\/2023\/08\/UA_beneficne_sprevadzanie.png\",\"keywords\":[\"ukrajina\"],\"articleSection\":[\"Ukrajina\"],\"inLanguage\":\"sk-SK\",\"potentialAction\":[{\"@type\":\"CommentAction\",\"name\":\"Comment\",\"target\":[\"https:\/\/www.charita.sk\/svet\/pomozte-rodine-v-dnipre-cez-beneficne-sprevadzanie-s-biskupom-halkom-uz-30-augusta-o-1700\/#respond\"]}]},{\"@type\":\"WebPage\",\"@id\":\"https:\/\/www.charita.sk\/svet\/pomozte-rodine-v-dnipre-cez-beneficne-sprevadzanie-s-biskupom-halkom-uz-30-augusta-o-1700\/\",\"url\":\"https:\/\/www.charita.sk\/svet\/pomozte-rodine-v-dnipre-cez-beneficne-sprevadzanie-s-biskupom-halkom-uz-30-augusta-o-1700\/\",\"name\":\"Pom\u00f4\u017ete rodine v Dnipre cez benefi\u010dn\u00e9 sprev\u00e1dzanie s biskupom Ha\u013ekom u\u017e 30.augusta o 17:00 | Charita vo svete\",\"isPartOf\":{\"@id\":\"https:\/\/www.charita.sk\/svet\/#website\"},\"primaryImageOfPage\":{\"@id\":\"https:\/\/www.charita.sk\/svet\/pomozte-rodine-v-dnipre-cez-beneficne-sprevadzanie-s-biskupom-halkom-uz-30-augusta-o-1700\/#primaryimage\"},\"image\":{\"@id\":\"https:\/\/www.charita.sk\/svet\/pomozte-rodine-v-dnipre-cez-beneficne-sprevadzanie-s-biskupom-halkom-uz-30-augusta-o-1700\/#primaryimage\"},\"thumbnailUrl\":\"https:\/\/www.charita.sk\/svet\/wp-content\/uploads\/2023\/08\/UA_beneficne_sprevadzanie.png\",\"datePublished\":\"2023-08-23T16:19:32+00:00\",\"dateModified\":\"2023-08-23T16:19:34+00:00\",\"breadcrumb\":{\"@id\":\"https:\/\/www.charita.sk\/svet\/pomozte-rodine-v-dnipre-cez-beneficne-sprevadzanie-s-biskupom-halkom-uz-30-augusta-o-1700\/#breadcrumb\"},\"inLanguage\":\"sk-SK\",\"potentialAction\":[{\"@type\":\"ReadAction\",\"target\":[\"https:\/\/www.charita.sk\/svet\/pomozte-rodine-v-dnipre-cez-beneficne-sprevadzanie-s-biskupom-halkom-uz-30-augusta-o-1700\/\"]}]},{\"@type\":\"ImageObject\",\"inLanguage\":\"sk-SK\",\"@id\":\"https:\/\/www.charita.sk\/svet\/pomozte-rodine-v-dnipre-cez-beneficne-sprevadzanie-s-biskupom-halkom-uz-30-augusta-o-1700\/#primaryimage\",\"url\":\"https:\/\/www.charita.sk\/svet\/wp-content\/uploads\/2023\/08\/UA_beneficne_sprevadzanie.png\",\"contentUrl\":\"https:\/\/www.charita.sk\/svet\/wp-content\/uploads\/2023\/08\/UA_beneficne_sprevadzanie.png\",\"width\":3508,\"height\":2481},{\"@type\":\"BreadcrumbList\",\"@id\":\"https:\/\/www.charita.sk\/svet\/pomozte-rodine-v-dnipre-cez-beneficne-sprevadzanie-s-biskupom-halkom-uz-30-augusta-o-1700\/#breadcrumb\",\"itemListElement\":[{\"@type\":\"ListItem\",\"position\":1,\"name\":\"Domovsk\u00e1 str\u00e1nka\",\"item\":\"https:\/\/www.charita.sk\/svet\/\"},{\"@type\":\"ListItem\",\"position\":2,\"name\":\"Pom\u00f4\u017ete rodine v Dnipre cez benefi\u010dn\u00e9 sprev\u00e1dzanie s biskupom Ha\u013ekom u\u017e 30.augusta o 17:00\"}]},{\"@type\":\"WebSite\",\"@id\":\"https:\/\/www.charita.sk\/svet\/#website\",\"url\":\"https:\/\/www.charita.sk\/svet\/\",\"name\":\"Charita vo svete\",\"description\":\"Slovensk\u00e1 katol\u00edcka charita pom\u00e1ha \u013eu\u010fom v n\u00fadzi vo svete\",\"publisher\":{\"@id\":\"https:\/\/www.charita.sk\/svet\/#organization\"},\"potentialAction\":[{\"@type\":\"SearchAction\",\"target\":{\"@type\":\"EntryPoint\",\"urlTemplate\":\"https:\/\/www.charita.sk\/svet\/?s={search_term_string}\"},\"query-input\":{\"@type\":\"PropertyValueSpecification\",\"valueRequired\":true,\"valueName\":\"search_term_string\"}}],\"inLanguage\":\"sk-SK\"},{\"@type\":\"Organization\",\"@id\":\"https:\/\/www.charita.sk\/svet\/#organization\",\"name\":\"Slovensk\u00e1 katol\u00edcka charita\",\"url\":\"https:\/\/www.charita.sk\/svet\/\",\"logo\":{\"@type\":\"ImageObject\",\"inLanguage\":\"sk-SK\",\"@id\":\"https:\/\/www.charita.sk\/svet\/#\/schema\/logo\/image\/\",\"url\":\"https:\/\/www.charita.sk\/pomoc-utecencom\/wp-content\/uploads\/2020\/11\/logo_pomoc_utecencom.jpg\",\"contentUrl\":\"https:\/\/www.charita.sk\/pomoc-utecencom\/wp-content\/uploads\/2020\/11\/logo_pomoc_utecencom.jpg\",\"width\":1712,\"height\":480,\"caption\":\"Slovensk\u00e1 katol\u00edcka charita\"},\"image\":{\"@id\":\"https:\/\/www.charita.sk\/svet\/#\/schema\/logo\/image\/\"},\"sameAs\":[\"https:\/\/www.facebook.com\/CaritasSlovakia\/\",\"https:\/\/www.instagram.com\/caritas_slovakia\/\",\"https:\/\/www.linkedin.com\/company\/caritas-slovakia-skch-\",\"https:\/\/www.youtube.com\/user\/katolickacharita\"]},{\"@type\":\"Person\",\"@id\":\"https:\/\/www.charita.sk\/svet\/#\/schema\/person\/5d4cac7d83d3ec0090a0c6bb00690ce4\",\"name\":\"charita\",\"image\":{\"@type\":\"ImageObject\",\"inLanguage\":\"sk-SK\",\"@id\":\"https:\/\/www.charita.sk\/svet\/#\/schema\/person\/image\/\",\"url\":\"https:\/\/secure.gravatar.com\/avatar\/d2e7ea30dee1a0c7a6b7277bd2f993803c4622836c7e0130a97819af162a837b?s=96&d=mm&r=g\",\"contentUrl\":\"https:\/\/secure.gravatar.com\/avatar\/d2e7ea30dee1a0c7a6b7277bd2f993803c4622836c7e0130a97819af162a837b?s=96&d=mm&r=g\",\"caption\":\"charita\"},\"url\":\"https:\/\/www.charita.sk\/svet\/author\/charita\/\"}]}<\/script>\n<!-- \/ Yoast SEO plugin. -->","yoast_head_json":{"title":"Pom\u00f4\u017ete rodine v Dnipre cez benefi\u010dn\u00e9 sprev\u00e1dzanie s biskupom Ha\u013ekom u\u017e 30.augusta o 17:00 | Charita vo svete","robots":{"index":"index","follow":"follow","max-snippet":"max-snippet:-1","max-image-preview":"max-image-preview:large","max-video-preview":"max-video-preview:-1"},"canonical":"https:\/\/www.charita.sk\/svet\/pomozte-rodine-v-dnipre-cez-beneficne-sprevadzanie-s-biskupom-halkom-uz-30-augusta-o-1700\/","og_locale":"sk_SK","og_type":"article","og_title":"Pom\u00f4\u017ete rodine v Dnipre cez benefi\u010dn\u00e9 sprev\u00e1dzanie s biskupom Ha\u013ekom u\u017e 30.augusta o 17:00 | Charita vo svete","og_description":"Slovensk\u00e1 katol\u00edcka charita poz\u00fdva spolu s biskupom Jozefom Ha\u013ekom k adresnej pomoci [&hellip;]","og_url":"https:\/\/www.charita.sk\/svet\/pomozte-rodine-v-dnipre-cez-beneficne-sprevadzanie-s-biskupom-halkom-uz-30-augusta-o-1700\/","og_site_name":"Charita vo svete","article_publisher":"https:\/\/www.facebook.com\/CaritasSlovakia\/","article_published_time":"2023-08-23T16:19:32+00:00","article_modified_time":"2023-08-23T16:19:34+00:00","og_image":[{"width":1024,"height":724,"url":"https:\/\/www.charita.sk\/svet\/wp-content\/uploads\/2023\/08\/UA_beneficne_sprevadzanie-1024x724.png","type":"image\/png"}],"author":"charita","twitter_card":"summary_large_image","twitter_misc":{"Autor":"charita","Predpokladan\u00fd \u010das \u010d\u00edtania":"2 min\u00faty"},"schema":{"@context":"https:\/\/schema.org","@graph":[{"@type":"Article","@id":"https:\/\/www.charita.sk\/svet\/pomozte-rodine-v-dnipre-cez-beneficne-sprevadzanie-s-biskupom-halkom-uz-30-augusta-o-1700\/#article","isPartOf":{"@id":"https:\/\/www.charita.sk\/svet\/pomozte-rodine-v-dnipre-cez-beneficne-sprevadzanie-s-biskupom-halkom-uz-30-augusta-o-1700\/"},"author":{"name":"charita","@id":"https:\/\/www.charita.sk\/svet\/#\/schema\/person\/5d4cac7d83d3ec0090a0c6bb00690ce4"},"headline":"Pom\u00f4\u017ete rodine v Dnipre cez benefi\u010dn\u00e9 sprev\u00e1dzanie s biskupom Ha\u013ekom u\u017e 30.augusta o 17:00","datePublished":"2023-08-23T16:19:32+00:00","dateModified":"2023-08-23T16:19:34+00:00","mainEntityOfPage":{"@id":"https:\/\/www.charita.sk\/svet\/pomozte-rodine-v-dnipre-cez-beneficne-sprevadzanie-s-biskupom-halkom-uz-30-augusta-o-1700\/"},"wordCount":319,"commentCount":0,"publisher":{"@id":"https:\/\/www.charita.sk\/svet\/#organization"},"image":{"@id":"https:\/\/www.charita.sk\/svet\/pomozte-rodine-v-dnipre-cez-beneficne-sprevadzanie-s-biskupom-halkom-uz-30-augusta-o-1700\/#primaryimage"},"thumbnailUrl":"https:\/\/www.charita.sk\/svet\/wp-content\/uploads\/2023\/08\/UA_beneficne_sprevadzanie.png","keywords":["ukrajina"],"articleSection":["Ukrajina"],"inLanguage":"sk-SK","potentialAction":[{"@type":"CommentAction","name":"Comment","target":["https:\/\/www.charita.sk\/svet\/pomozte-rodine-v-dnipre-cez-beneficne-sprevadzanie-s-biskupom-halkom-uz-30-augusta-o-1700\/#respond"]}]},{"@type":"WebPage","@id":"https:\/\/www.charita.sk\/svet\/pomozte-rodine-v-dnipre-cez-beneficne-sprevadzanie-s-biskupom-halkom-uz-30-augusta-o-1700\/","url":"https:\/\/www.charita.sk\/svet\/pomozte-rodine-v-dnipre-cez-beneficne-sprevadzanie-s-biskupom-halkom-uz-30-augusta-o-1700\/","name":"Pom\u00f4\u017ete rodine v Dnipre cez benefi\u010dn\u00e9 sprev\u00e1dzanie s biskupom Ha\u013ekom u\u017e 30.augusta o 17:00 | Charita vo svete","isPartOf":{"@id":"https:\/\/www.charita.sk\/svet\/#website"},"primaryImageOfPage":{"@id":"https:\/\/www.charita.sk\/svet\/pomozte-rodine-v-dnipre-cez-beneficne-sprevadzanie-s-biskupom-halkom-uz-30-augusta-o-1700\/#primaryimage"},"image":{"@id":"https:\/\/www.charita.sk\/svet\/pomozte-rodine-v-dnipre-cez-beneficne-sprevadzanie-s-biskupom-halkom-uz-30-augusta-o-1700\/#primaryimage"},"thumbnailUrl":"https:\/\/www.charita.sk\/svet\/wp-content\/uploads\/2023\/08\/UA_beneficne_sprevadzanie.png","datePublished":"2023-08-23T16:19:32+00:00","dateModified":"2023-08-23T16:19:34+00:00","breadcrumb":{"@id":"https:\/\/www.charita.sk\/svet\/pomozte-rodine-v-dnipre-cez-beneficne-sprevadzanie-s-biskupom-halkom-uz-30-augusta-o-1700\/#breadcrumb"},"inLanguage":"sk-SK","potentialAction":[{"@type":"ReadAction","target":["https:\/\/www.charita.sk\/svet\/pomozte-rodine-v-dnipre-cez-beneficne-sprevadzanie-s-biskupom-halkom-uz-30-augusta-o-1700\/"]}]},{"@type":"ImageObject","inLanguage":"sk-SK","@id":"https:\/\/www.charita.sk\/svet\/pomozte-rodine-v-dnipre-cez-beneficne-sprevadzanie-s-biskupom-halkom-uz-30-augusta-o-1700\/#primaryimage","url":"https:\/\/www.charita.sk\/svet\/wp-content\/uploads\/2023\/08\/UA_beneficne_sprevadzanie.png","contentUrl":"https:\/\/www.charita.sk\/svet\/wp-content\/uploads\/2023\/08\/UA_beneficne_sprevadzanie.png","width":3508,"height":2481},{"@type":"BreadcrumbList","@id":"https:\/\/www.charita.sk\/svet\/pomozte-rodine-v-dnipre-cez-beneficne-sprevadzanie-s-biskupom-halkom-uz-30-augusta-o-1700\/#breadcrumb","itemListElement":[{"@type":"ListItem","position":1,"name":"Domovsk\u00e1 str\u00e1nka","item":"https:\/\/www.charita.sk\/svet\/"},{"@type":"ListItem","position":2,"name":"Pom\u00f4\u017ete rodine v Dnipre cez benefi\u010dn\u00e9 sprev\u00e1dzanie s biskupom Ha\u013ekom u\u017e 30.augusta o 17:00"}]},{"@type":"WebSite","@id":"https:\/\/www.charita.sk\/svet\/#website","url":"https:\/\/www.charita.sk\/svet\/","name":"Charita vo svete","description":"Slovensk\u00e1 katol\u00edcka charita pom\u00e1ha \u013eu\u010fom v n\u00fadzi vo svete","publisher":{"@id":"https:\/\/www.charita.sk\/svet\/#organization"},"potentialAction":[{"@type":"SearchAction","target":{"@type":"EntryPoint","urlTemplate":"https:\/\/www.charita.sk\/svet\/?s={search_term_string}"},"query-input":{"@type":"PropertyValueSpecification","valueRequired":true,"valueName":"search_term_string"}}],"inLanguage":"sk-SK"},{"@type":"Organization","@id":"https:\/\/www.charita.sk\/svet\/#organization","name":"Slovensk\u00e1 katol\u00edcka charita","url":"https:\/\/www.charita.sk\/svet\/","logo":{"@type":"ImageObject","inLanguage":"sk-SK","@id":"https:\/\/www.charita.sk\/svet\/#\/schema\/logo\/image\/","url":"https:\/\/www.charita.sk\/pomoc-utecencom\/wp-content\/uploads\/2020\/11\/logo_pomoc_utecencom.jpg","contentUrl":"https:\/\/www.charita.sk\/pomoc-utecencom\/wp-content\/uploads\/2020\/11\/logo_pomoc_utecencom.jpg","width":1712,"height":480,"caption":"Slovensk\u00e1 katol\u00edcka charita"},"image":{"@id":"https:\/\/www.charita.sk\/svet\/#\/schema\/logo\/image\/"},"sameAs":["https:\/\/www.facebook.com\/CaritasSlovakia\/","https:\/\/www.instagram.com\/caritas_slovakia\/","https:\/\/www.linkedin.com\/company\/caritas-slovakia-skch-","https:\/\/www.youtube.com\/user\/katolickacharita"]},{"@type":"Person","@id":"https:\/\/www.charita.sk\/svet\/#\/schema\/person\/5d4cac7d83d3ec0090a0c6bb00690ce4","name":"charita","image":{"@type":"ImageObject","inLanguage":"sk-SK","@id":"https:\/\/www.charita.sk\/svet\/#\/schema\/person\/image\/","url":"https:\/\/secure.gravatar.com\/avatar\/d2e7ea30dee1a0c7a6b7277bd2f993803c4622836c7e0130a97819af162a837b?s=96&d=mm&r=g","contentUrl":"https:\/\/secure.gravatar.com\/avatar\/d2e7ea30dee1a0c7a6b7277bd2f993803c4622836c7e0130a97819af162a837b?s=96&d=mm&r=g","caption":"charita"},"url":"https:\/\/www.charita.sk\/svet\/author\/charita\/"}]}},"featured_image_src":"https:\/\/www.charita.sk\/svet\/wp-content\/uploads\/2023\/08\/UA_beneficne_sprevadzanie-600x400.png","featured_image_src_square":"https:\/\/www.charita.sk\/svet\/wp-content\/uploads\/2023\/08\/UA_beneficne_sprevadzanie-600x600.png","author_info":{"display_name":"charita","author_link":"https:\/\/www.charita.sk\/svet\/author\/charita\/"},"_links":{"self":[{"href":"https:\/\/www.charita.sk\/svet\/wp-json\/wp\/v2\/posts\/2620","targetHints":{"allow":["GET"]}}],"collection":[{"href":"https:\/\/www.charita.sk\/svet\/wp-json\/wp\/v2\/posts"}],"about":[{"href":"https:\/\/www.charita.sk\/svet\/wp-json\/wp\/v2\/types\/post"}],"author":[{"embeddable":true,"href":"https:\/\/www.charita.sk\/svet\/wp-json\/wp\/v2\/users\/2"}],"replies":[{"embeddable":true,"href":"https:\/\/www.charita.sk\/svet\/wp-json\/wp\/v2\/comments?post=2620"}],"version-history":[{"count":1,"href":"https:\/\/www.charita.sk\/svet\/wp-json\/wp\/v2\/posts\/2620\/revisions"}],"predecessor-version":[{"id":2622,"href":"https:\/\/www.charita.sk\/svet\/wp-json\/wp\/v2\/posts\/2620\/revisions\/2622"}],"wp:featuredmedia":[{"embeddable":true,"href":"https:\/\/www.charita.sk\/svet\/wp-json\/wp\/v2\/media\/2621"}],"wp:attachment":[{"href":"https:\/\/www.charita.sk\/svet\/wp-json\/wp\/v2\/media?parent=2620"}],"wp:term":[{"taxonomy":"category","embeddable":true,"href":"https:\/\/www.charita.sk\/svet\/wp-json\/wp\/v2\/categories?post=2620"},{"taxonomy":"post_tag","embeddable":true,"href":"https:\/\/www.charita.sk\/svet\/wp-json\/wp\/v2\/tags?post=2620"}],"curies":[{"name":"wp","href":"https:\/\/api.w.org\/{rel}","templated":true}]}}