{"id":2680,"date":"2023-09-05T17:03:32","date_gmt":"2023-09-05T15:03:32","guid":{"rendered":"https:\/\/www.charita.sk\/pomoc-utecencom\/?p=2680"},"modified":"2023-09-05T17:03:37","modified_gmt":"2023-09-05T15:03:37","slug":"zapisky-zo-syrie-biskup-mourad-zazil-unos-isis-na-vlastnej-kozi","status":"publish","type":"post","link":"https:\/\/www.charita.sk\/svet\/zapisky-zo-syrie-biskup-mourad-zazil-unos-isis-na-vlastnej-kozi\/","title":{"rendered":"Z\u00e1pisky zo S\u00fdrie\/ Biskup Mourad za\u017eil \u00fanos ISIS na vlastnej ko\u017ei"},"content":{"rendered":"\n<p><em>\u201eV\u017edy ke\u010f vkro\u010dili do na\u0161ej k\u00fape\u013ene, za\u010dali ma bi\u0165 a surovo mi nad\u00e1va\u0165, pozeral som sa im do o\u010di s milosrdenstvom. Zdalo sa mi toti\u017e, \u017ee to oni s\u00fa tu v\u00e4zni. Pr\u00e1ve toto ma pripravilo na m\u00f4j teraj\u0161\u00ed \u017eivot. Na to streta\u0165 sa s nimi a \u017ei\u0165 s nimi,\u201c<\/em> hovor\u00ed o\u00a0svojom \u00fanose d\u017eih\u00e1distami Jacques Mourad, 55-ro\u010dn\u00fd arcibiskup s\u00fdrsko katol\u00edckej cirkvi s\u00eddliaci v\u00a0Homse.<\/p>\n\n\n\n<p><strong>\u017divot mn\u00edch v Deir Mar Musa<\/strong><\/p>\n\n\n\n<p>Na monitorovacej ceste po S\u00fdrii a\u00a0Libanone sme ho nav\u0161t\u00edvili, spoznali sa, nadviazali partnerstvo a zistili ako mu m\u00f4\u017eeme v\u00a0jeho nam\u00e1havej \u00falohe pom\u00f4c\u0165. Hoci je biskupom len od marca, vo svojej v\u00edzii m\u00e1 jasno: <em>\u201eMoja v\u00edzia cirkvi v bud\u00facnosti je aby nebola uzavret\u00e1 v dedin\u00e1ch, farnostiach a komunit\u00e1ch, ale mus\u00ed by\u0165 mostom medzi v\u0161etk\u00fdmi \u013eu\u010fmi.\u201c<\/em> Pr\u00e1ve preto podpor\u00ed Charita zo Zbierky na pomoc prenasledovan\u00fdm kres\u0165anom a\u00a0ute\u010dencom kl\u00e1\u0161tor Deir Mar Musa, v\u00a0ktorom za\u010dal arcibiskup Mourad svoj mn\u00ed\u0161sky \u017eivot. Mn\u00edsi a\u00a0mn\u00ed\u0161ky v\u00a0tomto kl\u00e1\u0161tore z\u00a0polovice 6. storo\u010dia buduj\u00fa dial\u00f3g s\u00a0moslimami, h\u013eadaj\u00facimi a\u00a0\u013eu\u010fmi v\u0161etk\u00fdch n\u00e1bo\u017eenstiev. Rekon\u0161trukcia vy\u0161e 100 okien a\u00a0dver\u00ed za\u010d\u00edna tento september. V\u00a0kl\u00e1\u0161tore postavenom na \u00fabo\u010d\u00ed h\u00f4r s\u00a0v\u00fdh\u013eadom len na p\u00fa\u0161\u0165 sa odpustenie a\u00a0zmierenie medzi n\u00e1bo\u017eenstvami aj re\u00e1lne deje. Ka\u017ed\u00fd vn\u00fatorn\u00fd postoj otca arcibiskupa to len potvrdzuje: <em>\u201ePre n\u00e1s kres\u0165anov sa vo vz\u0165ahu k moslimom vojnou ni\u010d nezmenilo. Politici a radik\u00e1li buduj\u00fa rozdelenie, ale my kres\u0165ania v S\u00fdrii m\u00e1me jasn\u00fa cestu &#8211; by\u0165 bl\u00edzko v\u0161etk\u00fdm \u013eudom. To je na\u0161e svedectvo. Toto je cesta, ktor\u00e1 potvrdzuje na\u0161u identitu Je\u017ei\u0161ov\u00fdch u\u010den\u00edkov.\u201c<\/em> Do kl\u00e1\u0161tora chodievaj\u00fa po\u010das roka n\u00e1v\u0161tevy zo S\u00fdrie a\u00a0\u010fal\u0161\u00edch kraj\u00edn. Ka\u017ed\u00fd hos\u0165 je pozvan\u00fd prida\u0165 sa k\u00a0rytmu modlitby a\u00a0pr\u00e1ce. <em>\u201eKe\u010f sa ma k\u0148az sp\u00fdtal pri prin\u00e1\u0161an\u00ed obetn\u00fdch darov, \u017ee za \u010do obetujem t\u00fato sv\u00e4t\u00fa om\u0161u, bol som zasko\u010den\u00fd. Do liturgie v\u0161ak zap\u00e1jal \u00faplne v\u0161etk\u00fdch. Na t\u00fato sv\u00e4t\u00fa om\u0161u nikdy nezabudnem,\u201c<\/em> opisuje svoj z\u00e1\u017eitok n\u00e1\u0161 kolega Morees Gaggi, projektov\u00fd mana\u017e\u00e9r SKCH, ktor\u00fd sa ako irack\u00fd kres\u0165an dostal na Slovensko a\u00a0od decembra m\u00e1 na starosti projekty pomoci prenasledovan\u00fdm kres\u0165anom a\u00a0ute\u010dencom na Bl\u00edzkom v\u00fdchode.<\/p>\n\n\n\n<figure class=\"wp-block-gallery has-nested-images columns-default is-cropped wp-block-gallery-1 is-layout-flex wp-block-gallery-is-layout-flex\">\n<figure class=\"wp-block-image size-large\"><a href=\"https:\/\/www.charita.sk\/svet\/wp-content\/uploads\/2023\/09\/359824938_234227192890707_2264111622347835044_n.jpg\"><img fetchpriority=\"high\" decoding=\"async\" width=\"1024\" height=\"683\" data-id=\"2685\" src=\"https:\/\/www.charita.sk\/svet\/wp-content\/uploads\/2023\/09\/359824938_234227192890707_2264111622347835044_n-1024x683.jpg\" alt=\"\" class=\"wp-image-2685\" srcset=\"https:\/\/www.charita.sk\/svet\/wp-content\/uploads\/2023\/09\/359824938_234227192890707_2264111622347835044_n-1024x683.jpg 1024w, https:\/\/www.charita.sk\/svet\/wp-content\/uploads\/2023\/09\/359824938_234227192890707_2264111622347835044_n-300x200.jpg 300w, https:\/\/www.charita.sk\/svet\/wp-content\/uploads\/2023\/09\/359824938_234227192890707_2264111622347835044_n-768x512.jpg 768w, https:\/\/www.charita.sk\/svet\/wp-content\/uploads\/2023\/09\/359824938_234227192890707_2264111622347835044_n-1536x1024.jpg 1536w, https:\/\/www.charita.sk\/svet\/wp-content\/uploads\/2023\/09\/359824938_234227192890707_2264111622347835044_n-600x400.jpg 600w, https:\/\/www.charita.sk\/svet\/wp-content\/uploads\/2023\/09\/359824938_234227192890707_2264111622347835044_n.jpg 1620w\" sizes=\"(max-width: 1024px) 100vw, 1024px\" \/><\/a><\/figure>\n\n\n\n<figure class=\"wp-block-image size-large\"><a href=\"https:\/\/www.charita.sk\/svet\/wp-content\/uploads\/2023\/09\/359483872_234227666223993_3368164225109206378_n.jpg\"><img decoding=\"async\" width=\"1024\" height=\"683\" data-id=\"2686\" src=\"https:\/\/www.charita.sk\/svet\/wp-content\/uploads\/2023\/09\/359483872_234227666223993_3368164225109206378_n-1024x683.jpg\" alt=\"\" class=\"wp-image-2686\" srcset=\"https:\/\/www.charita.sk\/svet\/wp-content\/uploads\/2023\/09\/359483872_234227666223993_3368164225109206378_n-1024x683.jpg 1024w, https:\/\/www.charita.sk\/svet\/wp-content\/uploads\/2023\/09\/359483872_234227666223993_3368164225109206378_n-300x200.jpg 300w, https:\/\/www.charita.sk\/svet\/wp-content\/uploads\/2023\/09\/359483872_234227666223993_3368164225109206378_n-768x512.jpg 768w, https:\/\/www.charita.sk\/svet\/wp-content\/uploads\/2023\/09\/359483872_234227666223993_3368164225109206378_n-1536x1024.jpg 1536w, https:\/\/www.charita.sk\/svet\/wp-content\/uploads\/2023\/09\/359483872_234227666223993_3368164225109206378_n-600x400.jpg 600w, https:\/\/www.charita.sk\/svet\/wp-content\/uploads\/2023\/09\/359483872_234227666223993_3368164225109206378_n.jpg 1620w\" sizes=\"(max-width: 1024px) 100vw, 1024px\" \/><\/a><\/figure>\n\n\n\n<figure class=\"wp-block-image size-large\"><a href=\"https:\/\/www.charita.sk\/svet\/wp-content\/uploads\/2023\/09\/359831570_234228069557286_4199438459337589037_n.jpg\"><img decoding=\"async\" width=\"1024\" height=\"683\" data-id=\"2687\" src=\"https:\/\/www.charita.sk\/svet\/wp-content\/uploads\/2023\/09\/359831570_234228069557286_4199438459337589037_n-1024x683.jpg\" alt=\"\" class=\"wp-image-2687\" srcset=\"https:\/\/www.charita.sk\/svet\/wp-content\/uploads\/2023\/09\/359831570_234228069557286_4199438459337589037_n-1024x683.jpg 1024w, https:\/\/www.charita.sk\/svet\/wp-content\/uploads\/2023\/09\/359831570_234228069557286_4199438459337589037_n-300x200.jpg 300w, https:\/\/www.charita.sk\/svet\/wp-content\/uploads\/2023\/09\/359831570_234228069557286_4199438459337589037_n-768x512.jpg 768w, https:\/\/www.charita.sk\/svet\/wp-content\/uploads\/2023\/09\/359831570_234228069557286_4199438459337589037_n-1536x1024.jpg 1536w, https:\/\/www.charita.sk\/svet\/wp-content\/uploads\/2023\/09\/359831570_234228069557286_4199438459337589037_n-600x400.jpg 600w, https:\/\/www.charita.sk\/svet\/wp-content\/uploads\/2023\/09\/359831570_234228069557286_4199438459337589037_n.jpg 1620w\" sizes=\"(max-width: 1024px) 100vw, 1024px\" \/><\/a><\/figure>\n<figcaption class=\"blocks-gallery-caption wp-element-caption\">\ud83d\udcf8 Z\u00e1bery z kl\u00e1\u0161tora Deir Mar Musa, Al Nabk, S\u00fdria.<\/figcaption><\/figure>\n\n\n\n<p><strong>O \u00fanose ISIS<\/strong><\/p>\n\n\n\n<p>Arcibiskup Mourad bol v\u00f4bec prv\u00fdm mn\u00edchom, ktor\u00fd za\u010dal \u017ei\u0165 v\u00a0tomto kl\u00e1\u0161tore potom \u010do bol od 18. storo\u010dia opusten\u00fd. P\u00e1n v\u0161ak pred neho polo\u017eil nov\u00e9 v\u00fdzvy: <em>\u201eNebolo to pre m\u0148a \u013eahk\u00e9 ke\u010f som sa dozvedel, \u017ee by som mal by\u0165 biskupom. Bral som to ako nov\u00fa cestu od Boha pre m\u0148a osobne. V 2014 som toti\u017e tak\u00fato ponuku odmietol. Teraz som to v\u0161ak nemohol urobi\u0165. Cirkev je toti\u017e misijn\u00e1 a tak som vyst\u00fapil zo svojho zau\u017e\u00edvan\u00e9ho poriadku.\u201c<\/em> Po\u010das 5-mesa\u010dn\u00e9ho zajatia bojovn\u00edkmi Islamsk\u00e9ho \u0161t\u00e1tu mal aj on chv\u00edle, ke\u010f jeho viera prech\u00e1dzala sk\u00fa\u0161kami: <em>\u201ePrv\u00fdkr\u00e1t, ke\u010f som po\u010dul vetu, \u017ee ak nekonvertujem na islam tak ma zabij\u00fa, som ve\u013emi plakal. Len som sa modlil k Panne M\u00e1rii a ona mi dala pokoj do srdca. V\u017edy ke\u010f som sa c\u00edtil s\u00e1m a bezn\u00e1dejne, za\u010dal som sa modli\u0165 ru\u017eenec a pokoj op\u00e4\u0165 pri\u0161iel.\u201c<\/em> Ovoc\u00edm modlitieb a\u00a0jeho vernosti bol tie\u017e \u00fatek zo zajatia pri bombardovan\u00ed. <em>\u201eUtiec\u0165 mi pomohli sunnitsk\u00ed moslimovia z\u00a0mesta, kde som p\u00f4sobil. Utiekol som na motorke v\u00a0prestrojen\u00ed v\u00a0nik\u00e1be. V ten de\u0148 t\u00edto moji moslimsk\u00ed priatelia pomohli \u010fal\u0161\u00edm 58 kres\u0165anom,\u201c<\/em> dod\u00e1va pokorne.<\/p>\n\n\n\n<p><strong>Pomoc po zemetrasen\u00ed<\/strong><\/p>\n\n\n\n<p>Zatia\u013e poslednou sk\u00fa\u0161kou nielen pre kres\u0165anov, ale pre v\u0161etk\u00fdch \u013eud\u00ed v\u00a0S\u00fdrii bolo ni\u010div\u00e9 zemetrasenie spred 7 mesiacov. Podp\u00edsalo sa to aj na budove cirkevnej \u0161koly v\u00a0Hame. Riadite\u013ekou je tu sestra otca arcibiskupa Mourada, ktor\u00e1 je z\u00e1rove\u0148 reho\u013enou sestrou. <em>\u201eDo na\u0161ej \u0161koly chodievaj\u00fa spolu kres\u0165ansk\u00e9 aj moslimsk\u00e9 deti. Je d\u00f4le\u017eit\u00e9, aby fungovali spolo\u010dne. Praskliny na sten\u00e1ch sme si dok\u00e1zali opravi\u0165 svojpomocne. Posilni\u0165 nosn\u00e9 st\u013apy, ktor\u00e9 dr\u017eia horn\u00e9 poschodie v\u0161ak u\u017e nie je v\u00a0na\u0161ich sil\u00e1ch,\u201c<\/em> opisuje pani riadite\u013eka. Z Charity pl\u00e1nujeme podpori\u0165 obnovu tejto \u0161koly, ktor\u00e1 je jedinou cirkevnou \u0161kolou v\u00a0meste. Otec arcibiskup na pon\u00faknut\u00ed pomoc s\u00a0v\u010fakou odpovedal: <em>\u201eJe Bo\u017eia v\u00f4\u013ea, aby sme tu boli, lebo my sme kvasom aj pre moslimov. My ako kres\u0165ania nez\u00e1vis\u00edme toti\u017e na pozemkoch a zemi, ale na Bohu.\u201c<\/em><\/p>\n\n\n\n<figure class=\"wp-block-gallery has-nested-images columns-default is-cropped wp-block-gallery-2 is-layout-flex wp-block-gallery-is-layout-flex\">\n<figure class=\"wp-block-image size-large\"><a href=\"https:\/\/www.charita.sk\/svet\/wp-content\/uploads\/2023\/09\/361921278_236227746023985_1742649027258922367_n.jpg\"><img loading=\"lazy\" decoding=\"async\" width=\"1024\" height=\"683\" data-id=\"2683\" src=\"https:\/\/www.charita.sk\/svet\/wp-content\/uploads\/2023\/09\/361921278_236227746023985_1742649027258922367_n-1024x683.jpg\" alt=\"\" class=\"wp-image-2683\" srcset=\"https:\/\/www.charita.sk\/svet\/wp-content\/uploads\/2023\/09\/361921278_236227746023985_1742649027258922367_n-1024x683.jpg 1024w, https:\/\/www.charita.sk\/svet\/wp-content\/uploads\/2023\/09\/361921278_236227746023985_1742649027258922367_n-300x200.jpg 300w, https:\/\/www.charita.sk\/svet\/wp-content\/uploads\/2023\/09\/361921278_236227746023985_1742649027258922367_n-768x512.jpg 768w, https:\/\/www.charita.sk\/svet\/wp-content\/uploads\/2023\/09\/361921278_236227746023985_1742649027258922367_n-1536x1024.jpg 1536w, https:\/\/www.charita.sk\/svet\/wp-content\/uploads\/2023\/09\/361921278_236227746023985_1742649027258922367_n-600x400.jpg 600w, https:\/\/www.charita.sk\/svet\/wp-content\/uploads\/2023\/09\/361921278_236227746023985_1742649027258922367_n.jpg 1620w\" sizes=\"(max-width: 1024px) 100vw, 1024px\" \/><\/a><\/figure>\n\n\n\n<figure class=\"wp-block-image size-large\"><a href=\"https:\/\/www.charita.sk\/svet\/wp-content\/uploads\/2023\/09\/361987058_236227816023978_8159623560769290398_n.jpg\"><img loading=\"lazy\" decoding=\"async\" width=\"1024\" height=\"683\" data-id=\"2684\" src=\"https:\/\/www.charita.sk\/svet\/wp-content\/uploads\/2023\/09\/361987058_236227816023978_8159623560769290398_n-1024x683.jpg\" alt=\"\" class=\"wp-image-2684\" srcset=\"https:\/\/www.charita.sk\/svet\/wp-content\/uploads\/2023\/09\/361987058_236227816023978_8159623560769290398_n-1024x683.jpg 1024w, https:\/\/www.charita.sk\/svet\/wp-content\/uploads\/2023\/09\/361987058_236227816023978_8159623560769290398_n-300x200.jpg 300w, https:\/\/www.charita.sk\/svet\/wp-content\/uploads\/2023\/09\/361987058_236227816023978_8159623560769290398_n-768x512.jpg 768w, https:\/\/www.charita.sk\/svet\/wp-content\/uploads\/2023\/09\/361987058_236227816023978_8159623560769290398_n-1536x1024.jpg 1536w, https:\/\/www.charita.sk\/svet\/wp-content\/uploads\/2023\/09\/361987058_236227816023978_8159623560769290398_n-600x400.jpg 600w, https:\/\/www.charita.sk\/svet\/wp-content\/uploads\/2023\/09\/361987058_236227816023978_8159623560769290398_n.jpg 1620w\" sizes=\"(max-width: 1024px) 100vw, 1024px\" \/><\/a><\/figure>\n\n\n\n<figure class=\"wp-block-image size-large\"><a href=\"https:\/\/www.charita.sk\/svet\/wp-content\/uploads\/2023\/09\/361930203_236228059357287_6272711518139052416_n.jpg\"><img loading=\"lazy\" decoding=\"async\" width=\"1024\" height=\"683\" data-id=\"2682\" src=\"https:\/\/www.charita.sk\/svet\/wp-content\/uploads\/2023\/09\/361930203_236228059357287_6272711518139052416_n-1024x683.jpg\" alt=\"\" class=\"wp-image-2682\" srcset=\"https:\/\/www.charita.sk\/svet\/wp-content\/uploads\/2023\/09\/361930203_236228059357287_6272711518139052416_n-1024x683.jpg 1024w, https:\/\/www.charita.sk\/svet\/wp-content\/uploads\/2023\/09\/361930203_236228059357287_6272711518139052416_n-300x200.jpg 300w, https:\/\/www.charita.sk\/svet\/wp-content\/uploads\/2023\/09\/361930203_236228059357287_6272711518139052416_n-768x512.jpg 768w, https:\/\/www.charita.sk\/svet\/wp-content\/uploads\/2023\/09\/361930203_236228059357287_6272711518139052416_n-1536x1024.jpg 1536w, https:\/\/www.charita.sk\/svet\/wp-content\/uploads\/2023\/09\/361930203_236228059357287_6272711518139052416_n-600x400.jpg 600w, https:\/\/www.charita.sk\/svet\/wp-content\/uploads\/2023\/09\/361930203_236228059357287_6272711518139052416_n.jpg 1620w\" sizes=\"(max-width: 1024px) 100vw, 1024px\" \/><\/a><\/figure>\n<figcaption class=\"blocks-gallery-caption wp-element-caption\">\ud83d\udcf8 Prehliadka cirkevnej \u0161koly, Hama, S\u00fdria.<\/figcaption><\/figure>\n","protected":false},"excerpt":{"rendered":"<p>\u201eV\u017edy ke\u010f vkro\u010dili do na\u0161ej k\u00fape\u013ene, za\u010dali ma bi\u0165 a surovo mi [&hellip;]<\/p>\n","protected":false},"author":2,"featured_media":2681,"comment_status":"open","ping_status":"open","sticky":false,"template":"","format":"standard","meta":{"footnotes":""},"categories":[12],"tags":[27,28,37],"class_list":["post-2680","post","type-post","status-publish","format-standard","has-post-thumbnail","hentry","category-syria","tag-prenasledovani-krestania","tag-syria","tag-zemetrasenie"],"yoast_head":"<!-- This site is optimized with the Yoast SEO plugin v25.4 - https:\/\/yoast.com\/wordpress\/plugins\/seo\/ -->\n<title>Z\u00e1pisky zo S\u00fdrie\/ Biskup Mourad za\u017eil \u00fanos ISIS na vlastnej ko\u017ei | Charita vo svete<\/title>\n<meta name=\"robots\" content=\"index, follow, max-snippet:-1, max-image-preview:large, max-video-preview:-1\" \/>\n<link rel=\"canonical\" href=\"https:\/\/www.charita.sk\/svet\/zapisky-zo-syrie-biskup-mourad-zazil-unos-isis-na-vlastnej-kozi\/\" \/>\n<meta property=\"og:locale\" content=\"sk_SK\" \/>\n<meta property=\"og:type\" content=\"article\" \/>\n<meta property=\"og:title\" content=\"Z\u00e1pisky zo S\u00fdrie\/ Biskup Mourad za\u017eil \u00fanos ISIS na vlastnej ko\u017ei | Charita vo svete\" \/>\n<meta property=\"og:description\" content=\"\u201eV\u017edy ke\u010f vkro\u010dili do na\u0161ej k\u00fape\u013ene, za\u010dali ma bi\u0165 a surovo mi [&hellip;]\" \/>\n<meta property=\"og:url\" content=\"https:\/\/www.charita.sk\/svet\/zapisky-zo-syrie-biskup-mourad-zazil-unos-isis-na-vlastnej-kozi\/\" \/>\n<meta property=\"og:site_name\" content=\"Charita vo svete\" \/>\n<meta property=\"article:publisher\" content=\"https:\/\/www.facebook.com\/CaritasSlovakia\/\" \/>\n<meta property=\"article:published_time\" content=\"2023-09-05T15:03:32+00:00\" \/>\n<meta property=\"article:modified_time\" content=\"2023-09-05T15:03:37+00:00\" \/>\n<meta property=\"og:image\" content=\"https:\/\/www.charita.sk\/svet\/wp-content\/uploads\/2023\/09\/361938051_236227732690653_8840334660498835528_n.jpg\" \/>\n\t<meta property=\"og:image:width\" content=\"1620\" \/>\n\t<meta property=\"og:image:height\" content=\"1080\" \/>\n\t<meta property=\"og:image:type\" content=\"image\/jpeg\" \/>\n<meta name=\"author\" content=\"charita\" \/>\n<meta name=\"twitter:card\" content=\"summary_large_image\" \/>\n<meta name=\"twitter:label1\" content=\"Autor\" \/>\n\t<meta name=\"twitter:data1\" content=\"charita\" \/>\n\t<meta name=\"twitter:label2\" content=\"Predpokladan\u00fd \u010das \u010d\u00edtania\" \/>\n\t<meta name=\"twitter:data2\" content=\"5 min\u00fat\" \/>\n<script type=\"application\/ld+json\" class=\"yoast-schema-graph\">{\"@context\":\"https:\/\/schema.org\",\"@graph\":[{\"@type\":\"Article\",\"@id\":\"https:\/\/www.charita.sk\/svet\/zapisky-zo-syrie-biskup-mourad-zazil-unos-isis-na-vlastnej-kozi\/#article\",\"isPartOf\":{\"@id\":\"https:\/\/www.charita.sk\/svet\/zapisky-zo-syrie-biskup-mourad-zazil-unos-isis-na-vlastnej-kozi\/\"},\"author\":{\"name\":\"charita\",\"@id\":\"https:\/\/www.charita.sk\/svet\/#\/schema\/person\/5d4cac7d83d3ec0090a0c6bb00690ce4\"},\"headline\":\"Z\u00e1pisky zo S\u00fdrie\/ Biskup Mourad za\u017eil \u00fanos ISIS na vlastnej ko\u017ei\",\"datePublished\":\"2023-09-05T15:03:32+00:00\",\"dateModified\":\"2023-09-05T15:03:37+00:00\",\"mainEntityOfPage\":{\"@id\":\"https:\/\/www.charita.sk\/svet\/zapisky-zo-syrie-biskup-mourad-zazil-unos-isis-na-vlastnej-kozi\/\"},\"wordCount\":864,\"commentCount\":0,\"publisher\":{\"@id\":\"https:\/\/www.charita.sk\/svet\/#organization\"},\"image\":{\"@id\":\"https:\/\/www.charita.sk\/svet\/zapisky-zo-syrie-biskup-mourad-zazil-unos-isis-na-vlastnej-kozi\/#primaryimage\"},\"thumbnailUrl\":\"https:\/\/www.charita.sk\/svet\/wp-content\/uploads\/2023\/09\/361938051_236227732690653_8840334660498835528_n.jpg\",\"keywords\":[\"prenasledovan\u00ed kres\u0165ania\",\"syria\",\"zemetrasenie\"],\"articleSection\":[\"S\u00fdria\"],\"inLanguage\":\"sk-SK\",\"potentialAction\":[{\"@type\":\"CommentAction\",\"name\":\"Comment\",\"target\":[\"https:\/\/www.charita.sk\/svet\/zapisky-zo-syrie-biskup-mourad-zazil-unos-isis-na-vlastnej-kozi\/#respond\"]}]},{\"@type\":\"WebPage\",\"@id\":\"https:\/\/www.charita.sk\/svet\/zapisky-zo-syrie-biskup-mourad-zazil-unos-isis-na-vlastnej-kozi\/\",\"url\":\"https:\/\/www.charita.sk\/svet\/zapisky-zo-syrie-biskup-mourad-zazil-unos-isis-na-vlastnej-kozi\/\",\"name\":\"Z\u00e1pisky zo S\u00fdrie\/ Biskup Mourad za\u017eil \u00fanos ISIS na vlastnej ko\u017ei | Charita vo svete\",\"isPartOf\":{\"@id\":\"https:\/\/www.charita.sk\/svet\/#website\"},\"primaryImageOfPage\":{\"@id\":\"https:\/\/www.charita.sk\/svet\/zapisky-zo-syrie-biskup-mourad-zazil-unos-isis-na-vlastnej-kozi\/#primaryimage\"},\"image\":{\"@id\":\"https:\/\/www.charita.sk\/svet\/zapisky-zo-syrie-biskup-mourad-zazil-unos-isis-na-vlastnej-kozi\/#primaryimage\"},\"thumbnailUrl\":\"https:\/\/www.charita.sk\/svet\/wp-content\/uploads\/2023\/09\/361938051_236227732690653_8840334660498835528_n.jpg\",\"datePublished\":\"2023-09-05T15:03:32+00:00\",\"dateModified\":\"2023-09-05T15:03:37+00:00\",\"breadcrumb\":{\"@id\":\"https:\/\/www.charita.sk\/svet\/zapisky-zo-syrie-biskup-mourad-zazil-unos-isis-na-vlastnej-kozi\/#breadcrumb\"},\"inLanguage\":\"sk-SK\",\"potentialAction\":[{\"@type\":\"ReadAction\",\"target\":[\"https:\/\/www.charita.sk\/svet\/zapisky-zo-syrie-biskup-mourad-zazil-unos-isis-na-vlastnej-kozi\/\"]}]},{\"@type\":\"ImageObject\",\"inLanguage\":\"sk-SK\",\"@id\":\"https:\/\/www.charita.sk\/svet\/zapisky-zo-syrie-biskup-mourad-zazil-unos-isis-na-vlastnej-kozi\/#primaryimage\",\"url\":\"https:\/\/www.charita.sk\/svet\/wp-content\/uploads\/2023\/09\/361938051_236227732690653_8840334660498835528_n.jpg\",\"contentUrl\":\"https:\/\/www.charita.sk\/svet\/wp-content\/uploads\/2023\/09\/361938051_236227732690653_8840334660498835528_n.jpg\",\"width\":1620,\"height\":1080},{\"@type\":\"BreadcrumbList\",\"@id\":\"https:\/\/www.charita.sk\/svet\/zapisky-zo-syrie-biskup-mourad-zazil-unos-isis-na-vlastnej-kozi\/#breadcrumb\",\"itemListElement\":[{\"@type\":\"ListItem\",\"position\":1,\"name\":\"Domovsk\u00e1 str\u00e1nka\",\"item\":\"https:\/\/www.charita.sk\/svet\/\"},{\"@type\":\"ListItem\",\"position\":2,\"name\":\"Z\u00e1pisky zo S\u00fdrie\/ Biskup Mourad za\u017eil \u00fanos ISIS na vlastnej ko\u017ei\"}]},{\"@type\":\"WebSite\",\"@id\":\"https:\/\/www.charita.sk\/svet\/#website\",\"url\":\"https:\/\/www.charita.sk\/svet\/\",\"name\":\"Charita vo svete\",\"description\":\"Slovensk\u00e1 katol\u00edcka charita pom\u00e1ha \u013eu\u010fom v n\u00fadzi vo svete\",\"publisher\":{\"@id\":\"https:\/\/www.charita.sk\/svet\/#organization\"},\"potentialAction\":[{\"@type\":\"SearchAction\",\"target\":{\"@type\":\"EntryPoint\",\"urlTemplate\":\"https:\/\/www.charita.sk\/svet\/?s={search_term_string}\"},\"query-input\":{\"@type\":\"PropertyValueSpecification\",\"valueRequired\":true,\"valueName\":\"search_term_string\"}}],\"inLanguage\":\"sk-SK\"},{\"@type\":\"Organization\",\"@id\":\"https:\/\/www.charita.sk\/svet\/#organization\",\"name\":\"Slovensk\u00e1 katol\u00edcka charita\",\"url\":\"https:\/\/www.charita.sk\/svet\/\",\"logo\":{\"@type\":\"ImageObject\",\"inLanguage\":\"sk-SK\",\"@id\":\"https:\/\/www.charita.sk\/svet\/#\/schema\/logo\/image\/\",\"url\":\"https:\/\/www.charita.sk\/pomoc-utecencom\/wp-content\/uploads\/2020\/11\/logo_pomoc_utecencom.jpg\",\"contentUrl\":\"https:\/\/www.charita.sk\/pomoc-utecencom\/wp-content\/uploads\/2020\/11\/logo_pomoc_utecencom.jpg\",\"width\":1712,\"height\":480,\"caption\":\"Slovensk\u00e1 katol\u00edcka charita\"},\"image\":{\"@id\":\"https:\/\/www.charita.sk\/svet\/#\/schema\/logo\/image\/\"},\"sameAs\":[\"https:\/\/www.facebook.com\/CaritasSlovakia\/\",\"https:\/\/www.instagram.com\/caritas_slovakia\/\",\"https:\/\/www.linkedin.com\/company\/caritas-slovakia-skch-\",\"https:\/\/www.youtube.com\/user\/katolickacharita\"]},{\"@type\":\"Person\",\"@id\":\"https:\/\/www.charita.sk\/svet\/#\/schema\/person\/5d4cac7d83d3ec0090a0c6bb00690ce4\",\"name\":\"charita\",\"image\":{\"@type\":\"ImageObject\",\"inLanguage\":\"sk-SK\",\"@id\":\"https:\/\/www.charita.sk\/svet\/#\/schema\/person\/image\/\",\"url\":\"https:\/\/secure.gravatar.com\/avatar\/d2e7ea30dee1a0c7a6b7277bd2f993803c4622836c7e0130a97819af162a837b?s=96&d=mm&r=g\",\"contentUrl\":\"https:\/\/secure.gravatar.com\/avatar\/d2e7ea30dee1a0c7a6b7277bd2f993803c4622836c7e0130a97819af162a837b?s=96&d=mm&r=g\",\"caption\":\"charita\"},\"url\":\"https:\/\/www.charita.sk\/svet\/author\/charita\/\"}]}<\/script>\n<!-- \/ Yoast SEO plugin. -->","yoast_head_json":{"title":"Z\u00e1pisky zo S\u00fdrie\/ Biskup Mourad za\u017eil \u00fanos ISIS na vlastnej ko\u017ei | Charita vo svete","robots":{"index":"index","follow":"follow","max-snippet":"max-snippet:-1","max-image-preview":"max-image-preview:large","max-video-preview":"max-video-preview:-1"},"canonical":"https:\/\/www.charita.sk\/svet\/zapisky-zo-syrie-biskup-mourad-zazil-unos-isis-na-vlastnej-kozi\/","og_locale":"sk_SK","og_type":"article","og_title":"Z\u00e1pisky zo S\u00fdrie\/ Biskup Mourad za\u017eil \u00fanos ISIS na vlastnej ko\u017ei | Charita vo svete","og_description":"\u201eV\u017edy ke\u010f vkro\u010dili do na\u0161ej k\u00fape\u013ene, za\u010dali ma bi\u0165 a surovo mi [&hellip;]","og_url":"https:\/\/www.charita.sk\/svet\/zapisky-zo-syrie-biskup-mourad-zazil-unos-isis-na-vlastnej-kozi\/","og_site_name":"Charita vo svete","article_publisher":"https:\/\/www.facebook.com\/CaritasSlovakia\/","article_published_time":"2023-09-05T15:03:32+00:00","article_modified_time":"2023-09-05T15:03:37+00:00","og_image":[{"width":1620,"height":1080,"url":"https:\/\/www.charita.sk\/svet\/wp-content\/uploads\/2023\/09\/361938051_236227732690653_8840334660498835528_n.jpg","type":"image\/jpeg"}],"author":"charita","twitter_card":"summary_large_image","twitter_misc":{"Autor":"charita","Predpokladan\u00fd \u010das \u010d\u00edtania":"5 min\u00fat"},"schema":{"@context":"https:\/\/schema.org","@graph":[{"@type":"Article","@id":"https:\/\/www.charita.sk\/svet\/zapisky-zo-syrie-biskup-mourad-zazil-unos-isis-na-vlastnej-kozi\/#article","isPartOf":{"@id":"https:\/\/www.charita.sk\/svet\/zapisky-zo-syrie-biskup-mourad-zazil-unos-isis-na-vlastnej-kozi\/"},"author":{"name":"charita","@id":"https:\/\/www.charita.sk\/svet\/#\/schema\/person\/5d4cac7d83d3ec0090a0c6bb00690ce4"},"headline":"Z\u00e1pisky zo S\u00fdrie\/ Biskup Mourad za\u017eil \u00fanos ISIS na vlastnej ko\u017ei","datePublished":"2023-09-05T15:03:32+00:00","dateModified":"2023-09-05T15:03:37+00:00","mainEntityOfPage":{"@id":"https:\/\/www.charita.sk\/svet\/zapisky-zo-syrie-biskup-mourad-zazil-unos-isis-na-vlastnej-kozi\/"},"wordCount":864,"commentCount":0,"publisher":{"@id":"https:\/\/www.charita.sk\/svet\/#organization"},"image":{"@id":"https:\/\/www.charita.sk\/svet\/zapisky-zo-syrie-biskup-mourad-zazil-unos-isis-na-vlastnej-kozi\/#primaryimage"},"thumbnailUrl":"https:\/\/www.charita.sk\/svet\/wp-content\/uploads\/2023\/09\/361938051_236227732690653_8840334660498835528_n.jpg","keywords":["prenasledovan\u00ed kres\u0165ania","syria","zemetrasenie"],"articleSection":["S\u00fdria"],"inLanguage":"sk-SK","potentialAction":[{"@type":"CommentAction","name":"Comment","target":["https:\/\/www.charita.sk\/svet\/zapisky-zo-syrie-biskup-mourad-zazil-unos-isis-na-vlastnej-kozi\/#respond"]}]},{"@type":"WebPage","@id":"https:\/\/www.charita.sk\/svet\/zapisky-zo-syrie-biskup-mourad-zazil-unos-isis-na-vlastnej-kozi\/","url":"https:\/\/www.charita.sk\/svet\/zapisky-zo-syrie-biskup-mourad-zazil-unos-isis-na-vlastnej-kozi\/","name":"Z\u00e1pisky zo S\u00fdrie\/ Biskup Mourad za\u017eil \u00fanos ISIS na vlastnej ko\u017ei | Charita vo svete","isPartOf":{"@id":"https:\/\/www.charita.sk\/svet\/#website"},"primaryImageOfPage":{"@id":"https:\/\/www.charita.sk\/svet\/zapisky-zo-syrie-biskup-mourad-zazil-unos-isis-na-vlastnej-kozi\/#primaryimage"},"image":{"@id":"https:\/\/www.charita.sk\/svet\/zapisky-zo-syrie-biskup-mourad-zazil-unos-isis-na-vlastnej-kozi\/#primaryimage"},"thumbnailUrl":"https:\/\/www.charita.sk\/svet\/wp-content\/uploads\/2023\/09\/361938051_236227732690653_8840334660498835528_n.jpg","datePublished":"2023-09-05T15:03:32+00:00","dateModified":"2023-09-05T15:03:37+00:00","breadcrumb":{"@id":"https:\/\/www.charita.sk\/svet\/zapisky-zo-syrie-biskup-mourad-zazil-unos-isis-na-vlastnej-kozi\/#breadcrumb"},"inLanguage":"sk-SK","potentialAction":[{"@type":"ReadAction","target":["https:\/\/www.charita.sk\/svet\/zapisky-zo-syrie-biskup-mourad-zazil-unos-isis-na-vlastnej-kozi\/"]}]},{"@type":"ImageObject","inLanguage":"sk-SK","@id":"https:\/\/www.charita.sk\/svet\/zapisky-zo-syrie-biskup-mourad-zazil-unos-isis-na-vlastnej-kozi\/#primaryimage","url":"https:\/\/www.charita.sk\/svet\/wp-content\/uploads\/2023\/09\/361938051_236227732690653_8840334660498835528_n.jpg","contentUrl":"https:\/\/www.charita.sk\/svet\/wp-content\/uploads\/2023\/09\/361938051_236227732690653_8840334660498835528_n.jpg","width":1620,"height":1080},{"@type":"BreadcrumbList","@id":"https:\/\/www.charita.sk\/svet\/zapisky-zo-syrie-biskup-mourad-zazil-unos-isis-na-vlastnej-kozi\/#breadcrumb","itemListElement":[{"@type":"ListItem","position":1,"name":"Domovsk\u00e1 str\u00e1nka","item":"https:\/\/www.charita.sk\/svet\/"},{"@type":"ListItem","position":2,"name":"Z\u00e1pisky zo S\u00fdrie\/ Biskup Mourad za\u017eil \u00fanos ISIS na vlastnej ko\u017ei"}]},{"@type":"WebSite","@id":"https:\/\/www.charita.sk\/svet\/#website","url":"https:\/\/www.charita.sk\/svet\/","name":"Charita vo svete","description":"Slovensk\u00e1 katol\u00edcka charita pom\u00e1ha \u013eu\u010fom v n\u00fadzi vo svete","publisher":{"@id":"https:\/\/www.charita.sk\/svet\/#organization"},"potentialAction":[{"@type":"SearchAction","target":{"@type":"EntryPoint","urlTemplate":"https:\/\/www.charita.sk\/svet\/?s={search_term_string}"},"query-input":{"@type":"PropertyValueSpecification","valueRequired":true,"valueName":"search_term_string"}}],"inLanguage":"sk-SK"},{"@type":"Organization","@id":"https:\/\/www.charita.sk\/svet\/#organization","name":"Slovensk\u00e1 katol\u00edcka charita","url":"https:\/\/www.charita.sk\/svet\/","logo":{"@type":"ImageObject","inLanguage":"sk-SK","@id":"https:\/\/www.charita.sk\/svet\/#\/schema\/logo\/image\/","url":"https:\/\/www.charita.sk\/pomoc-utecencom\/wp-content\/uploads\/2020\/11\/logo_pomoc_utecencom.jpg","contentUrl":"https:\/\/www.charita.sk\/pomoc-utecencom\/wp-content\/uploads\/2020\/11\/logo_pomoc_utecencom.jpg","width":1712,"height":480,"caption":"Slovensk\u00e1 katol\u00edcka charita"},"image":{"@id":"https:\/\/www.charita.sk\/svet\/#\/schema\/logo\/image\/"},"sameAs":["https:\/\/www.facebook.com\/CaritasSlovakia\/","https:\/\/www.instagram.com\/caritas_slovakia\/","https:\/\/www.linkedin.com\/company\/caritas-slovakia-skch-","https:\/\/www.youtube.com\/user\/katolickacharita"]},{"@type":"Person","@id":"https:\/\/www.charita.sk\/svet\/#\/schema\/person\/5d4cac7d83d3ec0090a0c6bb00690ce4","name":"charita","image":{"@type":"ImageObject","inLanguage":"sk-SK","@id":"https:\/\/www.charita.sk\/svet\/#\/schema\/person\/image\/","url":"https:\/\/secure.gravatar.com\/avatar\/d2e7ea30dee1a0c7a6b7277bd2f993803c4622836c7e0130a97819af162a837b?s=96&d=mm&r=g","contentUrl":"https:\/\/secure.gravatar.com\/avatar\/d2e7ea30dee1a0c7a6b7277bd2f993803c4622836c7e0130a97819af162a837b?s=96&d=mm&r=g","caption":"charita"},"url":"https:\/\/www.charita.sk\/svet\/author\/charita\/"}]}},"featured_image_src":"https:\/\/www.charita.sk\/svet\/wp-content\/uploads\/2023\/09\/361938051_236227732690653_8840334660498835528_n-600x400.jpg","featured_image_src_square":"https:\/\/www.charita.sk\/svet\/wp-content\/uploads\/2023\/09\/361938051_236227732690653_8840334660498835528_n-600x600.jpg","author_info":{"display_name":"charita","author_link":"https:\/\/www.charita.sk\/svet\/author\/charita\/"},"_links":{"self":[{"href":"https:\/\/www.charita.sk\/svet\/wp-json\/wp\/v2\/posts\/2680","targetHints":{"allow":["GET"]}}],"collection":[{"href":"https:\/\/www.charita.sk\/svet\/wp-json\/wp\/v2\/posts"}],"about":[{"href":"https:\/\/www.charita.sk\/svet\/wp-json\/wp\/v2\/types\/post"}],"author":[{"embeddable":true,"href":"https:\/\/www.charita.sk\/svet\/wp-json\/wp\/v2\/users\/2"}],"replies":[{"embeddable":true,"href":"https:\/\/www.charita.sk\/svet\/wp-json\/wp\/v2\/comments?post=2680"}],"version-history":[{"count":1,"href":"https:\/\/www.charita.sk\/svet\/wp-json\/wp\/v2\/posts\/2680\/revisions"}],"predecessor-version":[{"id":2688,"href":"https:\/\/www.charita.sk\/svet\/wp-json\/wp\/v2\/posts\/2680\/revisions\/2688"}],"wp:featuredmedia":[{"embeddable":true,"href":"https:\/\/www.charita.sk\/svet\/wp-json\/wp\/v2\/media\/2681"}],"wp:attachment":[{"href":"https:\/\/www.charita.sk\/svet\/wp-json\/wp\/v2\/media?parent=2680"}],"wp:term":[{"taxonomy":"category","embeddable":true,"href":"https:\/\/www.charita.sk\/svet\/wp-json\/wp\/v2\/categories?post=2680"},{"taxonomy":"post_tag","embeddable":true,"href":"https:\/\/www.charita.sk\/svet\/wp-json\/wp\/v2\/tags?post=2680"}],"curies":[{"name":"wp","href":"https:\/\/api.w.org\/{rel}","templated":true}]}}