{"id":2722,"date":"2023-10-17T10:49:24","date_gmt":"2023-10-17T08:49:24","guid":{"rendered":"https:\/\/www.charita.sk\/pomoc-utecencom\/?p=2722"},"modified":"2023-11-23T14:22:08","modified_gmt":"2023-11-23T13:22:08","slug":"naplnena-dodavka-pre-charitu-v-zitomire","status":"publish","type":"post","link":"https:\/\/www.charita.sk\/svet\/naplnena-dodavka-pre-charitu-v-zitomire\/","title":{"rendered":"Naplnen\u00e1 dod\u00e1vka pre Charitu v \u017ditom\u00edre"},"content":{"rendered":"\n<p><strong>V\u010faka \u0161tedr\u00fdm darcom z firmy <a href=\"https:\/\/www.facebook.com\/profile.php?id=100036214344008&amp;__cft__[0]=AZUPX6KYGnuos29Bcep8XAFMq3W8rn_tGByMCT8aipvJApQ6AblGccjCaBlTdN1hCJBLskGJwUCjW0bCiApoFSyZ7g3kwTWX9rYZtBT5KZ6Q3mSFevOppDtDtgnoumjx7sol1oefaRH4bS3gxQMXy9tIHo0c3MZpTcZaFbN08Jvm95-yPCw_c5eGmTKlZr8TmbM&amp;__tn__=-]K-R\">YALE SK<\/a> sa Charita v ukrajinskom meste \u017ditom\u00edr te\u0161\u00ed z\u00e1novnej dod\u00e1vke na rozvoz humanit\u00e1rnej pomoci. Ako vznikla t\u00e1to spolupr\u00e1ca a ak\u00e9 miesto m\u00e1 v tom Slovensk\u00e1 katol\u00edcka charita?<\/strong><\/p>\n\n\n\n<p>Pr\u00edbeh pomoci za\u010dal nevinn\u00fdm telefon\u00e1tom n\u00e1\u0161mu kolegovi. Kamar\u00e1t sa mu ozval, \u017ee m\u00e1 zn\u00e1meho, ktor\u00fd chce venova\u0165 dod\u00e1vku na Ukrajinu. Poprosil teda o pomoc s n\u00e1jden\u00edm d\u00f4veryhodnej miestnej organiz\u00e1cie.  Charitn\u00fa sie\u0165 na Ukrajine obvolali na\u0161e kolegyne a dostali odpor\u00fa\u010danie na Charitu v \u017ditom\u00edre a jej obetav\u00e9ho riadite\u013ea Oleha Luchku, ktor\u00fd po \u0148u aj s\u00e1m pri\u0161iel. T\u00e1to charita vlastn\u00ed viacero dod\u00e1vok a rozv\u00e1\u017eaj\u00fa humanit\u00e1rnu pomoc tam, kde je najviac potrebn\u00e1. <\/p>\n\n\n\n<figure class=\"wp-block-gallery has-nested-images columns-4 is-cropped wp-block-gallery-1 is-layout-flex wp-block-gallery-is-layout-flex\">\n<figure class=\"wp-block-image size-large\"><img fetchpriority=\"high\" decoding=\"async\" width=\"1024\" height=\"683\" data-id=\"2726\" src=\"https:\/\/www.charita.sk\/svet\/wp-content\/uploads\/2023\/10\/386253410_285030811143678_3497451693127439583_n-1024x683.jpg\" alt=\"\" class=\"wp-image-2726\" srcset=\"https:\/\/www.charita.sk\/svet\/wp-content\/uploads\/2023\/10\/386253410_285030811143678_3497451693127439583_n-1024x683.jpg 1024w, https:\/\/www.charita.sk\/svet\/wp-content\/uploads\/2023\/10\/386253410_285030811143678_3497451693127439583_n-300x200.jpg 300w, https:\/\/www.charita.sk\/svet\/wp-content\/uploads\/2023\/10\/386253410_285030811143678_3497451693127439583_n-768x512.jpg 768w, https:\/\/www.charita.sk\/svet\/wp-content\/uploads\/2023\/10\/386253410_285030811143678_3497451693127439583_n-1536x1024.jpg 1536w, https:\/\/www.charita.sk\/svet\/wp-content\/uploads\/2023\/10\/386253410_285030811143678_3497451693127439583_n-600x400.jpg 600w, https:\/\/www.charita.sk\/svet\/wp-content\/uploads\/2023\/10\/386253410_285030811143678_3497451693127439583_n.jpg 2048w\" sizes=\"(max-width: 1024px) 100vw, 1024px\" \/><\/figure>\n<\/figure>\n\n\n\n<p class=\"has-text-align-left\">                                    \ud83d\udcf8 Oleh Luchka, riadite\u013e Caritas Zhytomir v <em>\u201e<\/em>novej<em>\u201c<\/em> dod\u00e1vke<br><br>Predch\u00e1dzalo tomu mno\u017estvo telefon\u00e1tov a emailov. Prepis auta na niekoho z Ukrajiny a e\u0161te k tomu mu\u017ea bola n\u00e1ro\u010dn\u00e1 v\u00fdzva. Otec Oleh v\u0161ak nakoniec dostal povolenie na vycestovanie. Osobn\u00fd kontakt je predsa len nenahradite\u013en\u00fd a \u010das na zdie\u013eanie a rozhovor vz\u00e1cny. M\u00f4\u017eeme len potvrdi\u0165, \u017ee na\u0161i priatelia na Ukrajine robia ve\u013emi d\u00f4le\u017eit\u00fa slu\u017ebu n\u00fadznym vo ve\u013emi n\u00e1ro\u010dn\u00fdch podmienkach.<\/p>\n\n\n\n<p><strong>\u010c\u00edm sme nalo\u017eili darovan\u00fa dod\u00e1vku?<\/strong><\/p>\n\n\n\n<p>Otec Oleh v\u0161ak neodviezol dod\u00e1vku nasp\u00e4\u0165 na Ukrajinu pr\u00e1zdnu. Nech\u00fdbali v nej plienky, hygienick\u00e9 potreby, detsk\u00e9 v\u00fd\u017eivy, ry\u017eu, instantn\u00e9 polievky, ale aj barly, bicykel a \u010fal\u0161ie produkty, ktor\u00e9 venovali <a href=\"https:\/\/www.facebook.com\/tescosk?__cft__[0]=AZUPX6KYGnuos29Bcep8XAFMq3W8rn_tGByMCT8aipvJApQ6AblGccjCaBlTdN1hCJBLskGJwUCjW0bCiApoFSyZ7g3kwTWX9rYZtBT5KZ6Q3mSFevOppDtDtgnoumjx7sol1oefaRH4bS3gxQMXy9tIHo0c3MZpTcZaFbN08Jvm95-yPCw_c5eGmTKlZr8TmbM&amp;__tn__=-]K-R\">Tesco Slovensko<\/a> a <a href=\"https:\/\/www.facebook.com\/profile.php?id=61550305025878&amp;__cft__[0]=AZUPX6KYGnuos29Bcep8XAFMq3W8rn_tGByMCT8aipvJApQ6AblGccjCaBlTdN1hCJBLskGJwUCjW0bCiApoFSyZ7g3kwTWX9rYZtBT5KZ6Q3mSFevOppDtDtgnoumjx7sol1oefaRH4bS3gxQMXy9tIHo0c3MZpTcZaFbN08Jvm95-yPCw_c5eGmTKlZr8TmbM&amp;__tn__=-]K-R\">Harmony Slovensko<\/a>. Dod\u00e1vku naplnili aj \u013eudia z okolia. Sme ve\u013emi v\u010fa\u010dn\u00ed za kr\u00e1snu spolupr\u00e1cu, ktor\u00e1 v\u010faka tomu vznikla. Na slovensko-ukrajinsk\u00fdch hraniciach to s\u00edce trvalo vy\u0161e 7 hod\u00edn, ale istota, \u017ee adresn\u00e1 pomoc miestnej charity sa dostane k chudobn\u00fdm a n\u00fadznym nap\u013a\u0148a ka\u017ed\u00e9 \u010dakanie radostnou t\u00fa\u017ebou.<\/p>\n\n\n\n<figure class=\"wp-block-gallery has-nested-images columns-default is-cropped wp-block-gallery-2 is-layout-flex wp-block-gallery-is-layout-flex\">\n<figure class=\"wp-block-image size-large\"><a href=\"https:\/\/www.charita.sk\/svet\/wp-content\/uploads\/2023\/10\/386601673_285030091143750_2875197499083091676_n.jpg\"><img decoding=\"async\" width=\"1024\" height=\"576\" data-id=\"2728\" src=\"https:\/\/www.charita.sk\/svet\/wp-content\/uploads\/2023\/10\/386601673_285030091143750_2875197499083091676_n-1024x576.jpg\" alt=\"\" class=\"wp-image-2728\" srcset=\"https:\/\/www.charita.sk\/svet\/wp-content\/uploads\/2023\/10\/386601673_285030091143750_2875197499083091676_n-1024x576.jpg 1024w, https:\/\/www.charita.sk\/svet\/wp-content\/uploads\/2023\/10\/386601673_285030091143750_2875197499083091676_n-300x169.jpg 300w, https:\/\/www.charita.sk\/svet\/wp-content\/uploads\/2023\/10\/386601673_285030091143750_2875197499083091676_n-768x432.jpg 768w, https:\/\/www.charita.sk\/svet\/wp-content\/uploads\/2023\/10\/386601673_285030091143750_2875197499083091676_n-1536x864.jpg 1536w, https:\/\/www.charita.sk\/svet\/wp-content\/uploads\/2023\/10\/386601673_285030091143750_2875197499083091676_n.jpg 1600w\" sizes=\"(max-width: 1024px) 100vw, 1024px\" \/><\/a><\/figure>\n\n\n\n<figure class=\"wp-block-image size-large\"><a href=\"https:\/\/www.charita.sk\/svet\/wp-content\/uploads\/2023\/10\/386588113_285033024476790_1767089392657252239_n.jpg\"><img decoding=\"async\" width=\"1024\" height=\"683\" data-id=\"2729\" src=\"https:\/\/www.charita.sk\/svet\/wp-content\/uploads\/2023\/10\/386588113_285033024476790_1767089392657252239_n-1024x683.jpg\" alt=\"\" class=\"wp-image-2729\" srcset=\"https:\/\/www.charita.sk\/svet\/wp-content\/uploads\/2023\/10\/386588113_285033024476790_1767089392657252239_n-1024x683.jpg 1024w, https:\/\/www.charita.sk\/svet\/wp-content\/uploads\/2023\/10\/386588113_285033024476790_1767089392657252239_n-300x200.jpg 300w, https:\/\/www.charita.sk\/svet\/wp-content\/uploads\/2023\/10\/386588113_285033024476790_1767089392657252239_n-768x512.jpg 768w, https:\/\/www.charita.sk\/svet\/wp-content\/uploads\/2023\/10\/386588113_285033024476790_1767089392657252239_n-1536x1024.jpg 1536w, https:\/\/www.charita.sk\/svet\/wp-content\/uploads\/2023\/10\/386588113_285033024476790_1767089392657252239_n-600x400.jpg 600w, https:\/\/www.charita.sk\/svet\/wp-content\/uploads\/2023\/10\/386588113_285033024476790_1767089392657252239_n.jpg 2048w\" sizes=\"(max-width: 1024px) 100vw, 1024px\" \/><\/a><\/figure>\n\n\n\n<figure class=\"wp-block-image size-large\"><a href=\"https:\/\/www.charita.sk\/svet\/wp-content\/uploads\/2023\/10\/386256635_285030931143666_6030087374772395719_n.jpg\"><img loading=\"lazy\" decoding=\"async\" width=\"1024\" height=\"683\" data-id=\"2727\" src=\"https:\/\/www.charita.sk\/svet\/wp-content\/uploads\/2023\/10\/386256635_285030931143666_6030087374772395719_n-1024x683.jpg\" alt=\"\" class=\"wp-image-2727\" srcset=\"https:\/\/www.charita.sk\/svet\/wp-content\/uploads\/2023\/10\/386256635_285030931143666_6030087374772395719_n-1024x683.jpg 1024w, https:\/\/www.charita.sk\/svet\/wp-content\/uploads\/2023\/10\/386256635_285030931143666_6030087374772395719_n-300x200.jpg 300w, https:\/\/www.charita.sk\/svet\/wp-content\/uploads\/2023\/10\/386256635_285030931143666_6030087374772395719_n-768x512.jpg 768w, https:\/\/www.charita.sk\/svet\/wp-content\/uploads\/2023\/10\/386256635_285030931143666_6030087374772395719_n-1536x1024.jpg 1536w, https:\/\/www.charita.sk\/svet\/wp-content\/uploads\/2023\/10\/386256635_285030931143666_6030087374772395719_n-600x400.jpg 600w, https:\/\/www.charita.sk\/svet\/wp-content\/uploads\/2023\/10\/386256635_285030931143666_6030087374772395719_n.jpg 2048w\" sizes=\"(max-width: 1024px) 100vw, 1024px\" \/><\/a><\/figure>\n<figcaption class=\"blocks-gallery-caption wp-element-caption\">\ud83d\udcf8 Odovzd\u00e1vanie dod\u00e1vky s humanit\u00e1rnou pomocou, Bratislava\/Dunajsk\u00e1 Lu\u017en\u00e1, september 2023.<\/figcaption><\/figure>\n","protected":false},"excerpt":{"rendered":"<p>V\u010faka \u0161tedr\u00fdm darcom z firmy YALE SK sa Charita v ukrajinskom meste [&hellip;]<\/p>\n","protected":false},"author":2,"featured_media":2725,"comment_status":"open","ping_status":"open","sticky":false,"template":"","format":"standard","meta":{"footnotes":""},"categories":[18],"tags":[42,19],"class_list":["post-2722","post","type-post","status-publish","format-standard","has-post-thumbnail","hentry","category-ukrajina","tag-dodavka","tag-ukrajina"],"yoast_head":"<!-- This site is optimized with the Yoast SEO plugin v25.4 - https:\/\/yoast.com\/wordpress\/plugins\/seo\/ -->\n<title>Naplnen\u00e1 dod\u00e1vka pre Charitu v \u017ditom\u00edre | Charita vo svete<\/title>\n<meta name=\"robots\" content=\"index, follow, max-snippet:-1, max-image-preview:large, max-video-preview:-1\" \/>\n<link rel=\"canonical\" href=\"https:\/\/www.charita.sk\/svet\/naplnena-dodavka-pre-charitu-v-zitomire\/\" \/>\n<meta property=\"og:locale\" content=\"sk_SK\" \/>\n<meta property=\"og:type\" content=\"article\" \/>\n<meta property=\"og:title\" content=\"Naplnen\u00e1 dod\u00e1vka pre Charitu v \u017ditom\u00edre | Charita vo svete\" \/>\n<meta property=\"og:description\" content=\"V\u010faka \u0161tedr\u00fdm darcom z firmy YALE SK sa Charita v ukrajinskom meste [&hellip;]\" \/>\n<meta property=\"og:url\" content=\"https:\/\/www.charita.sk\/svet\/naplnena-dodavka-pre-charitu-v-zitomire\/\" \/>\n<meta property=\"og:site_name\" content=\"Charita vo svete\" \/>\n<meta property=\"article:publisher\" content=\"https:\/\/www.facebook.com\/CaritasSlovakia\/\" \/>\n<meta property=\"article:published_time\" content=\"2023-10-17T08:49:24+00:00\" \/>\n<meta property=\"article:modified_time\" content=\"2023-11-23T13:22:08+00:00\" \/>\n<meta property=\"og:image\" content=\"https:\/\/www.charita.sk\/svet\/wp-content\/uploads\/2023\/10\/385907865_285083397805086_1556008371941320664_n.jpg\" \/>\n\t<meta property=\"og:image:width\" content=\"2048\" \/>\n\t<meta property=\"og:image:height\" content=\"1365\" \/>\n\t<meta property=\"og:image:type\" content=\"image\/jpeg\" \/>\n<meta name=\"author\" content=\"charita\" \/>\n<meta name=\"twitter:card\" content=\"summary_large_image\" \/>\n<meta name=\"twitter:label1\" content=\"Autor\" \/>\n\t<meta name=\"twitter:data1\" content=\"charita\" \/>\n\t<meta name=\"twitter:label2\" content=\"Predpokladan\u00fd \u010das \u010d\u00edtania\" \/>\n\t<meta name=\"twitter:data2\" content=\"3 min\u00faty\" \/>\n<script type=\"application\/ld+json\" class=\"yoast-schema-graph\">{\"@context\":\"https:\/\/schema.org\",\"@graph\":[{\"@type\":\"Article\",\"@id\":\"https:\/\/www.charita.sk\/svet\/naplnena-dodavka-pre-charitu-v-zitomire\/#article\",\"isPartOf\":{\"@id\":\"https:\/\/www.charita.sk\/svet\/naplnena-dodavka-pre-charitu-v-zitomire\/\"},\"author\":{\"name\":\"charita\",\"@id\":\"https:\/\/www.charita.sk\/svet\/#\/schema\/person\/5d4cac7d83d3ec0090a0c6bb00690ce4\"},\"headline\":\"Naplnen\u00e1 dod\u00e1vka pre Charitu v \u017ditom\u00edre\",\"datePublished\":\"2023-10-17T08:49:24+00:00\",\"dateModified\":\"2023-11-23T13:22:08+00:00\",\"mainEntityOfPage\":{\"@id\":\"https:\/\/www.charita.sk\/svet\/naplnena-dodavka-pre-charitu-v-zitomire\/\"},\"wordCount\":351,\"commentCount\":0,\"publisher\":{\"@id\":\"https:\/\/www.charita.sk\/svet\/#organization\"},\"image\":{\"@id\":\"https:\/\/www.charita.sk\/svet\/naplnena-dodavka-pre-charitu-v-zitomire\/#primaryimage\"},\"thumbnailUrl\":\"https:\/\/www.charita.sk\/svet\/wp-content\/uploads\/2023\/10\/385907865_285083397805086_1556008371941320664_n.jpg\",\"keywords\":[\"dodavka\",\"ukrajina\"],\"articleSection\":[\"Ukrajina\"],\"inLanguage\":\"sk-SK\",\"potentialAction\":[{\"@type\":\"CommentAction\",\"name\":\"Comment\",\"target\":[\"https:\/\/www.charita.sk\/svet\/naplnena-dodavka-pre-charitu-v-zitomire\/#respond\"]}]},{\"@type\":\"WebPage\",\"@id\":\"https:\/\/www.charita.sk\/svet\/naplnena-dodavka-pre-charitu-v-zitomire\/\",\"url\":\"https:\/\/www.charita.sk\/svet\/naplnena-dodavka-pre-charitu-v-zitomire\/\",\"name\":\"Naplnen\u00e1 dod\u00e1vka pre Charitu v \u017ditom\u00edre | Charita vo svete\",\"isPartOf\":{\"@id\":\"https:\/\/www.charita.sk\/svet\/#website\"},\"primaryImageOfPage\":{\"@id\":\"https:\/\/www.charita.sk\/svet\/naplnena-dodavka-pre-charitu-v-zitomire\/#primaryimage\"},\"image\":{\"@id\":\"https:\/\/www.charita.sk\/svet\/naplnena-dodavka-pre-charitu-v-zitomire\/#primaryimage\"},\"thumbnailUrl\":\"https:\/\/www.charita.sk\/svet\/wp-content\/uploads\/2023\/10\/385907865_285083397805086_1556008371941320664_n.jpg\",\"datePublished\":\"2023-10-17T08:49:24+00:00\",\"dateModified\":\"2023-11-23T13:22:08+00:00\",\"breadcrumb\":{\"@id\":\"https:\/\/www.charita.sk\/svet\/naplnena-dodavka-pre-charitu-v-zitomire\/#breadcrumb\"},\"inLanguage\":\"sk-SK\",\"potentialAction\":[{\"@type\":\"ReadAction\",\"target\":[\"https:\/\/www.charita.sk\/svet\/naplnena-dodavka-pre-charitu-v-zitomire\/\"]}]},{\"@type\":\"ImageObject\",\"inLanguage\":\"sk-SK\",\"@id\":\"https:\/\/www.charita.sk\/svet\/naplnena-dodavka-pre-charitu-v-zitomire\/#primaryimage\",\"url\":\"https:\/\/www.charita.sk\/svet\/wp-content\/uploads\/2023\/10\/385907865_285083397805086_1556008371941320664_n.jpg\",\"contentUrl\":\"https:\/\/www.charita.sk\/svet\/wp-content\/uploads\/2023\/10\/385907865_285083397805086_1556008371941320664_n.jpg\",\"width\":2048,\"height\":1365},{\"@type\":\"BreadcrumbList\",\"@id\":\"https:\/\/www.charita.sk\/svet\/naplnena-dodavka-pre-charitu-v-zitomire\/#breadcrumb\",\"itemListElement\":[{\"@type\":\"ListItem\",\"position\":1,\"name\":\"Domovsk\u00e1 str\u00e1nka\",\"item\":\"https:\/\/www.charita.sk\/svet\/\"},{\"@type\":\"ListItem\",\"position\":2,\"name\":\"Naplnen\u00e1 dod\u00e1vka pre Charitu v \u017ditom\u00edre\"}]},{\"@type\":\"WebSite\",\"@id\":\"https:\/\/www.charita.sk\/svet\/#website\",\"url\":\"https:\/\/www.charita.sk\/svet\/\",\"name\":\"Charita vo svete\",\"description\":\"Slovensk\u00e1 katol\u00edcka charita pom\u00e1ha \u013eu\u010fom v n\u00fadzi vo svete\",\"publisher\":{\"@id\":\"https:\/\/www.charita.sk\/svet\/#organization\"},\"potentialAction\":[{\"@type\":\"SearchAction\",\"target\":{\"@type\":\"EntryPoint\",\"urlTemplate\":\"https:\/\/www.charita.sk\/svet\/?s={search_term_string}\"},\"query-input\":{\"@type\":\"PropertyValueSpecification\",\"valueRequired\":true,\"valueName\":\"search_term_string\"}}],\"inLanguage\":\"sk-SK\"},{\"@type\":\"Organization\",\"@id\":\"https:\/\/www.charita.sk\/svet\/#organization\",\"name\":\"Slovensk\u00e1 katol\u00edcka charita\",\"url\":\"https:\/\/www.charita.sk\/svet\/\",\"logo\":{\"@type\":\"ImageObject\",\"inLanguage\":\"sk-SK\",\"@id\":\"https:\/\/www.charita.sk\/svet\/#\/schema\/logo\/image\/\",\"url\":\"https:\/\/www.charita.sk\/pomoc-utecencom\/wp-content\/uploads\/2020\/11\/logo_pomoc_utecencom.jpg\",\"contentUrl\":\"https:\/\/www.charita.sk\/pomoc-utecencom\/wp-content\/uploads\/2020\/11\/logo_pomoc_utecencom.jpg\",\"width\":1712,\"height\":480,\"caption\":\"Slovensk\u00e1 katol\u00edcka charita\"},\"image\":{\"@id\":\"https:\/\/www.charita.sk\/svet\/#\/schema\/logo\/image\/\"},\"sameAs\":[\"https:\/\/www.facebook.com\/CaritasSlovakia\/\",\"https:\/\/www.instagram.com\/caritas_slovakia\/\",\"https:\/\/www.linkedin.com\/company\/caritas-slovakia-skch-\",\"https:\/\/www.youtube.com\/user\/katolickacharita\"]},{\"@type\":\"Person\",\"@id\":\"https:\/\/www.charita.sk\/svet\/#\/schema\/person\/5d4cac7d83d3ec0090a0c6bb00690ce4\",\"name\":\"charita\",\"image\":{\"@type\":\"ImageObject\",\"inLanguage\":\"sk-SK\",\"@id\":\"https:\/\/www.charita.sk\/svet\/#\/schema\/person\/image\/\",\"url\":\"https:\/\/secure.gravatar.com\/avatar\/d2e7ea30dee1a0c7a6b7277bd2f993803c4622836c7e0130a97819af162a837b?s=96&d=mm&r=g\",\"contentUrl\":\"https:\/\/secure.gravatar.com\/avatar\/d2e7ea30dee1a0c7a6b7277bd2f993803c4622836c7e0130a97819af162a837b?s=96&d=mm&r=g\",\"caption\":\"charita\"},\"url\":\"https:\/\/www.charita.sk\/svet\/author\/charita\/\"}]}<\/script>\n<!-- \/ Yoast SEO plugin. -->","yoast_head_json":{"title":"Naplnen\u00e1 dod\u00e1vka pre Charitu v \u017ditom\u00edre | Charita vo svete","robots":{"index":"index","follow":"follow","max-snippet":"max-snippet:-1","max-image-preview":"max-image-preview:large","max-video-preview":"max-video-preview:-1"},"canonical":"https:\/\/www.charita.sk\/svet\/naplnena-dodavka-pre-charitu-v-zitomire\/","og_locale":"sk_SK","og_type":"article","og_title":"Naplnen\u00e1 dod\u00e1vka pre Charitu v \u017ditom\u00edre | Charita vo svete","og_description":"V\u010faka \u0161tedr\u00fdm darcom z firmy YALE SK sa Charita v ukrajinskom meste [&hellip;]","og_url":"https:\/\/www.charita.sk\/svet\/naplnena-dodavka-pre-charitu-v-zitomire\/","og_site_name":"Charita vo svete","article_publisher":"https:\/\/www.facebook.com\/CaritasSlovakia\/","article_published_time":"2023-10-17T08:49:24+00:00","article_modified_time":"2023-11-23T13:22:08+00:00","og_image":[{"width":2048,"height":1365,"url":"https:\/\/www.charita.sk\/svet\/wp-content\/uploads\/2023\/10\/385907865_285083397805086_1556008371941320664_n.jpg","type":"image\/jpeg"}],"author":"charita","twitter_card":"summary_large_image","twitter_misc":{"Autor":"charita","Predpokladan\u00fd \u010das \u010d\u00edtania":"3 min\u00faty"},"schema":{"@context":"https:\/\/schema.org","@graph":[{"@type":"Article","@id":"https:\/\/www.charita.sk\/svet\/naplnena-dodavka-pre-charitu-v-zitomire\/#article","isPartOf":{"@id":"https:\/\/www.charita.sk\/svet\/naplnena-dodavka-pre-charitu-v-zitomire\/"},"author":{"name":"charita","@id":"https:\/\/www.charita.sk\/svet\/#\/schema\/person\/5d4cac7d83d3ec0090a0c6bb00690ce4"},"headline":"Naplnen\u00e1 dod\u00e1vka pre Charitu v \u017ditom\u00edre","datePublished":"2023-10-17T08:49:24+00:00","dateModified":"2023-11-23T13:22:08+00:00","mainEntityOfPage":{"@id":"https:\/\/www.charita.sk\/svet\/naplnena-dodavka-pre-charitu-v-zitomire\/"},"wordCount":351,"commentCount":0,"publisher":{"@id":"https:\/\/www.charita.sk\/svet\/#organization"},"image":{"@id":"https:\/\/www.charita.sk\/svet\/naplnena-dodavka-pre-charitu-v-zitomire\/#primaryimage"},"thumbnailUrl":"https:\/\/www.charita.sk\/svet\/wp-content\/uploads\/2023\/10\/385907865_285083397805086_1556008371941320664_n.jpg","keywords":["dodavka","ukrajina"],"articleSection":["Ukrajina"],"inLanguage":"sk-SK","potentialAction":[{"@type":"CommentAction","name":"Comment","target":["https:\/\/www.charita.sk\/svet\/naplnena-dodavka-pre-charitu-v-zitomire\/#respond"]}]},{"@type":"WebPage","@id":"https:\/\/www.charita.sk\/svet\/naplnena-dodavka-pre-charitu-v-zitomire\/","url":"https:\/\/www.charita.sk\/svet\/naplnena-dodavka-pre-charitu-v-zitomire\/","name":"Naplnen\u00e1 dod\u00e1vka pre Charitu v \u017ditom\u00edre | Charita vo svete","isPartOf":{"@id":"https:\/\/www.charita.sk\/svet\/#website"},"primaryImageOfPage":{"@id":"https:\/\/www.charita.sk\/svet\/naplnena-dodavka-pre-charitu-v-zitomire\/#primaryimage"},"image":{"@id":"https:\/\/www.charita.sk\/svet\/naplnena-dodavka-pre-charitu-v-zitomire\/#primaryimage"},"thumbnailUrl":"https:\/\/www.charita.sk\/svet\/wp-content\/uploads\/2023\/10\/385907865_285083397805086_1556008371941320664_n.jpg","datePublished":"2023-10-17T08:49:24+00:00","dateModified":"2023-11-23T13:22:08+00:00","breadcrumb":{"@id":"https:\/\/www.charita.sk\/svet\/naplnena-dodavka-pre-charitu-v-zitomire\/#breadcrumb"},"inLanguage":"sk-SK","potentialAction":[{"@type":"ReadAction","target":["https:\/\/www.charita.sk\/svet\/naplnena-dodavka-pre-charitu-v-zitomire\/"]}]},{"@type":"ImageObject","inLanguage":"sk-SK","@id":"https:\/\/www.charita.sk\/svet\/naplnena-dodavka-pre-charitu-v-zitomire\/#primaryimage","url":"https:\/\/www.charita.sk\/svet\/wp-content\/uploads\/2023\/10\/385907865_285083397805086_1556008371941320664_n.jpg","contentUrl":"https:\/\/www.charita.sk\/svet\/wp-content\/uploads\/2023\/10\/385907865_285083397805086_1556008371941320664_n.jpg","width":2048,"height":1365},{"@type":"BreadcrumbList","@id":"https:\/\/www.charita.sk\/svet\/naplnena-dodavka-pre-charitu-v-zitomire\/#breadcrumb","itemListElement":[{"@type":"ListItem","position":1,"name":"Domovsk\u00e1 str\u00e1nka","item":"https:\/\/www.charita.sk\/svet\/"},{"@type":"ListItem","position":2,"name":"Naplnen\u00e1 dod\u00e1vka pre Charitu v \u017ditom\u00edre"}]},{"@type":"WebSite","@id":"https:\/\/www.charita.sk\/svet\/#website","url":"https:\/\/www.charita.sk\/svet\/","name":"Charita vo svete","description":"Slovensk\u00e1 katol\u00edcka charita pom\u00e1ha \u013eu\u010fom v n\u00fadzi vo svete","publisher":{"@id":"https:\/\/www.charita.sk\/svet\/#organization"},"potentialAction":[{"@type":"SearchAction","target":{"@type":"EntryPoint","urlTemplate":"https:\/\/www.charita.sk\/svet\/?s={search_term_string}"},"query-input":{"@type":"PropertyValueSpecification","valueRequired":true,"valueName":"search_term_string"}}],"inLanguage":"sk-SK"},{"@type":"Organization","@id":"https:\/\/www.charita.sk\/svet\/#organization","name":"Slovensk\u00e1 katol\u00edcka charita","url":"https:\/\/www.charita.sk\/svet\/","logo":{"@type":"ImageObject","inLanguage":"sk-SK","@id":"https:\/\/www.charita.sk\/svet\/#\/schema\/logo\/image\/","url":"https:\/\/www.charita.sk\/pomoc-utecencom\/wp-content\/uploads\/2020\/11\/logo_pomoc_utecencom.jpg","contentUrl":"https:\/\/www.charita.sk\/pomoc-utecencom\/wp-content\/uploads\/2020\/11\/logo_pomoc_utecencom.jpg","width":1712,"height":480,"caption":"Slovensk\u00e1 katol\u00edcka charita"},"image":{"@id":"https:\/\/www.charita.sk\/svet\/#\/schema\/logo\/image\/"},"sameAs":["https:\/\/www.facebook.com\/CaritasSlovakia\/","https:\/\/www.instagram.com\/caritas_slovakia\/","https:\/\/www.linkedin.com\/company\/caritas-slovakia-skch-","https:\/\/www.youtube.com\/user\/katolickacharita"]},{"@type":"Person","@id":"https:\/\/www.charita.sk\/svet\/#\/schema\/person\/5d4cac7d83d3ec0090a0c6bb00690ce4","name":"charita","image":{"@type":"ImageObject","inLanguage":"sk-SK","@id":"https:\/\/www.charita.sk\/svet\/#\/schema\/person\/image\/","url":"https:\/\/secure.gravatar.com\/avatar\/d2e7ea30dee1a0c7a6b7277bd2f993803c4622836c7e0130a97819af162a837b?s=96&d=mm&r=g","contentUrl":"https:\/\/secure.gravatar.com\/avatar\/d2e7ea30dee1a0c7a6b7277bd2f993803c4622836c7e0130a97819af162a837b?s=96&d=mm&r=g","caption":"charita"},"url":"https:\/\/www.charita.sk\/svet\/author\/charita\/"}]}},"featured_image_src":"https:\/\/www.charita.sk\/svet\/wp-content\/uploads\/2023\/10\/385907865_285083397805086_1556008371941320664_n-600x400.jpg","featured_image_src_square":"https:\/\/www.charita.sk\/svet\/wp-content\/uploads\/2023\/10\/385907865_285083397805086_1556008371941320664_n-600x600.jpg","author_info":{"display_name":"charita","author_link":"https:\/\/www.charita.sk\/svet\/author\/charita\/"},"_links":{"self":[{"href":"https:\/\/www.charita.sk\/svet\/wp-json\/wp\/v2\/posts\/2722","targetHints":{"allow":["GET"]}}],"collection":[{"href":"https:\/\/www.charita.sk\/svet\/wp-json\/wp\/v2\/posts"}],"about":[{"href":"https:\/\/www.charita.sk\/svet\/wp-json\/wp\/v2\/types\/post"}],"author":[{"embeddable":true,"href":"https:\/\/www.charita.sk\/svet\/wp-json\/wp\/v2\/users\/2"}],"replies":[{"embeddable":true,"href":"https:\/\/www.charita.sk\/svet\/wp-json\/wp\/v2\/comments?post=2722"}],"version-history":[{"count":6,"href":"https:\/\/www.charita.sk\/svet\/wp-json\/wp\/v2\/posts\/2722\/revisions"}],"predecessor-version":[{"id":2833,"href":"https:\/\/www.charita.sk\/svet\/wp-json\/wp\/v2\/posts\/2722\/revisions\/2833"}],"wp:featuredmedia":[{"embeddable":true,"href":"https:\/\/www.charita.sk\/svet\/wp-json\/wp\/v2\/media\/2725"}],"wp:attachment":[{"href":"https:\/\/www.charita.sk\/svet\/wp-json\/wp\/v2\/media?parent=2722"}],"wp:term":[{"taxonomy":"category","embeddable":true,"href":"https:\/\/www.charita.sk\/svet\/wp-json\/wp\/v2\/categories?post=2722"},{"taxonomy":"post_tag","embeddable":true,"href":"https:\/\/www.charita.sk\/svet\/wp-json\/wp\/v2\/tags?post=2722"}],"curies":[{"name":"wp","href":"https:\/\/api.w.org\/{rel}","templated":true}]}}