{"id":2770,"date":"2023-11-06T11:11:12","date_gmt":"2023-11-06T10:11:12","guid":{"rendered":"https:\/\/www.charita.sk\/pomoc-utecencom\/?p=2770"},"modified":"2023-11-06T11:32:21","modified_gmt":"2023-11-06T10:32:21","slug":"charita-spusta-zbierku-na-pomoc-s-kurenim-pre-rodiny-na-ukrajine","status":"publish","type":"post","link":"https:\/\/www.charita.sk\/svet\/charita-spusta-zbierku-na-pomoc-s-kurenim-pre-rodiny-na-ukrajine\/","title":{"rendered":"Charita sp\u00fa\u0161\u0165a zbierku na pomoc s k\u00faren\u00edm pre rodiny na Ukrajine"},"content":{"rendered":"\n<p><strong>Slovensk\u00e1 katol\u00edcka charita vyhlasuje humanit\u00e1rnu zbierku na pomoc najbiednej\u0161\u00edm rodin\u00e1m a seniorom na Ukrajine. Bl\u00ed\u017eiace sa m\u00ednusov\u00e9 teploty si toti\u017e vy\u017eaduj\u00fa naliehav\u00fa pomoc s k\u00faren\u00edm a tepl\u00fdm jedlom.<\/strong><\/p>\n\n\n\n<p><em>\u201eNa\u0161\u00edm cie\u013eom je prinies\u0165 \u00fa\u013eavu t\u00fdm, ktor\u00ed trpia a boja sa tejto zimy na Ukrajine. Chceme pom\u00f4c\u0165 rodi\u010dom, ktor\u00ed nemaj\u00fa \u010d\u00edm zak\u00fari\u0165, aby bolo ich de\u0165om teplo a stark\u00fdm \u017eij\u00facim na pokraji chudoby, ktor\u00ed si nedok\u00e1\u017eu zabezpe\u010di\u0165 tepl\u00e9 jedlo. Ka\u017ed\u00fd v\u00e1\u0161 dar ich zahreje a umo\u017en\u00ed im pre\u017ei\u0165 \u0165a\u017ek\u00e9 obdobie,\u201c<\/em> poz\u00fdva k \u0161tedrosti Dominika \u0160imonffyov\u00e1, humanit\u00e1rna mana\u017e\u00e9rka SKCH zodpovedn\u00e1 za projekty na Ukrajine.<\/p>\n\n\n\n<p>Darova\u0165 teplo m\u00f4\u017eete na darovacej str\u00e1nke: <a href=\"https:\/\/charita.darujme.sk\/darujte-teplo\/\">https:\/\/charita.darujme.sk\/darujte-teplo\/<\/a>. U\u017e za dar 50 eur bude ma\u0165 konkr\u00e9tna rodina vyk\u00faren\u00fd domov na 2 t\u00fd\u017edne. Za dar 20 eur zahreje 10 seniorov tepl\u00e1 polievka \u010di in\u00e9 jedlo pripraven\u00e9 s l\u00e1skou. Charita tak aj s va\u0161ou pomocou pod\u00e1 pomocn\u00fa ruku vy\u0161e 1300 \u013eu\u010fom v n\u00fadzi.<\/p>\n\n\n\n<p>O tak\u00fato formu adresnej pomoci po\u017eiadala Slovensk\u00fa katol\u00edcku charitu ukrajinsk\u00e1 charita. V Chernihive a okol\u00ed chce prinies\u0165 teplo domova a\u017e do 250 rod\u00edn. Ka\u017edej z nich treba na zimu 8 metrov kubick\u00fdch palivov\u00e9ho dreva. K\u00fari\u0165 bud\u00fa v kachliach, ktor\u00e9 im tie\u017e zabezpe\u010duje charita. <\/p>\n\n\n\n<figure class=\"wp-block-gallery has-nested-images columns-default is-cropped wp-block-gallery-1 is-layout-flex wp-block-gallery-is-layout-flex\">\n<figure class=\"wp-block-image size-large\"><a href=\"https:\/\/www.charita.sk\/svet\/wp-content\/uploads\/2023\/11\/5226595906831369457_121.jpg\"><img fetchpriority=\"high\" decoding=\"async\" width=\"1024\" height=\"768\" data-id=\"2774\" src=\"https:\/\/www.charita.sk\/svet\/wp-content\/uploads\/2023\/11\/5226595906831369457_121-1024x768.jpg\" alt=\"\" class=\"wp-image-2774\" srcset=\"https:\/\/www.charita.sk\/svet\/wp-content\/uploads\/2023\/11\/5226595906831369457_121-1024x768.jpg 1024w, https:\/\/www.charita.sk\/svet\/wp-content\/uploads\/2023\/11\/5226595906831369457_121-300x225.jpg 300w, https:\/\/www.charita.sk\/svet\/wp-content\/uploads\/2023\/11\/5226595906831369457_121-768x576.jpg 768w, https:\/\/www.charita.sk\/svet\/wp-content\/uploads\/2023\/11\/5226595906831369457_121.jpg 1280w\" sizes=\"(max-width: 1024px) 100vw, 1024px\" \/><\/a><\/figure>\n\n\n\n<figure class=\"wp-block-image size-large\"><a href=\"https:\/\/www.charita.sk\/svet\/wp-content\/uploads\/2023\/11\/20221215_142700-scaled.jpg\"><img decoding=\"async\" width=\"1024\" height=\"576\" data-id=\"2775\" src=\"https:\/\/www.charita.sk\/svet\/wp-content\/uploads\/2023\/11\/20221215_142700-1024x576.jpg\" alt=\"\" class=\"wp-image-2775\" srcset=\"https:\/\/www.charita.sk\/svet\/wp-content\/uploads\/2023\/11\/20221215_142700-1024x576.jpg 1024w, https:\/\/www.charita.sk\/svet\/wp-content\/uploads\/2023\/11\/20221215_142700-300x169.jpg 300w, https:\/\/www.charita.sk\/svet\/wp-content\/uploads\/2023\/11\/20221215_142700-768x432.jpg 768w, https:\/\/www.charita.sk\/svet\/wp-content\/uploads\/2023\/11\/20221215_142700-1536x864.jpg 1536w, https:\/\/www.charita.sk\/svet\/wp-content\/uploads\/2023\/11\/20221215_142700-2048x1152.jpg 2048w\" sizes=\"(max-width: 1024px) 100vw, 1024px\" \/><\/a><\/figure>\n\n\n\n<figure class=\"wp-block-image size-large\"><a href=\"https:\/\/www.charita.sk\/svet\/wp-content\/uploads\/2023\/11\/25554e70-f619-4c46-aa67-5a999e7f418b.jpg\"><img decoding=\"async\" width=\"1024\" height=\"768\" data-id=\"2772\" src=\"https:\/\/www.charita.sk\/svet\/wp-content\/uploads\/2023\/11\/25554e70-f619-4c46-aa67-5a999e7f418b-1024x768.jpg\" alt=\"\" class=\"wp-image-2772\" srcset=\"https:\/\/www.charita.sk\/svet\/wp-content\/uploads\/2023\/11\/25554e70-f619-4c46-aa67-5a999e7f418b-1024x768.jpg 1024w, https:\/\/www.charita.sk\/svet\/wp-content\/uploads\/2023\/11\/25554e70-f619-4c46-aa67-5a999e7f418b-300x225.jpg 300w, https:\/\/www.charita.sk\/svet\/wp-content\/uploads\/2023\/11\/25554e70-f619-4c46-aa67-5a999e7f418b-768x576.jpg 768w, https:\/\/www.charita.sk\/svet\/wp-content\/uploads\/2023\/11\/25554e70-f619-4c46-aa67-5a999e7f418b.jpg 1112w\" sizes=\"(max-width: 1024px) 100vw, 1024px\" \/><\/a><\/figure>\n<figcaption class=\"blocks-gallery-caption wp-element-caption\">\ud83d\udcf8 Rozvoz dreva na k\u00farenie bude prebieha\u0165 u\u017e po\u010das novembra. Zdroj: Caritas Chernihiv<\/figcaption><\/figure>\n\n\n\n<p>V\u010faka dlhoro\u010dnej spolupr\u00e1ci s Caritas Donetsk, ktor\u00e1 p\u00f4sob\u00ed v Dnipre sa pomoc zo Slovenska dostane aj do miestnej charitnej v\u00fdvarovne. T\u00e1 sa chyst\u00e1 na najkr\u00edzovej\u0161ie obdobie v roku. Tepl\u00fd obed a mil\u00e9 slovo v nej po\u010das zimy bude h\u013eada\u0165 denne cez 300 osamel\u00fdch seniorov a \u013eud\u00ed, ktor\u00ed nemaj\u00fa st\u00e1ly domov. Zo Slovenska im m\u00f4\u017eeme pom\u00f4c\u0165 na dia\u013eku darom a modlitbami a miestni pracovn\u00edci charity skutkom slu\u017eby. Podporme ich v tom.<\/p>\n\n\n\n<p>Charita vopred \u010fakuje za ka\u017ed\u00fd pr\u00edspevok, mal\u00fd \u010di ve\u013ek\u00fd, ktor\u00ed zahreje t\u00fdch, ktor\u00ed trpia a vyprosuje hojnos\u0165 Bo\u017eieho po\u017eehnania \u0161tedr\u00fdm darcom.<\/p>\n\n\n\n<div class=\"wp-block-buttons is-content-justification-center is-layout-flex wp-container-core-buttons-is-layout-16018d1d wp-block-buttons-is-layout-flex\">\n<div class=\"wp-block-button\"><a class=\"wp-block-button__link has-white-color has-text-color has-background wp-element-button\" href=\"https:\/\/charita.darujme.sk\/darujte-teplo\/\" style=\"background-color:#c42f41\">Darujte teplo\ud83d\udd25<\/a><\/div>\n<\/div>\n","protected":false},"excerpt":{"rendered":"<p>Slovensk\u00e1 katol\u00edcka charita vyhlasuje humanit\u00e1rnu zbierku na pomoc najbiednej\u0161\u00edm rodin\u00e1m a seniorom [&hellip;]<\/p>\n","protected":false},"author":2,"featured_media":2776,"comment_status":"open","ping_status":"open","sticky":false,"template":"","format":"standard","meta":{"footnotes":""},"categories":[18,3],"tags":[19,43],"class_list":["post-2770","post","type-post","status-publish","format-standard","has-post-thumbnail","hentry","category-ukrajina","category-zbierky","tag-ukrajina","tag-zima"],"yoast_head":"<!-- This site is optimized with the Yoast SEO plugin v25.4 - https:\/\/yoast.com\/wordpress\/plugins\/seo\/ -->\n<title>Charita sp\u00fa\u0161\u0165a zbierku na pomoc s k\u00faren\u00edm pre rodiny na Ukrajine | Charita vo svete<\/title>\n<meta name=\"robots\" content=\"index, follow, max-snippet:-1, max-image-preview:large, max-video-preview:-1\" \/>\n<link rel=\"canonical\" href=\"https:\/\/www.charita.sk\/svet\/charita-spusta-zbierku-na-pomoc-s-kurenim-pre-rodiny-na-ukrajine\/\" \/>\n<meta property=\"og:locale\" content=\"sk_SK\" \/>\n<meta property=\"og:type\" content=\"article\" \/>\n<meta property=\"og:title\" content=\"Charita sp\u00fa\u0161\u0165a zbierku na pomoc s k\u00faren\u00edm pre rodiny na Ukrajine | Charita vo svete\" \/>\n<meta property=\"og:description\" content=\"Slovensk\u00e1 katol\u00edcka charita vyhlasuje humanit\u00e1rnu zbierku na pomoc najbiednej\u0161\u00edm rodin\u00e1m a seniorom [&hellip;]\" \/>\n<meta property=\"og:url\" content=\"https:\/\/www.charita.sk\/svet\/charita-spusta-zbierku-na-pomoc-s-kurenim-pre-rodiny-na-ukrajine\/\" \/>\n<meta property=\"og:site_name\" content=\"Charita vo svete\" \/>\n<meta property=\"article:publisher\" content=\"https:\/\/www.facebook.com\/CaritasSlovakia\/\" \/>\n<meta property=\"article:published_time\" content=\"2023-11-06T10:11:12+00:00\" \/>\n<meta property=\"article:modified_time\" content=\"2023-11-06T10:32:21+00:00\" \/>\n<meta property=\"og:image\" content=\"https:\/\/www.charita.sk\/svet\/wp-content\/uploads\/2023\/11\/5330354791920026986_121.jpg\" \/>\n\t<meta property=\"og:image:width\" content=\"1280\" \/>\n\t<meta property=\"og:image:height\" content=\"960\" \/>\n\t<meta property=\"og:image:type\" content=\"image\/jpeg\" \/>\n<meta name=\"author\" content=\"charita\" \/>\n<meta name=\"twitter:card\" content=\"summary_large_image\" \/>\n<meta name=\"twitter:label1\" content=\"Autor\" \/>\n\t<meta name=\"twitter:data1\" content=\"charita\" \/>\n\t<meta name=\"twitter:label2\" content=\"Predpokladan\u00fd \u010das \u010d\u00edtania\" \/>\n\t<meta name=\"twitter:data2\" content=\"3 min\u00faty\" \/>\n<script type=\"application\/ld+json\" class=\"yoast-schema-graph\">{\"@context\":\"https:\/\/schema.org\",\"@graph\":[{\"@type\":\"Article\",\"@id\":\"https:\/\/www.charita.sk\/svet\/charita-spusta-zbierku-na-pomoc-s-kurenim-pre-rodiny-na-ukrajine\/#article\",\"isPartOf\":{\"@id\":\"https:\/\/www.charita.sk\/svet\/charita-spusta-zbierku-na-pomoc-s-kurenim-pre-rodiny-na-ukrajine\/\"},\"author\":{\"name\":\"charita\",\"@id\":\"https:\/\/www.charita.sk\/svet\/#\/schema\/person\/5d4cac7d83d3ec0090a0c6bb00690ce4\"},\"headline\":\"Charita sp\u00fa\u0161\u0165a zbierku na pomoc s k\u00faren\u00edm pre rodiny na Ukrajine\",\"datePublished\":\"2023-11-06T10:11:12+00:00\",\"dateModified\":\"2023-11-06T10:32:21+00:00\",\"mainEntityOfPage\":{\"@id\":\"https:\/\/www.charita.sk\/svet\/charita-spusta-zbierku-na-pomoc-s-kurenim-pre-rodiny-na-ukrajine\/\"},\"wordCount\":371,\"commentCount\":0,\"publisher\":{\"@id\":\"https:\/\/www.charita.sk\/svet\/#organization\"},\"image\":{\"@id\":\"https:\/\/www.charita.sk\/svet\/charita-spusta-zbierku-na-pomoc-s-kurenim-pre-rodiny-na-ukrajine\/#primaryimage\"},\"thumbnailUrl\":\"https:\/\/www.charita.sk\/svet\/wp-content\/uploads\/2023\/11\/5330354791920026986_121.jpg\",\"keywords\":[\"ukrajina\",\"zima\"],\"articleSection\":[\"Ukrajina\",\"Zbierky\"],\"inLanguage\":\"sk-SK\",\"potentialAction\":[{\"@type\":\"CommentAction\",\"name\":\"Comment\",\"target\":[\"https:\/\/www.charita.sk\/svet\/charita-spusta-zbierku-na-pomoc-s-kurenim-pre-rodiny-na-ukrajine\/#respond\"]}]},{\"@type\":\"WebPage\",\"@id\":\"https:\/\/www.charita.sk\/svet\/charita-spusta-zbierku-na-pomoc-s-kurenim-pre-rodiny-na-ukrajine\/\",\"url\":\"https:\/\/www.charita.sk\/svet\/charita-spusta-zbierku-na-pomoc-s-kurenim-pre-rodiny-na-ukrajine\/\",\"name\":\"Charita sp\u00fa\u0161\u0165a zbierku na pomoc s k\u00faren\u00edm pre rodiny na Ukrajine | Charita vo svete\",\"isPartOf\":{\"@id\":\"https:\/\/www.charita.sk\/svet\/#website\"},\"primaryImageOfPage\":{\"@id\":\"https:\/\/www.charita.sk\/svet\/charita-spusta-zbierku-na-pomoc-s-kurenim-pre-rodiny-na-ukrajine\/#primaryimage\"},\"image\":{\"@id\":\"https:\/\/www.charita.sk\/svet\/charita-spusta-zbierku-na-pomoc-s-kurenim-pre-rodiny-na-ukrajine\/#primaryimage\"},\"thumbnailUrl\":\"https:\/\/www.charita.sk\/svet\/wp-content\/uploads\/2023\/11\/5330354791920026986_121.jpg\",\"datePublished\":\"2023-11-06T10:11:12+00:00\",\"dateModified\":\"2023-11-06T10:32:21+00:00\",\"breadcrumb\":{\"@id\":\"https:\/\/www.charita.sk\/svet\/charita-spusta-zbierku-na-pomoc-s-kurenim-pre-rodiny-na-ukrajine\/#breadcrumb\"},\"inLanguage\":\"sk-SK\",\"potentialAction\":[{\"@type\":\"ReadAction\",\"target\":[\"https:\/\/www.charita.sk\/svet\/charita-spusta-zbierku-na-pomoc-s-kurenim-pre-rodiny-na-ukrajine\/\"]}]},{\"@type\":\"ImageObject\",\"inLanguage\":\"sk-SK\",\"@id\":\"https:\/\/www.charita.sk\/svet\/charita-spusta-zbierku-na-pomoc-s-kurenim-pre-rodiny-na-ukrajine\/#primaryimage\",\"url\":\"https:\/\/www.charita.sk\/svet\/wp-content\/uploads\/2023\/11\/5330354791920026986_121.jpg\",\"contentUrl\":\"https:\/\/www.charita.sk\/svet\/wp-content\/uploads\/2023\/11\/5330354791920026986_121.jpg\",\"width\":1280,\"height\":960},{\"@type\":\"BreadcrumbList\",\"@id\":\"https:\/\/www.charita.sk\/svet\/charita-spusta-zbierku-na-pomoc-s-kurenim-pre-rodiny-na-ukrajine\/#breadcrumb\",\"itemListElement\":[{\"@type\":\"ListItem\",\"position\":1,\"name\":\"Domovsk\u00e1 str\u00e1nka\",\"item\":\"https:\/\/www.charita.sk\/svet\/\"},{\"@type\":\"ListItem\",\"position\":2,\"name\":\"Charita sp\u00fa\u0161\u0165a zbierku na pomoc s k\u00faren\u00edm pre rodiny na Ukrajine\"}]},{\"@type\":\"WebSite\",\"@id\":\"https:\/\/www.charita.sk\/svet\/#website\",\"url\":\"https:\/\/www.charita.sk\/svet\/\",\"name\":\"Charita vo svete\",\"description\":\"Slovensk\u00e1 katol\u00edcka charita pom\u00e1ha \u013eu\u010fom v n\u00fadzi vo svete\",\"publisher\":{\"@id\":\"https:\/\/www.charita.sk\/svet\/#organization\"},\"potentialAction\":[{\"@type\":\"SearchAction\",\"target\":{\"@type\":\"EntryPoint\",\"urlTemplate\":\"https:\/\/www.charita.sk\/svet\/?s={search_term_string}\"},\"query-input\":{\"@type\":\"PropertyValueSpecification\",\"valueRequired\":true,\"valueName\":\"search_term_string\"}}],\"inLanguage\":\"sk-SK\"},{\"@type\":\"Organization\",\"@id\":\"https:\/\/www.charita.sk\/svet\/#organization\",\"name\":\"Slovensk\u00e1 katol\u00edcka charita\",\"url\":\"https:\/\/www.charita.sk\/svet\/\",\"logo\":{\"@type\":\"ImageObject\",\"inLanguage\":\"sk-SK\",\"@id\":\"https:\/\/www.charita.sk\/svet\/#\/schema\/logo\/image\/\",\"url\":\"https:\/\/www.charita.sk\/pomoc-utecencom\/wp-content\/uploads\/2020\/11\/logo_pomoc_utecencom.jpg\",\"contentUrl\":\"https:\/\/www.charita.sk\/pomoc-utecencom\/wp-content\/uploads\/2020\/11\/logo_pomoc_utecencom.jpg\",\"width\":1712,\"height\":480,\"caption\":\"Slovensk\u00e1 katol\u00edcka charita\"},\"image\":{\"@id\":\"https:\/\/www.charita.sk\/svet\/#\/schema\/logo\/image\/\"},\"sameAs\":[\"https:\/\/www.facebook.com\/CaritasSlovakia\/\",\"https:\/\/www.instagram.com\/caritas_slovakia\/\",\"https:\/\/www.linkedin.com\/company\/caritas-slovakia-skch-\",\"https:\/\/www.youtube.com\/user\/katolickacharita\"]},{\"@type\":\"Person\",\"@id\":\"https:\/\/www.charita.sk\/svet\/#\/schema\/person\/5d4cac7d83d3ec0090a0c6bb00690ce4\",\"name\":\"charita\",\"image\":{\"@type\":\"ImageObject\",\"inLanguage\":\"sk-SK\",\"@id\":\"https:\/\/www.charita.sk\/svet\/#\/schema\/person\/image\/\",\"url\":\"https:\/\/secure.gravatar.com\/avatar\/d2e7ea30dee1a0c7a6b7277bd2f993803c4622836c7e0130a97819af162a837b?s=96&d=mm&r=g\",\"contentUrl\":\"https:\/\/secure.gravatar.com\/avatar\/d2e7ea30dee1a0c7a6b7277bd2f993803c4622836c7e0130a97819af162a837b?s=96&d=mm&r=g\",\"caption\":\"charita\"},\"url\":\"https:\/\/www.charita.sk\/svet\/author\/charita\/\"}]}<\/script>\n<!-- \/ Yoast SEO plugin. -->","yoast_head_json":{"title":"Charita sp\u00fa\u0161\u0165a zbierku na pomoc s k\u00faren\u00edm pre rodiny na Ukrajine | Charita vo svete","robots":{"index":"index","follow":"follow","max-snippet":"max-snippet:-1","max-image-preview":"max-image-preview:large","max-video-preview":"max-video-preview:-1"},"canonical":"https:\/\/www.charita.sk\/svet\/charita-spusta-zbierku-na-pomoc-s-kurenim-pre-rodiny-na-ukrajine\/","og_locale":"sk_SK","og_type":"article","og_title":"Charita sp\u00fa\u0161\u0165a zbierku na pomoc s k\u00faren\u00edm pre rodiny na Ukrajine | Charita vo svete","og_description":"Slovensk\u00e1 katol\u00edcka charita vyhlasuje humanit\u00e1rnu zbierku na pomoc najbiednej\u0161\u00edm rodin\u00e1m a seniorom [&hellip;]","og_url":"https:\/\/www.charita.sk\/svet\/charita-spusta-zbierku-na-pomoc-s-kurenim-pre-rodiny-na-ukrajine\/","og_site_name":"Charita vo svete","article_publisher":"https:\/\/www.facebook.com\/CaritasSlovakia\/","article_published_time":"2023-11-06T10:11:12+00:00","article_modified_time":"2023-11-06T10:32:21+00:00","og_image":[{"width":1280,"height":960,"url":"https:\/\/www.charita.sk\/svet\/wp-content\/uploads\/2023\/11\/5330354791920026986_121.jpg","type":"image\/jpeg"}],"author":"charita","twitter_card":"summary_large_image","twitter_misc":{"Autor":"charita","Predpokladan\u00fd \u010das \u010d\u00edtania":"3 min\u00faty"},"schema":{"@context":"https:\/\/schema.org","@graph":[{"@type":"Article","@id":"https:\/\/www.charita.sk\/svet\/charita-spusta-zbierku-na-pomoc-s-kurenim-pre-rodiny-na-ukrajine\/#article","isPartOf":{"@id":"https:\/\/www.charita.sk\/svet\/charita-spusta-zbierku-na-pomoc-s-kurenim-pre-rodiny-na-ukrajine\/"},"author":{"name":"charita","@id":"https:\/\/www.charita.sk\/svet\/#\/schema\/person\/5d4cac7d83d3ec0090a0c6bb00690ce4"},"headline":"Charita sp\u00fa\u0161\u0165a zbierku na pomoc s k\u00faren\u00edm pre rodiny na Ukrajine","datePublished":"2023-11-06T10:11:12+00:00","dateModified":"2023-11-06T10:32:21+00:00","mainEntityOfPage":{"@id":"https:\/\/www.charita.sk\/svet\/charita-spusta-zbierku-na-pomoc-s-kurenim-pre-rodiny-na-ukrajine\/"},"wordCount":371,"commentCount":0,"publisher":{"@id":"https:\/\/www.charita.sk\/svet\/#organization"},"image":{"@id":"https:\/\/www.charita.sk\/svet\/charita-spusta-zbierku-na-pomoc-s-kurenim-pre-rodiny-na-ukrajine\/#primaryimage"},"thumbnailUrl":"https:\/\/www.charita.sk\/svet\/wp-content\/uploads\/2023\/11\/5330354791920026986_121.jpg","keywords":["ukrajina","zima"],"articleSection":["Ukrajina","Zbierky"],"inLanguage":"sk-SK","potentialAction":[{"@type":"CommentAction","name":"Comment","target":["https:\/\/www.charita.sk\/svet\/charita-spusta-zbierku-na-pomoc-s-kurenim-pre-rodiny-na-ukrajine\/#respond"]}]},{"@type":"WebPage","@id":"https:\/\/www.charita.sk\/svet\/charita-spusta-zbierku-na-pomoc-s-kurenim-pre-rodiny-na-ukrajine\/","url":"https:\/\/www.charita.sk\/svet\/charita-spusta-zbierku-na-pomoc-s-kurenim-pre-rodiny-na-ukrajine\/","name":"Charita sp\u00fa\u0161\u0165a zbierku na pomoc s k\u00faren\u00edm pre rodiny na Ukrajine | Charita vo svete","isPartOf":{"@id":"https:\/\/www.charita.sk\/svet\/#website"},"primaryImageOfPage":{"@id":"https:\/\/www.charita.sk\/svet\/charita-spusta-zbierku-na-pomoc-s-kurenim-pre-rodiny-na-ukrajine\/#primaryimage"},"image":{"@id":"https:\/\/www.charita.sk\/svet\/charita-spusta-zbierku-na-pomoc-s-kurenim-pre-rodiny-na-ukrajine\/#primaryimage"},"thumbnailUrl":"https:\/\/www.charita.sk\/svet\/wp-content\/uploads\/2023\/11\/5330354791920026986_121.jpg","datePublished":"2023-11-06T10:11:12+00:00","dateModified":"2023-11-06T10:32:21+00:00","breadcrumb":{"@id":"https:\/\/www.charita.sk\/svet\/charita-spusta-zbierku-na-pomoc-s-kurenim-pre-rodiny-na-ukrajine\/#breadcrumb"},"inLanguage":"sk-SK","potentialAction":[{"@type":"ReadAction","target":["https:\/\/www.charita.sk\/svet\/charita-spusta-zbierku-na-pomoc-s-kurenim-pre-rodiny-na-ukrajine\/"]}]},{"@type":"ImageObject","inLanguage":"sk-SK","@id":"https:\/\/www.charita.sk\/svet\/charita-spusta-zbierku-na-pomoc-s-kurenim-pre-rodiny-na-ukrajine\/#primaryimage","url":"https:\/\/www.charita.sk\/svet\/wp-content\/uploads\/2023\/11\/5330354791920026986_121.jpg","contentUrl":"https:\/\/www.charita.sk\/svet\/wp-content\/uploads\/2023\/11\/5330354791920026986_121.jpg","width":1280,"height":960},{"@type":"BreadcrumbList","@id":"https:\/\/www.charita.sk\/svet\/charita-spusta-zbierku-na-pomoc-s-kurenim-pre-rodiny-na-ukrajine\/#breadcrumb","itemListElement":[{"@type":"ListItem","position":1,"name":"Domovsk\u00e1 str\u00e1nka","item":"https:\/\/www.charita.sk\/svet\/"},{"@type":"ListItem","position":2,"name":"Charita sp\u00fa\u0161\u0165a zbierku na pomoc s k\u00faren\u00edm pre rodiny na Ukrajine"}]},{"@type":"WebSite","@id":"https:\/\/www.charita.sk\/svet\/#website","url":"https:\/\/www.charita.sk\/svet\/","name":"Charita vo svete","description":"Slovensk\u00e1 katol\u00edcka charita pom\u00e1ha \u013eu\u010fom v n\u00fadzi vo svete","publisher":{"@id":"https:\/\/www.charita.sk\/svet\/#organization"},"potentialAction":[{"@type":"SearchAction","target":{"@type":"EntryPoint","urlTemplate":"https:\/\/www.charita.sk\/svet\/?s={search_term_string}"},"query-input":{"@type":"PropertyValueSpecification","valueRequired":true,"valueName":"search_term_string"}}],"inLanguage":"sk-SK"},{"@type":"Organization","@id":"https:\/\/www.charita.sk\/svet\/#organization","name":"Slovensk\u00e1 katol\u00edcka charita","url":"https:\/\/www.charita.sk\/svet\/","logo":{"@type":"ImageObject","inLanguage":"sk-SK","@id":"https:\/\/www.charita.sk\/svet\/#\/schema\/logo\/image\/","url":"https:\/\/www.charita.sk\/pomoc-utecencom\/wp-content\/uploads\/2020\/11\/logo_pomoc_utecencom.jpg","contentUrl":"https:\/\/www.charita.sk\/pomoc-utecencom\/wp-content\/uploads\/2020\/11\/logo_pomoc_utecencom.jpg","width":1712,"height":480,"caption":"Slovensk\u00e1 katol\u00edcka charita"},"image":{"@id":"https:\/\/www.charita.sk\/svet\/#\/schema\/logo\/image\/"},"sameAs":["https:\/\/www.facebook.com\/CaritasSlovakia\/","https:\/\/www.instagram.com\/caritas_slovakia\/","https:\/\/www.linkedin.com\/company\/caritas-slovakia-skch-","https:\/\/www.youtube.com\/user\/katolickacharita"]},{"@type":"Person","@id":"https:\/\/www.charita.sk\/svet\/#\/schema\/person\/5d4cac7d83d3ec0090a0c6bb00690ce4","name":"charita","image":{"@type":"ImageObject","inLanguage":"sk-SK","@id":"https:\/\/www.charita.sk\/svet\/#\/schema\/person\/image\/","url":"https:\/\/secure.gravatar.com\/avatar\/d2e7ea30dee1a0c7a6b7277bd2f993803c4622836c7e0130a97819af162a837b?s=96&d=mm&r=g","contentUrl":"https:\/\/secure.gravatar.com\/avatar\/d2e7ea30dee1a0c7a6b7277bd2f993803c4622836c7e0130a97819af162a837b?s=96&d=mm&r=g","caption":"charita"},"url":"https:\/\/www.charita.sk\/svet\/author\/charita\/"}]}},"featured_image_src":"https:\/\/www.charita.sk\/svet\/wp-content\/uploads\/2023\/11\/5330354791920026986_121.jpg","featured_image_src_square":"https:\/\/www.charita.sk\/svet\/wp-content\/uploads\/2023\/11\/5330354791920026986_121.jpg","author_info":{"display_name":"charita","author_link":"https:\/\/www.charita.sk\/svet\/author\/charita\/"},"_links":{"self":[{"href":"https:\/\/www.charita.sk\/svet\/wp-json\/wp\/v2\/posts\/2770","targetHints":{"allow":["GET"]}}],"collection":[{"href":"https:\/\/www.charita.sk\/svet\/wp-json\/wp\/v2\/posts"}],"about":[{"href":"https:\/\/www.charita.sk\/svet\/wp-json\/wp\/v2\/types\/post"}],"author":[{"embeddable":true,"href":"https:\/\/www.charita.sk\/svet\/wp-json\/wp\/v2\/users\/2"}],"replies":[{"embeddable":true,"href":"https:\/\/www.charita.sk\/svet\/wp-json\/wp\/v2\/comments?post=2770"}],"version-history":[{"count":4,"href":"https:\/\/www.charita.sk\/svet\/wp-json\/wp\/v2\/posts\/2770\/revisions"}],"predecessor-version":[{"id":2779,"href":"https:\/\/www.charita.sk\/svet\/wp-json\/wp\/v2\/posts\/2770\/revisions\/2779"}],"wp:featuredmedia":[{"embeddable":true,"href":"https:\/\/www.charita.sk\/svet\/wp-json\/wp\/v2\/media\/2776"}],"wp:attachment":[{"href":"https:\/\/www.charita.sk\/svet\/wp-json\/wp\/v2\/media?parent=2770"}],"wp:term":[{"taxonomy":"category","embeddable":true,"href":"https:\/\/www.charita.sk\/svet\/wp-json\/wp\/v2\/categories?post=2770"},{"taxonomy":"post_tag","embeddable":true,"href":"https:\/\/www.charita.sk\/svet\/wp-json\/wp\/v2\/tags?post=2770"}],"curies":[{"name":"wp","href":"https:\/\/api.w.org\/{rel}","templated":true}]}}