{"id":2868,"date":"2024-01-30T14:06:00","date_gmt":"2024-01-30T13:06:00","guid":{"rendered":"https:\/\/www.charita.sk\/pomoc-utecencom\/?p=2868"},"modified":"2024-03-04T14:22:34","modified_gmt":"2024-03-04T13:22:34","slug":"v-dnipre-vari-charitna-vyvarovna-teple-obedy-pre-140-nudznych","status":"publish","type":"post","link":"https:\/\/www.charita.sk\/svet\/v-dnipre-vari-charitna-vyvarovna-teple-obedy-pre-140-nudznych\/","title":{"rendered":"V Dnipre var\u00ed charitn\u00e1 v\u00fdvarov\u0148a tepl\u00e9 obedy pre 140 n\u00fadznych"},"content":{"rendered":"\n<p><strong>T\u00fato zimu dok\u00e1\u017eeme s Va\u0161ou pomocou darova\u0165 tepl\u00fd obed osamel\u00fdm seniorom a \u013eu\u010fom so zdravotn\u00fdmi probl\u00e9mami. V\u010faka na\u0161ej zimnej v\u00fdzve, na ktor\u00fa ste mnoh\u00ed prispeli, tak neostane bez tepl\u00e9ho jedla a\u017e 140 \u013eud\u00ed v n\u00fadzi, ktor\u00ed sa museli pres\u0165ahova\u0165 do Dnipra.<\/strong><\/p>\n\n\n\n<p>V charitnej v\u00fdvarovni dok\u00e1\u017eeme v spolupr\u00e1ci s miestnou charitou <a href=\"https:\/\/www.facebook.com\/caritasdonetskindnipro?__cft__[0]=AZVrNvxYgH2PKjtE8J-sCctUtaUYt30ouATUt472rspH1jof7RyDASgu9FnOZpvdWjSxO107jVQnw2Z9r0FwtzBiY8r7g8t8OXe1i1f4-yv0JODR0WlnpfGoGkLV6Rqm4hpuHuHwyS5FxTDzmzNgYxT_IGlJHZgyiMmP56I33gRZJxZZVJkZkT0Rae2GZQ1tT63jVDzzcs36QzfIzWjXH5Wh&amp;__tn__=-]K-R\">\u041a\u0430\u0440\u0456\u0442\u0430\u0441 \u0414\u043e\u043d\u0435\u0446\u044c\u043a \u0443 \u043c. \u0414\u043d\u0456\u043f\u0440\u043e<\/a> denne nas\u00fdti\u0165 140 \u013eud\u00ed na pokraji chudoby. Za ka\u017ed\u00fdm z nich sa skr\u00fdva pr\u00edbeh. <em>\u201eSme pres\u00eddlenci a som tu aj s mojou 88-ro\u010dnou mamkou, ktor\u00e1 sa u\u017e \u0165a\u017eko pohybuje. Humanit\u00e1rnu pomoc nem\u00f4\u017eeme dost\u00e1va\u0165 hocikde, preto\u017ee ju nem\u00f4\u017eem dlho necha\u0165 sam\u00fa. Je pre n\u00e1s d\u00f4le\u017eit\u00e9, \u017ee dost\u00e1vame tepl\u00e9 obedy. \u00daprimne v\u00e1m \u010fakujeme,\u201c <\/em>hovor\u00ed seniorka, ktor\u00e1 ka\u017ed\u00fd de\u0148 chodieva do charitnej v\u00fdvarovne po tepl\u00fd obed pre seba a svoju mamu.<\/p>\n\n\n\n<p><em>\u201eSom d\u00f4chodca a moja man\u017eelka pred 12 rokmi utrpela por\u00e1\u017eku. Som ve\u013emi v\u010fa\u010dn\u00fd za jedlo, ktor\u00e9 tu pre n\u00e1s dostanem. V\u017edy je v\u00fdborne navaren\u00e9, rob\u00edte skvel\u00fa pr\u00e1cu pre d\u00f4chodcov a \u013eud\u00ed v n\u00fadzi,\u201c<\/em> odkazuje v jednom <a href=\"https:\/\/www.facebook.com\/caritasdonetskindnipro\/videos\/1459051868341002\">z vide\u00ed<\/a> star\u0161\u00ed p\u00e1n.<\/p>\n\n\n\n<p>V charitnej v\u00fdvarovni dost\u00e1vaj\u00fa \u013eudia okrem teplej polievky aj mil\u00e9 slovo. Spolu s va\u0161ou pomocou sme vyzbierali dostatok financi\u00ed na fungovanie v\u00fdvarovne po\u010das 3 nachladnej\u0161\u00edch mesiacov v roku. Pani kuch\u00e1rky tak maj\u00fa dobre platen\u00fa pr\u00e1cu a n\u00fadzni \u013eud\u00ed, na ktor\u00fdch sa m\u00f4\u017eu obr\u00e1ti\u0165. Sme radi, \u017ee m\u00f4\u017eeme pom\u00e1ha\u0165 tam, kde je to najviac potrebn\u00e9.<\/p>\n\n\n\n<figure class=\"wp-block-gallery has-nested-images columns-default is-cropped wp-block-gallery-1 is-layout-flex wp-block-gallery-is-layout-flex\">\n<figure class=\"wp-block-image size-large\"><a href=\"https:\/\/www.charita.sk\/svet\/wp-content\/uploads\/2024\/03\/425606868_360916666888425_1446352127735020571_n.jpg\"><img fetchpriority=\"high\" decoding=\"async\" width=\"1024\" height=\"768\" data-id=\"2872\" src=\"https:\/\/www.charita.sk\/svet\/wp-content\/uploads\/2024\/03\/425606868_360916666888425_1446352127735020571_n-1024x768.jpg\" alt=\"\" class=\"wp-image-2872\" srcset=\"https:\/\/www.charita.sk\/svet\/wp-content\/uploads\/2024\/03\/425606868_360916666888425_1446352127735020571_n-1024x768.jpg 1024w, https:\/\/www.charita.sk\/svet\/wp-content\/uploads\/2024\/03\/425606868_360916666888425_1446352127735020571_n-300x225.jpg 300w, https:\/\/www.charita.sk\/svet\/wp-content\/uploads\/2024\/03\/425606868_360916666888425_1446352127735020571_n-768x576.jpg 768w, https:\/\/www.charita.sk\/svet\/wp-content\/uploads\/2024\/03\/425606868_360916666888425_1446352127735020571_n-1536x1152.jpg 1536w, https:\/\/www.charita.sk\/svet\/wp-content\/uploads\/2024\/03\/425606868_360916666888425_1446352127735020571_n.jpg 2048w\" sizes=\"(max-width: 1024px) 100vw, 1024px\" \/><\/a><\/figure>\n\n\n\n<figure class=\"wp-block-image size-large\"><a href=\"https:\/\/www.charita.sk\/svet\/wp-content\/uploads\/2024\/03\/425567493_360917063555052_5105652984240891925_n.jpg\"><img decoding=\"async\" width=\"1024\" height=\"768\" data-id=\"2870\" src=\"https:\/\/www.charita.sk\/svet\/wp-content\/uploads\/2024\/03\/425567493_360917063555052_5105652984240891925_n-1024x768.jpg\" alt=\"\" class=\"wp-image-2870\" srcset=\"https:\/\/www.charita.sk\/svet\/wp-content\/uploads\/2024\/03\/425567493_360917063555052_5105652984240891925_n-1024x768.jpg 1024w, https:\/\/www.charita.sk\/svet\/wp-content\/uploads\/2024\/03\/425567493_360917063555052_5105652984240891925_n-300x225.jpg 300w, https:\/\/www.charita.sk\/svet\/wp-content\/uploads\/2024\/03\/425567493_360917063555052_5105652984240891925_n-768x576.jpg 768w, https:\/\/www.charita.sk\/svet\/wp-content\/uploads\/2024\/03\/425567493_360917063555052_5105652984240891925_n-1536x1152.jpg 1536w, https:\/\/www.charita.sk\/svet\/wp-content\/uploads\/2024\/03\/425567493_360917063555052_5105652984240891925_n.jpg 2048w\" sizes=\"(max-width: 1024px) 100vw, 1024px\" \/><\/a><\/figure>\n\n\n\n<figure class=\"wp-block-image size-large\"><a href=\"https:\/\/www.charita.sk\/svet\/wp-content\/uploads\/2024\/03\/425491849_360916246888467_8072606651850900916_n.jpg\"><img decoding=\"async\" width=\"1024\" height=\"768\" data-id=\"2871\" src=\"https:\/\/www.charita.sk\/svet\/wp-content\/uploads\/2024\/03\/425491849_360916246888467_8072606651850900916_n-1024x768.jpg\" alt=\"\" class=\"wp-image-2871\" srcset=\"https:\/\/www.charita.sk\/svet\/wp-content\/uploads\/2024\/03\/425491849_360916246888467_8072606651850900916_n-1024x768.jpg 1024w, https:\/\/www.charita.sk\/svet\/wp-content\/uploads\/2024\/03\/425491849_360916246888467_8072606651850900916_n-300x225.jpg 300w, https:\/\/www.charita.sk\/svet\/wp-content\/uploads\/2024\/03\/425491849_360916246888467_8072606651850900916_n-768x576.jpg 768w, https:\/\/www.charita.sk\/svet\/wp-content\/uploads\/2024\/03\/425491849_360916246888467_8072606651850900916_n-1536x1152.jpg 1536w, https:\/\/www.charita.sk\/svet\/wp-content\/uploads\/2024\/03\/425491849_360916246888467_8072606651850900916_n.jpg 2048w\" sizes=\"(max-width: 1024px) 100vw, 1024px\" \/><\/a><\/figure>\n\n\n\n<figure class=\"wp-block-image size-large\"><a href=\"https:\/\/www.charita.sk\/svet\/wp-content\/uploads\/2024\/03\/425527550_360916490221776_1422612652420598032_n.jpg\"><img loading=\"lazy\" decoding=\"async\" width=\"1024\" height=\"768\" data-id=\"2873\" src=\"https:\/\/www.charita.sk\/svet\/wp-content\/uploads\/2024\/03\/425527550_360916490221776_1422612652420598032_n-1024x768.jpg\" alt=\"\" class=\"wp-image-2873\" srcset=\"https:\/\/www.charita.sk\/svet\/wp-content\/uploads\/2024\/03\/425527550_360916490221776_1422612652420598032_n-1024x768.jpg 1024w, https:\/\/www.charita.sk\/svet\/wp-content\/uploads\/2024\/03\/425527550_360916490221776_1422612652420598032_n-300x225.jpg 300w, https:\/\/www.charita.sk\/svet\/wp-content\/uploads\/2024\/03\/425527550_360916490221776_1422612652420598032_n-768x576.jpg 768w, https:\/\/www.charita.sk\/svet\/wp-content\/uploads\/2024\/03\/425527550_360916490221776_1422612652420598032_n-1536x1152.jpg 1536w, https:\/\/www.charita.sk\/svet\/wp-content\/uploads\/2024\/03\/425527550_360916490221776_1422612652420598032_n.jpg 2048w\" sizes=\"(max-width: 1024px) 100vw, 1024px\" \/><\/a><\/figure>\n\n\n\n<figure class=\"wp-block-image size-large\"><a href=\"https:\/\/www.charita.sk\/svet\/wp-content\/uploads\/2024\/03\/425509350_360917120221713_2325740183528430574_n.jpg\"><img loading=\"lazy\" decoding=\"async\" width=\"1024\" height=\"768\" data-id=\"2874\" src=\"https:\/\/www.charita.sk\/svet\/wp-content\/uploads\/2024\/03\/425509350_360917120221713_2325740183528430574_n-1024x768.jpg\" alt=\"\" class=\"wp-image-2874\" srcset=\"https:\/\/www.charita.sk\/svet\/wp-content\/uploads\/2024\/03\/425509350_360917120221713_2325740183528430574_n-1024x768.jpg 1024w, https:\/\/www.charita.sk\/svet\/wp-content\/uploads\/2024\/03\/425509350_360917120221713_2325740183528430574_n-300x225.jpg 300w, https:\/\/www.charita.sk\/svet\/wp-content\/uploads\/2024\/03\/425509350_360917120221713_2325740183528430574_n-768x576.jpg 768w, https:\/\/www.charita.sk\/svet\/wp-content\/uploads\/2024\/03\/425509350_360917120221713_2325740183528430574_n-1536x1152.jpg 1536w, https:\/\/www.charita.sk\/svet\/wp-content\/uploads\/2024\/03\/425509350_360917120221713_2325740183528430574_n.jpg 2048w\" sizes=\"(max-width: 1024px) 100vw, 1024px\" \/><\/a><\/figure>\n\n\n\n<figure class=\"wp-block-image size-large\"><a href=\"https:\/\/www.charita.sk\/svet\/wp-content\/uploads\/2024\/03\/425565891_360916293555129_6998859036522147264_n.jpg\"><img loading=\"lazy\" decoding=\"async\" width=\"1024\" height=\"768\" data-id=\"2875\" src=\"https:\/\/www.charita.sk\/svet\/wp-content\/uploads\/2024\/03\/425565891_360916293555129_6998859036522147264_n-1024x768.jpg\" alt=\"\" class=\"wp-image-2875\" srcset=\"https:\/\/www.charita.sk\/svet\/wp-content\/uploads\/2024\/03\/425565891_360916293555129_6998859036522147264_n-1024x768.jpg 1024w, https:\/\/www.charita.sk\/svet\/wp-content\/uploads\/2024\/03\/425565891_360916293555129_6998859036522147264_n-300x225.jpg 300w, https:\/\/www.charita.sk\/svet\/wp-content\/uploads\/2024\/03\/425565891_360916293555129_6998859036522147264_n-768x576.jpg 768w, https:\/\/www.charita.sk\/svet\/wp-content\/uploads\/2024\/03\/425565891_360916293555129_6998859036522147264_n-1536x1152.jpg 1536w, https:\/\/www.charita.sk\/svet\/wp-content\/uploads\/2024\/03\/425565891_360916293555129_6998859036522147264_n.jpg 2048w\" sizes=\"(max-width: 1024px) 100vw, 1024px\" \/><\/a><\/figure>\n<figcaption class=\"blocks-gallery-caption wp-element-caption\">\ud83d\udcf8Za fotky a skvel\u00fa pr\u00e1cu na tomto projekte v\u010fa\u010d\u00edme miestnej charite v Dnipre <a href=\"https:\/\/www.facebook.com\/caritasdonetskindnipro?__cft__[0]=AZWqPX5ZuTfQhSHAnQwpgVC214GyFCgHd0NuXI_tGUYfG6X4zSnXPcibL324Pg5t43J6bUfGyN7cgx5rT6b6ymRSMyaVxSZMnR9014XUTSt0OCFKv6DlVqvWU_A26IZEnAJ6K1iQv9HVF33kwRd_Igm2NhHsHTsUrXO19HoE2dMBWmX13w1FuIYsRJXy5g7Kg0Q&amp;__tn__=-]K-R\">\u041a\u0430\u0440\u0456\u0442\u0430\u0441 \u0414\u043e\u043d\u0435\u0446\u044c\u043a \u0443 \u043c. \u0414\u043d\u0456\u043f\u0440\u043e<\/a>.<\/figcaption><\/figure>\n","protected":false},"excerpt":{"rendered":"<p>T\u00fato zimu dok\u00e1\u017eeme s Va\u0161ou pomocou darova\u0165 tepl\u00fd obed osamel\u00fdm seniorom a [&hellip;]<\/p>\n","protected":false},"author":2,"featured_media":2869,"comment_status":"open","ping_status":"open","sticky":false,"template":"","format":"standard","meta":{"footnotes":""},"categories":[18],"tags":[52,19],"class_list":["post-2868","post","type-post","status-publish","format-standard","has-post-thumbnail","hentry","category-ukrajina","tag-jedlo","tag-ukrajina"],"yoast_head":"<!-- This site is optimized with the Yoast SEO plugin v25.4 - https:\/\/yoast.com\/wordpress\/plugins\/seo\/ -->\n<title>V Dnipre var\u00ed charitn\u00e1 v\u00fdvarov\u0148a tepl\u00e9 obedy pre 140 n\u00fadznych | Charita vo svete<\/title>\n<meta name=\"robots\" content=\"index, follow, max-snippet:-1, max-image-preview:large, max-video-preview:-1\" \/>\n<link rel=\"canonical\" href=\"https:\/\/www.charita.sk\/svet\/v-dnipre-vari-charitna-vyvarovna-teple-obedy-pre-140-nudznych\/\" \/>\n<meta property=\"og:locale\" content=\"sk_SK\" \/>\n<meta property=\"og:type\" content=\"article\" \/>\n<meta property=\"og:title\" content=\"V Dnipre var\u00ed charitn\u00e1 v\u00fdvarov\u0148a tepl\u00e9 obedy pre 140 n\u00fadznych | Charita vo svete\" \/>\n<meta property=\"og:description\" content=\"T\u00fato zimu dok\u00e1\u017eeme s Va\u0161ou pomocou darova\u0165 tepl\u00fd obed osamel\u00fdm seniorom a [&hellip;]\" \/>\n<meta property=\"og:url\" content=\"https:\/\/www.charita.sk\/svet\/v-dnipre-vari-charitna-vyvarovna-teple-obedy-pre-140-nudznych\/\" \/>\n<meta property=\"og:site_name\" content=\"Charita vo svete\" \/>\n<meta property=\"article:publisher\" content=\"https:\/\/www.facebook.com\/CaritasSlovakia\/\" \/>\n<meta property=\"article:published_time\" content=\"2024-01-30T13:06:00+00:00\" \/>\n<meta property=\"article:modified_time\" content=\"2024-03-04T13:22:34+00:00\" \/>\n<meta property=\"og:image\" content=\"https:\/\/www.charita.sk\/svet\/wp-content\/uploads\/2024\/03\/425544441_360916446888447_2823372264231310041_n.jpg\" \/>\n\t<meta property=\"og:image:width\" content=\"2048\" \/>\n\t<meta property=\"og:image:height\" content=\"1536\" \/>\n\t<meta property=\"og:image:type\" content=\"image\/jpeg\" \/>\n<meta name=\"author\" content=\"charita\" \/>\n<meta name=\"twitter:card\" content=\"summary_large_image\" \/>\n<meta name=\"twitter:label1\" content=\"Autor\" \/>\n\t<meta name=\"twitter:data1\" content=\"charita\" \/>\n\t<meta name=\"twitter:label2\" content=\"Predpokladan\u00fd \u010das \u010d\u00edtania\" \/>\n\t<meta name=\"twitter:data2\" content=\"3 min\u00faty\" \/>\n<script type=\"application\/ld+json\" class=\"yoast-schema-graph\">{\"@context\":\"https:\/\/schema.org\",\"@graph\":[{\"@type\":\"Article\",\"@id\":\"https:\/\/www.charita.sk\/svet\/v-dnipre-vari-charitna-vyvarovna-teple-obedy-pre-140-nudznych\/#article\",\"isPartOf\":{\"@id\":\"https:\/\/www.charita.sk\/svet\/v-dnipre-vari-charitna-vyvarovna-teple-obedy-pre-140-nudznych\/\"},\"author\":{\"name\":\"charita\",\"@id\":\"https:\/\/www.charita.sk\/svet\/#\/schema\/person\/5d4cac7d83d3ec0090a0c6bb00690ce4\"},\"headline\":\"V Dnipre var\u00ed charitn\u00e1 v\u00fdvarov\u0148a tepl\u00e9 obedy pre 140 n\u00fadznych\",\"datePublished\":\"2024-01-30T13:06:00+00:00\",\"dateModified\":\"2024-03-04T13:22:34+00:00\",\"mainEntityOfPage\":{\"@id\":\"https:\/\/www.charita.sk\/svet\/v-dnipre-vari-charitna-vyvarovna-teple-obedy-pre-140-nudznych\/\"},\"wordCount\":321,\"commentCount\":0,\"publisher\":{\"@id\":\"https:\/\/www.charita.sk\/svet\/#organization\"},\"image\":{\"@id\":\"https:\/\/www.charita.sk\/svet\/v-dnipre-vari-charitna-vyvarovna-teple-obedy-pre-140-nudznych\/#primaryimage\"},\"thumbnailUrl\":\"https:\/\/www.charita.sk\/svet\/wp-content\/uploads\/2024\/03\/425544441_360916446888447_2823372264231310041_n.jpg\",\"keywords\":[\"jedlo\",\"ukrajina\"],\"articleSection\":[\"Ukrajina\"],\"inLanguage\":\"sk-SK\",\"potentialAction\":[{\"@type\":\"CommentAction\",\"name\":\"Comment\",\"target\":[\"https:\/\/www.charita.sk\/svet\/v-dnipre-vari-charitna-vyvarovna-teple-obedy-pre-140-nudznych\/#respond\"]}]},{\"@type\":\"WebPage\",\"@id\":\"https:\/\/www.charita.sk\/svet\/v-dnipre-vari-charitna-vyvarovna-teple-obedy-pre-140-nudznych\/\",\"url\":\"https:\/\/www.charita.sk\/svet\/v-dnipre-vari-charitna-vyvarovna-teple-obedy-pre-140-nudznych\/\",\"name\":\"V Dnipre var\u00ed charitn\u00e1 v\u00fdvarov\u0148a tepl\u00e9 obedy pre 140 n\u00fadznych | Charita vo svete\",\"isPartOf\":{\"@id\":\"https:\/\/www.charita.sk\/svet\/#website\"},\"primaryImageOfPage\":{\"@id\":\"https:\/\/www.charita.sk\/svet\/v-dnipre-vari-charitna-vyvarovna-teple-obedy-pre-140-nudznych\/#primaryimage\"},\"image\":{\"@id\":\"https:\/\/www.charita.sk\/svet\/v-dnipre-vari-charitna-vyvarovna-teple-obedy-pre-140-nudznych\/#primaryimage\"},\"thumbnailUrl\":\"https:\/\/www.charita.sk\/svet\/wp-content\/uploads\/2024\/03\/425544441_360916446888447_2823372264231310041_n.jpg\",\"datePublished\":\"2024-01-30T13:06:00+00:00\",\"dateModified\":\"2024-03-04T13:22:34+00:00\",\"breadcrumb\":{\"@id\":\"https:\/\/www.charita.sk\/svet\/v-dnipre-vari-charitna-vyvarovna-teple-obedy-pre-140-nudznych\/#breadcrumb\"},\"inLanguage\":\"sk-SK\",\"potentialAction\":[{\"@type\":\"ReadAction\",\"target\":[\"https:\/\/www.charita.sk\/svet\/v-dnipre-vari-charitna-vyvarovna-teple-obedy-pre-140-nudznych\/\"]}]},{\"@type\":\"ImageObject\",\"inLanguage\":\"sk-SK\",\"@id\":\"https:\/\/www.charita.sk\/svet\/v-dnipre-vari-charitna-vyvarovna-teple-obedy-pre-140-nudznych\/#primaryimage\",\"url\":\"https:\/\/www.charita.sk\/svet\/wp-content\/uploads\/2024\/03\/425544441_360916446888447_2823372264231310041_n.jpg\",\"contentUrl\":\"https:\/\/www.charita.sk\/svet\/wp-content\/uploads\/2024\/03\/425544441_360916446888447_2823372264231310041_n.jpg\",\"width\":2048,\"height\":1536},{\"@type\":\"BreadcrumbList\",\"@id\":\"https:\/\/www.charita.sk\/svet\/v-dnipre-vari-charitna-vyvarovna-teple-obedy-pre-140-nudznych\/#breadcrumb\",\"itemListElement\":[{\"@type\":\"ListItem\",\"position\":1,\"name\":\"Domovsk\u00e1 str\u00e1nka\",\"item\":\"https:\/\/www.charita.sk\/svet\/\"},{\"@type\":\"ListItem\",\"position\":2,\"name\":\"V Dnipre var\u00ed charitn\u00e1 v\u00fdvarov\u0148a tepl\u00e9 obedy pre 140 n\u00fadznych\"}]},{\"@type\":\"WebSite\",\"@id\":\"https:\/\/www.charita.sk\/svet\/#website\",\"url\":\"https:\/\/www.charita.sk\/svet\/\",\"name\":\"Charita vo svete\",\"description\":\"Slovensk\u00e1 katol\u00edcka charita pom\u00e1ha \u013eu\u010fom v n\u00fadzi vo svete\",\"publisher\":{\"@id\":\"https:\/\/www.charita.sk\/svet\/#organization\"},\"potentialAction\":[{\"@type\":\"SearchAction\",\"target\":{\"@type\":\"EntryPoint\",\"urlTemplate\":\"https:\/\/www.charita.sk\/svet\/?s={search_term_string}\"},\"query-input\":{\"@type\":\"PropertyValueSpecification\",\"valueRequired\":true,\"valueName\":\"search_term_string\"}}],\"inLanguage\":\"sk-SK\"},{\"@type\":\"Organization\",\"@id\":\"https:\/\/www.charita.sk\/svet\/#organization\",\"name\":\"Slovensk\u00e1 katol\u00edcka charita\",\"url\":\"https:\/\/www.charita.sk\/svet\/\",\"logo\":{\"@type\":\"ImageObject\",\"inLanguage\":\"sk-SK\",\"@id\":\"https:\/\/www.charita.sk\/svet\/#\/schema\/logo\/image\/\",\"url\":\"https:\/\/www.charita.sk\/pomoc-utecencom\/wp-content\/uploads\/2020\/11\/logo_pomoc_utecencom.jpg\",\"contentUrl\":\"https:\/\/www.charita.sk\/pomoc-utecencom\/wp-content\/uploads\/2020\/11\/logo_pomoc_utecencom.jpg\",\"width\":1712,\"height\":480,\"caption\":\"Slovensk\u00e1 katol\u00edcka charita\"},\"image\":{\"@id\":\"https:\/\/www.charita.sk\/svet\/#\/schema\/logo\/image\/\"},\"sameAs\":[\"https:\/\/www.facebook.com\/CaritasSlovakia\/\",\"https:\/\/www.instagram.com\/caritas_slovakia\/\",\"https:\/\/www.linkedin.com\/company\/caritas-slovakia-skch-\",\"https:\/\/www.youtube.com\/user\/katolickacharita\"]},{\"@type\":\"Person\",\"@id\":\"https:\/\/www.charita.sk\/svet\/#\/schema\/person\/5d4cac7d83d3ec0090a0c6bb00690ce4\",\"name\":\"charita\",\"image\":{\"@type\":\"ImageObject\",\"inLanguage\":\"sk-SK\",\"@id\":\"https:\/\/www.charita.sk\/svet\/#\/schema\/person\/image\/\",\"url\":\"https:\/\/secure.gravatar.com\/avatar\/d2e7ea30dee1a0c7a6b7277bd2f993803c4622836c7e0130a97819af162a837b?s=96&d=mm&r=g\",\"contentUrl\":\"https:\/\/secure.gravatar.com\/avatar\/d2e7ea30dee1a0c7a6b7277bd2f993803c4622836c7e0130a97819af162a837b?s=96&d=mm&r=g\",\"caption\":\"charita\"},\"url\":\"https:\/\/www.charita.sk\/svet\/author\/charita\/\"}]}<\/script>\n<!-- \/ Yoast SEO plugin. -->","yoast_head_json":{"title":"V Dnipre var\u00ed charitn\u00e1 v\u00fdvarov\u0148a tepl\u00e9 obedy pre 140 n\u00fadznych | Charita vo svete","robots":{"index":"index","follow":"follow","max-snippet":"max-snippet:-1","max-image-preview":"max-image-preview:large","max-video-preview":"max-video-preview:-1"},"canonical":"https:\/\/www.charita.sk\/svet\/v-dnipre-vari-charitna-vyvarovna-teple-obedy-pre-140-nudznych\/","og_locale":"sk_SK","og_type":"article","og_title":"V Dnipre var\u00ed charitn\u00e1 v\u00fdvarov\u0148a tepl\u00e9 obedy pre 140 n\u00fadznych | Charita vo svete","og_description":"T\u00fato zimu dok\u00e1\u017eeme s Va\u0161ou pomocou darova\u0165 tepl\u00fd obed osamel\u00fdm seniorom a [&hellip;]","og_url":"https:\/\/www.charita.sk\/svet\/v-dnipre-vari-charitna-vyvarovna-teple-obedy-pre-140-nudznych\/","og_site_name":"Charita vo svete","article_publisher":"https:\/\/www.facebook.com\/CaritasSlovakia\/","article_published_time":"2024-01-30T13:06:00+00:00","article_modified_time":"2024-03-04T13:22:34+00:00","og_image":[{"width":2048,"height":1536,"url":"https:\/\/www.charita.sk\/svet\/wp-content\/uploads\/2024\/03\/425544441_360916446888447_2823372264231310041_n.jpg","type":"image\/jpeg"}],"author":"charita","twitter_card":"summary_large_image","twitter_misc":{"Autor":"charita","Predpokladan\u00fd \u010das \u010d\u00edtania":"3 min\u00faty"},"schema":{"@context":"https:\/\/schema.org","@graph":[{"@type":"Article","@id":"https:\/\/www.charita.sk\/svet\/v-dnipre-vari-charitna-vyvarovna-teple-obedy-pre-140-nudznych\/#article","isPartOf":{"@id":"https:\/\/www.charita.sk\/svet\/v-dnipre-vari-charitna-vyvarovna-teple-obedy-pre-140-nudznych\/"},"author":{"name":"charita","@id":"https:\/\/www.charita.sk\/svet\/#\/schema\/person\/5d4cac7d83d3ec0090a0c6bb00690ce4"},"headline":"V Dnipre var\u00ed charitn\u00e1 v\u00fdvarov\u0148a tepl\u00e9 obedy pre 140 n\u00fadznych","datePublished":"2024-01-30T13:06:00+00:00","dateModified":"2024-03-04T13:22:34+00:00","mainEntityOfPage":{"@id":"https:\/\/www.charita.sk\/svet\/v-dnipre-vari-charitna-vyvarovna-teple-obedy-pre-140-nudznych\/"},"wordCount":321,"commentCount":0,"publisher":{"@id":"https:\/\/www.charita.sk\/svet\/#organization"},"image":{"@id":"https:\/\/www.charita.sk\/svet\/v-dnipre-vari-charitna-vyvarovna-teple-obedy-pre-140-nudznych\/#primaryimage"},"thumbnailUrl":"https:\/\/www.charita.sk\/svet\/wp-content\/uploads\/2024\/03\/425544441_360916446888447_2823372264231310041_n.jpg","keywords":["jedlo","ukrajina"],"articleSection":["Ukrajina"],"inLanguage":"sk-SK","potentialAction":[{"@type":"CommentAction","name":"Comment","target":["https:\/\/www.charita.sk\/svet\/v-dnipre-vari-charitna-vyvarovna-teple-obedy-pre-140-nudznych\/#respond"]}]},{"@type":"WebPage","@id":"https:\/\/www.charita.sk\/svet\/v-dnipre-vari-charitna-vyvarovna-teple-obedy-pre-140-nudznych\/","url":"https:\/\/www.charita.sk\/svet\/v-dnipre-vari-charitna-vyvarovna-teple-obedy-pre-140-nudznych\/","name":"V Dnipre var\u00ed charitn\u00e1 v\u00fdvarov\u0148a tepl\u00e9 obedy pre 140 n\u00fadznych | Charita vo svete","isPartOf":{"@id":"https:\/\/www.charita.sk\/svet\/#website"},"primaryImageOfPage":{"@id":"https:\/\/www.charita.sk\/svet\/v-dnipre-vari-charitna-vyvarovna-teple-obedy-pre-140-nudznych\/#primaryimage"},"image":{"@id":"https:\/\/www.charita.sk\/svet\/v-dnipre-vari-charitna-vyvarovna-teple-obedy-pre-140-nudznych\/#primaryimage"},"thumbnailUrl":"https:\/\/www.charita.sk\/svet\/wp-content\/uploads\/2024\/03\/425544441_360916446888447_2823372264231310041_n.jpg","datePublished":"2024-01-30T13:06:00+00:00","dateModified":"2024-03-04T13:22:34+00:00","breadcrumb":{"@id":"https:\/\/www.charita.sk\/svet\/v-dnipre-vari-charitna-vyvarovna-teple-obedy-pre-140-nudznych\/#breadcrumb"},"inLanguage":"sk-SK","potentialAction":[{"@type":"ReadAction","target":["https:\/\/www.charita.sk\/svet\/v-dnipre-vari-charitna-vyvarovna-teple-obedy-pre-140-nudznych\/"]}]},{"@type":"ImageObject","inLanguage":"sk-SK","@id":"https:\/\/www.charita.sk\/svet\/v-dnipre-vari-charitna-vyvarovna-teple-obedy-pre-140-nudznych\/#primaryimage","url":"https:\/\/www.charita.sk\/svet\/wp-content\/uploads\/2024\/03\/425544441_360916446888447_2823372264231310041_n.jpg","contentUrl":"https:\/\/www.charita.sk\/svet\/wp-content\/uploads\/2024\/03\/425544441_360916446888447_2823372264231310041_n.jpg","width":2048,"height":1536},{"@type":"BreadcrumbList","@id":"https:\/\/www.charita.sk\/svet\/v-dnipre-vari-charitna-vyvarovna-teple-obedy-pre-140-nudznych\/#breadcrumb","itemListElement":[{"@type":"ListItem","position":1,"name":"Domovsk\u00e1 str\u00e1nka","item":"https:\/\/www.charita.sk\/svet\/"},{"@type":"ListItem","position":2,"name":"V Dnipre var\u00ed charitn\u00e1 v\u00fdvarov\u0148a tepl\u00e9 obedy pre 140 n\u00fadznych"}]},{"@type":"WebSite","@id":"https:\/\/www.charita.sk\/svet\/#website","url":"https:\/\/www.charita.sk\/svet\/","name":"Charita vo svete","description":"Slovensk\u00e1 katol\u00edcka charita pom\u00e1ha \u013eu\u010fom v n\u00fadzi vo svete","publisher":{"@id":"https:\/\/www.charita.sk\/svet\/#organization"},"potentialAction":[{"@type":"SearchAction","target":{"@type":"EntryPoint","urlTemplate":"https:\/\/www.charita.sk\/svet\/?s={search_term_string}"},"query-input":{"@type":"PropertyValueSpecification","valueRequired":true,"valueName":"search_term_string"}}],"inLanguage":"sk-SK"},{"@type":"Organization","@id":"https:\/\/www.charita.sk\/svet\/#organization","name":"Slovensk\u00e1 katol\u00edcka charita","url":"https:\/\/www.charita.sk\/svet\/","logo":{"@type":"ImageObject","inLanguage":"sk-SK","@id":"https:\/\/www.charita.sk\/svet\/#\/schema\/logo\/image\/","url":"https:\/\/www.charita.sk\/pomoc-utecencom\/wp-content\/uploads\/2020\/11\/logo_pomoc_utecencom.jpg","contentUrl":"https:\/\/www.charita.sk\/pomoc-utecencom\/wp-content\/uploads\/2020\/11\/logo_pomoc_utecencom.jpg","width":1712,"height":480,"caption":"Slovensk\u00e1 katol\u00edcka charita"},"image":{"@id":"https:\/\/www.charita.sk\/svet\/#\/schema\/logo\/image\/"},"sameAs":["https:\/\/www.facebook.com\/CaritasSlovakia\/","https:\/\/www.instagram.com\/caritas_slovakia\/","https:\/\/www.linkedin.com\/company\/caritas-slovakia-skch-","https:\/\/www.youtube.com\/user\/katolickacharita"]},{"@type":"Person","@id":"https:\/\/www.charita.sk\/svet\/#\/schema\/person\/5d4cac7d83d3ec0090a0c6bb00690ce4","name":"charita","image":{"@type":"ImageObject","inLanguage":"sk-SK","@id":"https:\/\/www.charita.sk\/svet\/#\/schema\/person\/image\/","url":"https:\/\/secure.gravatar.com\/avatar\/d2e7ea30dee1a0c7a6b7277bd2f993803c4622836c7e0130a97819af162a837b?s=96&d=mm&r=g","contentUrl":"https:\/\/secure.gravatar.com\/avatar\/d2e7ea30dee1a0c7a6b7277bd2f993803c4622836c7e0130a97819af162a837b?s=96&d=mm&r=g","caption":"charita"},"url":"https:\/\/www.charita.sk\/svet\/author\/charita\/"}]}},"featured_image_src":"https:\/\/www.charita.sk\/svet\/wp-content\/uploads\/2024\/03\/425544441_360916446888447_2823372264231310041_n-600x400.jpg","featured_image_src_square":"https:\/\/www.charita.sk\/svet\/wp-content\/uploads\/2024\/03\/425544441_360916446888447_2823372264231310041_n-600x600.jpg","author_info":{"display_name":"charita","author_link":"https:\/\/www.charita.sk\/svet\/author\/charita\/"},"_links":{"self":[{"href":"https:\/\/www.charita.sk\/svet\/wp-json\/wp\/v2\/posts\/2868","targetHints":{"allow":["GET"]}}],"collection":[{"href":"https:\/\/www.charita.sk\/svet\/wp-json\/wp\/v2\/posts"}],"about":[{"href":"https:\/\/www.charita.sk\/svet\/wp-json\/wp\/v2\/types\/post"}],"author":[{"embeddable":true,"href":"https:\/\/www.charita.sk\/svet\/wp-json\/wp\/v2\/users\/2"}],"replies":[{"embeddable":true,"href":"https:\/\/www.charita.sk\/svet\/wp-json\/wp\/v2\/comments?post=2868"}],"version-history":[{"count":1,"href":"https:\/\/www.charita.sk\/svet\/wp-json\/wp\/v2\/posts\/2868\/revisions"}],"predecessor-version":[{"id":2876,"href":"https:\/\/www.charita.sk\/svet\/wp-json\/wp\/v2\/posts\/2868\/revisions\/2876"}],"wp:featuredmedia":[{"embeddable":true,"href":"https:\/\/www.charita.sk\/svet\/wp-json\/wp\/v2\/media\/2869"}],"wp:attachment":[{"href":"https:\/\/www.charita.sk\/svet\/wp-json\/wp\/v2\/media?parent=2868"}],"wp:term":[{"taxonomy":"category","embeddable":true,"href":"https:\/\/www.charita.sk\/svet\/wp-json\/wp\/v2\/categories?post=2868"},{"taxonomy":"post_tag","embeddable":true,"href":"https:\/\/www.charita.sk\/svet\/wp-json\/wp\/v2\/tags?post=2868"}],"curies":[{"name":"wp","href":"https:\/\/api.w.org\/{rel}","templated":true}]}}