{"id":2877,"date":"2024-02-05T14:26:00","date_gmt":"2024-02-05T13:26:00","guid":{"rendered":"https:\/\/www.charita.sk\/pomoc-utecencom\/?p=2877"},"modified":"2024-03-04T14:45:06","modified_gmt":"2024-03-04T13:45:06","slug":"v-moldavsku-coskoro-zacneme-s-vysadbou-stromcekov-v-ramci-projektu-s-miestnou-charitou","status":"publish","type":"post","link":"https:\/\/www.charita.sk\/svet\/v-moldavsku-coskoro-zacneme-s-vysadbou-stromcekov-v-ramci-projektu-s-miestnou-charitou\/","title":{"rendered":"V Moldavsku \u010doskoro za\u010dneme s v\u00fdsadbou strom\u010dekov v r\u00e1mci projektu s miestnou charitou"},"content":{"rendered":"\n<p><strong>T\u00fd\u017ede\u0148 s kolegami z Caritas Moldova na monitorovacej ceste bol \u00fa\u017easn\u00fd. Ak\u00fa spolupr\u00e1cu sme v jednej z najchudobnej\u0161\u00edch kraj\u00edn Eur\u00f3py nadviazali?<\/strong><\/p>\n\n\n\n<p>Cesta n\u00e1\u0161ho t\u00edmu pri monitorovacej n\u00e1v\u0161teve na prelome janu\u00e1ra\/febru\u00e1ra viedla do zauj\u00edmav\u00e9ho regi\u00f3nu Moldavska, ktor\u00e9 sa (neofici\u00e1lne) naz\u00fdva\u00a0<strong>Gagauzsko.<\/strong> Nach\u00e1dza sa ju\u017ene od Ki\u0161i\u0148ova a v\u00e4\u010d\u0161inu jeho obyvate\u013eov tvor\u00ed turkick\u00e1 etnick\u00e1 skupina Gagauzov. Hl\u00e1sia sa preva\u017ene k pravosl\u00e1vnemu kres\u0165anstvu a\u00a0pou\u017e\u00edvaj\u00fa hlavne Ru\u0161tinu napriek \u00faradnej Rumun\u010dine.<\/p>\n\n\n\n<p>V r\u00e1mci spolo\u010dn\u00e9ho projektu s moldavskou charitou vysad\u00edme 4000 r\u00fdchlorast\u00facich strom\u010dekov Paulownia, ktor\u00e9 miestnej komunite posl\u00fa\u017eia ako obnovite\u013en\u00fd zdroj (3200 <img decoding=\"async\" height=\"16\" width=\"16\" src=\"https:\/\/static.xx.fbcdn.net\/images\/emoji.php\/v9\/t6b\/1\/16\/1f333.png\" alt=\"\ud83c\udf33\">) na vykurovanie v zime a 800 <img decoding=\"async\" height=\"16\" width=\"16\" src=\"https:\/\/static.xx.fbcdn.net\/images\/emoji.php\/v9\/t6b\/1\/16\/1f333.png\" alt=\"\ud83c\udf33\"> \u0161peci\u00e1lnej odrody bude ma\u0165 drevospracuj\u00face vyu\u017eitie. S\u00fa\u010das\u0165ou spolo\u010dn\u00e9ho projektu bud\u00fa aj \u0161kolenia v oblasti spracovania dreva a zalo\u017eenia startupov ako aj vzdel\u00e1vanie v eko-t\u00e9mach na \u0161kol\u00e1ch.<\/p>\n\n\n\n<p>Pozemok<strong>\u00a0<\/strong>vhodn\u00fd na v\u00fdsadbu\u00a0Paulowni\u00ed\u00a0kolegovia z\u00a0<a href=\"https:\/\/www.facebook.com\/search\/top?q=funda%C5%A3ia%20de%20binefacere%20caritas%20moldova\">Caritas Moldova<\/a>\u00a0na\u0161li v\u00a0meste Comrat a\u00a0jeho nadobudnutie sa podarilo spe\u010dati\u0165 po\u010das na\u0161ej n\u00e1v\u0161tevy priamo na mieste u\u00a0miestneho not\u00e1ra.<\/p>\n\n\n\n<p>Obhliadka a\u00a0samotn\u00e9 dosiahnutie pozemku bolo n\u00e1ro\u010dn\u00e9 vzh\u013eadom na ned\u00e1vnu ve\u013ek\u00fa snehov\u00fa n\u00e1dielku, ktorej\u00a0nieko\u013ekot\u00fd\u017ed\u0148ov\u00e9 topenie sp\u00f4sobilo obrovsk\u00e9 blato na pneumatik\u00e1ch aj na\u0161ich top\u00e1nkach. Naberalo na hmote a\u00a0t\u00fdm \u010doraz viac br\u00e1nilo v\u00a0ch\u00f4dzi. Cie\u013e dosiahli len dvaja z\u00a05-\u010dlennej pos\u00e1dky.\u00a0<\/p>\n\n\n\n<p>N\u00e1v\u0161teva starostu mesta\u00a0<strong>Comrat<\/strong>, ktor\u00fd pozn\u00e1 tak\u00e9to \u00faskalia ter\u00e9nnej pr\u00e1ce, n\u00e1s n\u00e1sledne srde\u010dne prijal vo svojej kancel\u00e1rii a\u00a0za pr\u00edtomnosti medi\u00e1lneho t\u00edmu\u00a0podp\u00edsal s\u00a0nami memorandum o spolupr\u00e1ci pri implement\u00e1cii projektu aj po \u0148om.\u00a0<\/p>\n\n\n\n<figure class=\"wp-block-gallery has-nested-images columns-default is-cropped wp-block-gallery-1 is-layout-flex wp-block-gallery-is-layout-flex\">\n<figure class=\"wp-block-image size-large\"><img fetchpriority=\"high\" decoding=\"async\" width=\"1008\" height=\"756\" data-id=\"2878\" src=\"https:\/\/www.charita.sk\/svet\/wp-content\/uploads\/2024\/03\/oblast-pozemok.jpg\" alt=\"\" class=\"wp-image-2878\" srcset=\"https:\/\/www.charita.sk\/svet\/wp-content\/uploads\/2024\/03\/oblast-pozemok.jpg 1008w, https:\/\/www.charita.sk\/svet\/wp-content\/uploads\/2024\/03\/oblast-pozemok-300x225.jpg 300w, https:\/\/www.charita.sk\/svet\/wp-content\/uploads\/2024\/03\/oblast-pozemok-768x576.jpg 768w\" sizes=\"(max-width: 1008px) 100vw, 1008px\" \/><\/figure>\n\n\n\n<figure class=\"wp-block-image size-large\"><img decoding=\"async\" width=\"1024\" height=\"768\" data-id=\"2879\" src=\"https:\/\/www.charita.sk\/svet\/wp-content\/uploads\/2024\/03\/Starosta-Comrat-TV-2-1024x768.jpg\" alt=\"\" class=\"wp-image-2879\" srcset=\"https:\/\/www.charita.sk\/svet\/wp-content\/uploads\/2024\/03\/Starosta-Comrat-TV-2-1024x768.jpg 1024w, https:\/\/www.charita.sk\/svet\/wp-content\/uploads\/2024\/03\/Starosta-Comrat-TV-2-300x225.jpg 300w, https:\/\/www.charita.sk\/svet\/wp-content\/uploads\/2024\/03\/Starosta-Comrat-TV-2-768x576.jpg 768w, https:\/\/www.charita.sk\/svet\/wp-content\/uploads\/2024\/03\/Starosta-Comrat-TV-2.jpg 1156w\" sizes=\"(max-width: 1024px) 100vw, 1024px\" \/><\/figure>\n\n\n\n<figure class=\"wp-block-image size-large\"><img loading=\"lazy\" decoding=\"async\" width=\"1020\" height=\"768\" data-id=\"2880\" src=\"https:\/\/www.charita.sk\/svet\/wp-content\/uploads\/2024\/03\/topanky.jpg\" alt=\"\" class=\"wp-image-2880\" srcset=\"https:\/\/www.charita.sk\/svet\/wp-content\/uploads\/2024\/03\/topanky.jpg 1020w, https:\/\/www.charita.sk\/svet\/wp-content\/uploads\/2024\/03\/topanky-300x226.jpg 300w, https:\/\/www.charita.sk\/svet\/wp-content\/uploads\/2024\/03\/topanky-768x578.jpg 768w\" sizes=\"(max-width: 1020px) 100vw, 1020px\" \/><\/figure>\n<\/figure>\n\n\n\n<p>Gagauzsk\u00e1 oblas\u0165 je okrem in\u00e9ho tie\u017e zn\u00e1ma produkciou\u00a0<strong>v\u00edna<\/strong>, n\u00e1\u0161 pozemok dokonca obklopuj\u00fa vinohrady a\u00a0tak sme \u00faspe\u0161n\u00fd de\u0148 symbolicky zav\u0155\u0161ili v\u00a0miestnom vin\u00e1rstve poh\u00e1rom v\u00edna.<\/p>\n\n\n\n<p>Po\u010das n\u00e1v\u0161tevy sme tie\u017e nav\u0161t\u00edvili moldavsk\u00e9 Ministerstvo \u017eivotn\u00e9ho prostredia, <a href=\"https:\/\/www.facebook.com\/SlovakEmbassyMoldova?__cft__[0]=AZUJ3_7wQs621KR-VljKREIHmpc74Y50GNO_uUUUu_MOwsTSfoy5M49gbq9hoKGf4B1xk0wZYPPXC9NkYyfHI3FSfBAjyHtg4EAkOyfjtzENSqjmpykb2xru36ftCuNp0p4ngt4dCmiL-nuxIM8bBQJlDQxjHGysU_xbqvOvdBvYHF5oYR6sF6eMfYzK8gvVyuQ&amp;__tn__=-]K-R\">Slovensk\u00e9 ve\u013evyslanectvo v Moldavsku \/ Slovak Embassy in Moldova<\/a> ako aj \u00farad prim\u00e1tora mesta Comrat, kde bude projekt implementovan\u00fd. Te\u0161\u00edme sa novej spolupr\u00e1ci v Moldavsku!<\/p>\n\n\n\n<p class=\"has-text-align-center has-background\" style=\"background-color:#e2e2e2\">Projekt je pod n\u00e1zvom \u201eSoci\u00e1lna v\u00fdsadba strom\u010dekov \u2013 nov\u00fd sp\u00f4sob boja s odles\u0148ovan\u00edm, energetickou kr\u00edzou a nezamestnanos\u0165ou v Moldavskej republike\u201c Je financovan\u00fd z programu ofici\u00e1lnej rozvojovej pomoci SR <a href=\"https:\/\/www.facebook.com\/SlovakAid?__cft__[0]=AZUJ3_7wQs621KR-VljKREIHmpc74Y50GNO_uUUUu_MOwsTSfoy5M49gbq9hoKGf4B1xk0wZYPPXC9NkYyfHI3FSfBAjyHtg4EAkOyfjtzENSqjmpykb2xru36ftCuNp0p4ngt4dCmiL-nuxIM8bBQJlDQxjHGysU_xbqvOvdBvYHF5oYR6sF6eMfYzK8gvVyuQ&amp;__tn__=-]K-R\">SlovakAid<\/a>.<\/p>\n","protected":false},"excerpt":{"rendered":"<p>T\u00fd\u017ede\u0148 s kolegami z Caritas Moldova na monitorovacej ceste bol \u00fa\u017easn\u00fd. Ak\u00fa [&hellip;]<\/p>\n","protected":false},"author":2,"featured_media":2881,"comment_status":"open","ping_status":"open","sticky":false,"template":"","format":"standard","meta":{"footnotes":""},"categories":[53],"tags":[],"class_list":["post-2877","post","type-post","status-publish","format-standard","has-post-thumbnail","hentry","category-moldavsko"],"yoast_head":"<!-- This site is optimized with the Yoast SEO plugin v25.4 - https:\/\/yoast.com\/wordpress\/plugins\/seo\/ -->\n<title>V Moldavsku \u010doskoro za\u010dneme s v\u00fdsadbou strom\u010dekov v r\u00e1mci projektu s miestnou charitou | Charita vo svete<\/title>\n<meta name=\"robots\" content=\"index, follow, max-snippet:-1, max-image-preview:large, max-video-preview:-1\" \/>\n<link rel=\"canonical\" href=\"https:\/\/www.charita.sk\/svet\/v-moldavsku-coskoro-zacneme-s-vysadbou-stromcekov-v-ramci-projektu-s-miestnou-charitou\/\" \/>\n<meta property=\"og:locale\" content=\"sk_SK\" \/>\n<meta property=\"og:type\" content=\"article\" \/>\n<meta property=\"og:title\" content=\"V Moldavsku \u010doskoro za\u010dneme s v\u00fdsadbou strom\u010dekov v r\u00e1mci projektu s miestnou charitou | Charita vo svete\" \/>\n<meta property=\"og:description\" content=\"T\u00fd\u017ede\u0148 s kolegami z Caritas Moldova na monitorovacej ceste bol \u00fa\u017easn\u00fd. Ak\u00fa [&hellip;]\" \/>\n<meta property=\"og:url\" content=\"https:\/\/www.charita.sk\/svet\/v-moldavsku-coskoro-zacneme-s-vysadbou-stromcekov-v-ramci-projektu-s-miestnou-charitou\/\" \/>\n<meta property=\"og:site_name\" content=\"Charita vo svete\" \/>\n<meta property=\"article:publisher\" content=\"https:\/\/www.facebook.com\/CaritasSlovakia\/\" \/>\n<meta property=\"article:published_time\" content=\"2024-02-05T13:26:00+00:00\" \/>\n<meta property=\"article:modified_time\" content=\"2024-03-04T13:45:06+00:00\" \/>\n<meta property=\"og:image\" content=\"https:\/\/www.charita.sk\/svet\/wp-content\/uploads\/2024\/03\/426484699_369571416022950_7524117975298216625_n.jpg\" \/>\n\t<meta property=\"og:image:width\" content=\"2048\" \/>\n\t<meta property=\"og:image:height\" content=\"1536\" \/>\n\t<meta property=\"og:image:type\" content=\"image\/jpeg\" \/>\n<meta name=\"author\" content=\"charita\" \/>\n<meta name=\"twitter:card\" content=\"summary_large_image\" \/>\n<meta name=\"twitter:label1\" content=\"Autor\" \/>\n\t<meta name=\"twitter:data1\" content=\"charita\" \/>\n\t<meta name=\"twitter:label2\" content=\"Predpokladan\u00fd \u010das \u010d\u00edtania\" \/>\n\t<meta name=\"twitter:data2\" content=\"3 min\u00faty\" \/>\n<script type=\"application\/ld+json\" class=\"yoast-schema-graph\">{\"@context\":\"https:\/\/schema.org\",\"@graph\":[{\"@type\":\"Article\",\"@id\":\"https:\/\/www.charita.sk\/svet\/v-moldavsku-coskoro-zacneme-s-vysadbou-stromcekov-v-ramci-projektu-s-miestnou-charitou\/#article\",\"isPartOf\":{\"@id\":\"https:\/\/www.charita.sk\/svet\/v-moldavsku-coskoro-zacneme-s-vysadbou-stromcekov-v-ramci-projektu-s-miestnou-charitou\/\"},\"author\":{\"name\":\"charita\",\"@id\":\"https:\/\/www.charita.sk\/svet\/#\/schema\/person\/5d4cac7d83d3ec0090a0c6bb00690ce4\"},\"headline\":\"V Moldavsku \u010doskoro za\u010dneme s v\u00fdsadbou strom\u010dekov v r\u00e1mci projektu s miestnou charitou\",\"datePublished\":\"2024-02-05T13:26:00+00:00\",\"dateModified\":\"2024-03-04T13:45:06+00:00\",\"mainEntityOfPage\":{\"@id\":\"https:\/\/www.charita.sk\/svet\/v-moldavsku-coskoro-zacneme-s-vysadbou-stromcekov-v-ramci-projektu-s-miestnou-charitou\/\"},\"wordCount\":442,\"commentCount\":0,\"publisher\":{\"@id\":\"https:\/\/www.charita.sk\/svet\/#organization\"},\"image\":{\"@id\":\"https:\/\/www.charita.sk\/svet\/v-moldavsku-coskoro-zacneme-s-vysadbou-stromcekov-v-ramci-projektu-s-miestnou-charitou\/#primaryimage\"},\"thumbnailUrl\":\"https:\/\/www.charita.sk\/svet\/wp-content\/uploads\/2024\/03\/426484699_369571416022950_7524117975298216625_n.jpg\",\"articleSection\":[\"Moldavsko\"],\"inLanguage\":\"sk-SK\",\"potentialAction\":[{\"@type\":\"CommentAction\",\"name\":\"Comment\",\"target\":[\"https:\/\/www.charita.sk\/svet\/v-moldavsku-coskoro-zacneme-s-vysadbou-stromcekov-v-ramci-projektu-s-miestnou-charitou\/#respond\"]}]},{\"@type\":\"WebPage\",\"@id\":\"https:\/\/www.charita.sk\/svet\/v-moldavsku-coskoro-zacneme-s-vysadbou-stromcekov-v-ramci-projektu-s-miestnou-charitou\/\",\"url\":\"https:\/\/www.charita.sk\/svet\/v-moldavsku-coskoro-zacneme-s-vysadbou-stromcekov-v-ramci-projektu-s-miestnou-charitou\/\",\"name\":\"V Moldavsku \u010doskoro za\u010dneme s v\u00fdsadbou strom\u010dekov v r\u00e1mci projektu s miestnou charitou | Charita vo svete\",\"isPartOf\":{\"@id\":\"https:\/\/www.charita.sk\/svet\/#website\"},\"primaryImageOfPage\":{\"@id\":\"https:\/\/www.charita.sk\/svet\/v-moldavsku-coskoro-zacneme-s-vysadbou-stromcekov-v-ramci-projektu-s-miestnou-charitou\/#primaryimage\"},\"image\":{\"@id\":\"https:\/\/www.charita.sk\/svet\/v-moldavsku-coskoro-zacneme-s-vysadbou-stromcekov-v-ramci-projektu-s-miestnou-charitou\/#primaryimage\"},\"thumbnailUrl\":\"https:\/\/www.charita.sk\/svet\/wp-content\/uploads\/2024\/03\/426484699_369571416022950_7524117975298216625_n.jpg\",\"datePublished\":\"2024-02-05T13:26:00+00:00\",\"dateModified\":\"2024-03-04T13:45:06+00:00\",\"breadcrumb\":{\"@id\":\"https:\/\/www.charita.sk\/svet\/v-moldavsku-coskoro-zacneme-s-vysadbou-stromcekov-v-ramci-projektu-s-miestnou-charitou\/#breadcrumb\"},\"inLanguage\":\"sk-SK\",\"potentialAction\":[{\"@type\":\"ReadAction\",\"target\":[\"https:\/\/www.charita.sk\/svet\/v-moldavsku-coskoro-zacneme-s-vysadbou-stromcekov-v-ramci-projektu-s-miestnou-charitou\/\"]}]},{\"@type\":\"ImageObject\",\"inLanguage\":\"sk-SK\",\"@id\":\"https:\/\/www.charita.sk\/svet\/v-moldavsku-coskoro-zacneme-s-vysadbou-stromcekov-v-ramci-projektu-s-miestnou-charitou\/#primaryimage\",\"url\":\"https:\/\/www.charita.sk\/svet\/wp-content\/uploads\/2024\/03\/426484699_369571416022950_7524117975298216625_n.jpg\",\"contentUrl\":\"https:\/\/www.charita.sk\/svet\/wp-content\/uploads\/2024\/03\/426484699_369571416022950_7524117975298216625_n.jpg\",\"width\":2048,\"height\":1536},{\"@type\":\"BreadcrumbList\",\"@id\":\"https:\/\/www.charita.sk\/svet\/v-moldavsku-coskoro-zacneme-s-vysadbou-stromcekov-v-ramci-projektu-s-miestnou-charitou\/#breadcrumb\",\"itemListElement\":[{\"@type\":\"ListItem\",\"position\":1,\"name\":\"Domovsk\u00e1 str\u00e1nka\",\"item\":\"https:\/\/www.charita.sk\/svet\/\"},{\"@type\":\"ListItem\",\"position\":2,\"name\":\"V Moldavsku \u010doskoro za\u010dneme s v\u00fdsadbou strom\u010dekov v r\u00e1mci projektu s miestnou charitou\"}]},{\"@type\":\"WebSite\",\"@id\":\"https:\/\/www.charita.sk\/svet\/#website\",\"url\":\"https:\/\/www.charita.sk\/svet\/\",\"name\":\"Charita vo svete\",\"description\":\"Slovensk\u00e1 katol\u00edcka charita pom\u00e1ha \u013eu\u010fom v n\u00fadzi vo svete\",\"publisher\":{\"@id\":\"https:\/\/www.charita.sk\/svet\/#organization\"},\"potentialAction\":[{\"@type\":\"SearchAction\",\"target\":{\"@type\":\"EntryPoint\",\"urlTemplate\":\"https:\/\/www.charita.sk\/svet\/?s={search_term_string}\"},\"query-input\":{\"@type\":\"PropertyValueSpecification\",\"valueRequired\":true,\"valueName\":\"search_term_string\"}}],\"inLanguage\":\"sk-SK\"},{\"@type\":\"Organization\",\"@id\":\"https:\/\/www.charita.sk\/svet\/#organization\",\"name\":\"Slovensk\u00e1 katol\u00edcka charita\",\"url\":\"https:\/\/www.charita.sk\/svet\/\",\"logo\":{\"@type\":\"ImageObject\",\"inLanguage\":\"sk-SK\",\"@id\":\"https:\/\/www.charita.sk\/svet\/#\/schema\/logo\/image\/\",\"url\":\"https:\/\/www.charita.sk\/pomoc-utecencom\/wp-content\/uploads\/2020\/11\/logo_pomoc_utecencom.jpg\",\"contentUrl\":\"https:\/\/www.charita.sk\/pomoc-utecencom\/wp-content\/uploads\/2020\/11\/logo_pomoc_utecencom.jpg\",\"width\":1712,\"height\":480,\"caption\":\"Slovensk\u00e1 katol\u00edcka charita\"},\"image\":{\"@id\":\"https:\/\/www.charita.sk\/svet\/#\/schema\/logo\/image\/\"},\"sameAs\":[\"https:\/\/www.facebook.com\/CaritasSlovakia\/\",\"https:\/\/www.instagram.com\/caritas_slovakia\/\",\"https:\/\/www.linkedin.com\/company\/caritas-slovakia-skch-\",\"https:\/\/www.youtube.com\/user\/katolickacharita\"]},{\"@type\":\"Person\",\"@id\":\"https:\/\/www.charita.sk\/svet\/#\/schema\/person\/5d4cac7d83d3ec0090a0c6bb00690ce4\",\"name\":\"charita\",\"image\":{\"@type\":\"ImageObject\",\"inLanguage\":\"sk-SK\",\"@id\":\"https:\/\/www.charita.sk\/svet\/#\/schema\/person\/image\/\",\"url\":\"https:\/\/secure.gravatar.com\/avatar\/d2e7ea30dee1a0c7a6b7277bd2f993803c4622836c7e0130a97819af162a837b?s=96&d=mm&r=g\",\"contentUrl\":\"https:\/\/secure.gravatar.com\/avatar\/d2e7ea30dee1a0c7a6b7277bd2f993803c4622836c7e0130a97819af162a837b?s=96&d=mm&r=g\",\"caption\":\"charita\"},\"url\":\"https:\/\/www.charita.sk\/svet\/author\/charita\/\"}]}<\/script>\n<!-- \/ Yoast SEO plugin. -->","yoast_head_json":{"title":"V Moldavsku \u010doskoro za\u010dneme s v\u00fdsadbou strom\u010dekov v r\u00e1mci projektu s miestnou charitou | Charita vo svete","robots":{"index":"index","follow":"follow","max-snippet":"max-snippet:-1","max-image-preview":"max-image-preview:large","max-video-preview":"max-video-preview:-1"},"canonical":"https:\/\/www.charita.sk\/svet\/v-moldavsku-coskoro-zacneme-s-vysadbou-stromcekov-v-ramci-projektu-s-miestnou-charitou\/","og_locale":"sk_SK","og_type":"article","og_title":"V Moldavsku \u010doskoro za\u010dneme s v\u00fdsadbou strom\u010dekov v r\u00e1mci projektu s miestnou charitou | Charita vo svete","og_description":"T\u00fd\u017ede\u0148 s kolegami z Caritas Moldova na monitorovacej ceste bol \u00fa\u017easn\u00fd. Ak\u00fa [&hellip;]","og_url":"https:\/\/www.charita.sk\/svet\/v-moldavsku-coskoro-zacneme-s-vysadbou-stromcekov-v-ramci-projektu-s-miestnou-charitou\/","og_site_name":"Charita vo svete","article_publisher":"https:\/\/www.facebook.com\/CaritasSlovakia\/","article_published_time":"2024-02-05T13:26:00+00:00","article_modified_time":"2024-03-04T13:45:06+00:00","og_image":[{"width":2048,"height":1536,"url":"https:\/\/www.charita.sk\/svet\/wp-content\/uploads\/2024\/03\/426484699_369571416022950_7524117975298216625_n.jpg","type":"image\/jpeg"}],"author":"charita","twitter_card":"summary_large_image","twitter_misc":{"Autor":"charita","Predpokladan\u00fd \u010das \u010d\u00edtania":"3 min\u00faty"},"schema":{"@context":"https:\/\/schema.org","@graph":[{"@type":"Article","@id":"https:\/\/www.charita.sk\/svet\/v-moldavsku-coskoro-zacneme-s-vysadbou-stromcekov-v-ramci-projektu-s-miestnou-charitou\/#article","isPartOf":{"@id":"https:\/\/www.charita.sk\/svet\/v-moldavsku-coskoro-zacneme-s-vysadbou-stromcekov-v-ramci-projektu-s-miestnou-charitou\/"},"author":{"name":"charita","@id":"https:\/\/www.charita.sk\/svet\/#\/schema\/person\/5d4cac7d83d3ec0090a0c6bb00690ce4"},"headline":"V Moldavsku \u010doskoro za\u010dneme s v\u00fdsadbou strom\u010dekov v r\u00e1mci projektu s miestnou charitou","datePublished":"2024-02-05T13:26:00+00:00","dateModified":"2024-03-04T13:45:06+00:00","mainEntityOfPage":{"@id":"https:\/\/www.charita.sk\/svet\/v-moldavsku-coskoro-zacneme-s-vysadbou-stromcekov-v-ramci-projektu-s-miestnou-charitou\/"},"wordCount":442,"commentCount":0,"publisher":{"@id":"https:\/\/www.charita.sk\/svet\/#organization"},"image":{"@id":"https:\/\/www.charita.sk\/svet\/v-moldavsku-coskoro-zacneme-s-vysadbou-stromcekov-v-ramci-projektu-s-miestnou-charitou\/#primaryimage"},"thumbnailUrl":"https:\/\/www.charita.sk\/svet\/wp-content\/uploads\/2024\/03\/426484699_369571416022950_7524117975298216625_n.jpg","articleSection":["Moldavsko"],"inLanguage":"sk-SK","potentialAction":[{"@type":"CommentAction","name":"Comment","target":["https:\/\/www.charita.sk\/svet\/v-moldavsku-coskoro-zacneme-s-vysadbou-stromcekov-v-ramci-projektu-s-miestnou-charitou\/#respond"]}]},{"@type":"WebPage","@id":"https:\/\/www.charita.sk\/svet\/v-moldavsku-coskoro-zacneme-s-vysadbou-stromcekov-v-ramci-projektu-s-miestnou-charitou\/","url":"https:\/\/www.charita.sk\/svet\/v-moldavsku-coskoro-zacneme-s-vysadbou-stromcekov-v-ramci-projektu-s-miestnou-charitou\/","name":"V Moldavsku \u010doskoro za\u010dneme s v\u00fdsadbou strom\u010dekov v r\u00e1mci projektu s miestnou charitou | Charita vo svete","isPartOf":{"@id":"https:\/\/www.charita.sk\/svet\/#website"},"primaryImageOfPage":{"@id":"https:\/\/www.charita.sk\/svet\/v-moldavsku-coskoro-zacneme-s-vysadbou-stromcekov-v-ramci-projektu-s-miestnou-charitou\/#primaryimage"},"image":{"@id":"https:\/\/www.charita.sk\/svet\/v-moldavsku-coskoro-zacneme-s-vysadbou-stromcekov-v-ramci-projektu-s-miestnou-charitou\/#primaryimage"},"thumbnailUrl":"https:\/\/www.charita.sk\/svet\/wp-content\/uploads\/2024\/03\/426484699_369571416022950_7524117975298216625_n.jpg","datePublished":"2024-02-05T13:26:00+00:00","dateModified":"2024-03-04T13:45:06+00:00","breadcrumb":{"@id":"https:\/\/www.charita.sk\/svet\/v-moldavsku-coskoro-zacneme-s-vysadbou-stromcekov-v-ramci-projektu-s-miestnou-charitou\/#breadcrumb"},"inLanguage":"sk-SK","potentialAction":[{"@type":"ReadAction","target":["https:\/\/www.charita.sk\/svet\/v-moldavsku-coskoro-zacneme-s-vysadbou-stromcekov-v-ramci-projektu-s-miestnou-charitou\/"]}]},{"@type":"ImageObject","inLanguage":"sk-SK","@id":"https:\/\/www.charita.sk\/svet\/v-moldavsku-coskoro-zacneme-s-vysadbou-stromcekov-v-ramci-projektu-s-miestnou-charitou\/#primaryimage","url":"https:\/\/www.charita.sk\/svet\/wp-content\/uploads\/2024\/03\/426484699_369571416022950_7524117975298216625_n.jpg","contentUrl":"https:\/\/www.charita.sk\/svet\/wp-content\/uploads\/2024\/03\/426484699_369571416022950_7524117975298216625_n.jpg","width":2048,"height":1536},{"@type":"BreadcrumbList","@id":"https:\/\/www.charita.sk\/svet\/v-moldavsku-coskoro-zacneme-s-vysadbou-stromcekov-v-ramci-projektu-s-miestnou-charitou\/#breadcrumb","itemListElement":[{"@type":"ListItem","position":1,"name":"Domovsk\u00e1 str\u00e1nka","item":"https:\/\/www.charita.sk\/svet\/"},{"@type":"ListItem","position":2,"name":"V Moldavsku \u010doskoro za\u010dneme s v\u00fdsadbou strom\u010dekov v r\u00e1mci projektu s miestnou charitou"}]},{"@type":"WebSite","@id":"https:\/\/www.charita.sk\/svet\/#website","url":"https:\/\/www.charita.sk\/svet\/","name":"Charita vo svete","description":"Slovensk\u00e1 katol\u00edcka charita pom\u00e1ha \u013eu\u010fom v n\u00fadzi vo svete","publisher":{"@id":"https:\/\/www.charita.sk\/svet\/#organization"},"potentialAction":[{"@type":"SearchAction","target":{"@type":"EntryPoint","urlTemplate":"https:\/\/www.charita.sk\/svet\/?s={search_term_string}"},"query-input":{"@type":"PropertyValueSpecification","valueRequired":true,"valueName":"search_term_string"}}],"inLanguage":"sk-SK"},{"@type":"Organization","@id":"https:\/\/www.charita.sk\/svet\/#organization","name":"Slovensk\u00e1 katol\u00edcka charita","url":"https:\/\/www.charita.sk\/svet\/","logo":{"@type":"ImageObject","inLanguage":"sk-SK","@id":"https:\/\/www.charita.sk\/svet\/#\/schema\/logo\/image\/","url":"https:\/\/www.charita.sk\/pomoc-utecencom\/wp-content\/uploads\/2020\/11\/logo_pomoc_utecencom.jpg","contentUrl":"https:\/\/www.charita.sk\/pomoc-utecencom\/wp-content\/uploads\/2020\/11\/logo_pomoc_utecencom.jpg","width":1712,"height":480,"caption":"Slovensk\u00e1 katol\u00edcka charita"},"image":{"@id":"https:\/\/www.charita.sk\/svet\/#\/schema\/logo\/image\/"},"sameAs":["https:\/\/www.facebook.com\/CaritasSlovakia\/","https:\/\/www.instagram.com\/caritas_slovakia\/","https:\/\/www.linkedin.com\/company\/caritas-slovakia-skch-","https:\/\/www.youtube.com\/user\/katolickacharita"]},{"@type":"Person","@id":"https:\/\/www.charita.sk\/svet\/#\/schema\/person\/5d4cac7d83d3ec0090a0c6bb00690ce4","name":"charita","image":{"@type":"ImageObject","inLanguage":"sk-SK","@id":"https:\/\/www.charita.sk\/svet\/#\/schema\/person\/image\/","url":"https:\/\/secure.gravatar.com\/avatar\/d2e7ea30dee1a0c7a6b7277bd2f993803c4622836c7e0130a97819af162a837b?s=96&d=mm&r=g","contentUrl":"https:\/\/secure.gravatar.com\/avatar\/d2e7ea30dee1a0c7a6b7277bd2f993803c4622836c7e0130a97819af162a837b?s=96&d=mm&r=g","caption":"charita"},"url":"https:\/\/www.charita.sk\/svet\/author\/charita\/"}]}},"featured_image_src":"https:\/\/www.charita.sk\/svet\/wp-content\/uploads\/2024\/03\/426484699_369571416022950_7524117975298216625_n-600x400.jpg","featured_image_src_square":"https:\/\/www.charita.sk\/svet\/wp-content\/uploads\/2024\/03\/426484699_369571416022950_7524117975298216625_n-600x600.jpg","author_info":{"display_name":"charita","author_link":"https:\/\/www.charita.sk\/svet\/author\/charita\/"},"_links":{"self":[{"href":"https:\/\/www.charita.sk\/svet\/wp-json\/wp\/v2\/posts\/2877","targetHints":{"allow":["GET"]}}],"collection":[{"href":"https:\/\/www.charita.sk\/svet\/wp-json\/wp\/v2\/posts"}],"about":[{"href":"https:\/\/www.charita.sk\/svet\/wp-json\/wp\/v2\/types\/post"}],"author":[{"embeddable":true,"href":"https:\/\/www.charita.sk\/svet\/wp-json\/wp\/v2\/users\/2"}],"replies":[{"embeddable":true,"href":"https:\/\/www.charita.sk\/svet\/wp-json\/wp\/v2\/comments?post=2877"}],"version-history":[{"count":3,"href":"https:\/\/www.charita.sk\/svet\/wp-json\/wp\/v2\/posts\/2877\/revisions"}],"predecessor-version":[{"id":2885,"href":"https:\/\/www.charita.sk\/svet\/wp-json\/wp\/v2\/posts\/2877\/revisions\/2885"}],"wp:featuredmedia":[{"embeddable":true,"href":"https:\/\/www.charita.sk\/svet\/wp-json\/wp\/v2\/media\/2881"}],"wp:attachment":[{"href":"https:\/\/www.charita.sk\/svet\/wp-json\/wp\/v2\/media?parent=2877"}],"wp:term":[{"taxonomy":"category","embeddable":true,"href":"https:\/\/www.charita.sk\/svet\/wp-json\/wp\/v2\/categories?post=2877"},{"taxonomy":"post_tag","embeddable":true,"href":"https:\/\/www.charita.sk\/svet\/wp-json\/wp\/v2\/tags?post=2877"}],"curies":[{"name":"wp","href":"https:\/\/api.w.org\/{rel}","templated":true}]}}