{"id":3141,"date":"2025-01-22T09:45:25","date_gmt":"2025-01-22T08:45:25","guid":{"rendered":"https:\/\/www.charita.sk\/svet\/?p=3141"},"modified":"2025-01-22T09:45:27","modified_gmt":"2025-01-22T08:45:27","slug":"ked-stromy-pomahaju-ludom-v-nudzi","status":"publish","type":"post","link":"https:\/\/www.charita.sk\/svet\/ked-stromy-pomahaju-ludom-v-nudzi\/","title":{"rendered":"Ke\u010f stromy pom\u00e1haj\u00fa \u013eu\u010fom v n\u00fadzi"},"content":{"rendered":"\n<p><em>Vy\u0161e 100 dobrovo\u013en\u00edkov spojilo sily, aby v sobotu 23. novembra vysadili prv\u00fd soci\u00e1lny les v\u00a0Carahasani v Moldavsku. V\u00fdsadbou 3688 strom\u010dekov Paulownii ideme toti\u017e v spolupr\u00e1ci s\u00a0na\u0161im partnerom\u00a0<a href=\"https:\/\/www.facebook.com\/caritas.md?__cft__%5b0%5d=AZW7nYdDppuM__S_JXscU8EhQOpj7y4q1IDuJx1pNfkwHf5KTh7C5v_Ekic0yZKOmSZ4s2qOtlZyRckoJEGn77tPlB5SJD-2aZdVYrEy-jmR7qDYUcF-BPZQ2nxbvcaTM0IYGUx9S-1Nfs7t7VyoupTjXTr9oYPKvbXj1VilP3MV9A&amp;__tn__=-%5dK-R\">Funda\u0163ia de Binefacere Caritas Moldova<\/a>\u00a0bojova\u0165 proti klimatick\u00fdm zmen\u00e1m v\u00a0tejto krajine. Te\u0161\u00edme sa, \u017ee sa v\u00fdsadba uskuto\u010dnila aj za \u00fa\u010dasti\u00a0<a href=\"https:\/\/www.facebook.com\/SlovakEmbassyMoldova?__cft__%5b0%5d=AZWiZaArQT_KdsJMttNM9aKRLI-9kOW-LMrE5Ld5ulyCrkQx87FWVrMAnYsqnFq-yK52JIVEem_gaves6wh6ZpWkBt7KkAAg-udZr0ECVqNWeUzHmN2sP3uR06_LODaBWAF8YJphNNldl0dA87DA5J66pFmNzBiuRpHCw8occK_U0Q&amp;__tn__=-%5dK-R\">Slovensk\u00e9ho ve\u013evyslanectva v\u00a0Moldavsku.<\/a><\/em><\/p>\n\n\n\n<p><strong>Pre\u010do soci\u00e1lny les? <\/strong><br><br>Lebo tieto stromy pom\u00f4\u017eu \u013eu\u010fom v n\u00fadzi\u00a0v\u00a0chudobnej eur\u00f3pskej krajine, ktor\u00e1 \u010del\u00ed energetickej kr\u00edze a\u00a0odles\u0148ovaniu. Drevo vysaden\u00fdch strom\u010dekov Paulowni\u00ed sa pou\u017eije na k\u00farenie pre rodiny v n\u00fadzi a rezb\u00e1rske aktivity pre vy\u0161kolen\u00fdch nezamestnan\u00fdch mlad\u00fdch \u013eud\u00ed.\u00a0<\/p>\n\n\n\n<p>V\u010faka jedine\u010dn\u00fdm vlastnostiam Paulownie, r\u00fdchlemu rastu a&nbsp;obnovite\u013enosti dreviny, tak ochr\u00e1nime pred v\u00fdrubom trval\u00e9 lesy v&nbsp;Moldavsku.&nbsp;<\/p>\n\n\n\n<p>Starostlivos\u0165 o na\u0161u plan\u00e9tu a \u013eud\u00ed, ktor\u00ed na nej \u017eij\u00fa, s\u00fa na\u0161im spolo\u010dn\u00fdm z\u00e1ujmom a aj tak\u00e9to projekty s\u00fa kr\u00e1snym pr\u00edkladom, ako uchopi\u0165 v\u00fdzvy v encyklike Laudato Si p\u00e1pe\u017ea Franti\u0161ka. \u010eakujeme v\u0161etk\u00fdm, ktor\u00ed vysadili nielen stromy, ale aj n\u00e1dej v zelen\u0161iu a kraj\u0161iu bud\u00facnos\u0165 pre \u013eud\u00ed v n\u00fadzi v Moldavsku.<\/p>\n\n\n\n<p>Tento projekt realizujeme v\u010faka spolufinancovaniu z programu ofici\u00e1lnej rozvojovej pomoci SR,&nbsp;<a href=\"https:\/\/www.facebook.com\/SlovakAid?__cft__%5b0%5d=AZWiZaArQT_KdsJMttNM9aKRLI-9kOW-LMrE5Ld5ulyCrkQx87FWVrMAnYsqnFq-yK52JIVEem_gaves6wh6ZpWkBt7KkAAg-udZr0ECVqNWeUzHmN2sP3uR06_LODaBWAF8YJphNNldl0dA87DA5J66pFmNzBiuRpHCw8occK_U0Q&amp;__tn__=-%5dK-R\">SlovakAid<\/a>.<\/p>\n\n\n\n<figure class=\"wp-block-gallery has-nested-images columns-default is-cropped wp-block-gallery-1 is-layout-flex wp-block-gallery-is-layout-flex\">\n<figure class=\"wp-block-image size-large\"><img fetchpriority=\"high\" decoding=\"async\" width=\"1024\" height=\"768\" data-id=\"3143\" src=\"https:\/\/www.charita.sk\/svet\/wp-content\/uploads\/2025\/01\/IMG_7736-1024x768.jpeg\" alt=\"\" class=\"wp-image-3143\" srcset=\"https:\/\/www.charita.sk\/svet\/wp-content\/uploads\/2025\/01\/IMG_7736-1024x768.jpeg 1024w, https:\/\/www.charita.sk\/svet\/wp-content\/uploads\/2025\/01\/IMG_7736-300x225.jpeg 300w, https:\/\/www.charita.sk\/svet\/wp-content\/uploads\/2025\/01\/IMG_7736-768x576.jpeg 768w, https:\/\/www.charita.sk\/svet\/wp-content\/uploads\/2025\/01\/IMG_7736.jpeg 1280w\" sizes=\"(max-width: 1024px) 100vw, 1024px\" \/><\/figure>\n\n\n\n<figure class=\"wp-block-image size-large\"><img decoding=\"async\" width=\"1024\" height=\"768\" data-id=\"3142\" src=\"https:\/\/www.charita.sk\/svet\/wp-content\/uploads\/2025\/01\/IMG_7617-1024x768.jpeg\" alt=\"\" class=\"wp-image-3142\" srcset=\"https:\/\/www.charita.sk\/svet\/wp-content\/uploads\/2025\/01\/IMG_7617-1024x768.jpeg 1024w, https:\/\/www.charita.sk\/svet\/wp-content\/uploads\/2025\/01\/IMG_7617-300x225.jpeg 300w, https:\/\/www.charita.sk\/svet\/wp-content\/uploads\/2025\/01\/IMG_7617-768x576.jpeg 768w, https:\/\/www.charita.sk\/svet\/wp-content\/uploads\/2025\/01\/IMG_7617.jpeg 1280w\" sizes=\"(max-width: 1024px) 100vw, 1024px\" \/><\/figure>\n\n\n\n<figure class=\"wp-block-image size-large\"><img decoding=\"async\" width=\"1024\" height=\"768\" data-id=\"3144\" src=\"https:\/\/www.charita.sk\/svet\/wp-content\/uploads\/2025\/01\/IMG_7565-1024x768.jpeg\" alt=\"\" class=\"wp-image-3144\" srcset=\"https:\/\/www.charita.sk\/svet\/wp-content\/uploads\/2025\/01\/IMG_7565-1024x768.jpeg 1024w, https:\/\/www.charita.sk\/svet\/wp-content\/uploads\/2025\/01\/IMG_7565-300x225.jpeg 300w, https:\/\/www.charita.sk\/svet\/wp-content\/uploads\/2025\/01\/IMG_7565-768x576.jpeg 768w, https:\/\/www.charita.sk\/svet\/wp-content\/uploads\/2025\/01\/IMG_7565.jpeg 1280w\" sizes=\"(max-width: 1024px) 100vw, 1024px\" \/><\/figure>\n<figcaption class=\"blocks-gallery-caption wp-element-caption\">\ud83d\udcf8 <em>Riadite\u013e Caritas Moldova Edward Lucaci, mana\u017e\u00e9r projektu Dmitri Dodica a\u00a0rozvojov\u00e1 diplomatka Veronika Trebulov\u00e1 po\u010das v\u00fdsadby na pozemku v\u00a0Carahasani<\/em>.<\/figcaption><\/figure>\n","protected":false},"excerpt":{"rendered":"<p>Vy\u0161e 100 dobrovo\u013en\u00edkov spojilo sily, aby v sobotu 23. novembra vysadili prv\u00fd [&hellip;]<\/p>\n","protected":false},"author":2,"featured_media":3145,"comment_status":"open","ping_status":"open","sticky":false,"template":"","format":"standard","meta":{"footnotes":""},"categories":[53],"tags":[],"class_list":["post-3141","post","type-post","status-publish","format-standard","has-post-thumbnail","hentry","category-moldavsko"],"yoast_head":"<!-- This site is optimized with the Yoast SEO plugin v25.4 - https:\/\/yoast.com\/wordpress\/plugins\/seo\/ -->\n<title>Ke\u010f stromy pom\u00e1haj\u00fa \u013eu\u010fom v n\u00fadzi | Charita vo svete<\/title>\n<meta name=\"robots\" content=\"index, follow, max-snippet:-1, max-image-preview:large, max-video-preview:-1\" \/>\n<link rel=\"canonical\" href=\"https:\/\/www.charita.sk\/svet\/ked-stromy-pomahaju-ludom-v-nudzi\/\" \/>\n<meta property=\"og:locale\" content=\"sk_SK\" \/>\n<meta property=\"og:type\" content=\"article\" \/>\n<meta property=\"og:title\" content=\"Ke\u010f stromy pom\u00e1haj\u00fa \u013eu\u010fom v n\u00fadzi | Charita vo svete\" \/>\n<meta property=\"og:description\" content=\"Vy\u0161e 100 dobrovo\u013en\u00edkov spojilo sily, aby v sobotu 23. novembra vysadili prv\u00fd [&hellip;]\" \/>\n<meta property=\"og:url\" content=\"https:\/\/www.charita.sk\/svet\/ked-stromy-pomahaju-ludom-v-nudzi\/\" \/>\n<meta property=\"og:site_name\" content=\"Charita vo svete\" \/>\n<meta property=\"article:publisher\" content=\"https:\/\/www.facebook.com\/CaritasSlovakia\/\" \/>\n<meta property=\"article:published_time\" content=\"2025-01-22T08:45:25+00:00\" \/>\n<meta property=\"article:modified_time\" content=\"2025-01-22T08:45:27+00:00\" \/>\n<meta property=\"og:image\" content=\"https:\/\/www.charita.sk\/svet\/wp-content\/uploads\/2025\/01\/IMG_7598.jpeg\" \/>\n\t<meta property=\"og:image:width\" content=\"1280\" \/>\n\t<meta property=\"og:image:height\" content=\"960\" \/>\n\t<meta property=\"og:image:type\" content=\"image\/jpeg\" \/>\n<meta name=\"author\" content=\"charita\" \/>\n<meta name=\"twitter:card\" content=\"summary_large_image\" \/>\n<meta name=\"twitter:label1\" content=\"Autor\" \/>\n\t<meta name=\"twitter:data1\" content=\"charita\" \/>\n\t<meta name=\"twitter:label2\" content=\"Predpokladan\u00fd \u010das \u010d\u00edtania\" \/>\n\t<meta name=\"twitter:data2\" content=\"2 min\u00faty\" \/>\n<script type=\"application\/ld+json\" class=\"yoast-schema-graph\">{\"@context\":\"https:\/\/schema.org\",\"@graph\":[{\"@type\":\"Article\",\"@id\":\"https:\/\/www.charita.sk\/svet\/ked-stromy-pomahaju-ludom-v-nudzi\/#article\",\"isPartOf\":{\"@id\":\"https:\/\/www.charita.sk\/svet\/ked-stromy-pomahaju-ludom-v-nudzi\/\"},\"author\":{\"name\":\"charita\",\"@id\":\"https:\/\/www.charita.sk\/svet\/#\/schema\/person\/5d4cac7d83d3ec0090a0c6bb00690ce4\"},\"headline\":\"Ke\u010f stromy pom\u00e1haj\u00fa \u013eu\u010fom v n\u00fadzi\",\"datePublished\":\"2025-01-22T08:45:25+00:00\",\"dateModified\":\"2025-01-22T08:45:27+00:00\",\"mainEntityOfPage\":{\"@id\":\"https:\/\/www.charita.sk\/svet\/ked-stromy-pomahaju-ludom-v-nudzi\/\"},\"wordCount\":269,\"commentCount\":0,\"publisher\":{\"@id\":\"https:\/\/www.charita.sk\/svet\/#organization\"},\"image\":{\"@id\":\"https:\/\/www.charita.sk\/svet\/ked-stromy-pomahaju-ludom-v-nudzi\/#primaryimage\"},\"thumbnailUrl\":\"https:\/\/www.charita.sk\/svet\/wp-content\/uploads\/2025\/01\/IMG_7598.jpeg\",\"articleSection\":[\"Moldavsko\"],\"inLanguage\":\"sk-SK\",\"potentialAction\":[{\"@type\":\"CommentAction\",\"name\":\"Comment\",\"target\":[\"https:\/\/www.charita.sk\/svet\/ked-stromy-pomahaju-ludom-v-nudzi\/#respond\"]}]},{\"@type\":\"WebPage\",\"@id\":\"https:\/\/www.charita.sk\/svet\/ked-stromy-pomahaju-ludom-v-nudzi\/\",\"url\":\"https:\/\/www.charita.sk\/svet\/ked-stromy-pomahaju-ludom-v-nudzi\/\",\"name\":\"Ke\u010f stromy pom\u00e1haj\u00fa \u013eu\u010fom v n\u00fadzi | Charita vo svete\",\"isPartOf\":{\"@id\":\"https:\/\/www.charita.sk\/svet\/#website\"},\"primaryImageOfPage\":{\"@id\":\"https:\/\/www.charita.sk\/svet\/ked-stromy-pomahaju-ludom-v-nudzi\/#primaryimage\"},\"image\":{\"@id\":\"https:\/\/www.charita.sk\/svet\/ked-stromy-pomahaju-ludom-v-nudzi\/#primaryimage\"},\"thumbnailUrl\":\"https:\/\/www.charita.sk\/svet\/wp-content\/uploads\/2025\/01\/IMG_7598.jpeg\",\"datePublished\":\"2025-01-22T08:45:25+00:00\",\"dateModified\":\"2025-01-22T08:45:27+00:00\",\"breadcrumb\":{\"@id\":\"https:\/\/www.charita.sk\/svet\/ked-stromy-pomahaju-ludom-v-nudzi\/#breadcrumb\"},\"inLanguage\":\"sk-SK\",\"potentialAction\":[{\"@type\":\"ReadAction\",\"target\":[\"https:\/\/www.charita.sk\/svet\/ked-stromy-pomahaju-ludom-v-nudzi\/\"]}]},{\"@type\":\"ImageObject\",\"inLanguage\":\"sk-SK\",\"@id\":\"https:\/\/www.charita.sk\/svet\/ked-stromy-pomahaju-ludom-v-nudzi\/#primaryimage\",\"url\":\"https:\/\/www.charita.sk\/svet\/wp-content\/uploads\/2025\/01\/IMG_7598.jpeg\",\"contentUrl\":\"https:\/\/www.charita.sk\/svet\/wp-content\/uploads\/2025\/01\/IMG_7598.jpeg\",\"width\":1280,\"height\":960},{\"@type\":\"BreadcrumbList\",\"@id\":\"https:\/\/www.charita.sk\/svet\/ked-stromy-pomahaju-ludom-v-nudzi\/#breadcrumb\",\"itemListElement\":[{\"@type\":\"ListItem\",\"position\":1,\"name\":\"Domovsk\u00e1 str\u00e1nka\",\"item\":\"https:\/\/www.charita.sk\/svet\/\"},{\"@type\":\"ListItem\",\"position\":2,\"name\":\"Ke\u010f stromy pom\u00e1haj\u00fa \u013eu\u010fom v n\u00fadzi\"}]},{\"@type\":\"WebSite\",\"@id\":\"https:\/\/www.charita.sk\/svet\/#website\",\"url\":\"https:\/\/www.charita.sk\/svet\/\",\"name\":\"Charita vo svete\",\"description\":\"Slovensk\u00e1 katol\u00edcka charita pom\u00e1ha \u013eu\u010fom v n\u00fadzi vo svete\",\"publisher\":{\"@id\":\"https:\/\/www.charita.sk\/svet\/#organization\"},\"potentialAction\":[{\"@type\":\"SearchAction\",\"target\":{\"@type\":\"EntryPoint\",\"urlTemplate\":\"https:\/\/www.charita.sk\/svet\/?s={search_term_string}\"},\"query-input\":{\"@type\":\"PropertyValueSpecification\",\"valueRequired\":true,\"valueName\":\"search_term_string\"}}],\"inLanguage\":\"sk-SK\"},{\"@type\":\"Organization\",\"@id\":\"https:\/\/www.charita.sk\/svet\/#organization\",\"name\":\"Slovensk\u00e1 katol\u00edcka charita\",\"url\":\"https:\/\/www.charita.sk\/svet\/\",\"logo\":{\"@type\":\"ImageObject\",\"inLanguage\":\"sk-SK\",\"@id\":\"https:\/\/www.charita.sk\/svet\/#\/schema\/logo\/image\/\",\"url\":\"https:\/\/www.charita.sk\/pomoc-utecencom\/wp-content\/uploads\/2020\/11\/logo_pomoc_utecencom.jpg\",\"contentUrl\":\"https:\/\/www.charita.sk\/pomoc-utecencom\/wp-content\/uploads\/2020\/11\/logo_pomoc_utecencom.jpg\",\"width\":1712,\"height\":480,\"caption\":\"Slovensk\u00e1 katol\u00edcka charita\"},\"image\":{\"@id\":\"https:\/\/www.charita.sk\/svet\/#\/schema\/logo\/image\/\"},\"sameAs\":[\"https:\/\/www.facebook.com\/CaritasSlovakia\/\",\"https:\/\/www.instagram.com\/caritas_slovakia\/\",\"https:\/\/www.linkedin.com\/company\/caritas-slovakia-skch-\",\"https:\/\/www.youtube.com\/user\/katolickacharita\"]},{\"@type\":\"Person\",\"@id\":\"https:\/\/www.charita.sk\/svet\/#\/schema\/person\/5d4cac7d83d3ec0090a0c6bb00690ce4\",\"name\":\"charita\",\"image\":{\"@type\":\"ImageObject\",\"inLanguage\":\"sk-SK\",\"@id\":\"https:\/\/www.charita.sk\/svet\/#\/schema\/person\/image\/\",\"url\":\"https:\/\/secure.gravatar.com\/avatar\/d2e7ea30dee1a0c7a6b7277bd2f993803c4622836c7e0130a97819af162a837b?s=96&d=mm&r=g\",\"contentUrl\":\"https:\/\/secure.gravatar.com\/avatar\/d2e7ea30dee1a0c7a6b7277bd2f993803c4622836c7e0130a97819af162a837b?s=96&d=mm&r=g\",\"caption\":\"charita\"},\"url\":\"https:\/\/www.charita.sk\/svet\/author\/charita\/\"}]}<\/script>\n<!-- \/ Yoast SEO plugin. -->","yoast_head_json":{"title":"Ke\u010f stromy pom\u00e1haj\u00fa \u013eu\u010fom v n\u00fadzi | Charita vo svete","robots":{"index":"index","follow":"follow","max-snippet":"max-snippet:-1","max-image-preview":"max-image-preview:large","max-video-preview":"max-video-preview:-1"},"canonical":"https:\/\/www.charita.sk\/svet\/ked-stromy-pomahaju-ludom-v-nudzi\/","og_locale":"sk_SK","og_type":"article","og_title":"Ke\u010f stromy pom\u00e1haj\u00fa \u013eu\u010fom v n\u00fadzi | Charita vo svete","og_description":"Vy\u0161e 100 dobrovo\u013en\u00edkov spojilo sily, aby v sobotu 23. novembra vysadili prv\u00fd [&hellip;]","og_url":"https:\/\/www.charita.sk\/svet\/ked-stromy-pomahaju-ludom-v-nudzi\/","og_site_name":"Charita vo svete","article_publisher":"https:\/\/www.facebook.com\/CaritasSlovakia\/","article_published_time":"2025-01-22T08:45:25+00:00","article_modified_time":"2025-01-22T08:45:27+00:00","og_image":[{"width":1280,"height":960,"url":"https:\/\/www.charita.sk\/svet\/wp-content\/uploads\/2025\/01\/IMG_7598.jpeg","type":"image\/jpeg"}],"author":"charita","twitter_card":"summary_large_image","twitter_misc":{"Autor":"charita","Predpokladan\u00fd \u010das \u010d\u00edtania":"2 min\u00faty"},"schema":{"@context":"https:\/\/schema.org","@graph":[{"@type":"Article","@id":"https:\/\/www.charita.sk\/svet\/ked-stromy-pomahaju-ludom-v-nudzi\/#article","isPartOf":{"@id":"https:\/\/www.charita.sk\/svet\/ked-stromy-pomahaju-ludom-v-nudzi\/"},"author":{"name":"charita","@id":"https:\/\/www.charita.sk\/svet\/#\/schema\/person\/5d4cac7d83d3ec0090a0c6bb00690ce4"},"headline":"Ke\u010f stromy pom\u00e1haj\u00fa \u013eu\u010fom v n\u00fadzi","datePublished":"2025-01-22T08:45:25+00:00","dateModified":"2025-01-22T08:45:27+00:00","mainEntityOfPage":{"@id":"https:\/\/www.charita.sk\/svet\/ked-stromy-pomahaju-ludom-v-nudzi\/"},"wordCount":269,"commentCount":0,"publisher":{"@id":"https:\/\/www.charita.sk\/svet\/#organization"},"image":{"@id":"https:\/\/www.charita.sk\/svet\/ked-stromy-pomahaju-ludom-v-nudzi\/#primaryimage"},"thumbnailUrl":"https:\/\/www.charita.sk\/svet\/wp-content\/uploads\/2025\/01\/IMG_7598.jpeg","articleSection":["Moldavsko"],"inLanguage":"sk-SK","potentialAction":[{"@type":"CommentAction","name":"Comment","target":["https:\/\/www.charita.sk\/svet\/ked-stromy-pomahaju-ludom-v-nudzi\/#respond"]}]},{"@type":"WebPage","@id":"https:\/\/www.charita.sk\/svet\/ked-stromy-pomahaju-ludom-v-nudzi\/","url":"https:\/\/www.charita.sk\/svet\/ked-stromy-pomahaju-ludom-v-nudzi\/","name":"Ke\u010f stromy pom\u00e1haj\u00fa \u013eu\u010fom v n\u00fadzi | Charita vo svete","isPartOf":{"@id":"https:\/\/www.charita.sk\/svet\/#website"},"primaryImageOfPage":{"@id":"https:\/\/www.charita.sk\/svet\/ked-stromy-pomahaju-ludom-v-nudzi\/#primaryimage"},"image":{"@id":"https:\/\/www.charita.sk\/svet\/ked-stromy-pomahaju-ludom-v-nudzi\/#primaryimage"},"thumbnailUrl":"https:\/\/www.charita.sk\/svet\/wp-content\/uploads\/2025\/01\/IMG_7598.jpeg","datePublished":"2025-01-22T08:45:25+00:00","dateModified":"2025-01-22T08:45:27+00:00","breadcrumb":{"@id":"https:\/\/www.charita.sk\/svet\/ked-stromy-pomahaju-ludom-v-nudzi\/#breadcrumb"},"inLanguage":"sk-SK","potentialAction":[{"@type":"ReadAction","target":["https:\/\/www.charita.sk\/svet\/ked-stromy-pomahaju-ludom-v-nudzi\/"]}]},{"@type":"ImageObject","inLanguage":"sk-SK","@id":"https:\/\/www.charita.sk\/svet\/ked-stromy-pomahaju-ludom-v-nudzi\/#primaryimage","url":"https:\/\/www.charita.sk\/svet\/wp-content\/uploads\/2025\/01\/IMG_7598.jpeg","contentUrl":"https:\/\/www.charita.sk\/svet\/wp-content\/uploads\/2025\/01\/IMG_7598.jpeg","width":1280,"height":960},{"@type":"BreadcrumbList","@id":"https:\/\/www.charita.sk\/svet\/ked-stromy-pomahaju-ludom-v-nudzi\/#breadcrumb","itemListElement":[{"@type":"ListItem","position":1,"name":"Domovsk\u00e1 str\u00e1nka","item":"https:\/\/www.charita.sk\/svet\/"},{"@type":"ListItem","position":2,"name":"Ke\u010f stromy pom\u00e1haj\u00fa \u013eu\u010fom v n\u00fadzi"}]},{"@type":"WebSite","@id":"https:\/\/www.charita.sk\/svet\/#website","url":"https:\/\/www.charita.sk\/svet\/","name":"Charita vo svete","description":"Slovensk\u00e1 katol\u00edcka charita pom\u00e1ha \u013eu\u010fom v n\u00fadzi vo svete","publisher":{"@id":"https:\/\/www.charita.sk\/svet\/#organization"},"potentialAction":[{"@type":"SearchAction","target":{"@type":"EntryPoint","urlTemplate":"https:\/\/www.charita.sk\/svet\/?s={search_term_string}"},"query-input":{"@type":"PropertyValueSpecification","valueRequired":true,"valueName":"search_term_string"}}],"inLanguage":"sk-SK"},{"@type":"Organization","@id":"https:\/\/www.charita.sk\/svet\/#organization","name":"Slovensk\u00e1 katol\u00edcka charita","url":"https:\/\/www.charita.sk\/svet\/","logo":{"@type":"ImageObject","inLanguage":"sk-SK","@id":"https:\/\/www.charita.sk\/svet\/#\/schema\/logo\/image\/","url":"https:\/\/www.charita.sk\/pomoc-utecencom\/wp-content\/uploads\/2020\/11\/logo_pomoc_utecencom.jpg","contentUrl":"https:\/\/www.charita.sk\/pomoc-utecencom\/wp-content\/uploads\/2020\/11\/logo_pomoc_utecencom.jpg","width":1712,"height":480,"caption":"Slovensk\u00e1 katol\u00edcka charita"},"image":{"@id":"https:\/\/www.charita.sk\/svet\/#\/schema\/logo\/image\/"},"sameAs":["https:\/\/www.facebook.com\/CaritasSlovakia\/","https:\/\/www.instagram.com\/caritas_slovakia\/","https:\/\/www.linkedin.com\/company\/caritas-slovakia-skch-","https:\/\/www.youtube.com\/user\/katolickacharita"]},{"@type":"Person","@id":"https:\/\/www.charita.sk\/svet\/#\/schema\/person\/5d4cac7d83d3ec0090a0c6bb00690ce4","name":"charita","image":{"@type":"ImageObject","inLanguage":"sk-SK","@id":"https:\/\/www.charita.sk\/svet\/#\/schema\/person\/image\/","url":"https:\/\/secure.gravatar.com\/avatar\/d2e7ea30dee1a0c7a6b7277bd2f993803c4622836c7e0130a97819af162a837b?s=96&d=mm&r=g","contentUrl":"https:\/\/secure.gravatar.com\/avatar\/d2e7ea30dee1a0c7a6b7277bd2f993803c4622836c7e0130a97819af162a837b?s=96&d=mm&r=g","caption":"charita"},"url":"https:\/\/www.charita.sk\/svet\/author\/charita\/"}]}},"featured_image_src":"https:\/\/www.charita.sk\/svet\/wp-content\/uploads\/2025\/01\/IMG_7598-600x400.jpeg","featured_image_src_square":"https:\/\/www.charita.sk\/svet\/wp-content\/uploads\/2025\/01\/IMG_7598-600x600.jpeg","author_info":{"display_name":"charita","author_link":"https:\/\/www.charita.sk\/svet\/author\/charita\/"},"_links":{"self":[{"href":"https:\/\/www.charita.sk\/svet\/wp-json\/wp\/v2\/posts\/3141","targetHints":{"allow":["GET"]}}],"collection":[{"href":"https:\/\/www.charita.sk\/svet\/wp-json\/wp\/v2\/posts"}],"about":[{"href":"https:\/\/www.charita.sk\/svet\/wp-json\/wp\/v2\/types\/post"}],"author":[{"embeddable":true,"href":"https:\/\/www.charita.sk\/svet\/wp-json\/wp\/v2\/users\/2"}],"replies":[{"embeddable":true,"href":"https:\/\/www.charita.sk\/svet\/wp-json\/wp\/v2\/comments?post=3141"}],"version-history":[{"count":1,"href":"https:\/\/www.charita.sk\/svet\/wp-json\/wp\/v2\/posts\/3141\/revisions"}],"predecessor-version":[{"id":3147,"href":"https:\/\/www.charita.sk\/svet\/wp-json\/wp\/v2\/posts\/3141\/revisions\/3147"}],"wp:featuredmedia":[{"embeddable":true,"href":"https:\/\/www.charita.sk\/svet\/wp-json\/wp\/v2\/media\/3145"}],"wp:attachment":[{"href":"https:\/\/www.charita.sk\/svet\/wp-json\/wp\/v2\/media?parent=3141"}],"wp:term":[{"taxonomy":"category","embeddable":true,"href":"https:\/\/www.charita.sk\/svet\/wp-json\/wp\/v2\/categories?post=3141"},{"taxonomy":"post_tag","embeddable":true,"href":"https:\/\/www.charita.sk\/svet\/wp-json\/wp\/v2\/tags?post=3141"}],"curies":[{"name":"wp","href":"https:\/\/api.w.org\/{rel}","templated":true}]}}