{"id":3211,"date":"2025-02-25T11:04:48","date_gmt":"2025-02-25T10:04:48","guid":{"rendered":"https:\/\/www.charita.sk\/svet\/?p=3211"},"modified":"2025-02-25T20:07:18","modified_gmt":"2025-02-25T19:07:18","slug":"ako-vyzeral-treti-rok-charitnej-pomoci-a-solidarity-na-ukrajine","status":"publish","type":"post","link":"https:\/\/www.charita.sk\/svet\/ako-vyzeral-treti-rok-charitnej-pomoci-a-solidarity-na-ukrajine\/","title":{"rendered":"Ako vyzeral tret\u00ed rok charitnej pomoci a solidarity na Ukrajine?"},"content":{"rendered":"\n<p>Slovensk\u00e1 katol\u00edcka charita (SKCH) u\u017e tri roky nepretr\u017eite poskytuje pomoc obyvate\u013eom Ukrajiny, ktor\u00ed \u010delia d\u00f4sledkom vojnov\u00e9ho konfliktu. Od vypuknutia bojov v roku 2022 sme st\u00e1li pri t\u00fdch, ktor\u00ed potrebovali humanit\u00e1rnu, materi\u00e1lnu aj psychologick\u00fa podporu. Potreby \u013eud\u00ed sa v\u0161ak za ten \u010das viackr\u00e1t zmenili. Ako vyzeral tret\u00ed rok charitnej pomoci a ak\u00e9 kroky sme podnikli na zmiernenie utrpenia t\u00fdch, ktor\u00ed to teraz potrebuj\u00fa?<\/p>\n\n\n\n<p><em>\u201eNa\u0161a podpora a solidarita s Ukrajinou zostala siln\u00e1. \u013dudia v n\u00fadzi na Ukrajine toti\u017e potrebuj\u00fa nielen okam\u017eit\u00fa, ale po troch rokoch najm\u00e4 dlhodob\u00fa pomoc, psychologick\u00e9 poradenstvo a pr\u00edle\u017eitosti na nov\u00fd za\u010diatok. Stoj\u00edme pri nich a budeme pom\u00e1ha\u0165, k\u00fdm to bude potrebn\u00e9,<\/em>\u201c hovor\u00ed Veronika Pint\u00e9rov\u00e1, mana\u017e\u00e9rka projektov SKCH na Ukrajine.<\/p>\n\n\n\n<p><strong>7 charitn\u00fdch sp\u00f4sobov pomoci n\u00fadznym na Ukrajine<\/strong><\/p>\n\n\n\n<p>V\u010faka podpore na\u0161ich darcov a SlovakAid sme mohli v pomoci pokra\u010dova\u0165 aj v uplynulom roku. Spolu so sk\u00fasen\u00fdmi lok\u00e1lnymi partnermi Caritas Donetsk, Caritas Ukraine a \u010fal\u0161\u00edmi miestnymi partnermi sa n\u00e1m podarilo pom\u00f4c\u0165 tunaj\u0161\u00edm zranite\u013en\u00fdm \u013eu\u010fom nasledovne:<\/p>\n\n\n\n<ul class=\"wp-block-list\">\n<li>V\u010faka projektu zo SlovakAid sme <strong>zlep\u0161ili \u017eivotn\u00e9 podmienky v 6-tich \u00fatulkoch v Dnipre a okol\u00ed pre 3 500 \u013eud\u00ed<\/strong>. Nov\u00e9 postele, pr\u00e1\u010dky a \u010fal\u0161ie spotrebi\u010de im ve\u013emi pomohli. V r\u00e1mci programu soci\u00e1lnej podpory sme pre 1 900 vn\u00fatorne vys\u00eddlen\u00fdch rod\u00edn distribuovali pouk\u00e1\u017eky na potraviny, hygienick\u00e9 potreby a lieky. Psychologick\u00fa pomoc sme poskytli viac ako 3 000-kr\u00e1t de\u0165om a dospel\u00fdm.<\/li>\n\n\n\n<li>V charitnej v\u00fdvarovni v Dnipre sme podporili <strong>denn\u00e9 vyd\u00e1vanie stravy pre 500 vn\u00fatorne vys\u00eddlen\u00fdch<\/strong> a in\u00fdch zranite\u013en\u00fdch os\u00f4b po\u010das zimn\u00e9ho obdobia.<\/li>\n\n\n\n<li>V psychologickej pomoci pre \u013eud\u00ed zasiahnut\u00fdch vojnou pokra\u010dujeme v Dnipre na\u010falej aj v\u010faka va\u0161im darom, na\u0161e terapie individu\u00e1lne alebo skupinovo absolvovalo do konca roka 900 \u013eud\u00ed.<\/li>\n\n\n\n<li>Distribuovali sme <strong>\u0161kolsk\u00e9 pom\u00f4cky pre 157 rod\u00edn<\/strong> v Dnipre a okol\u00ed.<\/li>\n\n\n\n<li>Poskytli sme pomoc so zabezpe\u010den\u00edm <strong>opravy domov pre 147 dom\u00e1cnost\u00ed<\/strong> v Sumy.<\/li>\n\n\n\n<li>Pomohli sme <strong>opravi\u0165 a vybavi\u0165 priestory centra pre vn\u00fatorn\u00fdch vys\u00eddlencov<\/strong> v Chersone, b\u00fdvanie tam do\u010dasne na\u0161lo 85 os\u00f4b.<\/li>\n\n\n\n<li>Pred Vianocami sme doru\u010dili <strong>humanit\u00e1rnu pomoc do Charkova<\/strong> (trvanliv\u00e9 potraviny, hygienick\u00e9 potreby, \u0161atstvo a obuv) v spolupr\u00e1ci so Spi\u0161skou katol\u00edckou charitou pre 25 000 os\u00f4b.<\/li>\n<\/ul>\n\n\n\n<div style=\"height:20px\" aria-hidden=\"true\" class=\"wp-block-spacer\"><\/div>\n\n\n\n<figure class=\"wp-block-gallery has-nested-images columns-2 is-cropped wp-block-gallery-1 is-layout-flex wp-block-gallery-is-layout-flex\">\n<figure class=\"wp-block-image size-large\"><img fetchpriority=\"high\" decoding=\"async\" width=\"1024\" height=\"768\" data-id=\"3125\" src=\"https:\/\/www.charita.sk\/svet\/wp-content\/uploads\/2025\/01\/The-distribution-of-repair-kits-to-a-family-from-Krivne-1-1024x768.jpeg\" alt=\"\" class=\"wp-image-3125\" srcset=\"https:\/\/www.charita.sk\/svet\/wp-content\/uploads\/2025\/01\/The-distribution-of-repair-kits-to-a-family-from-Krivne-1-1024x768.jpeg 1024w, https:\/\/www.charita.sk\/svet\/wp-content\/uploads\/2025\/01\/The-distribution-of-repair-kits-to-a-family-from-Krivne-1-300x225.jpeg 300w, https:\/\/www.charita.sk\/svet\/wp-content\/uploads\/2025\/01\/The-distribution-of-repair-kits-to-a-family-from-Krivne-1-768x576.jpeg 768w, https:\/\/www.charita.sk\/svet\/wp-content\/uploads\/2025\/01\/The-distribution-of-repair-kits-to-a-family-from-Krivne-1.jpeg 1280w\" sizes=\"(max-width: 1024px) 100vw, 1024px\" \/><\/figure>\n\n\n\n<figure class=\"wp-block-image size-large\"><img decoding=\"async\" width=\"1024\" height=\"768\" data-id=\"3212\" src=\"https:\/\/www.charita.sk\/svet\/wp-content\/uploads\/2025\/02\/452630370_351365001349539_2254405526810825885_n-1024x768.jpg\" alt=\"\" class=\"wp-image-3212\" srcset=\"https:\/\/www.charita.sk\/svet\/wp-content\/uploads\/2025\/02\/452630370_351365001349539_2254405526810825885_n-1024x768.jpg 1024w, https:\/\/www.charita.sk\/svet\/wp-content\/uploads\/2025\/02\/452630370_351365001349539_2254405526810825885_n-300x225.jpg 300w, https:\/\/www.charita.sk\/svet\/wp-content\/uploads\/2025\/02\/452630370_351365001349539_2254405526810825885_n-768x576.jpg 768w, https:\/\/www.charita.sk\/svet\/wp-content\/uploads\/2025\/02\/452630370_351365001349539_2254405526810825885_n-1536x1152.jpg 1536w, https:\/\/www.charita.sk\/svet\/wp-content\/uploads\/2025\/02\/452630370_351365001349539_2254405526810825885_n.jpg 2048w\" sizes=\"(max-width: 1024px) 100vw, 1024px\" \/><\/figure>\n\n\n\n<figure class=\"wp-block-image size-large\"><img decoding=\"async\" width=\"1024\" height=\"577\" data-id=\"2940\" src=\"https:\/\/www.charita.sk\/svet\/wp-content\/uploads\/2024\/07\/3a_-1024x577.jpg\" alt=\"\" class=\"wp-image-2940\" srcset=\"https:\/\/www.charita.sk\/svet\/wp-content\/uploads\/2024\/07\/3a_-1024x577.jpg 1024w, https:\/\/www.charita.sk\/svet\/wp-content\/uploads\/2024\/07\/3a_-300x169.jpg 300w, https:\/\/www.charita.sk\/svet\/wp-content\/uploads\/2024\/07\/3a_-768x432.jpg 768w, https:\/\/www.charita.sk\/svet\/wp-content\/uploads\/2024\/07\/3a_-1536x865.jpg 1536w, https:\/\/www.charita.sk\/svet\/wp-content\/uploads\/2024\/07\/3a_.jpg 1600w\" sizes=\"(max-width: 1024px) 100vw, 1024px\" \/><\/figure>\n\n\n\n<figure class=\"wp-block-image size-large\"><img loading=\"lazy\" decoding=\"async\" width=\"1024\" height=\"768\" data-id=\"2869\" src=\"https:\/\/www.charita.sk\/svet\/wp-content\/uploads\/2024\/03\/425544441_360916446888447_2823372264231310041_n-1024x768.jpg\" alt=\"\" class=\"wp-image-2869\" srcset=\"https:\/\/www.charita.sk\/svet\/wp-content\/uploads\/2024\/03\/425544441_360916446888447_2823372264231310041_n-1024x768.jpg 1024w, https:\/\/www.charita.sk\/svet\/wp-content\/uploads\/2024\/03\/425544441_360916446888447_2823372264231310041_n-300x225.jpg 300w, https:\/\/www.charita.sk\/svet\/wp-content\/uploads\/2024\/03\/425544441_360916446888447_2823372264231310041_n-768x576.jpg 768w, https:\/\/www.charita.sk\/svet\/wp-content\/uploads\/2024\/03\/425544441_360916446888447_2823372264231310041_n-1536x1152.jpg 1536w, https:\/\/www.charita.sk\/svet\/wp-content\/uploads\/2024\/03\/425544441_360916446888447_2823372264231310041_n.jpg 2048w\" sizes=\"(max-width: 1024px) 100vw, 1024px\" \/><\/figure>\n<figcaption class=\"blocks-gallery-caption wp-element-caption\">\ud83d\udcf8 Pomoc SKCH na Ukrajine v roku 2024<\/figcaption><\/figure>\n\n\n\n<p>V humanit\u00e1rnej a adresnej pomoci pre najviac zranite\u013en\u00fdch obyvate\u013eov pokra\u010dujeme aj v roku 2025. Na\u010falej pracujeme na dlhodob\u00fdch rie\u0161eniach, ktor\u00e9 pom\u00f4\u017eu \u013eu\u010fom v n\u00fadzi Ukrajine stabilizova\u0165 ich \u017eivoty. Pl\u00e1nujeme pokra\u010dova\u0165 v podpore 12 \u010dlenn\u00e9ho t\u00edmu psychol\u00f3gov, ktor\u00ed poskytuje individu\u00e1lne a skupinov\u00e9 terapie vys\u00eddlen\u00fdm osob\u00e1m na v\u00fdchode Ukrajiny a aj dnes nakladaj\u00fa pani kuch\u00e1rky z charitnej v\u00fdvarovne 150 porci\u00ed tepl\u00e9ho jedla osamel\u00fdm seniorom v Dnipre.<\/p>\n\n\n\n<p><strong>Pripomienka 3. v\u00fdro\u010dia vojny<\/strong><\/p>\n\n\n\n<p>K 3. v\u00fdro\u010diu vypuknutia vojnov\u00e9ho konfliktu na Ukrajine sme v spolupr\u00e1ci s Bratislavskou arcidiec\u00e9znou charitou zorganizovali sv\u00e4t\u00fa om\u0161u, ktor\u00fa odsl\u00fa\u017eil otec arcibiskup Stanislav Zvolensk\u00fd s \u00famyslom za obete vojny na Ukrajine a za spravodliv\u00fd mier. \u010eakujeme v\u0161etk\u00fdm, ktor\u00ed sa pri\u0161li s nami spoji\u0165 v modlitbe a zaplnili D\u00f3m sv. Martina, hoci bola sv\u00e4t\u00e1 om\u0161a dopoludnia o 12:00.<\/p>\n\n\n\n<p class=\"has-text-align-center has-background\" style=\"background-color:#e2e2e2\"><strong>Modlitba, pomoc a solidarita<\/strong> s\u00fa v t\u00fdchto n\u00e1ro\u010dn\u00fdch \u010dasoch pre \u013eud\u00ed na Ukrajine k\u013e\u00fa\u010dov\u00e9. <br>V\u010faka podpore darcov m\u00f4\u017eeme na\u010falej prin\u00e1\u0161a\u0165 n\u00e1dej t\u00fdm, ktor\u00ed to najviac potrebuj\u00fa. Po\u0161lite svoj dar na <a href=\"https:\/\/charita.darujme.sk\/pomozme-ukrajine\/\">https:\/\/charita.darujme.sk\/pomozme-ukrajine\/<\/a> alebo na \u00fa\u010det SK93 1100 0000 0029 4546 3097.<br><strong>\u010eakujeme, \u017ee pom\u00e1hate s nami<\/strong>\u2764\ufe0f.<\/p>\n","protected":false},"excerpt":{"rendered":"<p>Slovensk\u00e1 katol\u00edcka charita (SKCH) u\u017e tri roky nepretr\u017eite poskytuje pomoc obyvate\u013eom Ukrajiny, [&hellip;]<\/p>\n","protected":false},"author":2,"featured_media":2990,"comment_status":"open","ping_status":"open","sticky":false,"template":"","format":"standard","meta":{"footnotes":""},"categories":[18],"tags":[],"class_list":["post-3211","post","type-post","status-publish","format-standard","has-post-thumbnail","hentry","category-ukrajina"],"yoast_head":"<!-- This site is optimized with the Yoast SEO plugin v25.4 - https:\/\/yoast.com\/wordpress\/plugins\/seo\/ -->\n<title>Ako vyzeral tret\u00ed rok charitnej pomoci a solidarity na Ukrajine? | Charita vo svete<\/title>\n<meta name=\"robots\" content=\"index, follow, max-snippet:-1, max-image-preview:large, max-video-preview:-1\" \/>\n<link rel=\"canonical\" href=\"https:\/\/www.charita.sk\/svet\/ako-vyzeral-treti-rok-charitnej-pomoci-a-solidarity-na-ukrajine\/\" \/>\n<meta property=\"og:locale\" content=\"sk_SK\" \/>\n<meta property=\"og:type\" content=\"article\" \/>\n<meta property=\"og:title\" content=\"Ako vyzeral tret\u00ed rok charitnej pomoci a solidarity na Ukrajine? | Charita vo svete\" \/>\n<meta property=\"og:description\" content=\"Slovensk\u00e1 katol\u00edcka charita (SKCH) u\u017e tri roky nepretr\u017eite poskytuje pomoc obyvate\u013eom Ukrajiny, [&hellip;]\" \/>\n<meta property=\"og:url\" content=\"https:\/\/www.charita.sk\/svet\/ako-vyzeral-treti-rok-charitnej-pomoci-a-solidarity-na-ukrajine\/\" \/>\n<meta property=\"og:site_name\" content=\"Charita vo svete\" \/>\n<meta property=\"article:publisher\" content=\"https:\/\/www.facebook.com\/CaritasSlovakia\/\" \/>\n<meta property=\"article:published_time\" content=\"2025-02-25T10:04:48+00:00\" \/>\n<meta property=\"article:modified_time\" content=\"2025-02-25T19:07:18+00:00\" \/>\n<meta property=\"og:image\" content=\"https:\/\/www.charita.sk\/svet\/wp-content\/uploads\/2024\/08\/ua_gap_projekt.jpeg\" \/>\n\t<meta property=\"og:image:width\" content=\"1600\" \/>\n\t<meta property=\"og:image:height\" content=\"1200\" \/>\n\t<meta property=\"og:image:type\" content=\"image\/jpeg\" \/>\n<meta name=\"author\" content=\"charita\" \/>\n<meta name=\"twitter:card\" content=\"summary_large_image\" \/>\n<meta name=\"twitter:label1\" content=\"Autor\" \/>\n\t<meta name=\"twitter:data1\" content=\"charita\" \/>\n\t<meta name=\"twitter:label2\" content=\"Predpokladan\u00fd \u010das \u010d\u00edtania\" \/>\n\t<meta name=\"twitter:data2\" content=\"4 min\u00faty\" \/>\n<script type=\"application\/ld+json\" class=\"yoast-schema-graph\">{\"@context\":\"https:\/\/schema.org\",\"@graph\":[{\"@type\":\"Article\",\"@id\":\"https:\/\/www.charita.sk\/svet\/ako-vyzeral-treti-rok-charitnej-pomoci-a-solidarity-na-ukrajine\/#article\",\"isPartOf\":{\"@id\":\"https:\/\/www.charita.sk\/svet\/ako-vyzeral-treti-rok-charitnej-pomoci-a-solidarity-na-ukrajine\/\"},\"author\":{\"name\":\"charita\",\"@id\":\"https:\/\/www.charita.sk\/svet\/#\/schema\/person\/5d4cac7d83d3ec0090a0c6bb00690ce4\"},\"headline\":\"Ako vyzeral tret\u00ed rok charitnej pomoci a solidarity na Ukrajine?\",\"datePublished\":\"2025-02-25T10:04:48+00:00\",\"dateModified\":\"2025-02-25T19:07:18+00:00\",\"mainEntityOfPage\":{\"@id\":\"https:\/\/www.charita.sk\/svet\/ako-vyzeral-treti-rok-charitnej-pomoci-a-solidarity-na-ukrajine\/\"},\"wordCount\":636,\"commentCount\":0,\"publisher\":{\"@id\":\"https:\/\/www.charita.sk\/svet\/#organization\"},\"image\":{\"@id\":\"https:\/\/www.charita.sk\/svet\/ako-vyzeral-treti-rok-charitnej-pomoci-a-solidarity-na-ukrajine\/#primaryimage\"},\"thumbnailUrl\":\"https:\/\/www.charita.sk\/svet\/wp-content\/uploads\/2024\/08\/ua_gap_projekt.jpeg\",\"articleSection\":[\"Ukrajina\"],\"inLanguage\":\"sk-SK\",\"potentialAction\":[{\"@type\":\"CommentAction\",\"name\":\"Comment\",\"target\":[\"https:\/\/www.charita.sk\/svet\/ako-vyzeral-treti-rok-charitnej-pomoci-a-solidarity-na-ukrajine\/#respond\"]}]},{\"@type\":\"WebPage\",\"@id\":\"https:\/\/www.charita.sk\/svet\/ako-vyzeral-treti-rok-charitnej-pomoci-a-solidarity-na-ukrajine\/\",\"url\":\"https:\/\/www.charita.sk\/svet\/ako-vyzeral-treti-rok-charitnej-pomoci-a-solidarity-na-ukrajine\/\",\"name\":\"Ako vyzeral tret\u00ed rok charitnej pomoci a solidarity na Ukrajine? | Charita vo svete\",\"isPartOf\":{\"@id\":\"https:\/\/www.charita.sk\/svet\/#website\"},\"primaryImageOfPage\":{\"@id\":\"https:\/\/www.charita.sk\/svet\/ako-vyzeral-treti-rok-charitnej-pomoci-a-solidarity-na-ukrajine\/#primaryimage\"},\"image\":{\"@id\":\"https:\/\/www.charita.sk\/svet\/ako-vyzeral-treti-rok-charitnej-pomoci-a-solidarity-na-ukrajine\/#primaryimage\"},\"thumbnailUrl\":\"https:\/\/www.charita.sk\/svet\/wp-content\/uploads\/2024\/08\/ua_gap_projekt.jpeg\",\"datePublished\":\"2025-02-25T10:04:48+00:00\",\"dateModified\":\"2025-02-25T19:07:18+00:00\",\"breadcrumb\":{\"@id\":\"https:\/\/www.charita.sk\/svet\/ako-vyzeral-treti-rok-charitnej-pomoci-a-solidarity-na-ukrajine\/#breadcrumb\"},\"inLanguage\":\"sk-SK\",\"potentialAction\":[{\"@type\":\"ReadAction\",\"target\":[\"https:\/\/www.charita.sk\/svet\/ako-vyzeral-treti-rok-charitnej-pomoci-a-solidarity-na-ukrajine\/\"]}]},{\"@type\":\"ImageObject\",\"inLanguage\":\"sk-SK\",\"@id\":\"https:\/\/www.charita.sk\/svet\/ako-vyzeral-treti-rok-charitnej-pomoci-a-solidarity-na-ukrajine\/#primaryimage\",\"url\":\"https:\/\/www.charita.sk\/svet\/wp-content\/uploads\/2024\/08\/ua_gap_projekt.jpeg\",\"contentUrl\":\"https:\/\/www.charita.sk\/svet\/wp-content\/uploads\/2024\/08\/ua_gap_projekt.jpeg\",\"width\":1600,\"height\":1200},{\"@type\":\"BreadcrumbList\",\"@id\":\"https:\/\/www.charita.sk\/svet\/ako-vyzeral-treti-rok-charitnej-pomoci-a-solidarity-na-ukrajine\/#breadcrumb\",\"itemListElement\":[{\"@type\":\"ListItem\",\"position\":1,\"name\":\"Domovsk\u00e1 str\u00e1nka\",\"item\":\"https:\/\/www.charita.sk\/svet\/\"},{\"@type\":\"ListItem\",\"position\":2,\"name\":\"Ako vyzeral tret\u00ed rok charitnej pomoci a solidarity na Ukrajine?\"}]},{\"@type\":\"WebSite\",\"@id\":\"https:\/\/www.charita.sk\/svet\/#website\",\"url\":\"https:\/\/www.charita.sk\/svet\/\",\"name\":\"Charita vo svete\",\"description\":\"Slovensk\u00e1 katol\u00edcka charita pom\u00e1ha \u013eu\u010fom v n\u00fadzi vo svete\",\"publisher\":{\"@id\":\"https:\/\/www.charita.sk\/svet\/#organization\"},\"potentialAction\":[{\"@type\":\"SearchAction\",\"target\":{\"@type\":\"EntryPoint\",\"urlTemplate\":\"https:\/\/www.charita.sk\/svet\/?s={search_term_string}\"},\"query-input\":{\"@type\":\"PropertyValueSpecification\",\"valueRequired\":true,\"valueName\":\"search_term_string\"}}],\"inLanguage\":\"sk-SK\"},{\"@type\":\"Organization\",\"@id\":\"https:\/\/www.charita.sk\/svet\/#organization\",\"name\":\"Slovensk\u00e1 katol\u00edcka charita\",\"url\":\"https:\/\/www.charita.sk\/svet\/\",\"logo\":{\"@type\":\"ImageObject\",\"inLanguage\":\"sk-SK\",\"@id\":\"https:\/\/www.charita.sk\/svet\/#\/schema\/logo\/image\/\",\"url\":\"https:\/\/www.charita.sk\/pomoc-utecencom\/wp-content\/uploads\/2020\/11\/logo_pomoc_utecencom.jpg\",\"contentUrl\":\"https:\/\/www.charita.sk\/pomoc-utecencom\/wp-content\/uploads\/2020\/11\/logo_pomoc_utecencom.jpg\",\"width\":1712,\"height\":480,\"caption\":\"Slovensk\u00e1 katol\u00edcka charita\"},\"image\":{\"@id\":\"https:\/\/www.charita.sk\/svet\/#\/schema\/logo\/image\/\"},\"sameAs\":[\"https:\/\/www.facebook.com\/CaritasSlovakia\/\",\"https:\/\/www.instagram.com\/caritas_slovakia\/\",\"https:\/\/www.linkedin.com\/company\/caritas-slovakia-skch-\",\"https:\/\/www.youtube.com\/user\/katolickacharita\"]},{\"@type\":\"Person\",\"@id\":\"https:\/\/www.charita.sk\/svet\/#\/schema\/person\/5d4cac7d83d3ec0090a0c6bb00690ce4\",\"name\":\"charita\",\"image\":{\"@type\":\"ImageObject\",\"inLanguage\":\"sk-SK\",\"@id\":\"https:\/\/www.charita.sk\/svet\/#\/schema\/person\/image\/\",\"url\":\"https:\/\/secure.gravatar.com\/avatar\/d2e7ea30dee1a0c7a6b7277bd2f993803c4622836c7e0130a97819af162a837b?s=96&d=mm&r=g\",\"contentUrl\":\"https:\/\/secure.gravatar.com\/avatar\/d2e7ea30dee1a0c7a6b7277bd2f993803c4622836c7e0130a97819af162a837b?s=96&d=mm&r=g\",\"caption\":\"charita\"},\"url\":\"https:\/\/www.charita.sk\/svet\/author\/charita\/\"}]}<\/script>\n<!-- \/ Yoast SEO plugin. -->","yoast_head_json":{"title":"Ako vyzeral tret\u00ed rok charitnej pomoci a solidarity na Ukrajine? | Charita vo svete","robots":{"index":"index","follow":"follow","max-snippet":"max-snippet:-1","max-image-preview":"max-image-preview:large","max-video-preview":"max-video-preview:-1"},"canonical":"https:\/\/www.charita.sk\/svet\/ako-vyzeral-treti-rok-charitnej-pomoci-a-solidarity-na-ukrajine\/","og_locale":"sk_SK","og_type":"article","og_title":"Ako vyzeral tret\u00ed rok charitnej pomoci a solidarity na Ukrajine? | Charita vo svete","og_description":"Slovensk\u00e1 katol\u00edcka charita (SKCH) u\u017e tri roky nepretr\u017eite poskytuje pomoc obyvate\u013eom Ukrajiny, [&hellip;]","og_url":"https:\/\/www.charita.sk\/svet\/ako-vyzeral-treti-rok-charitnej-pomoci-a-solidarity-na-ukrajine\/","og_site_name":"Charita vo svete","article_publisher":"https:\/\/www.facebook.com\/CaritasSlovakia\/","article_published_time":"2025-02-25T10:04:48+00:00","article_modified_time":"2025-02-25T19:07:18+00:00","og_image":[{"width":1600,"height":1200,"url":"https:\/\/www.charita.sk\/svet\/wp-content\/uploads\/2024\/08\/ua_gap_projekt.jpeg","type":"image\/jpeg"}],"author":"charita","twitter_card":"summary_large_image","twitter_misc":{"Autor":"charita","Predpokladan\u00fd \u010das \u010d\u00edtania":"4 min\u00faty"},"schema":{"@context":"https:\/\/schema.org","@graph":[{"@type":"Article","@id":"https:\/\/www.charita.sk\/svet\/ako-vyzeral-treti-rok-charitnej-pomoci-a-solidarity-na-ukrajine\/#article","isPartOf":{"@id":"https:\/\/www.charita.sk\/svet\/ako-vyzeral-treti-rok-charitnej-pomoci-a-solidarity-na-ukrajine\/"},"author":{"name":"charita","@id":"https:\/\/www.charita.sk\/svet\/#\/schema\/person\/5d4cac7d83d3ec0090a0c6bb00690ce4"},"headline":"Ako vyzeral tret\u00ed rok charitnej pomoci a solidarity na Ukrajine?","datePublished":"2025-02-25T10:04:48+00:00","dateModified":"2025-02-25T19:07:18+00:00","mainEntityOfPage":{"@id":"https:\/\/www.charita.sk\/svet\/ako-vyzeral-treti-rok-charitnej-pomoci-a-solidarity-na-ukrajine\/"},"wordCount":636,"commentCount":0,"publisher":{"@id":"https:\/\/www.charita.sk\/svet\/#organization"},"image":{"@id":"https:\/\/www.charita.sk\/svet\/ako-vyzeral-treti-rok-charitnej-pomoci-a-solidarity-na-ukrajine\/#primaryimage"},"thumbnailUrl":"https:\/\/www.charita.sk\/svet\/wp-content\/uploads\/2024\/08\/ua_gap_projekt.jpeg","articleSection":["Ukrajina"],"inLanguage":"sk-SK","potentialAction":[{"@type":"CommentAction","name":"Comment","target":["https:\/\/www.charita.sk\/svet\/ako-vyzeral-treti-rok-charitnej-pomoci-a-solidarity-na-ukrajine\/#respond"]}]},{"@type":"WebPage","@id":"https:\/\/www.charita.sk\/svet\/ako-vyzeral-treti-rok-charitnej-pomoci-a-solidarity-na-ukrajine\/","url":"https:\/\/www.charita.sk\/svet\/ako-vyzeral-treti-rok-charitnej-pomoci-a-solidarity-na-ukrajine\/","name":"Ako vyzeral tret\u00ed rok charitnej pomoci a solidarity na Ukrajine? | Charita vo svete","isPartOf":{"@id":"https:\/\/www.charita.sk\/svet\/#website"},"primaryImageOfPage":{"@id":"https:\/\/www.charita.sk\/svet\/ako-vyzeral-treti-rok-charitnej-pomoci-a-solidarity-na-ukrajine\/#primaryimage"},"image":{"@id":"https:\/\/www.charita.sk\/svet\/ako-vyzeral-treti-rok-charitnej-pomoci-a-solidarity-na-ukrajine\/#primaryimage"},"thumbnailUrl":"https:\/\/www.charita.sk\/svet\/wp-content\/uploads\/2024\/08\/ua_gap_projekt.jpeg","datePublished":"2025-02-25T10:04:48+00:00","dateModified":"2025-02-25T19:07:18+00:00","breadcrumb":{"@id":"https:\/\/www.charita.sk\/svet\/ako-vyzeral-treti-rok-charitnej-pomoci-a-solidarity-na-ukrajine\/#breadcrumb"},"inLanguage":"sk-SK","potentialAction":[{"@type":"ReadAction","target":["https:\/\/www.charita.sk\/svet\/ako-vyzeral-treti-rok-charitnej-pomoci-a-solidarity-na-ukrajine\/"]}]},{"@type":"ImageObject","inLanguage":"sk-SK","@id":"https:\/\/www.charita.sk\/svet\/ako-vyzeral-treti-rok-charitnej-pomoci-a-solidarity-na-ukrajine\/#primaryimage","url":"https:\/\/www.charita.sk\/svet\/wp-content\/uploads\/2024\/08\/ua_gap_projekt.jpeg","contentUrl":"https:\/\/www.charita.sk\/svet\/wp-content\/uploads\/2024\/08\/ua_gap_projekt.jpeg","width":1600,"height":1200},{"@type":"BreadcrumbList","@id":"https:\/\/www.charita.sk\/svet\/ako-vyzeral-treti-rok-charitnej-pomoci-a-solidarity-na-ukrajine\/#breadcrumb","itemListElement":[{"@type":"ListItem","position":1,"name":"Domovsk\u00e1 str\u00e1nka","item":"https:\/\/www.charita.sk\/svet\/"},{"@type":"ListItem","position":2,"name":"Ako vyzeral tret\u00ed rok charitnej pomoci a solidarity na Ukrajine?"}]},{"@type":"WebSite","@id":"https:\/\/www.charita.sk\/svet\/#website","url":"https:\/\/www.charita.sk\/svet\/","name":"Charita vo svete","description":"Slovensk\u00e1 katol\u00edcka charita pom\u00e1ha \u013eu\u010fom v n\u00fadzi vo svete","publisher":{"@id":"https:\/\/www.charita.sk\/svet\/#organization"},"potentialAction":[{"@type":"SearchAction","target":{"@type":"EntryPoint","urlTemplate":"https:\/\/www.charita.sk\/svet\/?s={search_term_string}"},"query-input":{"@type":"PropertyValueSpecification","valueRequired":true,"valueName":"search_term_string"}}],"inLanguage":"sk-SK"},{"@type":"Organization","@id":"https:\/\/www.charita.sk\/svet\/#organization","name":"Slovensk\u00e1 katol\u00edcka charita","url":"https:\/\/www.charita.sk\/svet\/","logo":{"@type":"ImageObject","inLanguage":"sk-SK","@id":"https:\/\/www.charita.sk\/svet\/#\/schema\/logo\/image\/","url":"https:\/\/www.charita.sk\/pomoc-utecencom\/wp-content\/uploads\/2020\/11\/logo_pomoc_utecencom.jpg","contentUrl":"https:\/\/www.charita.sk\/pomoc-utecencom\/wp-content\/uploads\/2020\/11\/logo_pomoc_utecencom.jpg","width":1712,"height":480,"caption":"Slovensk\u00e1 katol\u00edcka charita"},"image":{"@id":"https:\/\/www.charita.sk\/svet\/#\/schema\/logo\/image\/"},"sameAs":["https:\/\/www.facebook.com\/CaritasSlovakia\/","https:\/\/www.instagram.com\/caritas_slovakia\/","https:\/\/www.linkedin.com\/company\/caritas-slovakia-skch-","https:\/\/www.youtube.com\/user\/katolickacharita"]},{"@type":"Person","@id":"https:\/\/www.charita.sk\/svet\/#\/schema\/person\/5d4cac7d83d3ec0090a0c6bb00690ce4","name":"charita","image":{"@type":"ImageObject","inLanguage":"sk-SK","@id":"https:\/\/www.charita.sk\/svet\/#\/schema\/person\/image\/","url":"https:\/\/secure.gravatar.com\/avatar\/d2e7ea30dee1a0c7a6b7277bd2f993803c4622836c7e0130a97819af162a837b?s=96&d=mm&r=g","contentUrl":"https:\/\/secure.gravatar.com\/avatar\/d2e7ea30dee1a0c7a6b7277bd2f993803c4622836c7e0130a97819af162a837b?s=96&d=mm&r=g","caption":"charita"},"url":"https:\/\/www.charita.sk\/svet\/author\/charita\/"}]}},"featured_image_src":"https:\/\/www.charita.sk\/svet\/wp-content\/uploads\/2024\/08\/ua_gap_projekt-600x400.jpeg","featured_image_src_square":"https:\/\/www.charita.sk\/svet\/wp-content\/uploads\/2024\/08\/ua_gap_projekt-600x600.jpeg","author_info":{"display_name":"charita","author_link":"https:\/\/www.charita.sk\/svet\/author\/charita\/"},"_links":{"self":[{"href":"https:\/\/www.charita.sk\/svet\/wp-json\/wp\/v2\/posts\/3211","targetHints":{"allow":["GET"]}}],"collection":[{"href":"https:\/\/www.charita.sk\/svet\/wp-json\/wp\/v2\/posts"}],"about":[{"href":"https:\/\/www.charita.sk\/svet\/wp-json\/wp\/v2\/types\/post"}],"author":[{"embeddable":true,"href":"https:\/\/www.charita.sk\/svet\/wp-json\/wp\/v2\/users\/2"}],"replies":[{"embeddable":true,"href":"https:\/\/www.charita.sk\/svet\/wp-json\/wp\/v2\/comments?post=3211"}],"version-history":[{"count":6,"href":"https:\/\/www.charita.sk\/svet\/wp-json\/wp\/v2\/posts\/3211\/revisions"}],"predecessor-version":[{"id":3221,"href":"https:\/\/www.charita.sk\/svet\/wp-json\/wp\/v2\/posts\/3211\/revisions\/3221"}],"wp:featuredmedia":[{"embeddable":true,"href":"https:\/\/www.charita.sk\/svet\/wp-json\/wp\/v2\/media\/2990"}],"wp:attachment":[{"href":"https:\/\/www.charita.sk\/svet\/wp-json\/wp\/v2\/media?parent=3211"}],"wp:term":[{"taxonomy":"category","embeddable":true,"href":"https:\/\/www.charita.sk\/svet\/wp-json\/wp\/v2\/categories?post=3211"},{"taxonomy":"post_tag","embeddable":true,"href":"https:\/\/www.charita.sk\/svet\/wp-json\/wp\/v2\/tags?post=3211"}],"curies":[{"name":"wp","href":"https:\/\/api.w.org\/{rel}","templated":true}]}}