{"id":3258,"date":"2025-04-23T13:55:00","date_gmt":"2025-04-23T11:55:00","guid":{"rendered":"https:\/\/www.charita.sk\/svet\/?p=3258"},"modified":"2025-04-24T14:03:22","modified_gmt":"2025-04-24T12:03:22","slug":"zasadene-stromceky-po-zime-narastu-3-metre","status":"publish","type":"post","link":"https:\/\/www.charita.sk\/svet\/zasadene-stromceky-po-zime-narastu-3-metre\/","title":{"rendered":"Zasaden\u00e9 strom\u010deky po zime narast\u00fa 3 metre"},"content":{"rendered":"\n<p>Na juhu Moldavska, v dedinke Carahasani, vznik\u00e1 v\u00fdnimo\u010dn\u00fd projekt \u2013&nbsp;Soci\u00e1lny les sv. Antona, ktor\u00fd realizuje&nbsp;Slovensk\u00e1 katol\u00edcka charita v spolupr\u00e1ci s Caritas Moldova. V novembri minul\u00e9ho roka tu vy\u0161e 100 dobrovo\u013en\u00edkov zasadilo 3688 mlad\u00fdch strom\u010dekov paulownie v r\u00e1mci rozvojov\u00e9ho projektu podporen\u00e9ho zo zdrojov ofici\u00e1lnej rozvojovej pomoci SR, SlovakAid. Dnes, po prvej zime, je ve\u013ek\u00fd d\u00f4vod na rados\u0165 \u2013 takmer v\u0161etky strom\u010deky pre\u017eili a za\u010d\u00ednaj\u00fa r\u00e1s\u0165.<\/p>\n\n\n\n<p>Paulownia, zn\u00e1ma aj ako cis\u00e1rsky strom, je jedn\u00fdm z najr\u00fdchlej\u0161ie rast\u00facich stromov na svete \u2013 u\u017e za jeden rok m\u00f4\u017ee nar\u00e1s\u0165 a\u017e tri metre. Aj ke\u010f s\u00fa teraz e\u0161te \u00fazke a bez listov, v bud\u00facnosti m\u00f4\u017ee ich drevo udr\u017eate\u013ene pom\u00e1ha\u0165 a\u017e 300 rodin\u00e1m v n\u00fadzi \u2013 ako zdroj paliva, stavebn\u00e9ho materi\u00e1lu na opravy v dom\u00e1cnosti \u010di in\u00fdch potrieb. U\u017e dnes v\u0161ak prin\u00e1\u0161aj\u00fa konkr\u00e9tnu pomoc: v\u010faka starostlivosti o les maj\u00fa \u0161tyria miestni str\u00e1\u017ecovia pravideln\u00fd pr\u00edjem, \u010do im umo\u017e\u0148uje postara\u0165 sa o svoje rodiny a chor\u013eav\u00fdch rodi\u010dov.<\/p>\n\n\n\n<p>V apr\u00edli sprev\u00e1dzal Dmitri z organiz\u00e1cie Caritas Moldova pracovn\u00edkov Slovenskej katol\u00edckej charity v Moldavsku a pripomenul: \u201ePri dobrej starostlivosti aj z mali\u010dkej hal\u00fazky vyrastie kr\u00e1sny strom, ktor\u00fd pom\u00e1ha \u013eu\u010fom v n\u00fadzi.\u201c Tento projekt je tak nielen environment\u00e1lnou iniciat\u00edvou, ale aj siln\u00fdm soci\u00e1lnym gestom vo\u010di n\u00fadznym.<\/p>\n\n\n\n<figure class=\"wp-block-gallery has-nested-images columns-4 is-cropped wp-block-gallery-1 is-layout-flex wp-block-gallery-is-layout-flex\">\n<figure class=\"wp-block-image size-large\"><img fetchpriority=\"high\" decoding=\"async\" width=\"1024\" height=\"683\" data-id=\"3261\" src=\"https:\/\/www.charita.sk\/svet\/wp-content\/uploads\/2025\/04\/IMG_8502-1024x683.jpg\" alt=\"\" class=\"wp-image-3261\" srcset=\"https:\/\/www.charita.sk\/svet\/wp-content\/uploads\/2025\/04\/IMG_8502-1024x683.jpg 1024w, https:\/\/www.charita.sk\/svet\/wp-content\/uploads\/2025\/04\/IMG_8502-300x200.jpg 300w, https:\/\/www.charita.sk\/svet\/wp-content\/uploads\/2025\/04\/IMG_8502-768x512.jpg 768w, https:\/\/www.charita.sk\/svet\/wp-content\/uploads\/2025\/04\/IMG_8502-1536x1024.jpg 1536w, https:\/\/www.charita.sk\/svet\/wp-content\/uploads\/2025\/04\/IMG_8502-2048x1365.jpg 2048w, https:\/\/www.charita.sk\/svet\/wp-content\/uploads\/2025\/04\/IMG_8502-600x400.jpg 600w\" sizes=\"(max-width: 1024px) 100vw, 1024px\" \/><\/figure>\n\n\n\n<figure class=\"wp-block-image size-large\"><img decoding=\"async\" width=\"1024\" height=\"683\" data-id=\"3260\" src=\"https:\/\/www.charita.sk\/svet\/wp-content\/uploads\/2025\/04\/IMG_8507-1024x683.jpg\" alt=\"\" class=\"wp-image-3260\" srcset=\"https:\/\/www.charita.sk\/svet\/wp-content\/uploads\/2025\/04\/IMG_8507-1024x683.jpg 1024w, https:\/\/www.charita.sk\/svet\/wp-content\/uploads\/2025\/04\/IMG_8507-300x200.jpg 300w, https:\/\/www.charita.sk\/svet\/wp-content\/uploads\/2025\/04\/IMG_8507-768x512.jpg 768w, https:\/\/www.charita.sk\/svet\/wp-content\/uploads\/2025\/04\/IMG_8507-1536x1024.jpg 1536w, https:\/\/www.charita.sk\/svet\/wp-content\/uploads\/2025\/04\/IMG_8507-2048x1365.jpg 2048w, https:\/\/www.charita.sk\/svet\/wp-content\/uploads\/2025\/04\/IMG_8507-600x400.jpg 600w\" sizes=\"(max-width: 1024px) 100vw, 1024px\" \/><\/figure>\n<figcaption class=\"blocks-gallery-caption wp-element-caption\">\ud83d\udcf8 Na monitorovacej ceste sa k charitn\u00fdm pracovn\u00edkom pridali partneri zo SlovakAid.<\/figcaption><\/figure>\n\n\n\n<p><strong>Mlad\u00ed Moldav\u010dania menia svoje komunity<\/strong><\/p>\n\n\n\n<p>Do ochrany pr\u00edrody a v\u00fdsadby t\u00fdchto stromov sa zapojili aj mlad\u00ed \u013eudia. Po\u010das monitorovacej cesty t\u00edmu SKCH v Moldavsku ocenili p\u00e4\u0165 najakt\u00edvnej\u0161\u00edch \u00fa\u010dastn\u00edkov letnej ekoakad\u00e9mie, ktor\u00fa viedli odborn\u00edci zo Slovenska. T\u00edto mlad\u00ed ekoambas\u00e1dori odvtedy dok\u00e1zali ve\u013ea: vyzbierali 40 vriec odpadu pri \u010disten\u00ed rieky, pl\u00e1nuj\u00fa \u010fal\u0161\u00ed zber odpadkov, najr\u00fdchlej\u0161ia dvojica vysadila v&nbsp;novembri 150 strom\u010dekov paulownie v Soci\u00e1lnom lese, oslovili 2000 \u017eiakov s predn\u00e1\u0161kami o ochrane pr\u00edrody a spustili viacero \u010fal\u0161\u00edch iniciat\u00edv.<\/p>\n\n\n\n<p>V\u00fdsadba stromov m\u00e1 aj siln\u00fd ekologick\u00fd rozmer. Paulownie via\u017eu ve\u013ek\u00e9 mno\u017estvo oxidu uhli\u010dit\u00e9ho, \u010distia vzduch, zlep\u0161uj\u00fa kvalitu p\u00f4dy a pom\u00e1haj\u00fa zadr\u017eiava\u0165 vodu v krajine. V \u010dase klimatickej kr\u00edzy, ke\u010f je v&nbsp;Moldavsku zalesnen\u00fdch len 11% \u00fazemia, je to d\u00f4le\u017eit\u00fd krok k obnove miestneho ekosyst\u00e9mu. Projekt tak sp\u00e1ja ekologick\u00fa obnovu s konkr\u00e9tnou pomocou \u013eu\u010fom v n\u00fadzi \u2013 a vytv\u00e1ra priestor pre skuto\u010dn\u00fa zmenu.<\/p>\n\n\n\n<p>Ako nap\u00edsal zosnul\u00fd p\u00e1pe\u017e Franti\u0161ek v encyklike&nbsp;<em>Laudato Si\u2019<\/em>:&nbsp;<em>\u201eZem, n\u00e1\u0161 spolo\u010dn\u00fd domov, je ako sestra, s ktorou zdie\u013eame \u017eivot, a ako kr\u00e1sna matka, ktor\u00e1 n\u00e1s v\u00edta s otvorenou n\u00e1ru\u010dou.\u201c<\/em>&nbsp;Ver\u00edme, \u017ee aj v\u010faka tak\u00fdmto projektom m\u00f4\u017ee by\u0165 na\u0161a spolo\u010dn\u00e1 sestra a matka \u2013 Zem \u2013 op\u00e4\u0165 o nie\u010do silnej\u0161ia a&nbsp;\u013eudia&nbsp;&nbsp;jej d\u00f4stojn\u00fdmi spr\u00e1vcami.<\/p>\n\n\n\n<figure class=\"wp-block-gallery has-nested-images columns-default is-cropped wp-block-gallery-2 is-layout-flex wp-block-gallery-is-layout-flex\">\n<figure class=\"wp-block-image size-large\"><img decoding=\"async\" width=\"1024\" height=\"683\" data-id=\"3263\" src=\"https:\/\/www.charita.sk\/svet\/wp-content\/uploads\/2025\/04\/IMG_8442-1024x683.jpg\" alt=\"\" class=\"wp-image-3263\" srcset=\"https:\/\/www.charita.sk\/svet\/wp-content\/uploads\/2025\/04\/IMG_8442-1024x683.jpg 1024w, https:\/\/www.charita.sk\/svet\/wp-content\/uploads\/2025\/04\/IMG_8442-300x200.jpg 300w, https:\/\/www.charita.sk\/svet\/wp-content\/uploads\/2025\/04\/IMG_8442-768x512.jpg 768w, https:\/\/www.charita.sk\/svet\/wp-content\/uploads\/2025\/04\/IMG_8442-1536x1024.jpg 1536w, https:\/\/www.charita.sk\/svet\/wp-content\/uploads\/2025\/04\/IMG_8442-2048x1365.jpg 2048w, https:\/\/www.charita.sk\/svet\/wp-content\/uploads\/2025\/04\/IMG_8442-600x400.jpg 600w\" sizes=\"(max-width: 1024px) 100vw, 1024px\" \/><\/figure>\n\n\n\n<figure class=\"wp-block-image size-large\"><img loading=\"lazy\" decoding=\"async\" width=\"1024\" height=\"683\" data-id=\"3262\" src=\"https:\/\/www.charita.sk\/svet\/wp-content\/uploads\/2025\/04\/IMG_8498-1024x683.jpg\" alt=\"\" class=\"wp-image-3262\" srcset=\"https:\/\/www.charita.sk\/svet\/wp-content\/uploads\/2025\/04\/IMG_8498-1024x683.jpg 1024w, https:\/\/www.charita.sk\/svet\/wp-content\/uploads\/2025\/04\/IMG_8498-300x200.jpg 300w, https:\/\/www.charita.sk\/svet\/wp-content\/uploads\/2025\/04\/IMG_8498-768x512.jpg 768w, https:\/\/www.charita.sk\/svet\/wp-content\/uploads\/2025\/04\/IMG_8498-1536x1024.jpg 1536w, https:\/\/www.charita.sk\/svet\/wp-content\/uploads\/2025\/04\/IMG_8498-2048x1365.jpg 2048w, https:\/\/www.charita.sk\/svet\/wp-content\/uploads\/2025\/04\/IMG_8498-600x400.jpg 600w\" sizes=\"(max-width: 1024px) 100vw, 1024px\" \/><\/figure>\n<figcaption class=\"blocks-gallery-caption wp-element-caption\">\ud83d\udcf8 Kontrola strom\u010dekov po zime.<\/figcaption><\/figure>\n\n\n\n<p><\/p>\n","protected":false},"excerpt":{"rendered":"<p>Na juhu Moldavska, v dedinke Carahasani, vznik\u00e1 v\u00fdnimo\u010dn\u00fd projekt \u2013&nbsp;Soci\u00e1lny les sv. [&hellip;]<\/p>\n","protected":false},"author":2,"featured_media":3259,"comment_status":"open","ping_status":"open","sticky":false,"template":"","format":"standard","meta":{"footnotes":""},"categories":[53],"tags":[56,17],"class_list":["post-3258","post","type-post","status-publish","format-standard","has-post-thumbnail","hentry","category-moldavsko","tag-moldavsko","tag-slovakaid"],"yoast_head":"<!-- This site is optimized with the Yoast SEO plugin v25.4 - https:\/\/yoast.com\/wordpress\/plugins\/seo\/ -->\n<title>Zasaden\u00e9 strom\u010deky po zime narast\u00fa 3 metre | Charita vo svete<\/title>\n<meta name=\"robots\" content=\"index, follow, max-snippet:-1, max-image-preview:large, max-video-preview:-1\" \/>\n<link rel=\"canonical\" href=\"https:\/\/www.charita.sk\/svet\/zasadene-stromceky-po-zime-narastu-3-metre\/\" \/>\n<meta property=\"og:locale\" content=\"sk_SK\" \/>\n<meta property=\"og:type\" content=\"article\" \/>\n<meta property=\"og:title\" content=\"Zasaden\u00e9 strom\u010deky po zime narast\u00fa 3 metre | Charita vo svete\" \/>\n<meta property=\"og:description\" content=\"Na juhu Moldavska, v dedinke Carahasani, vznik\u00e1 v\u00fdnimo\u010dn\u00fd projekt \u2013&nbsp;Soci\u00e1lny les sv. [&hellip;]\" \/>\n<meta property=\"og:url\" content=\"https:\/\/www.charita.sk\/svet\/zasadene-stromceky-po-zime-narastu-3-metre\/\" \/>\n<meta property=\"og:site_name\" content=\"Charita vo svete\" \/>\n<meta property=\"article:publisher\" content=\"https:\/\/www.facebook.com\/CaritasSlovakia\/\" \/>\n<meta property=\"article:published_time\" content=\"2025-04-23T11:55:00+00:00\" \/>\n<meta property=\"article:modified_time\" content=\"2025-04-24T12:03:22+00:00\" \/>\n<meta property=\"og:image\" content=\"https:\/\/www.charita.sk\/svet\/wp-content\/uploads\/2025\/04\/IMG_8603-scaled.jpg\" \/>\n\t<meta property=\"og:image:width\" content=\"2560\" \/>\n\t<meta property=\"og:image:height\" content=\"1707\" \/>\n\t<meta property=\"og:image:type\" content=\"image\/jpeg\" \/>\n<meta name=\"author\" content=\"charita\" \/>\n<meta name=\"twitter:card\" content=\"summary_large_image\" \/>\n<meta name=\"twitter:label1\" content=\"Autor\" \/>\n\t<meta name=\"twitter:data1\" content=\"charita\" \/>\n\t<meta name=\"twitter:label2\" content=\"Predpokladan\u00fd \u010das \u010d\u00edtania\" \/>\n\t<meta name=\"twitter:data2\" content=\"4 min\u00faty\" \/>\n<script type=\"application\/ld+json\" class=\"yoast-schema-graph\">{\"@context\":\"https:\/\/schema.org\",\"@graph\":[{\"@type\":\"Article\",\"@id\":\"https:\/\/www.charita.sk\/svet\/zasadene-stromceky-po-zime-narastu-3-metre\/#article\",\"isPartOf\":{\"@id\":\"https:\/\/www.charita.sk\/svet\/zasadene-stromceky-po-zime-narastu-3-metre\/\"},\"author\":{\"name\":\"charita\",\"@id\":\"https:\/\/www.charita.sk\/svet\/#\/schema\/person\/5d4cac7d83d3ec0090a0c6bb00690ce4\"},\"headline\":\"Zasaden\u00e9 strom\u010deky po zime narast\u00fa 3 metre\",\"datePublished\":\"2025-04-23T11:55:00+00:00\",\"dateModified\":\"2025-04-24T12:03:22+00:00\",\"mainEntityOfPage\":{\"@id\":\"https:\/\/www.charita.sk\/svet\/zasadene-stromceky-po-zime-narastu-3-metre\/\"},\"wordCount\":545,\"commentCount\":0,\"publisher\":{\"@id\":\"https:\/\/www.charita.sk\/svet\/#organization\"},\"image\":{\"@id\":\"https:\/\/www.charita.sk\/svet\/zasadene-stromceky-po-zime-narastu-3-metre\/#primaryimage\"},\"thumbnailUrl\":\"https:\/\/www.charita.sk\/svet\/wp-content\/uploads\/2025\/04\/IMG_8603-scaled.jpg\",\"keywords\":[\"moldavsko\",\"slovakaid\"],\"articleSection\":[\"Moldavsko\"],\"inLanguage\":\"sk-SK\",\"potentialAction\":[{\"@type\":\"CommentAction\",\"name\":\"Comment\",\"target\":[\"https:\/\/www.charita.sk\/svet\/zasadene-stromceky-po-zime-narastu-3-metre\/#respond\"]}]},{\"@type\":\"WebPage\",\"@id\":\"https:\/\/www.charita.sk\/svet\/zasadene-stromceky-po-zime-narastu-3-metre\/\",\"url\":\"https:\/\/www.charita.sk\/svet\/zasadene-stromceky-po-zime-narastu-3-metre\/\",\"name\":\"Zasaden\u00e9 strom\u010deky po zime narast\u00fa 3 metre | Charita vo svete\",\"isPartOf\":{\"@id\":\"https:\/\/www.charita.sk\/svet\/#website\"},\"primaryImageOfPage\":{\"@id\":\"https:\/\/www.charita.sk\/svet\/zasadene-stromceky-po-zime-narastu-3-metre\/#primaryimage\"},\"image\":{\"@id\":\"https:\/\/www.charita.sk\/svet\/zasadene-stromceky-po-zime-narastu-3-metre\/#primaryimage\"},\"thumbnailUrl\":\"https:\/\/www.charita.sk\/svet\/wp-content\/uploads\/2025\/04\/IMG_8603-scaled.jpg\",\"datePublished\":\"2025-04-23T11:55:00+00:00\",\"dateModified\":\"2025-04-24T12:03:22+00:00\",\"breadcrumb\":{\"@id\":\"https:\/\/www.charita.sk\/svet\/zasadene-stromceky-po-zime-narastu-3-metre\/#breadcrumb\"},\"inLanguage\":\"sk-SK\",\"potentialAction\":[{\"@type\":\"ReadAction\",\"target\":[\"https:\/\/www.charita.sk\/svet\/zasadene-stromceky-po-zime-narastu-3-metre\/\"]}]},{\"@type\":\"ImageObject\",\"inLanguage\":\"sk-SK\",\"@id\":\"https:\/\/www.charita.sk\/svet\/zasadene-stromceky-po-zime-narastu-3-metre\/#primaryimage\",\"url\":\"https:\/\/www.charita.sk\/svet\/wp-content\/uploads\/2025\/04\/IMG_8603-scaled.jpg\",\"contentUrl\":\"https:\/\/www.charita.sk\/svet\/wp-content\/uploads\/2025\/04\/IMG_8603-scaled.jpg\",\"width\":2560,\"height\":1707},{\"@type\":\"BreadcrumbList\",\"@id\":\"https:\/\/www.charita.sk\/svet\/zasadene-stromceky-po-zime-narastu-3-metre\/#breadcrumb\",\"itemListElement\":[{\"@type\":\"ListItem\",\"position\":1,\"name\":\"Domovsk\u00e1 str\u00e1nka\",\"item\":\"https:\/\/www.charita.sk\/svet\/\"},{\"@type\":\"ListItem\",\"position\":2,\"name\":\"Zasaden\u00e9 strom\u010deky po zime narast\u00fa 3 metre\"}]},{\"@type\":\"WebSite\",\"@id\":\"https:\/\/www.charita.sk\/svet\/#website\",\"url\":\"https:\/\/www.charita.sk\/svet\/\",\"name\":\"Charita vo svete\",\"description\":\"Slovensk\u00e1 katol\u00edcka charita pom\u00e1ha \u013eu\u010fom v n\u00fadzi vo svete\",\"publisher\":{\"@id\":\"https:\/\/www.charita.sk\/svet\/#organization\"},\"potentialAction\":[{\"@type\":\"SearchAction\",\"target\":{\"@type\":\"EntryPoint\",\"urlTemplate\":\"https:\/\/www.charita.sk\/svet\/?s={search_term_string}\"},\"query-input\":{\"@type\":\"PropertyValueSpecification\",\"valueRequired\":true,\"valueName\":\"search_term_string\"}}],\"inLanguage\":\"sk-SK\"},{\"@type\":\"Organization\",\"@id\":\"https:\/\/www.charita.sk\/svet\/#organization\",\"name\":\"Slovensk\u00e1 katol\u00edcka charita\",\"url\":\"https:\/\/www.charita.sk\/svet\/\",\"logo\":{\"@type\":\"ImageObject\",\"inLanguage\":\"sk-SK\",\"@id\":\"https:\/\/www.charita.sk\/svet\/#\/schema\/logo\/image\/\",\"url\":\"https:\/\/www.charita.sk\/pomoc-utecencom\/wp-content\/uploads\/2020\/11\/logo_pomoc_utecencom.jpg\",\"contentUrl\":\"https:\/\/www.charita.sk\/pomoc-utecencom\/wp-content\/uploads\/2020\/11\/logo_pomoc_utecencom.jpg\",\"width\":1712,\"height\":480,\"caption\":\"Slovensk\u00e1 katol\u00edcka charita\"},\"image\":{\"@id\":\"https:\/\/www.charita.sk\/svet\/#\/schema\/logo\/image\/\"},\"sameAs\":[\"https:\/\/www.facebook.com\/CaritasSlovakia\/\",\"https:\/\/www.instagram.com\/caritas_slovakia\/\",\"https:\/\/www.linkedin.com\/company\/caritas-slovakia-skch-\",\"https:\/\/www.youtube.com\/user\/katolickacharita\"]},{\"@type\":\"Person\",\"@id\":\"https:\/\/www.charita.sk\/svet\/#\/schema\/person\/5d4cac7d83d3ec0090a0c6bb00690ce4\",\"name\":\"charita\",\"image\":{\"@type\":\"ImageObject\",\"inLanguage\":\"sk-SK\",\"@id\":\"https:\/\/www.charita.sk\/svet\/#\/schema\/person\/image\/\",\"url\":\"https:\/\/secure.gravatar.com\/avatar\/d2e7ea30dee1a0c7a6b7277bd2f993803c4622836c7e0130a97819af162a837b?s=96&d=mm&r=g\",\"contentUrl\":\"https:\/\/secure.gravatar.com\/avatar\/d2e7ea30dee1a0c7a6b7277bd2f993803c4622836c7e0130a97819af162a837b?s=96&d=mm&r=g\",\"caption\":\"charita\"},\"url\":\"https:\/\/www.charita.sk\/svet\/author\/charita\/\"}]}<\/script>\n<!-- \/ Yoast SEO plugin. -->","yoast_head_json":{"title":"Zasaden\u00e9 strom\u010deky po zime narast\u00fa 3 metre | Charita vo svete","robots":{"index":"index","follow":"follow","max-snippet":"max-snippet:-1","max-image-preview":"max-image-preview:large","max-video-preview":"max-video-preview:-1"},"canonical":"https:\/\/www.charita.sk\/svet\/zasadene-stromceky-po-zime-narastu-3-metre\/","og_locale":"sk_SK","og_type":"article","og_title":"Zasaden\u00e9 strom\u010deky po zime narast\u00fa 3 metre | Charita vo svete","og_description":"Na juhu Moldavska, v dedinke Carahasani, vznik\u00e1 v\u00fdnimo\u010dn\u00fd projekt \u2013&nbsp;Soci\u00e1lny les sv. [&hellip;]","og_url":"https:\/\/www.charita.sk\/svet\/zasadene-stromceky-po-zime-narastu-3-metre\/","og_site_name":"Charita vo svete","article_publisher":"https:\/\/www.facebook.com\/CaritasSlovakia\/","article_published_time":"2025-04-23T11:55:00+00:00","article_modified_time":"2025-04-24T12:03:22+00:00","og_image":[{"width":2560,"height":1707,"url":"https:\/\/www.charita.sk\/svet\/wp-content\/uploads\/2025\/04\/IMG_8603-scaled.jpg","type":"image\/jpeg"}],"author":"charita","twitter_card":"summary_large_image","twitter_misc":{"Autor":"charita","Predpokladan\u00fd \u010das \u010d\u00edtania":"4 min\u00faty"},"schema":{"@context":"https:\/\/schema.org","@graph":[{"@type":"Article","@id":"https:\/\/www.charita.sk\/svet\/zasadene-stromceky-po-zime-narastu-3-metre\/#article","isPartOf":{"@id":"https:\/\/www.charita.sk\/svet\/zasadene-stromceky-po-zime-narastu-3-metre\/"},"author":{"name":"charita","@id":"https:\/\/www.charita.sk\/svet\/#\/schema\/person\/5d4cac7d83d3ec0090a0c6bb00690ce4"},"headline":"Zasaden\u00e9 strom\u010deky po zime narast\u00fa 3 metre","datePublished":"2025-04-23T11:55:00+00:00","dateModified":"2025-04-24T12:03:22+00:00","mainEntityOfPage":{"@id":"https:\/\/www.charita.sk\/svet\/zasadene-stromceky-po-zime-narastu-3-metre\/"},"wordCount":545,"commentCount":0,"publisher":{"@id":"https:\/\/www.charita.sk\/svet\/#organization"},"image":{"@id":"https:\/\/www.charita.sk\/svet\/zasadene-stromceky-po-zime-narastu-3-metre\/#primaryimage"},"thumbnailUrl":"https:\/\/www.charita.sk\/svet\/wp-content\/uploads\/2025\/04\/IMG_8603-scaled.jpg","keywords":["moldavsko","slovakaid"],"articleSection":["Moldavsko"],"inLanguage":"sk-SK","potentialAction":[{"@type":"CommentAction","name":"Comment","target":["https:\/\/www.charita.sk\/svet\/zasadene-stromceky-po-zime-narastu-3-metre\/#respond"]}]},{"@type":"WebPage","@id":"https:\/\/www.charita.sk\/svet\/zasadene-stromceky-po-zime-narastu-3-metre\/","url":"https:\/\/www.charita.sk\/svet\/zasadene-stromceky-po-zime-narastu-3-metre\/","name":"Zasaden\u00e9 strom\u010deky po zime narast\u00fa 3 metre | Charita vo svete","isPartOf":{"@id":"https:\/\/www.charita.sk\/svet\/#website"},"primaryImageOfPage":{"@id":"https:\/\/www.charita.sk\/svet\/zasadene-stromceky-po-zime-narastu-3-metre\/#primaryimage"},"image":{"@id":"https:\/\/www.charita.sk\/svet\/zasadene-stromceky-po-zime-narastu-3-metre\/#primaryimage"},"thumbnailUrl":"https:\/\/www.charita.sk\/svet\/wp-content\/uploads\/2025\/04\/IMG_8603-scaled.jpg","datePublished":"2025-04-23T11:55:00+00:00","dateModified":"2025-04-24T12:03:22+00:00","breadcrumb":{"@id":"https:\/\/www.charita.sk\/svet\/zasadene-stromceky-po-zime-narastu-3-metre\/#breadcrumb"},"inLanguage":"sk-SK","potentialAction":[{"@type":"ReadAction","target":["https:\/\/www.charita.sk\/svet\/zasadene-stromceky-po-zime-narastu-3-metre\/"]}]},{"@type":"ImageObject","inLanguage":"sk-SK","@id":"https:\/\/www.charita.sk\/svet\/zasadene-stromceky-po-zime-narastu-3-metre\/#primaryimage","url":"https:\/\/www.charita.sk\/svet\/wp-content\/uploads\/2025\/04\/IMG_8603-scaled.jpg","contentUrl":"https:\/\/www.charita.sk\/svet\/wp-content\/uploads\/2025\/04\/IMG_8603-scaled.jpg","width":2560,"height":1707},{"@type":"BreadcrumbList","@id":"https:\/\/www.charita.sk\/svet\/zasadene-stromceky-po-zime-narastu-3-metre\/#breadcrumb","itemListElement":[{"@type":"ListItem","position":1,"name":"Domovsk\u00e1 str\u00e1nka","item":"https:\/\/www.charita.sk\/svet\/"},{"@type":"ListItem","position":2,"name":"Zasaden\u00e9 strom\u010deky po zime narast\u00fa 3 metre"}]},{"@type":"WebSite","@id":"https:\/\/www.charita.sk\/svet\/#website","url":"https:\/\/www.charita.sk\/svet\/","name":"Charita vo svete","description":"Slovensk\u00e1 katol\u00edcka charita pom\u00e1ha \u013eu\u010fom v n\u00fadzi vo svete","publisher":{"@id":"https:\/\/www.charita.sk\/svet\/#organization"},"potentialAction":[{"@type":"SearchAction","target":{"@type":"EntryPoint","urlTemplate":"https:\/\/www.charita.sk\/svet\/?s={search_term_string}"},"query-input":{"@type":"PropertyValueSpecification","valueRequired":true,"valueName":"search_term_string"}}],"inLanguage":"sk-SK"},{"@type":"Organization","@id":"https:\/\/www.charita.sk\/svet\/#organization","name":"Slovensk\u00e1 katol\u00edcka charita","url":"https:\/\/www.charita.sk\/svet\/","logo":{"@type":"ImageObject","inLanguage":"sk-SK","@id":"https:\/\/www.charita.sk\/svet\/#\/schema\/logo\/image\/","url":"https:\/\/www.charita.sk\/pomoc-utecencom\/wp-content\/uploads\/2020\/11\/logo_pomoc_utecencom.jpg","contentUrl":"https:\/\/www.charita.sk\/pomoc-utecencom\/wp-content\/uploads\/2020\/11\/logo_pomoc_utecencom.jpg","width":1712,"height":480,"caption":"Slovensk\u00e1 katol\u00edcka charita"},"image":{"@id":"https:\/\/www.charita.sk\/svet\/#\/schema\/logo\/image\/"},"sameAs":["https:\/\/www.facebook.com\/CaritasSlovakia\/","https:\/\/www.instagram.com\/caritas_slovakia\/","https:\/\/www.linkedin.com\/company\/caritas-slovakia-skch-","https:\/\/www.youtube.com\/user\/katolickacharita"]},{"@type":"Person","@id":"https:\/\/www.charita.sk\/svet\/#\/schema\/person\/5d4cac7d83d3ec0090a0c6bb00690ce4","name":"charita","image":{"@type":"ImageObject","inLanguage":"sk-SK","@id":"https:\/\/www.charita.sk\/svet\/#\/schema\/person\/image\/","url":"https:\/\/secure.gravatar.com\/avatar\/d2e7ea30dee1a0c7a6b7277bd2f993803c4622836c7e0130a97819af162a837b?s=96&d=mm&r=g","contentUrl":"https:\/\/secure.gravatar.com\/avatar\/d2e7ea30dee1a0c7a6b7277bd2f993803c4622836c7e0130a97819af162a837b?s=96&d=mm&r=g","caption":"charita"},"url":"https:\/\/www.charita.sk\/svet\/author\/charita\/"}]}},"featured_image_src":"https:\/\/www.charita.sk\/svet\/wp-content\/uploads\/2025\/04\/IMG_8603-600x400.jpg","featured_image_src_square":"https:\/\/www.charita.sk\/svet\/wp-content\/uploads\/2025\/04\/IMG_8603-600x600.jpg","author_info":{"display_name":"charita","author_link":"https:\/\/www.charita.sk\/svet\/author\/charita\/"},"_links":{"self":[{"href":"https:\/\/www.charita.sk\/svet\/wp-json\/wp\/v2\/posts\/3258","targetHints":{"allow":["GET"]}}],"collection":[{"href":"https:\/\/www.charita.sk\/svet\/wp-json\/wp\/v2\/posts"}],"about":[{"href":"https:\/\/www.charita.sk\/svet\/wp-json\/wp\/v2\/types\/post"}],"author":[{"embeddable":true,"href":"https:\/\/www.charita.sk\/svet\/wp-json\/wp\/v2\/users\/2"}],"replies":[{"embeddable":true,"href":"https:\/\/www.charita.sk\/svet\/wp-json\/wp\/v2\/comments?post=3258"}],"version-history":[{"count":2,"href":"https:\/\/www.charita.sk\/svet\/wp-json\/wp\/v2\/posts\/3258\/revisions"}],"predecessor-version":[{"id":3266,"href":"https:\/\/www.charita.sk\/svet\/wp-json\/wp\/v2\/posts\/3258\/revisions\/3266"}],"wp:featuredmedia":[{"embeddable":true,"href":"https:\/\/www.charita.sk\/svet\/wp-json\/wp\/v2\/media\/3259"}],"wp:attachment":[{"href":"https:\/\/www.charita.sk\/svet\/wp-json\/wp\/v2\/media?parent=3258"}],"wp:term":[{"taxonomy":"category","embeddable":true,"href":"https:\/\/www.charita.sk\/svet\/wp-json\/wp\/v2\/categories?post=3258"},{"taxonomy":"post_tag","embeddable":true,"href":"https:\/\/www.charita.sk\/svet\/wp-json\/wp\/v2\/tags?post=3258"}],"curies":[{"name":"wp","href":"https:\/\/api.w.org\/{rel}","templated":true}]}}